{"id":99989,"date":"2024-03-11T19:22:20","date_gmt":"2024-03-11T22:22:20","guid":{"rendered":"https:\/\/www.noticiasradioreflejos.com.ar\/2021\/?p=99989"},"modified":"2024-03-11T19:22:20","modified_gmt":"2024-03-11T22:22:20","slug":"en-el-ano-2023-se-registraron-95-femicidios-en-la-provincia-de-buenos-aires","status":"publish","type":"post","link":"https:\/\/www.noticiasradioreflejos.com.ar\/2021\/en-el-ano-2023-se-registraron-95-femicidios-en-la-provincia-de-buenos-aires\/","title":{"rendered":"En el a\u00f1o 2023 se registraron 95 femicidios en la provincia de Buenos Aires"},"content":{"rendered":"<p>El Informe de Femicidios y Procesos Penales de Violencia Familiar y de G\u00e9nero es elaborado por la Procuraci\u00f3n General y publicado, desde hace nueve a\u00f1os, en el marco del D\u00eda Internacional de los Derechos de la Mujer.<!--more--><\/p>\n<p>&nbsp;<\/p>\n<div class=\"col-lg-6\"><img decoding=\"async\" class=\"img-fluid\" src=\"https:\/\/agenciadenoticiasjudiciales.com\/wp-content\/uploads\/2024\/03\/Informe-femicidios-2023.jpg\" alt=\"\" \/><\/div>\n<div class=\"post-single-wrapper p-t-xs-60\">\n<div class=\"container\">\n<div class=\"social-share-sticky\">\n<div class=\"shared-counts-wrap sidebar-top style-icon\"><\/div>\n<\/div>\n<div class=\"row\">\n<div class=\"col-xl-8 axil-main\">\n<div class=\"theiaStickySidebar\">\n<article class=\"post-details\">Comprende todas las causas iniciadas por delitos ocurridos en un contexto de violencia familiar y\/o de g\u00e9nero, consignados en el Registro Penal de Violencia Familiar y de G\u00e9nero (REVIFAG), y todas las investigaciones iniciadas por hechos considerados, a los fines del presente informe, como femicidios.<\/p>\n<p>Dicha informaci\u00f3n se ha ido consolidando y profundizando a lo largo del tiempo, permitiendo mejorar la calidad y cantidad de los datos obtenidos y el an\u00e1lisis realizado.<\/p>\n<p>El prop\u00f3sito principal es acercar a la sociedad la problem\u00e1tica de la violencia familiar y de g\u00e9nero en el \u00e1mbito penal, a trav\u00e9s de datos cuantitativos que posibiliten la formulaci\u00f3n de pol\u00edticas p\u00fablicas, respondiendo a la obligaci\u00f3n impuesta al Ministerio P\u00fablico de la provincia de Buenos Aires por la Ley N.\u00b0 12.569 y modificatorias.<\/p>\n<p><strong>Informe completo:<\/strong><\/p>\n<p><a href=\"https:\/\/drive.google.com\/file\/d\/1EKvQHvx3B1QCXDntTnoiAogIPSQpglIf\/view?usp=sharing\">https:\/\/drive.google.com\/file\/d\/1EKvQHvx3B1QCXDntTnoiAogIPSQpglIf\/view?usp=sharing<\/a><\/p>\n<\/article>\n<\/div>\n<\/div>\n<\/div>\n<\/div>\n<\/div>\n","protected":false},"excerpt":{"rendered":"<p>El Informe de Femicidios y Procesos Penales de Violencia Familiar y de G\u00e9nero es elaborado por la Procuraci\u00f3n General y publicado, desde hace nueve a\u00f1os, en el marco del D\u00eda Internacional de los Derechos de la Mujer.<\/p>\n","protected":false},"author":3,"featured_media":0,"comment_status":"closed","ping_status":"closed","sticky":false,"template":"","format":"standard","meta":{"footnotes":""},"categories":[24],"tags":[],"class_list":["post-99989","post","type-post","status-publish","format-standard","hentry","category-politica"],"yoast_head":"<!-- This site is optimized with the Yoast SEO plugin v25.9 - https:\/\/yoast.com\/wordpress\/plugins\/seo\/ -->\n<title>En el a\u00f1o 2023 se registraron 95 femicidios en la provincia de Buenos Aires - Noticias Radio Reflejos<\/title>\n<meta name=\"robots\" content=\"index, follow, max-snippet:-1, max-image-preview:large, max-video-preview:-1\" \/>\n<link rel=\"canonical\" href=\"https:\/\/www.noticiasradioreflejos.com.ar\/2021\/en-el-ano-2023-se-registraron-95-femicidios-en-la-provincia-de-buenos-aires\/\" \/>\n<meta property=\"og:locale\" content=\"es_ES\" \/>\n<meta property=\"og:type\" content=\"article\" \/>\n<meta property=\"og:title\" content=\"En el a\u00f1o 2023 se registraron 95 femicidios en la provincia de Buenos Aires - Noticias Radio Reflejos\" \/>\n<meta property=\"og:description\" content=\"El Informe de Femicidios y Procesos Penales de Violencia Familiar y de G\u00e9nero es elaborado por la Procuraci\u00f3n General y publicado, desde hace nueve a\u00f1os, en el marco del D\u00eda Internacional de los Derechos de la Mujer.\" \/>\n<meta property=\"og:url\" content=\"https:\/\/www.noticiasradioreflejos.com.ar\/2021\/en-el-ano-2023-se-registraron-95-femicidios-en-la-provincia-de-buenos-aires\/\" \/>\n<meta property=\"og:site_name\" content=\"Noticias Radio Reflejos\" \/>\n<meta property=\"article:published_time\" content=\"2024-03-11T22:22:20+00:00\" \/>\n<meta property=\"og:image\" content=\"https:\/\/agenciadenoticiasjudiciales.com\/wp-content\/uploads\/2024\/03\/Informe-femicidios-2023.jpg\" \/>\n<meta name=\"author\" content=\"Arnaldo Botto\" \/>\n<meta name=\"twitter:card\" content=\"summary_large_image\" \/>\n<script type=\"application\/ld+json\" class=\"yoast-schema-graph\">{\"@context\":\"https:\/\/schema.org\",\"@graph\":[{\"@type\":\"WebPage\",\"@id\":\"https:\/\/www.noticiasradioreflejos.com.ar\/2021\/en-el-ano-2023-se-registraron-95-femicidios-en-la-provincia-de-buenos-aires\/\",\"url\":\"https:\/\/www.noticiasradioreflejos.com.ar\/2021\/en-el-ano-2023-se-registraron-95-femicidios-en-la-provincia-de-buenos-aires\/\",\"name\":\"En el a\u00f1o 2023 se registraron 95 femicidios en la provincia de Buenos Aires - Noticias Radio Reflejos\",\"isPartOf\":{\"@id\":\"https:\/\/www.noticiasradioreflejos.com.ar\/2021\/#website\"},\"primaryImageOfPage\":{\"@id\":\"https:\/\/www.noticiasradioreflejos.com.ar\/2021\/en-el-ano-2023-se-registraron-95-femicidios-en-la-provincia-de-buenos-aires\/#primaryimage\"},\"image\":{\"@id\":\"https:\/\/www.noticiasradioreflejos.com.ar\/2021\/en-el-ano-2023-se-registraron-95-femicidios-en-la-provincia-de-buenos-aires\/#primaryimage\"},\"thumbnailUrl\":\"https:\/\/agenciadenoticiasjudiciales.com\/wp-content\/uploads\/2024\/03\/Informe-femicidios-2023.jpg\",\"datePublished\":\"2024-03-11T22:22:20+00:00\",\"author\":{\"@id\":\"https:\/\/www.noticiasradioreflejos.com.ar\/2021\/#\/schema\/person\/ad82545263dcc5ec0996818884fd5fb1\"},\"breadcrumb\":{\"@id\":\"https:\/\/www.noticiasradioreflejos.com.ar\/2021\/en-el-ano-2023-se-registraron-95-femicidios-en-la-provincia-de-buenos-aires\/#breadcrumb\"},\"inLanguage\":\"es\",\"potentialAction\":[{\"@type\":\"ReadAction\",\"target\":[\"https:\/\/www.noticiasradioreflejos.com.ar\/2021\/en-el-ano-2023-se-registraron-95-femicidios-en-la-provincia-de-buenos-aires\/\"]}]},{\"@type\":\"ImageObject\",\"inLanguage\":\"es\",\"@id\":\"https:\/\/www.noticiasradioreflejos.com.ar\/2021\/en-el-ano-2023-se-registraron-95-femicidios-en-la-provincia-de-buenos-aires\/#primaryimage\",\"url\":\"https:\/\/agenciadenoticiasjudiciales.com\/wp-content\/uploads\/2024\/03\/Informe-femicidios-2023.jpg\",\"contentUrl\":\"https:\/\/agenciadenoticiasjudiciales.com\/wp-content\/uploads\/2024\/03\/Informe-femicidios-2023.jpg\"},{\"@type\":\"BreadcrumbList\",\"@id\":\"https:\/\/www.noticiasradioreflejos.com.ar\/2021\/en-el-ano-2023-se-registraron-95-femicidios-en-la-provincia-de-buenos-aires\/#breadcrumb\",\"itemListElement\":[{\"@type\":\"ListItem\",\"position\":1,\"name\":\"Portada\",\"item\":\"https:\/\/www.noticiasradioreflejos.com.ar\/2021\/\"},{\"@type\":\"ListItem\",\"position\":2,\"name\":\"En el a\u00f1o 2023 se registraron 95 femicidios en la provincia de Buenos Aires\"}]},{\"@type\":\"WebSite\",\"@id\":\"https:\/\/www.noticiasradioreflejos.com.ar\/2021\/#website\",\"url\":\"https:\/\/www.noticiasradioreflejos.com.ar\/2021\/\",\"name\":\"Noticias Radio Reflejos\",\"description\":\"Las noticias de mi comarca\",\"potentialAction\":[{\"@type\":\"SearchAction\",\"target\":{\"@type\":\"EntryPoint\",\"urlTemplate\":\"https:\/\/www.noticiasradioreflejos.com.ar\/2021\/?s={search_term_string}\"},\"query-input\":{\"@type\":\"PropertyValueSpecification\",\"valueRequired\":true,\"valueName\":\"search_term_string\"}}],\"inLanguage\":\"es\"},{\"@type\":\"Person\",\"@id\":\"https:\/\/www.noticiasradioreflejos.com.ar\/2021\/#\/schema\/person\/ad82545263dcc5ec0996818884fd5fb1\",\"name\":\"Arnaldo Botto\",\"image\":{\"@type\":\"ImageObject\",\"inLanguage\":\"es\",\"@id\":\"https:\/\/www.noticiasradioreflejos.com.ar\/2021\/#\/schema\/person\/image\/\",\"url\":\"https:\/\/secure.gravatar.com\/avatar\/55cb5e37c1efa326397366e6974cb338056df65cb50e7d64d1cf314e87504837?s=96&d=mm&r=g\",\"contentUrl\":\"https:\/\/secure.gravatar.com\/avatar\/55cb5e37c1efa326397366e6974cb338056df65cb50e7d64d1cf314e87504837?s=96&d=mm&r=g\",\"caption\":\"Arnaldo Botto\"},\"url\":\"https:\/\/www.noticiasradioreflejos.com.ar\/2021\/author\/arnaldo\/\"}]}<\/script>\n<!-- \/ Yoast SEO plugin. -->","yoast_head_json":{"title":"En el a\u00f1o 2023 se registraron 95 femicidios en la provincia de Buenos Aires - Noticias Radio Reflejos","robots":{"index":"index","follow":"follow","max-snippet":"max-snippet:-1","max-image-preview":"max-image-preview:large","max-video-preview":"max-video-preview:-1"},"canonical":"https:\/\/www.noticiasradioreflejos.com.ar\/2021\/en-el-ano-2023-se-registraron-95-femicidios-en-la-provincia-de-buenos-aires\/","og_locale":"es_ES","og_type":"article","og_title":"En el a\u00f1o 2023 se registraron 95 femicidios en la provincia de Buenos Aires - Noticias Radio Reflejos","og_description":"El Informe de Femicidios y Procesos Penales de Violencia Familiar y de G\u00e9nero es elaborado por la Procuraci\u00f3n General y publicado, desde hace nueve a\u00f1os, en el marco del D\u00eda Internacional de los Derechos de la Mujer.","og_url":"https:\/\/www.noticiasradioreflejos.com.ar\/2021\/en-el-ano-2023-se-registraron-95-femicidios-en-la-provincia-de-buenos-aires\/","og_site_name":"Noticias Radio Reflejos","article_published_time":"2024-03-11T22:22:20+00:00","og_image":[{"url":"https:\/\/agenciadenoticiasjudiciales.com\/wp-content\/uploads\/2024\/03\/Informe-femicidios-2023.jpg","type":"","width":"","height":""}],"author":"Arnaldo Botto","twitter_card":"summary_large_image","schema":{"@context":"https:\/\/schema.org","@graph":[{"@type":"WebPage","@id":"https:\/\/www.noticiasradioreflejos.com.ar\/2021\/en-el-ano-2023-se-registraron-95-femicidios-en-la-provincia-de-buenos-aires\/","url":"https:\/\/www.noticiasradioreflejos.com.ar\/2021\/en-el-ano-2023-se-registraron-95-femicidios-en-la-provincia-de-buenos-aires\/","name":"En el a\u00f1o 2023 se registraron 95 femicidios en la provincia de Buenos Aires - Noticias Radio Reflejos","isPartOf":{"@id":"https:\/\/www.noticiasradioreflejos.com.ar\/2021\/#website"},"primaryImageOfPage":{"@id":"https:\/\/www.noticiasradioreflejos.com.ar\/2021\/en-el-ano-2023-se-registraron-95-femicidios-en-la-provincia-de-buenos-aires\/#primaryimage"},"image":{"@id":"https:\/\/www.noticiasradioreflejos.com.ar\/2021\/en-el-ano-2023-se-registraron-95-femicidios-en-la-provincia-de-buenos-aires\/#primaryimage"},"thumbnailUrl":"https:\/\/agenciadenoticiasjudiciales.com\/wp-content\/uploads\/2024\/03\/Informe-femicidios-2023.jpg","datePublished":"2024-03-11T22:22:20+00:00","author":{"@id":"https:\/\/www.noticiasradioreflejos.com.ar\/2021\/#\/schema\/person\/ad82545263dcc5ec0996818884fd5fb1"},"breadcrumb":{"@id":"https:\/\/www.noticiasradioreflejos.com.ar\/2021\/en-el-ano-2023-se-registraron-95-femicidios-en-la-provincia-de-buenos-aires\/#breadcrumb"},"inLanguage":"es","potentialAction":[{"@type":"ReadAction","target":["https:\/\/www.noticiasradioreflejos.com.ar\/2021\/en-el-ano-2023-se-registraron-95-femicidios-en-la-provincia-de-buenos-aires\/"]}]},{"@type":"ImageObject","inLanguage":"es","@id":"https:\/\/www.noticiasradioreflejos.com.ar\/2021\/en-el-ano-2023-se-registraron-95-femicidios-en-la-provincia-de-buenos-aires\/#primaryimage","url":"https:\/\/agenciadenoticiasjudiciales.com\/wp-content\/uploads\/2024\/03\/Informe-femicidios-2023.jpg","contentUrl":"https:\/\/agenciadenoticiasjudiciales.com\/wp-content\/uploads\/2024\/03\/Informe-femicidios-2023.jpg"},{"@type":"BreadcrumbList","@id":"https:\/\/www.noticiasradioreflejos.com.ar\/2021\/en-el-ano-2023-se-registraron-95-femicidios-en-la-provincia-de-buenos-aires\/#breadcrumb","itemListElement":[{"@type":"ListItem","position":1,"name":"Portada","item":"https:\/\/www.noticiasradioreflejos.com.ar\/2021\/"},{"@type":"ListItem","position":2,"name":"En el a\u00f1o 2023 se registraron 95 femicidios en la provincia de Buenos Aires"}]},{"@type":"WebSite","@id":"https:\/\/www.noticiasradioreflejos.com.ar\/2021\/#website","url":"https:\/\/www.noticiasradioreflejos.com.ar\/2021\/","name":"Noticias Radio Reflejos","description":"Las noticias de mi comarca","potentialAction":[{"@type":"SearchAction","target":{"@type":"EntryPoint","urlTemplate":"https:\/\/www.noticiasradioreflejos.com.ar\/2021\/?s={search_term_string}"},"query-input":{"@type":"PropertyValueSpecification","valueRequired":true,"valueName":"search_term_string"}}],"inLanguage":"es"},{"@type":"Person","@id":"https:\/\/www.noticiasradioreflejos.com.ar\/2021\/#\/schema\/person\/ad82545263dcc5ec0996818884fd5fb1","name":"Arnaldo Botto","image":{"@type":"ImageObject","inLanguage":"es","@id":"https:\/\/www.noticiasradioreflejos.com.ar\/2021\/#\/schema\/person\/image\/","url":"https:\/\/secure.gravatar.com\/avatar\/55cb5e37c1efa326397366e6974cb338056df65cb50e7d64d1cf314e87504837?s=96&d=mm&r=g","contentUrl":"https:\/\/secure.gravatar.com\/avatar\/55cb5e37c1efa326397366e6974cb338056df65cb50e7d64d1cf314e87504837?s=96&d=mm&r=g","caption":"Arnaldo Botto"},"url":"https:\/\/www.noticiasradioreflejos.com.ar\/2021\/author\/arnaldo\/"}]}},"_links":{"self":[{"href":"https:\/\/www.noticiasradioreflejos.com.ar\/2021\/wp-json\/wp\/v2\/posts\/99989","targetHints":{"allow":["GET"]}}],"collection":[{"href":"https:\/\/www.noticiasradioreflejos.com.ar\/2021\/wp-json\/wp\/v2\/posts"}],"about":[{"href":"https:\/\/www.noticiasradioreflejos.com.ar\/2021\/wp-json\/wp\/v2\/types\/post"}],"author":[{"embeddable":true,"href":"https:\/\/www.noticiasradioreflejos.com.ar\/2021\/wp-json\/wp\/v2\/users\/3"}],"replies":[{"embeddable":true,"href":"https:\/\/www.noticiasradioreflejos.com.ar\/2021\/wp-json\/wp\/v2\/comments?post=99989"}],"version-history":[{"count":1,"href":"https:\/\/www.noticiasradioreflejos.com.ar\/2021\/wp-json\/wp\/v2\/posts\/99989\/revisions"}],"predecessor-version":[{"id":99991,"href":"https:\/\/www.noticiasradioreflejos.com.ar\/2021\/wp-json\/wp\/v2\/posts\/99989\/revisions\/99991"}],"wp:attachment":[{"href":"https:\/\/www.noticiasradioreflejos.com.ar\/2021\/wp-json\/wp\/v2\/media?parent=99989"}],"wp:term":[{"taxonomy":"category","embeddable":true,"href":"https:\/\/www.noticiasradioreflejos.com.ar\/2021\/wp-json\/wp\/v2\/categories?post=99989"},{"taxonomy":"post_tag","embeddable":true,"href":"https:\/\/www.noticiasradioreflejos.com.ar\/2021\/wp-json\/wp\/v2\/tags?post=99989"}],"curies":[{"name":"wp","href":"https:\/\/api.w.org\/{rel}","templated":true}]}}