{"id":99976,"date":"2024-03-11T16:58:24","date_gmt":"2024-03-11T19:58:24","guid":{"rendered":"https:\/\/www.noticiasradioreflejos.com.ar\/2021\/?p=99976"},"modified":"2024-03-11T16:58:24","modified_gmt":"2024-03-11T19:58:24","slug":"profugo-cinco-anos-lo-detuvieron-en-sierra-cuando-daba-a-conocer-una-entidad-sin-fines-de-lucro","status":"publish","type":"post","link":"https:\/\/www.noticiasradioreflejos.com.ar\/2021\/profugo-cinco-anos-lo-detuvieron-en-sierra-cuando-daba-a-conocer-una-entidad-sin-fines-de-lucro\/","title":{"rendered":"Pr\u00f3fugo cinco a\u00f1os, lo detuvieron en Sierra cuando daba a conocer una entidad sin fines de lucro."},"content":{"rendered":"<p>El jefe de la subestaci\u00f3n policial de Sierra de la Ventana, Franco Ragni, brind\u00f3 detalles de c\u00f3mo dieron con Mart\u00edn Mat\u00edas Mu\u00f1olo, el cual en 2019 hab\u00eda sido condenado por un homicidio culposo.<!--more--><\/p>\n<p>La tranquilidad de la comarca se vio afectada el pasado viernes, ya que en un operativo de rutina personal de la subestaci\u00f3n policial de Sierra de la Ventana dio con una persona que estaba pr\u00f3fuga hace cinco a\u00f1os por un homicidio.<\/p>\n<p>As\u00ed lo hizo saber Franco Ragni, el cual inici\u00f3 remarcando que \u201ca pesar de que el Operativo Sol termina y por ah\u00ed merma el n\u00famero de efectivos, los operativos siguen realiz\u00e1ndose con total normalidad. La parte de operatividad no culmina para nosotros\u201d.<\/p>\n<p>Yendo directamente a lo sucedido, explic\u00f3 que \u201cel \u00faltimo viernes, sobre las 17, personal policial identific\u00f3 a un grupo de personas que hab\u00eda arribado a la localidad, contando uno de ellos con antecedentes y un pedido de captura activo por un homicidio culposo y lesiones culposas calificadas por un accidente del 2016 en Bah\u00eda Blanca\u201d.<\/p>\n<p>Continuando con el relato acot\u00f3 que \u201clleg\u00f3 al juicio en libertad. Sobre el 2019 es condenado a 3 a\u00f1os y 6 meses de prisi\u00f3n en cumplimiento efectivo y a partir de ese momento, como lleg\u00f3 en libertad y a ra\u00edz de la conversaci\u00f3n que tuvimos con la jueza, no se lo hab\u00eda podido localizar, estaba en estado de rebeld\u00eda, y cuando lo identificar se trataba de Mart\u00edn Mat\u00edas Mu\u00f1olo y ahora deber\u00e1 cumplir\u201d.<\/p>\n<p>Sobre los motivos por los cuales arrib\u00f3 a la comarca con un grupo de personas, el uniformado confirm\u00f3 que \u201cvinieron con una entidad sin fines de lucro. Iban casa por casa dando a conocer su labor. Siempre que pasa esto los vecinos llaman porque los confunden con vendedores ambulantes que est\u00e1n prohibidos\u201d.<\/p>\n<p>Por \u00faltimo sostuvo que \u201cde momento estar\u00e1 en Tornquist hasta que tenga cupo en alguna unidad penitenciara. Mientras tanto quedar\u00e1 detenido ac\u00e1\u201d.<\/p>\n<p>&nbsp;<br \/>\n<iframe loading=\"lazy\" width=\"100%\" height=\"166\" scrolling=\"no\" frameborder=\"no\" allow=\"autoplay\" src=\"https:\/\/w.soundcloud.com\/player\/?url=https%3A\/\/api.soundcloud.com\/tracks\/1771409331&#038;color=%23ff5500&#038;auto_play=false&#038;hide_related=false&#038;show_comments=true&#038;show_user=true&#038;show_reposts=false&#038;show_teaser=true\"><\/iframe><\/p>\n<div style=\"font-size: 10px; color: #cccccc;line-break: anywhere;word-break: normal;overflow: hidden;white-space: nowrap;text-overflow: ellipsis; font-family: Interstate,Lucida Grande,Lucida Sans Unicode,Lucida Sans,Garuda,Verdana,Tahoma,sans-serif;font-weight: 100;\"><a href=\"https:\/\/soundcloud.com\/fmreflejos-103-7\" title=\"fmreflejos 103.7\" target=\"_blank\" style=\"color: #cccccc; text-decoration: none;\" rel=\"noopener\">fmreflejos 103.7<\/a> \u00b7 <a href=\"https:\/\/soundcloud.com\/fmreflejos-103-7\/franco-ragni-11-03\" title=\"Franco Ragni 11 - 03\" target=\"_blank\" style=\"color: #cccccc; text-decoration: none;\" rel=\"noopener\">Franco Ragni 11 &#8211; 03<\/a><\/div>\n<p>&nbsp;<\/p>\n","protected":false},"excerpt":{"rendered":"<p>El jefe de la subestaci\u00f3n policial de Sierra de la Ventana, Franco Ragni, brind\u00f3 detalles de c\u00f3mo dieron con Mart\u00edn Mat\u00edas Mu\u00f1olo, el cual en 2019 hab\u00eda sido condenado por un homicidio culposo.<\/p>\n","protected":false},"author":3,"featured_media":2614,"comment_status":"closed","ping_status":"closed","sticky":false,"template":"","format":"standard","meta":{"footnotes":""},"categories":[29],"tags":[48],"class_list":["post-99976","post","type-post","status-publish","format-standard","has-post-thumbnail","hentry","category-policiales","tag-destacada"],"yoast_head":"<!-- This site is optimized with the Yoast SEO plugin v25.9 - https:\/\/yoast.com\/wordpress\/plugins\/seo\/ -->\n<title>Pr\u00f3fugo cinco a\u00f1os, lo detuvieron en Sierra cuando daba a conocer una entidad sin fines de lucro. - Noticias Radio Reflejos<\/title>\n<meta name=\"robots\" content=\"index, follow, max-snippet:-1, max-image-preview:large, max-video-preview:-1\" \/>\n<link rel=\"canonical\" href=\"https:\/\/www.noticiasradioreflejos.com.ar\/2021\/profugo-cinco-anos-lo-detuvieron-en-sierra-cuando-daba-a-conocer-una-entidad-sin-fines-de-lucro\/\" \/>\n<meta property=\"og:locale\" content=\"es_ES\" \/>\n<meta property=\"og:type\" content=\"article\" \/>\n<meta property=\"og:title\" content=\"Pr\u00f3fugo cinco a\u00f1os, lo detuvieron en Sierra cuando daba a conocer una entidad sin fines de lucro. - Noticias Radio Reflejos\" \/>\n<meta property=\"og:description\" content=\"El jefe de la subestaci\u00f3n policial de Sierra de la Ventana, Franco Ragni, brind\u00f3 detalles de c\u00f3mo dieron con Mart\u00edn Mat\u00edas Mu\u00f1olo, el cual en 2019 hab\u00eda sido condenado por un homicidio culposo.\" \/>\n<meta property=\"og:url\" content=\"https:\/\/www.noticiasradioreflejos.com.ar\/2021\/profugo-cinco-anos-lo-detuvieron-en-sierra-cuando-daba-a-conocer-una-entidad-sin-fines-de-lucro\/\" \/>\n<meta property=\"og:site_name\" content=\"Noticias Radio Reflejos\" \/>\n<meta property=\"article:published_time\" content=\"2024-03-11T19:58:24+00:00\" \/>\n<meta property=\"og:image\" content=\"https:\/\/www.noticiasradioreflejos.com.ar\/2021\/wp-content\/uploads\/2016\/10\/policia-sierra-2.jpg\" \/>\n\t<meta property=\"og:image:width\" content=\"800\" \/>\n\t<meta property=\"og:image:height\" content=\"450\" \/>\n\t<meta property=\"og:image:type\" content=\"image\/jpeg\" \/>\n<meta name=\"author\" content=\"Arnaldo Botto\" \/>\n<meta name=\"twitter:card\" content=\"summary_large_image\" \/>\n<script type=\"application\/ld+json\" class=\"yoast-schema-graph\">{\"@context\":\"https:\/\/schema.org\",\"@graph\":[{\"@type\":\"WebPage\",\"@id\":\"https:\/\/www.noticiasradioreflejos.com.ar\/2021\/profugo-cinco-anos-lo-detuvieron-en-sierra-cuando-daba-a-conocer-una-entidad-sin-fines-de-lucro\/\",\"url\":\"https:\/\/www.noticiasradioreflejos.com.ar\/2021\/profugo-cinco-anos-lo-detuvieron-en-sierra-cuando-daba-a-conocer-una-entidad-sin-fines-de-lucro\/\",\"name\":\"Pr\u00f3fugo cinco a\u00f1os, lo detuvieron en Sierra cuando daba a conocer una entidad sin fines de lucro. - Noticias Radio Reflejos\",\"isPartOf\":{\"@id\":\"https:\/\/www.noticiasradioreflejos.com.ar\/2021\/#website\"},\"primaryImageOfPage\":{\"@id\":\"https:\/\/www.noticiasradioreflejos.com.ar\/2021\/profugo-cinco-anos-lo-detuvieron-en-sierra-cuando-daba-a-conocer-una-entidad-sin-fines-de-lucro\/#primaryimage\"},\"image\":{\"@id\":\"https:\/\/www.noticiasradioreflejos.com.ar\/2021\/profugo-cinco-anos-lo-detuvieron-en-sierra-cuando-daba-a-conocer-una-entidad-sin-fines-de-lucro\/#primaryimage\"},\"thumbnailUrl\":\"https:\/\/www.noticiasradioreflejos.com.ar\/2021\/wp-content\/uploads\/2016\/10\/policia-sierra-2.jpg\",\"datePublished\":\"2024-03-11T19:58:24+00:00\",\"author\":{\"@id\":\"https:\/\/www.noticiasradioreflejos.com.ar\/2021\/#\/schema\/person\/ad82545263dcc5ec0996818884fd5fb1\"},\"breadcrumb\":{\"@id\":\"https:\/\/www.noticiasradioreflejos.com.ar\/2021\/profugo-cinco-anos-lo-detuvieron-en-sierra-cuando-daba-a-conocer-una-entidad-sin-fines-de-lucro\/#breadcrumb\"},\"inLanguage\":\"es\",\"potentialAction\":[{\"@type\":\"ReadAction\",\"target\":[\"https:\/\/www.noticiasradioreflejos.com.ar\/2021\/profugo-cinco-anos-lo-detuvieron-en-sierra-cuando-daba-a-conocer-una-entidad-sin-fines-de-lucro\/\"]}]},{\"@type\":\"ImageObject\",\"inLanguage\":\"es\",\"@id\":\"https:\/\/www.noticiasradioreflejos.com.ar\/2021\/profugo-cinco-anos-lo-detuvieron-en-sierra-cuando-daba-a-conocer-una-entidad-sin-fines-de-lucro\/#primaryimage\",\"url\":\"https:\/\/www.noticiasradioreflejos.com.ar\/2021\/wp-content\/uploads\/2016\/10\/policia-sierra-2.jpg\",\"contentUrl\":\"https:\/\/www.noticiasradioreflejos.com.ar\/2021\/wp-content\/uploads\/2016\/10\/policia-sierra-2.jpg\",\"width\":800,\"height\":450},{\"@type\":\"BreadcrumbList\",\"@id\":\"https:\/\/www.noticiasradioreflejos.com.ar\/2021\/profugo-cinco-anos-lo-detuvieron-en-sierra-cuando-daba-a-conocer-una-entidad-sin-fines-de-lucro\/#breadcrumb\",\"itemListElement\":[{\"@type\":\"ListItem\",\"position\":1,\"name\":\"Portada\",\"item\":\"https:\/\/www.noticiasradioreflejos.com.ar\/2021\/\"},{\"@type\":\"ListItem\",\"position\":2,\"name\":\"Pr\u00f3fugo cinco a\u00f1os, lo detuvieron en Sierra cuando daba a conocer una entidad sin fines de lucro.\"}]},{\"@type\":\"WebSite\",\"@id\":\"https:\/\/www.noticiasradioreflejos.com.ar\/2021\/#website\",\"url\":\"https:\/\/www.noticiasradioreflejos.com.ar\/2021\/\",\"name\":\"Noticias Radio Reflejos\",\"description\":\"Las noticias de mi comarca\",\"potentialAction\":[{\"@type\":\"SearchAction\",\"target\":{\"@type\":\"EntryPoint\",\"urlTemplate\":\"https:\/\/www.noticiasradioreflejos.com.ar\/2021\/?s={search_term_string}\"},\"query-input\":{\"@type\":\"PropertyValueSpecification\",\"valueRequired\":true,\"valueName\":\"search_term_string\"}}],\"inLanguage\":\"es\"},{\"@type\":\"Person\",\"@id\":\"https:\/\/www.noticiasradioreflejos.com.ar\/2021\/#\/schema\/person\/ad82545263dcc5ec0996818884fd5fb1\",\"name\":\"Arnaldo Botto\",\"image\":{\"@type\":\"ImageObject\",\"inLanguage\":\"es\",\"@id\":\"https:\/\/www.noticiasradioreflejos.com.ar\/2021\/#\/schema\/person\/image\/\",\"url\":\"https:\/\/secure.gravatar.com\/avatar\/55cb5e37c1efa326397366e6974cb338056df65cb50e7d64d1cf314e87504837?s=96&d=mm&r=g\",\"contentUrl\":\"https:\/\/secure.gravatar.com\/avatar\/55cb5e37c1efa326397366e6974cb338056df65cb50e7d64d1cf314e87504837?s=96&d=mm&r=g\",\"caption\":\"Arnaldo Botto\"},\"url\":\"https:\/\/www.noticiasradioreflejos.com.ar\/2021\/author\/arnaldo\/\"}]}<\/script>\n<!-- \/ Yoast SEO plugin. -->","yoast_head_json":{"title":"Pr\u00f3fugo cinco a\u00f1os, lo detuvieron en Sierra cuando daba a conocer una entidad sin fines de lucro. - Noticias Radio Reflejos","robots":{"index":"index","follow":"follow","max-snippet":"max-snippet:-1","max-image-preview":"max-image-preview:large","max-video-preview":"max-video-preview:-1"},"canonical":"https:\/\/www.noticiasradioreflejos.com.ar\/2021\/profugo-cinco-anos-lo-detuvieron-en-sierra-cuando-daba-a-conocer-una-entidad-sin-fines-de-lucro\/","og_locale":"es_ES","og_type":"article","og_title":"Pr\u00f3fugo cinco a\u00f1os, lo detuvieron en Sierra cuando daba a conocer una entidad sin fines de lucro. - Noticias Radio Reflejos","og_description":"El jefe de la subestaci\u00f3n policial de Sierra de la Ventana, Franco Ragni, brind\u00f3 detalles de c\u00f3mo dieron con Mart\u00edn Mat\u00edas Mu\u00f1olo, el cual en 2019 hab\u00eda sido condenado por un homicidio culposo.","og_url":"https:\/\/www.noticiasradioreflejos.com.ar\/2021\/profugo-cinco-anos-lo-detuvieron-en-sierra-cuando-daba-a-conocer-una-entidad-sin-fines-de-lucro\/","og_site_name":"Noticias Radio Reflejos","article_published_time":"2024-03-11T19:58:24+00:00","og_image":[{"width":800,"height":450,"url":"https:\/\/www.noticiasradioreflejos.com.ar\/2021\/wp-content\/uploads\/2016\/10\/policia-sierra-2.jpg","type":"image\/jpeg"}],"author":"Arnaldo Botto","twitter_card":"summary_large_image","schema":{"@context":"https:\/\/schema.org","@graph":[{"@type":"WebPage","@id":"https:\/\/www.noticiasradioreflejos.com.ar\/2021\/profugo-cinco-anos-lo-detuvieron-en-sierra-cuando-daba-a-conocer-una-entidad-sin-fines-de-lucro\/","url":"https:\/\/www.noticiasradioreflejos.com.ar\/2021\/profugo-cinco-anos-lo-detuvieron-en-sierra-cuando-daba-a-conocer-una-entidad-sin-fines-de-lucro\/","name":"Pr\u00f3fugo cinco a\u00f1os, lo detuvieron en Sierra cuando daba a conocer una entidad sin fines de lucro. - Noticias Radio Reflejos","isPartOf":{"@id":"https:\/\/www.noticiasradioreflejos.com.ar\/2021\/#website"},"primaryImageOfPage":{"@id":"https:\/\/www.noticiasradioreflejos.com.ar\/2021\/profugo-cinco-anos-lo-detuvieron-en-sierra-cuando-daba-a-conocer-una-entidad-sin-fines-de-lucro\/#primaryimage"},"image":{"@id":"https:\/\/www.noticiasradioreflejos.com.ar\/2021\/profugo-cinco-anos-lo-detuvieron-en-sierra-cuando-daba-a-conocer-una-entidad-sin-fines-de-lucro\/#primaryimage"},"thumbnailUrl":"https:\/\/www.noticiasradioreflejos.com.ar\/2021\/wp-content\/uploads\/2016\/10\/policia-sierra-2.jpg","datePublished":"2024-03-11T19:58:24+00:00","author":{"@id":"https:\/\/www.noticiasradioreflejos.com.ar\/2021\/#\/schema\/person\/ad82545263dcc5ec0996818884fd5fb1"},"breadcrumb":{"@id":"https:\/\/www.noticiasradioreflejos.com.ar\/2021\/profugo-cinco-anos-lo-detuvieron-en-sierra-cuando-daba-a-conocer-una-entidad-sin-fines-de-lucro\/#breadcrumb"},"inLanguage":"es","potentialAction":[{"@type":"ReadAction","target":["https:\/\/www.noticiasradioreflejos.com.ar\/2021\/profugo-cinco-anos-lo-detuvieron-en-sierra-cuando-daba-a-conocer-una-entidad-sin-fines-de-lucro\/"]}]},{"@type":"ImageObject","inLanguage":"es","@id":"https:\/\/www.noticiasradioreflejos.com.ar\/2021\/profugo-cinco-anos-lo-detuvieron-en-sierra-cuando-daba-a-conocer-una-entidad-sin-fines-de-lucro\/#primaryimage","url":"https:\/\/www.noticiasradioreflejos.com.ar\/2021\/wp-content\/uploads\/2016\/10\/policia-sierra-2.jpg","contentUrl":"https:\/\/www.noticiasradioreflejos.com.ar\/2021\/wp-content\/uploads\/2016\/10\/policia-sierra-2.jpg","width":800,"height":450},{"@type":"BreadcrumbList","@id":"https:\/\/www.noticiasradioreflejos.com.ar\/2021\/profugo-cinco-anos-lo-detuvieron-en-sierra-cuando-daba-a-conocer-una-entidad-sin-fines-de-lucro\/#breadcrumb","itemListElement":[{"@type":"ListItem","position":1,"name":"Portada","item":"https:\/\/www.noticiasradioreflejos.com.ar\/2021\/"},{"@type":"ListItem","position":2,"name":"Pr\u00f3fugo cinco a\u00f1os, lo detuvieron en Sierra cuando daba a conocer una entidad sin fines de lucro."}]},{"@type":"WebSite","@id":"https:\/\/www.noticiasradioreflejos.com.ar\/2021\/#website","url":"https:\/\/www.noticiasradioreflejos.com.ar\/2021\/","name":"Noticias Radio Reflejos","description":"Las noticias de mi comarca","potentialAction":[{"@type":"SearchAction","target":{"@type":"EntryPoint","urlTemplate":"https:\/\/www.noticiasradioreflejos.com.ar\/2021\/?s={search_term_string}"},"query-input":{"@type":"PropertyValueSpecification","valueRequired":true,"valueName":"search_term_string"}}],"inLanguage":"es"},{"@type":"Person","@id":"https:\/\/www.noticiasradioreflejos.com.ar\/2021\/#\/schema\/person\/ad82545263dcc5ec0996818884fd5fb1","name":"Arnaldo Botto","image":{"@type":"ImageObject","inLanguage":"es","@id":"https:\/\/www.noticiasradioreflejos.com.ar\/2021\/#\/schema\/person\/image\/","url":"https:\/\/secure.gravatar.com\/avatar\/55cb5e37c1efa326397366e6974cb338056df65cb50e7d64d1cf314e87504837?s=96&d=mm&r=g","contentUrl":"https:\/\/secure.gravatar.com\/avatar\/55cb5e37c1efa326397366e6974cb338056df65cb50e7d64d1cf314e87504837?s=96&d=mm&r=g","caption":"Arnaldo Botto"},"url":"https:\/\/www.noticiasradioreflejos.com.ar\/2021\/author\/arnaldo\/"}]}},"_links":{"self":[{"href":"https:\/\/www.noticiasradioreflejos.com.ar\/2021\/wp-json\/wp\/v2\/posts\/99976","targetHints":{"allow":["GET"]}}],"collection":[{"href":"https:\/\/www.noticiasradioreflejos.com.ar\/2021\/wp-json\/wp\/v2\/posts"}],"about":[{"href":"https:\/\/www.noticiasradioreflejos.com.ar\/2021\/wp-json\/wp\/v2\/types\/post"}],"author":[{"embeddable":true,"href":"https:\/\/www.noticiasradioreflejos.com.ar\/2021\/wp-json\/wp\/v2\/users\/3"}],"replies":[{"embeddable":true,"href":"https:\/\/www.noticiasradioreflejos.com.ar\/2021\/wp-json\/wp\/v2\/comments?post=99976"}],"version-history":[{"count":2,"href":"https:\/\/www.noticiasradioreflejos.com.ar\/2021\/wp-json\/wp\/v2\/posts\/99976\/revisions"}],"predecessor-version":[{"id":99981,"href":"https:\/\/www.noticiasradioreflejos.com.ar\/2021\/wp-json\/wp\/v2\/posts\/99976\/revisions\/99981"}],"wp:featuredmedia":[{"embeddable":true,"href":"https:\/\/www.noticiasradioreflejos.com.ar\/2021\/wp-json\/wp\/v2\/media\/2614"}],"wp:attachment":[{"href":"https:\/\/www.noticiasradioreflejos.com.ar\/2021\/wp-json\/wp\/v2\/media?parent=99976"}],"wp:term":[{"taxonomy":"category","embeddable":true,"href":"https:\/\/www.noticiasradioreflejos.com.ar\/2021\/wp-json\/wp\/v2\/categories?post=99976"},{"taxonomy":"post_tag","embeddable":true,"href":"https:\/\/www.noticiasradioreflejos.com.ar\/2021\/wp-json\/wp\/v2\/tags?post=99976"}],"curies":[{"name":"wp","href":"https:\/\/api.w.org\/{rel}","templated":true}]}}