{"id":99873,"date":"2024-03-08T14:22:03","date_gmt":"2024-03-08T17:22:03","guid":{"rendered":"https:\/\/www.noticiasradioreflejos.com.ar\/2021\/?p=99873"},"modified":"2024-03-08T17:22:40","modified_gmt":"2024-03-08T20:22:40","slug":"silvia-zaballa-sabemos-que-cuando-se-profundiza-la-pobreza-se-profundizan-las-desigualdades-somos-las-mujeres-las-que-mas-las-sufrimos","status":"publish","type":"post","link":"https:\/\/www.noticiasradioreflejos.com.ar\/2021\/silvia-zaballa-sabemos-que-cuando-se-profundiza-la-pobreza-se-profundizan-las-desigualdades-somos-las-mujeres-las-que-mas-las-sufrimos\/","title":{"rendered":"Silvia Zaballa: \u00absabemos que cuando se profundiza la pobreza, se profundizan las desigualdades, somos las mujeres las que m\u00e1s las sufrimos\u00bb"},"content":{"rendered":"<p>Desde La Plata, la<strong> Directora Provincial de Regiones del Ministerio de la Mujeres<\/strong> se refiri\u00f3 a la jornada del 8M.<!--more--><\/p>\n<p>\u00abEste 8M nos encuentra en una situaci\u00f3n bastante diferente a lo que podemos haber hablado el a\u00f1o pasado o hace unos a\u00f1os. Nos encuentra en una situaci\u00f3n en la cual fue, o sea, ha sido un rango de su secretar\u00eda el Ministerio de las Mujeres de la Naci\u00f3n.<strong> Nuestro Ministerio, el de la Provincia de Buenos Aires, es el \u00fanico que ha sobrevivido en todo el pa\u00eds\u00bb<\/strong> enunci\u00f3 al\u00a0 comienzo de la charla Silvia.<\/p>\n<p><a title=\"8M (2)\" href=\"https:\/\/www.flickr.com\/photos\/182279889@N02\/53575815894\/in\/dateposted-public\/\" data-flickr-embed=\"true\"><img loading=\"lazy\" decoding=\"async\" src=\"https:\/\/live.staticflickr.com\/65535\/53575815894_f7c1814706_c.jpg\" alt=\"8M (2)\" width=\"800\" height=\"533\" \/><\/a><script async src=\"\/\/embedr.flickr.com\/assets\/client-code.js\" charset=\"utf-8\"><\/script><\/p>\n<p>En relaci\u00f3n al dram\u00e1tico cambio en el manejo de la pol\u00edtica de g\u00e9nero en todo el pa\u00eds, La funcionar\u00eda agreg\u00f3; \u00bb El resto ha desaparecido o ha bajado tambi\u00e9n su rango dentro del esquema provincial. Nos encuentra con un DNU rigiendo nuestro pa\u00eds que restringe los derechos. Nosotras lo planteamos especialmente en el sistema de las mujeres y diversidades porque sabemos que cuando se profundiza la pobreza, se profundizan las desigualdades, somos las mujeres las que m\u00e1s las sufrimos\u00bb.<\/p>\n<p>&nbsp;<\/p>\n<p>Sobre c\u00f3mo afecta el DNU de Milei al pa\u00eds en la pol\u00edtica en general Zaballa nos dice: \u00abEste DNU no solo nos afecta a las mujeres, nos afecta a todas y a todos. Es un DNU que nos reduce derechos en cuanto a la salud, en cuanto a lo gremial, en cuanto al trabajo, en cuanto a todos los derechos que hab\u00edamos conquistado y que tenemos vigentes en nuestra Constituci\u00f3n. Es un DNU que va contra los derechos que tenemos dentro de nuestra propia Constituci\u00f3n.\u00bb apunt\u00f3.<\/p>\n<p>&nbsp;<\/p>\n<p><strong>La lucha del d\u00eda de la fecha<\/strong><\/p>\n<p>\u00abAs\u00ed que este 8M nos encuentra en esta lucha, en seguir sosteniendo cu\u00e1les son las desigualdades que existen, las desigualdades que nosotros todav\u00eda tenemos que ir reformando, pero tambi\u00e9n plante\u00e1ndonos y plant\u00e1ndonos contra mi ley, concretamente porque es tambi\u00e9n quien se ha puesto en una lucha contra las mujeres declarada concretamente, donde \u00e9l dice que no existe la violencia por razones de g\u00e9nero, que tenemos todas las mismas derechos, que podemos acceder a las mismas cuestiones.<\/p>\n<p>Bueno, yo invitar\u00eda al presidente a que vaya a un barrio y conozca las situaciones en las que viven las mujeres de los barrios, donde adem\u00e1s se reduce la cantidad de mujeres que van a recibir la UAH, y es donde va a desaparecer en muchos casos el tema del potenciar trabajo. O sea, nos encuentra en una situaci\u00f3n muy compleja que nos ha puesto el gobierno, el gobierno de Javier Millet, y por eso se decide esto, concretamente ir a la Plaza contra el DNU, contra las pol\u00edticas de desigualdad, contra las pol\u00edticas que est\u00e1 aplicando este gobierno, que cada vez nos ponen en una situaci\u00f3n peor.\u00bb se\u00f1al\u00f3 al tiempo que agregaba;\u00a0 \u00ab<strong>As\u00ed que ese es el marco en el que nos encuentra, es un marco de lucha, pero que nosotros tenemos, como Ministerio de las Mujeres de la Provincia y como Provincia de Buenos Aires, todav\u00eda la posibilidad de seguir generando pol\u00edticas diferentes, porque nuestro gobernador ha tenido la decisi\u00f3n pol\u00edtica de seguir con un Estado cercano, de seguir con un Estado que genera derechos, y de seguir con un Estado que mantiene su Ministerio de las Mujeres, decidi\u00f3 que la Ministra Estela D\u00edaz continuara en su gesti\u00f3n.<\/strong><\/p>\n<p>&nbsp;<\/p>\n<p><strong>Sobre las marchas y movilizaciones convocadas en esta jornada:<\/strong><\/p>\n<p>A nosotras nos encuentra en esa situaci\u00f3n, as\u00ed que por eso tambi\u00e9n decidimos las mujeres y diversidades que est\u00e1n nucleadas en las ciudades de La Plata, Berl\u00edn, en las ciudades cercanas a Capital Federal, tambi\u00e9n ir a Capital Federal, al Congreso, para reclamarle al Congreso esto, que es el tema de la valla del DNU, pero tambi\u00e9n para reclamar concretamente donde se nos est\u00e1n quitando los derechos que es la Naci\u00f3n.<\/p>\n<p>En referencia a lo expresado ayer en nuestra emisora\u00a0 por una de las integrantes de la red de vecinas quien manifest\u00f3 la inquietud porque se <strong>cerr\u00f3 la oficina de g\u00e9nero en Sierra de la Ventana<\/strong>, le preguntamos a Silvia si \u00bfEsto est\u00e1 pasando en la provincia? \u00bfLos intendentes tienen inconvenientes para sostener las oficinas de g\u00e9nero?<\/p>\n<p><strong>SZ:<\/strong> \u00abS\u00ed, no est\u00e1 pasando tan masivamente, pero s\u00ed, est\u00e1 pasando que bajan dentro de sus municipios, si eran secretar\u00edas y subsecretar\u00edas, pasan a ser direcciones, las direcciones las reducen a \u00e1reas, porque tambi\u00e9n es muy dif\u00edcil de sostener. El programa que nosotros tenemos, que es <strong>Comunidad Sin Violencia,<\/strong> que es el programa que genera recursos para los municipios para que puedan sostener sus equipos, sigue existiendo. Tiene las dificultades que tiene cualquier cosa en la provincia, que pasa por cuatro organismos de control, digamos, los proyectos que se presentan al ingreso, y cuatro organismos de control cuando egresan, lo cual reduce el tiempo, y por ah\u00ed en esos periodos se genera que no se puedan sostener algunos equipos, pero nuestro gobernador quiere seguir con esa pol\u00edtica, acompa\u00f1a a los intendentes con esto, intentando que se siga dando respuesta a una cosa que ya los intendentes se han dado cuenta, porque en cuanto abrieron sus oficinas empezaron a recibir la demanda, y la demanda es enorme, y sigue existiendo, y va a seguir existiendo, aunque el presidente diga que no existe la violencia de g\u00e9nero, no se elimina algo porque uno dice que no existe\u00bb. explic\u00f3<\/p>\n<p>&nbsp;<br \/>\n<a data-flickr-embed=\"true\" href=\"https:\/\/www.flickr.com\/photos\/182279889@N02\/53574624242\/in\/dateposted-public\/\" title=\"8M (1)\"><img loading=\"lazy\" decoding=\"async\" src=\"https:\/\/live.staticflickr.com\/65535\/53574624242_f93bfbe012_c.jpg\" width=\"800\" height=\"534\" alt=\"8M (1)\"\/><\/a><script async src=\"\/\/embedr.flickr.com\/assets\/client-code.js\" charset=\"utf-8\"><\/script><br \/>\n&nbsp;<\/p>\n<p>Y no tardaron en llegar los calificativos para el actual presidente: \u00abPero ya saben que ese presidente es negacionista, niega los 30.000 desaparecidos, niega los derechos de las mujeres, pero negando, diciendo que algo no est\u00e1, no hace que desaparezca. Las cosas est\u00e1n, siguen existiendo, y van a seguir existiendo. As\u00ed que, bueno, digamos, aunque est\u00e9 pasando, el gobernador tiene la voluntad pol\u00edtica de seguir acompa\u00f1ando y de tratar de dar una mano para que esto tenga el menor impacto posible sobre las mujeres y las entidades\u00bb. Subray\u00f3<\/p>\n<p>&nbsp;<\/p>\n<p><strong>Sobre los actos preparados en La Plata cont\u00f3:<\/strong> \u00abEn la gobernaci\u00f3n, con el gobernador y con la vicegobernadora, y con nuestra ministra Estela D\u00edaz. Y despu\u00e9s al Congreso todas. Al Congreso, s\u00ed, se sale desde la estaci\u00f3n de trenes, donde se concentran, y desde all\u00ed se va a la ciudad, a la capital. H ay una decisi\u00f3n, digo, mucha gente que por ah\u00ed marchaba en La Plata, o marchaba en otras localidades, ha tomado la decisi\u00f3n de trasladarse a la ciudad, a la capital federal para marchar ah\u00ed. As\u00ed que yo creo que s\u00ed que va a ser multitudinaria.<\/p>\n<p>&nbsp;<\/p>\n<p><iframe loading=\"lazy\" src=\"https:\/\/w.soundcloud.com\/player\/?url=https%3A\/\/api.soundcloud.com\/tracks\/1769038272&amp;color=%23ff5500&amp;auto_play=false&amp;hide_related=false&amp;show_comments=true&amp;show_user=true&amp;show_reposts=false&amp;show_teaser=true\" width=\"100%\" height=\"166\" frameborder=\"no\" scrolling=\"no\"><\/iframe><\/p>\n<div style=\"font-size: 10px; color: #cccccc; line-break: anywhere; word-break: normal; overflow: hidden; white-space: nowrap; text-overflow: ellipsis; font-family: Interstate,Lucida Grande,Lucida Sans Unicode,Lucida Sans,Garuda,Verdana,Tahoma,sans-serif; font-weight: 100;\"><a style=\"color: #cccccc; text-decoration: none;\" title=\"fmreflejos 103.7\" href=\"https:\/\/soundcloud.com\/fmreflejos-103-7\" target=\"_blank\" rel=\"noopener\">fmreflejos 103.7<\/a> \u00b7 <a style=\"color: #cccccc; text-decoration: none;\" title=\"Silvia Zabala 08 - 03\" href=\"https:\/\/soundcloud.com\/fmreflejos-103-7\/silvia-zabala-08-03\" target=\"_blank\" rel=\"noopener\">Silvia Zabala 08 &#8211; 03<\/a><\/div>\n<p>&nbsp;<\/p>\n","protected":false},"excerpt":{"rendered":"<p>Desde La Plata, la Directora Provincial de Regiones del Ministerio de la Mujeres se refiri\u00f3 a la jornada del 8M.<\/p>\n","protected":false},"author":3,"featured_media":85164,"comment_status":"closed","ping_status":"closed","sticky":false,"template":"","format":"standard","meta":{"footnotes":""},"categories":[24],"tags":[48],"class_list":["post-99873","post","type-post","status-publish","format-standard","has-post-thumbnail","hentry","category-politica","tag-destacada"],"yoast_head":"<!-- This site is optimized with the Yoast SEO plugin v25.9 - https:\/\/yoast.com\/wordpress\/plugins\/seo\/ -->\n<title>Silvia Zaballa: &quot;sabemos que cuando se profundiza la pobreza, se profundizan las desigualdades, somos las mujeres las que m\u00e1s las sufrimos&quot; - Noticias Radio Reflejos<\/title>\n<meta name=\"robots\" content=\"index, follow, max-snippet:-1, max-image-preview:large, max-video-preview:-1\" \/>\n<link rel=\"canonical\" href=\"https:\/\/www.noticiasradioreflejos.com.ar\/2021\/silvia-zaballa-sabemos-que-cuando-se-profundiza-la-pobreza-se-profundizan-las-desigualdades-somos-las-mujeres-las-que-mas-las-sufrimos\/\" \/>\n<meta property=\"og:locale\" content=\"es_ES\" \/>\n<meta property=\"og:type\" content=\"article\" \/>\n<meta property=\"og:title\" content=\"Silvia Zaballa: &quot;sabemos que cuando se profundiza la pobreza, se profundizan las desigualdades, somos las mujeres las que m\u00e1s las sufrimos&quot; - Noticias Radio Reflejos\" \/>\n<meta property=\"og:description\" content=\"Desde La Plata, la Directora Provincial de Regiones del Ministerio de la Mujeres se refiri\u00f3 a la jornada del 8M.\" \/>\n<meta property=\"og:url\" content=\"https:\/\/www.noticiasradioreflejos.com.ar\/2021\/silvia-zaballa-sabemos-que-cuando-se-profundiza-la-pobreza-se-profundizan-las-desigualdades-somos-las-mujeres-las-que-mas-las-sufrimos\/\" \/>\n<meta property=\"og:site_name\" content=\"Noticias Radio Reflejos\" \/>\n<meta property=\"article:published_time\" content=\"2024-03-08T17:22:03+00:00\" \/>\n<meta property=\"article:modified_time\" content=\"2024-03-08T20:22:40+00:00\" \/>\n<meta property=\"og:image\" content=\"https:\/\/www.noticiasradioreflejos.com.ar\/2021\/wp-content\/uploads\/2023\/03\/Zaballa-Aguilar-Bordoni-Diaz.jpg\" \/>\n\t<meta property=\"og:image:width\" content=\"800\" \/>\n\t<meta property=\"og:image:height\" content=\"600\" \/>\n\t<meta property=\"og:image:type\" content=\"image\/jpeg\" \/>\n<meta name=\"author\" content=\"Arnaldo Botto\" \/>\n<meta name=\"twitter:card\" content=\"summary_large_image\" \/>\n<script type=\"application\/ld+json\" class=\"yoast-schema-graph\">{\"@context\":\"https:\/\/schema.org\",\"@graph\":[{\"@type\":\"WebPage\",\"@id\":\"https:\/\/www.noticiasradioreflejos.com.ar\/2021\/silvia-zaballa-sabemos-que-cuando-se-profundiza-la-pobreza-se-profundizan-las-desigualdades-somos-las-mujeres-las-que-mas-las-sufrimos\/\",\"url\":\"https:\/\/www.noticiasradioreflejos.com.ar\/2021\/silvia-zaballa-sabemos-que-cuando-se-profundiza-la-pobreza-se-profundizan-las-desigualdades-somos-las-mujeres-las-que-mas-las-sufrimos\/\",\"name\":\"Silvia Zaballa: \\\"sabemos que cuando se profundiza la pobreza, se profundizan las desigualdades, somos las mujeres las que m\u00e1s las sufrimos\\\" - Noticias Radio Reflejos\",\"isPartOf\":{\"@id\":\"https:\/\/www.noticiasradioreflejos.com.ar\/2021\/#website\"},\"primaryImageOfPage\":{\"@id\":\"https:\/\/www.noticiasradioreflejos.com.ar\/2021\/silvia-zaballa-sabemos-que-cuando-se-profundiza-la-pobreza-se-profundizan-las-desigualdades-somos-las-mujeres-las-que-mas-las-sufrimos\/#primaryimage\"},\"image\":{\"@id\":\"https:\/\/www.noticiasradioreflejos.com.ar\/2021\/silvia-zaballa-sabemos-que-cuando-se-profundiza-la-pobreza-se-profundizan-las-desigualdades-somos-las-mujeres-las-que-mas-las-sufrimos\/#primaryimage\"},\"thumbnailUrl\":\"https:\/\/www.noticiasradioreflejos.com.ar\/2021\/wp-content\/uploads\/2023\/03\/Zaballa-Aguilar-Bordoni-Diaz.jpg\",\"datePublished\":\"2024-03-08T17:22:03+00:00\",\"dateModified\":\"2024-03-08T20:22:40+00:00\",\"author\":{\"@id\":\"https:\/\/www.noticiasradioreflejos.com.ar\/2021\/#\/schema\/person\/ad82545263dcc5ec0996818884fd5fb1\"},\"breadcrumb\":{\"@id\":\"https:\/\/www.noticiasradioreflejos.com.ar\/2021\/silvia-zaballa-sabemos-que-cuando-se-profundiza-la-pobreza-se-profundizan-las-desigualdades-somos-las-mujeres-las-que-mas-las-sufrimos\/#breadcrumb\"},\"inLanguage\":\"es\",\"potentialAction\":[{\"@type\":\"ReadAction\",\"target\":[\"https:\/\/www.noticiasradioreflejos.com.ar\/2021\/silvia-zaballa-sabemos-que-cuando-se-profundiza-la-pobreza-se-profundizan-las-desigualdades-somos-las-mujeres-las-que-mas-las-sufrimos\/\"]}]},{\"@type\":\"ImageObject\",\"inLanguage\":\"es\",\"@id\":\"https:\/\/www.noticiasradioreflejos.com.ar\/2021\/silvia-zaballa-sabemos-que-cuando-se-profundiza-la-pobreza-se-profundizan-las-desigualdades-somos-las-mujeres-las-que-mas-las-sufrimos\/#primaryimage\",\"url\":\"https:\/\/www.noticiasradioreflejos.com.ar\/2021\/wp-content\/uploads\/2023\/03\/Zaballa-Aguilar-Bordoni-Diaz.jpg\",\"contentUrl\":\"https:\/\/www.noticiasradioreflejos.com.ar\/2021\/wp-content\/uploads\/2023\/03\/Zaballa-Aguilar-Bordoni-Diaz.jpg\",\"width\":800,\"height\":600},{\"@type\":\"BreadcrumbList\",\"@id\":\"https:\/\/www.noticiasradioreflejos.com.ar\/2021\/silvia-zaballa-sabemos-que-cuando-se-profundiza-la-pobreza-se-profundizan-las-desigualdades-somos-las-mujeres-las-que-mas-las-sufrimos\/#breadcrumb\",\"itemListElement\":[{\"@type\":\"ListItem\",\"position\":1,\"name\":\"Portada\",\"item\":\"https:\/\/www.noticiasradioreflejos.com.ar\/2021\/\"},{\"@type\":\"ListItem\",\"position\":2,\"name\":\"Silvia Zaballa: \u00absabemos que cuando se profundiza la pobreza, se profundizan las desigualdades, somos las mujeres las que m\u00e1s las sufrimos\u00bb\"}]},{\"@type\":\"WebSite\",\"@id\":\"https:\/\/www.noticiasradioreflejos.com.ar\/2021\/#website\",\"url\":\"https:\/\/www.noticiasradioreflejos.com.ar\/2021\/\",\"name\":\"Noticias Radio Reflejos\",\"description\":\"Las noticias de mi comarca\",\"potentialAction\":[{\"@type\":\"SearchAction\",\"target\":{\"@type\":\"EntryPoint\",\"urlTemplate\":\"https:\/\/www.noticiasradioreflejos.com.ar\/2021\/?s={search_term_string}\"},\"query-input\":{\"@type\":\"PropertyValueSpecification\",\"valueRequired\":true,\"valueName\":\"search_term_string\"}}],\"inLanguage\":\"es\"},{\"@type\":\"Person\",\"@id\":\"https:\/\/www.noticiasradioreflejos.com.ar\/2021\/#\/schema\/person\/ad82545263dcc5ec0996818884fd5fb1\",\"name\":\"Arnaldo Botto\",\"image\":{\"@type\":\"ImageObject\",\"inLanguage\":\"es\",\"@id\":\"https:\/\/www.noticiasradioreflejos.com.ar\/2021\/#\/schema\/person\/image\/\",\"url\":\"https:\/\/secure.gravatar.com\/avatar\/55cb5e37c1efa326397366e6974cb338056df65cb50e7d64d1cf314e87504837?s=96&d=mm&r=g\",\"contentUrl\":\"https:\/\/secure.gravatar.com\/avatar\/55cb5e37c1efa326397366e6974cb338056df65cb50e7d64d1cf314e87504837?s=96&d=mm&r=g\",\"caption\":\"Arnaldo Botto\"},\"url\":\"https:\/\/www.noticiasradioreflejos.com.ar\/2021\/author\/arnaldo\/\"}]}<\/script>\n<!-- \/ Yoast SEO plugin. -->","yoast_head_json":{"title":"Silvia Zaballa: \"sabemos que cuando se profundiza la pobreza, se profundizan las desigualdades, somos las mujeres las que m\u00e1s las sufrimos\" - Noticias Radio Reflejos","robots":{"index":"index","follow":"follow","max-snippet":"max-snippet:-1","max-image-preview":"max-image-preview:large","max-video-preview":"max-video-preview:-1"},"canonical":"https:\/\/www.noticiasradioreflejos.com.ar\/2021\/silvia-zaballa-sabemos-que-cuando-se-profundiza-la-pobreza-se-profundizan-las-desigualdades-somos-las-mujeres-las-que-mas-las-sufrimos\/","og_locale":"es_ES","og_type":"article","og_title":"Silvia Zaballa: \"sabemos que cuando se profundiza la pobreza, se profundizan las desigualdades, somos las mujeres las que m\u00e1s las sufrimos\" - Noticias Radio Reflejos","og_description":"Desde La Plata, la Directora Provincial de Regiones del Ministerio de la Mujeres se refiri\u00f3 a la jornada del 8M.","og_url":"https:\/\/www.noticiasradioreflejos.com.ar\/2021\/silvia-zaballa-sabemos-que-cuando-se-profundiza-la-pobreza-se-profundizan-las-desigualdades-somos-las-mujeres-las-que-mas-las-sufrimos\/","og_site_name":"Noticias Radio Reflejos","article_published_time":"2024-03-08T17:22:03+00:00","article_modified_time":"2024-03-08T20:22:40+00:00","og_image":[{"width":800,"height":600,"url":"https:\/\/www.noticiasradioreflejos.com.ar\/2021\/wp-content\/uploads\/2023\/03\/Zaballa-Aguilar-Bordoni-Diaz.jpg","type":"image\/jpeg"}],"author":"Arnaldo Botto","twitter_card":"summary_large_image","schema":{"@context":"https:\/\/schema.org","@graph":[{"@type":"WebPage","@id":"https:\/\/www.noticiasradioreflejos.com.ar\/2021\/silvia-zaballa-sabemos-que-cuando-se-profundiza-la-pobreza-se-profundizan-las-desigualdades-somos-las-mujeres-las-que-mas-las-sufrimos\/","url":"https:\/\/www.noticiasradioreflejos.com.ar\/2021\/silvia-zaballa-sabemos-que-cuando-se-profundiza-la-pobreza-se-profundizan-las-desigualdades-somos-las-mujeres-las-que-mas-las-sufrimos\/","name":"Silvia Zaballa: \"sabemos que cuando se profundiza la pobreza, se profundizan las desigualdades, somos las mujeres las que m\u00e1s las sufrimos\" - Noticias Radio Reflejos","isPartOf":{"@id":"https:\/\/www.noticiasradioreflejos.com.ar\/2021\/#website"},"primaryImageOfPage":{"@id":"https:\/\/www.noticiasradioreflejos.com.ar\/2021\/silvia-zaballa-sabemos-que-cuando-se-profundiza-la-pobreza-se-profundizan-las-desigualdades-somos-las-mujeres-las-que-mas-las-sufrimos\/#primaryimage"},"image":{"@id":"https:\/\/www.noticiasradioreflejos.com.ar\/2021\/silvia-zaballa-sabemos-que-cuando-se-profundiza-la-pobreza-se-profundizan-las-desigualdades-somos-las-mujeres-las-que-mas-las-sufrimos\/#primaryimage"},"thumbnailUrl":"https:\/\/www.noticiasradioreflejos.com.ar\/2021\/wp-content\/uploads\/2023\/03\/Zaballa-Aguilar-Bordoni-Diaz.jpg","datePublished":"2024-03-08T17:22:03+00:00","dateModified":"2024-03-08T20:22:40+00:00","author":{"@id":"https:\/\/www.noticiasradioreflejos.com.ar\/2021\/#\/schema\/person\/ad82545263dcc5ec0996818884fd5fb1"},"breadcrumb":{"@id":"https:\/\/www.noticiasradioreflejos.com.ar\/2021\/silvia-zaballa-sabemos-que-cuando-se-profundiza-la-pobreza-se-profundizan-las-desigualdades-somos-las-mujeres-las-que-mas-las-sufrimos\/#breadcrumb"},"inLanguage":"es","potentialAction":[{"@type":"ReadAction","target":["https:\/\/www.noticiasradioreflejos.com.ar\/2021\/silvia-zaballa-sabemos-que-cuando-se-profundiza-la-pobreza-se-profundizan-las-desigualdades-somos-las-mujeres-las-que-mas-las-sufrimos\/"]}]},{"@type":"ImageObject","inLanguage":"es","@id":"https:\/\/www.noticiasradioreflejos.com.ar\/2021\/silvia-zaballa-sabemos-que-cuando-se-profundiza-la-pobreza-se-profundizan-las-desigualdades-somos-las-mujeres-las-que-mas-las-sufrimos\/#primaryimage","url":"https:\/\/www.noticiasradioreflejos.com.ar\/2021\/wp-content\/uploads\/2023\/03\/Zaballa-Aguilar-Bordoni-Diaz.jpg","contentUrl":"https:\/\/www.noticiasradioreflejos.com.ar\/2021\/wp-content\/uploads\/2023\/03\/Zaballa-Aguilar-Bordoni-Diaz.jpg","width":800,"height":600},{"@type":"BreadcrumbList","@id":"https:\/\/www.noticiasradioreflejos.com.ar\/2021\/silvia-zaballa-sabemos-que-cuando-se-profundiza-la-pobreza-se-profundizan-las-desigualdades-somos-las-mujeres-las-que-mas-las-sufrimos\/#breadcrumb","itemListElement":[{"@type":"ListItem","position":1,"name":"Portada","item":"https:\/\/www.noticiasradioreflejos.com.ar\/2021\/"},{"@type":"ListItem","position":2,"name":"Silvia Zaballa: \u00absabemos que cuando se profundiza la pobreza, se profundizan las desigualdades, somos las mujeres las que m\u00e1s las sufrimos\u00bb"}]},{"@type":"WebSite","@id":"https:\/\/www.noticiasradioreflejos.com.ar\/2021\/#website","url":"https:\/\/www.noticiasradioreflejos.com.ar\/2021\/","name":"Noticias Radio Reflejos","description":"Las noticias de mi comarca","potentialAction":[{"@type":"SearchAction","target":{"@type":"EntryPoint","urlTemplate":"https:\/\/www.noticiasradioreflejos.com.ar\/2021\/?s={search_term_string}"},"query-input":{"@type":"PropertyValueSpecification","valueRequired":true,"valueName":"search_term_string"}}],"inLanguage":"es"},{"@type":"Person","@id":"https:\/\/www.noticiasradioreflejos.com.ar\/2021\/#\/schema\/person\/ad82545263dcc5ec0996818884fd5fb1","name":"Arnaldo Botto","image":{"@type":"ImageObject","inLanguage":"es","@id":"https:\/\/www.noticiasradioreflejos.com.ar\/2021\/#\/schema\/person\/image\/","url":"https:\/\/secure.gravatar.com\/avatar\/55cb5e37c1efa326397366e6974cb338056df65cb50e7d64d1cf314e87504837?s=96&d=mm&r=g","contentUrl":"https:\/\/secure.gravatar.com\/avatar\/55cb5e37c1efa326397366e6974cb338056df65cb50e7d64d1cf314e87504837?s=96&d=mm&r=g","caption":"Arnaldo Botto"},"url":"https:\/\/www.noticiasradioreflejos.com.ar\/2021\/author\/arnaldo\/"}]}},"_links":{"self":[{"href":"https:\/\/www.noticiasradioreflejos.com.ar\/2021\/wp-json\/wp\/v2\/posts\/99873","targetHints":{"allow":["GET"]}}],"collection":[{"href":"https:\/\/www.noticiasradioreflejos.com.ar\/2021\/wp-json\/wp\/v2\/posts"}],"about":[{"href":"https:\/\/www.noticiasradioreflejos.com.ar\/2021\/wp-json\/wp\/v2\/types\/post"}],"author":[{"embeddable":true,"href":"https:\/\/www.noticiasradioreflejos.com.ar\/2021\/wp-json\/wp\/v2\/users\/3"}],"replies":[{"embeddable":true,"href":"https:\/\/www.noticiasradioreflejos.com.ar\/2021\/wp-json\/wp\/v2\/comments?post=99873"}],"version-history":[{"count":2,"href":"https:\/\/www.noticiasradioreflejos.com.ar\/2021\/wp-json\/wp\/v2\/posts\/99873\/revisions"}],"predecessor-version":[{"id":99885,"href":"https:\/\/www.noticiasradioreflejos.com.ar\/2021\/wp-json\/wp\/v2\/posts\/99873\/revisions\/99885"}],"wp:featuredmedia":[{"embeddable":true,"href":"https:\/\/www.noticiasradioreflejos.com.ar\/2021\/wp-json\/wp\/v2\/media\/85164"}],"wp:attachment":[{"href":"https:\/\/www.noticiasradioreflejos.com.ar\/2021\/wp-json\/wp\/v2\/media?parent=99873"}],"wp:term":[{"taxonomy":"category","embeddable":true,"href":"https:\/\/www.noticiasradioreflejos.com.ar\/2021\/wp-json\/wp\/v2\/categories?post=99873"},{"taxonomy":"post_tag","embeddable":true,"href":"https:\/\/www.noticiasradioreflejos.com.ar\/2021\/wp-json\/wp\/v2\/tags?post=99873"}],"curies":[{"name":"wp","href":"https:\/\/api.w.org\/{rel}","templated":true}]}}