{"id":99865,"date":"2024-03-08T12:19:08","date_gmt":"2024-03-08T15:19:08","guid":{"rendered":"https:\/\/www.noticiasradioreflejos.com.ar\/2021\/?p=99865"},"modified":"2024-03-08T12:19:08","modified_gmt":"2024-03-08T15:19:08","slug":"hay-alerta-amarilla-por-tormentas-en-9-provincias","status":"publish","type":"post","link":"https:\/\/www.noticiasradioreflejos.com.ar\/2021\/hay-alerta-amarilla-por-tormentas-en-9-provincias\/","title":{"rendered":"Hay alerta amarilla por tormentas en 9 provincias"},"content":{"rendered":"<p>El aviso alcanza a Buenos Aires, Misiones, Corrientes, Entre R\u00edos, Santa Fe, C\u00f3rdoba, La Pampa, San Luis y Mendoza. Algunas podr\u00edan sufrir fuertes r\u00e1fagas y ocasional ca\u00edda de granizo. Cu\u00e1ndo llueve en CABA<!--more--><\/p>\n<div class=\"body-article\">\n<div class=\"visual__image\"><img loading=\"lazy\" decoding=\"async\" class=\" lazyload\" src=\"https:\/\/www.infobae.com\/new-resizer\/QWX-0t-ZJiYjRmdo4yYknmMqHNo=\/420x236\/filters:format(webp):quality(85)\/cloudfront-us-east-1.images.arcpublishing.com\/infobae\/JHDMJCGLHRFKFIUAJEJVDLDSF4.jpg%20420w\" sizes=\"auto, (min-width: 1560px) 856px, (min-width: 1000px) calc(74.63vw - 293px), (min-width: 780px) calc(100vw - 376px), (min-width: 580px) calc(100vw - 32px), 100vw\" srcset=\"https:\/\/www.infobae.com\/new-resizer\/QWX-0t-ZJiYjRmdo4yYknmMqHNo=\/420x236\/filters:format(webp):quality(85)\/cloudfront-us-east-1.images.arcpublishing.com\/infobae\/JHDMJCGLHRFKFIUAJEJVDLDSF4.jpg 420w,https:\/\/www.infobae.com\/new-resizer\/LUNH_OnMZrmNARPB8QZuLoUozjI=\/768x432\/filters:format(webp):quality(85)\/cloudfront-us-east-1.images.arcpublishing.com\/infobae\/JHDMJCGLHRFKFIUAJEJVDLDSF4.jpg 768w,https:\/\/www.infobae.com\/new-resizer\/GeH1b6XYlVEZXeOheoTn79xw5RA=\/992x558\/filters:format(webp):quality(85)\/cloudfront-us-east-1.images.arcpublishing.com\/infobae\/JHDMJCGLHRFKFIUAJEJVDLDSF4.jpg 992w,https:\/\/www.infobae.com\/new-resizer\/XqOQLEWD0VMLR6cVAkPdtP6tqss=\/1200x675\/filters:format(webp):quality(85)\/cloudfront-us-east-1.images.arcpublishing.com\/infobae\/JHDMJCGLHRFKFIUAJEJVDLDSF4.jpg 1200w,https:\/\/www.infobae.com\/new-resizer\/hdM9svVbcMZbOPhVxPluqcT-Ik4=\/1440x810\/filters:format(webp):quality(85)\/cloudfront-us-east-1.images.arcpublishing.com\/infobae\/JHDMJCGLHRFKFIUAJEJVDLDSF4.jpg 1440w\" alt=\"Hay 9 provincias con alerta por tormentas \" width=\"1920\" height=\"1079\" data-src=\"https:\/\/www.infobae.com\/new-resizer\/QWX-0t-ZJiYjRmdo4yYknmMqHNo=\/420x236\/filters:format(webp):quality(85)\/cloudfront-us-east-1.images.arcpublishing.com\/infobae\/JHDMJCGLHRFKFIUAJEJVDLDSF4.jpg 420w\" \/>Hay 9 provincias con alerta por tormentas<\/div>\n<p class=\"paragraph\" data-mrf-recirculation=\"Links inline\">Tras varios d\u00edas de inestabilidad clim\u00e1tica y algunos temporales en determinadas provincias que generaron destrozos, el\u00a0<a href=\"https:\/\/www.infobae.com\/tag\/pronostico-del-tiempo\/\" target=\"_blank\" rel=\"noopener noreferrer\" data-mrf-link=\"https:\/\/www.infobae.com\/tag\/pronostico-del-tiempo\/\"><b>Servicio Meteorol\u00f3gico Nacional (SMN)<\/b><\/a><b>\u00a0<\/b>emiti\u00f3 este viernes una alerta amarilla por tormentas en 9 provincias:\u00a0<b>Buenos Aires, Misiones, Corrientes, Entre R\u00edos, Santa Fe, C\u00f3rdoba, La Pampa, San Luis y Mendoza.<\/b><\/p>\n<p class=\"paragraph\" data-mrf-recirculation=\"Links inline\">La\u00a0<b>alerta amarilla<\/b>\u00a0por tormentas compromete a casi todo el territorio de las provincias de Corrientes, Misiones, La Pampa, Buenos Aires y San Luis. En tanto, rige en un sector del norte de Entre R\u00edos, el sur de C\u00f3rdoba, el noreste de Mendoza y sur de Santa Fe.<\/p>\n<div class=\"visual__image\"><img loading=\"lazy\" decoding=\"async\" class=\" lazyload\" src=\"https:\/\/www.infobae.com\/new-resizer\/A8j2jv43XBELd1Z_Z9V8USZuAl0=\/420x747\/filters:format(webp):quality(85)\/cloudfront-us-east-1.images.arcpublishing.com\/infobae\/KRKZUW3NQNFHLPZDQD2MJYFEJM.png%20420w\" sizes=\"auto, (min-width: 1560px) 856px, (min-width: 1000px) calc(74.63vw - 293px), (min-width: 780px) calc(100vw - 376px), (min-width: 580px) calc(100vw - 32px), 100vw\" srcset=\"https:\/\/www.infobae.com\/new-resizer\/A8j2jv43XBELd1Z_Z9V8USZuAl0=\/420x747\/filters:format(webp):quality(85)\/cloudfront-us-east-1.images.arcpublishing.com\/infobae\/KRKZUW3NQNFHLPZDQD2MJYFEJM.png 420w,https:\/\/www.infobae.com\/new-resizer\/eKiqRukmgCmMBm6FsxIwjK3H3I4=\/768x1365\/filters:format(webp):quality(85)\/cloudfront-us-east-1.images.arcpublishing.com\/infobae\/KRKZUW3NQNFHLPZDQD2MJYFEJM.png 768w,https:\/\/www.infobae.com\/new-resizer\/EL14Jkl6KqUF_AR5Bk-dSFN2Otk=\/992x1764\/filters:format(webp):quality(85)\/cloudfront-us-east-1.images.arcpublishing.com\/infobae\/KRKZUW3NQNFHLPZDQD2MJYFEJM.png 992w,https:\/\/www.infobae.com\/new-resizer\/380kOseLYpLSC-NQ08b6nD-MPYg=\/1200x2133\/filters:format(webp):quality(85)\/cloudfront-us-east-1.images.arcpublishing.com\/infobae\/KRKZUW3NQNFHLPZDQD2MJYFEJM.png 1200w\" alt=\"El pron\u00f3stico de este 8 de marzo (SMN)\" width=\"481\" height=\"822\" data-src=\"https:\/\/www.infobae.com\/new-resizer\/A8j2jv43XBELd1Z_Z9V8USZuAl0=\/420x747\/filters:format(webp):quality(85)\/cloudfront-us-east-1.images.arcpublishing.com\/infobae\/KRKZUW3NQNFHLPZDQD2MJYFEJM.png 420w\" \/><\/div>\n<div class=\"visual__image\">El pron\u00f3stico de este 8 de marzo (SMN)<\/div>\n<p class=\"paragraph\" data-mrf-recirculation=\"Links inline\">Las tormentas fuertes con r\u00e1fagas y ocasional ca\u00edda de granizo podr\u00edan ocurrir en la provincia de Buenos Aires: Adolfo Alsina, Daireaux, Guamini, Hipolito Yrigoyen, Pehuajo, Pellegrini, Salliquelo, Trenque Lauquen, Tres Lomas, Cnel Dorrego, Coronel Rosales y Monte Hermoso.<\/p>\n<p class=\"paragraph\" data-mrf-recirculation=\"Links inline\">Seg\u00fan el organismo, el nivel de alerta amarilla significa la presencia de posibles fen\u00f3menos meteorol\u00f3gicos con capacidad de da\u00f1o y riesgo de interrupci\u00f3n moment\u00e1nea de actividades cotidianas.<\/p>\n<p class=\"paragraph\" data-mrf-recirculation=\"Links inline\">Ante esta situaci\u00f3n, se recomienda no sacar la basura, retirar objetos que impidan que el agua escurra, evitar actividades al aire libre, no refugiarse cerca de \u00e1rboles y postes de electricidad que puedan caerse, no permanecer en playas, r\u00edos, lagunas o piletas y prestar atenci\u00f3n ante la posible ca\u00edda de granizo.<\/p>\n<div class=\"headline-wrapper\">\n<h2 class=\"header headline-class-h2\">C\u00f3mo contin\u00faa la situaci\u00f3n clim\u00e1tica en Corrientes<\/h2>\n<\/div>\n<div class=\"visual__image\"><img loading=\"lazy\" decoding=\"async\" class=\" lazyload\" src=\"https:\/\/www.infobae.com\/new-resizer\/Gzeym3gL9ok1ftKYQXckM7euSxU=\/420x236\/filters:format(webp):quality(85)\/cloudfront-us-east-1.images.arcpublishing.com\/infobae\/EAOVEGQY45BEJACNFKN3MEG5JY.jpeg%20420w\" sizes=\"auto, (min-width: 1560px) 856px, (min-width: 1000px) calc(74.63vw - 293px), (min-width: 780px) calc(100vw - 376px), (min-width: 580px) calc(100vw - 32px), 100vw\" srcset=\"https:\/\/www.infobae.com\/new-resizer\/Gzeym3gL9ok1ftKYQXckM7euSxU=\/420x236\/filters:format(webp):quality(85)\/cloudfront-us-east-1.images.arcpublishing.com\/infobae\/EAOVEGQY45BEJACNFKN3MEG5JY.jpeg 420w,https:\/\/www.infobae.com\/new-resizer\/Y3x8c9EGBB3ThMVj5xE6cR5mtp8=\/768x432\/filters:format(webp):quality(85)\/cloudfront-us-east-1.images.arcpublishing.com\/infobae\/EAOVEGQY45BEJACNFKN3MEG5JY.jpeg 768w,https:\/\/www.infobae.com\/new-resizer\/KwsqKJcH5mSQCGxcHqinXxWQ300=\/992x558\/filters:format(webp):quality(85)\/cloudfront-us-east-1.images.arcpublishing.com\/infobae\/EAOVEGQY45BEJACNFKN3MEG5JY.jpeg 992w,https:\/\/www.infobae.com\/new-resizer\/Yjsrh2cCjgchbdjXJv8EnGrvXDc=\/1200x675\/filters:format(webp):quality(85)\/cloudfront-us-east-1.images.arcpublishing.com\/infobae\/EAOVEGQY45BEJACNFKN3MEG5JY.jpeg 1200w,https:\/\/www.infobae.com\/new-resizer\/YKqyimJbWbJNfcdBXt4jeha_L5c=\/1440x810\/filters:format(webp):quality(85)\/cloudfront-us-east-1.images.arcpublishing.com\/infobae\/EAOVEGQY45BEJACNFKN3MEG5JY.jpeg 1440w\" alt=\"El temporal en Corrientes gener\u00f3 graves da\u00f1os a causa de las inundaciones\" width=\"1920\" height=\"1079\" data-src=\"https:\/\/www.infobae.com\/new-resizer\/Gzeym3gL9ok1ftKYQXckM7euSxU=\/420x236\/filters:format(webp):quality(85)\/cloudfront-us-east-1.images.arcpublishing.com\/infobae\/EAOVEGQY45BEJACNFKN3MEG5JY.jpeg 420w\" \/>El temporal en Corrientes gener\u00f3 graves da\u00f1os a causa de las inundaciones<\/div>\n<p class=\"paragraph\" data-mrf-recirculation=\"Links inline\">A 4 d\u00edas del<b>\u00a0<\/b><a href=\"https:\/\/www.infobae.com\/sociedad\/2024\/03\/05\/corrientes-despues-del-temporal-aun-hay-700-evacuados-anunciaron-creditos-y-pablo-lescano-inicio-una-campana-solidaria\/\" target=\"_blank\" rel=\"noopener noreferrer\" data-mrf-link=\"https:\/\/www.infobae.com\/sociedad\/2024\/03\/05\/corrientes-despues-del-temporal-aun-hay-700-evacuados-anunciaron-creditos-y-pablo-lescano-inicio-una-campana-solidaria\/\"><b>temporal en Corrientes<\/b><\/a><b>\u00a0<\/b>que fue catalogado como\u00a0<b>\u201cla peor cat\u00e1strofe clim\u00e1tica\u201d<\/b>\u00a0de la provincia, contin\u00faa la alerta amarilla por lluvias, seg\u00fan lo inform\u00f3 el Servicio Meteorol\u00f3gico Nacional.<\/p>\n<p class=\"paragraph\" data-mrf-recirculation=\"Links inline\">De acuerdo al reporte, casi toda la totalidad de la provincia se encuentra bajo alerta amarilla por tormentas, algunas localmente fuertes, que pueden \u201cestar acompa\u00f1adas por<b>\u00a0r\u00e1fagas intensas, importante actividad el\u00e9ctrica, ocasional ca\u00edda de granizo y principalmente abundante ca\u00edda de agua en cortos per\u00edodos<\/b>\u201d.<\/p>\n<div class=\"recommended-card__info\">\n<p><span class=\"recommended-card__info-interest-you\">Te puede interesar:<\/span><span class=\"recommended-card__info-title\">M\u00e1s lluvias y altas temperaturas: c\u00f3mo impactar\u00e1 el efecto de El Ni\u00f1o los pr\u00f3ximos tres meses en Argentina<\/span><\/p>\n<div class=\"recommended-card__info-button recommended-card__info-button--infobae\"><\/div>\n<\/div>\n<p class=\"paragraph\" data-mrf-recirculation=\"Links inline\">Se detall\u00f3 que las precipitaciones en las zonas afectadas rondar\u00edan entre 30 y 70 mm, las temperaturas que acompa\u00f1ar\u00e1n la jornada del d\u00eda de ma\u00f1ana se ubicar\u00e1n entre los 18\u00b0 y 29\u00b0, y el tiempo semanal se mantendr\u00e1 inestable.<\/p>\n<p class=\"paragraph\" data-mrf-recirculation=\"Links inline\">Es importante destacar que la situaci\u00f3n actual contin\u00faa siendo cr\u00edtica para la provincia que habr\u00eda atravesado un temporal que trajo consigo la ca\u00edda de\u00a0<b>300 mililitros de agua\u00a0<\/b>en tan solo 5 horas, dej\u00f3 m\u00e1s de\u00a0<b>700 personas evacuadas<\/b>, hogares y diferentes instituciones bajo agua y calles con una circulaci\u00f3n imposibilitada por las inundaciones. Inclusive se hab\u00edan suspendido las clases escolares por la gravedad de la situaci\u00f3n.<\/p>\n<div class=\"headline-wrapper\">\n<h2 class=\"header headline-class-h2\">\u00bfCu\u00e1ndo llega la lluvia a CABA?<\/h2>\n<\/div>\n<div class=\"visual__image\"><img loading=\"lazy\" decoding=\"async\" class=\" lazyload\" src=\"https:\/\/www.infobae.com\/new-resizer\/1O4vBqeL7lV7Cp8XE4qYiY9M6HI=\/420x236\/filters:format(webp):quality(85)\/cloudfront-us-east-1.images.arcpublishing.com\/infobae\/DUPNJUHZNZCVTCYF4NBJWKOS2I.jpg%20420w\" sizes=\"auto, (min-width: 1560px) 856px, (min-width: 1000px) calc(74.63vw - 293px), (min-width: 780px) calc(100vw - 376px), (min-width: 580px) calc(100vw - 32px), 100vw\" srcset=\"https:\/\/www.infobae.com\/new-resizer\/1O4vBqeL7lV7Cp8XE4qYiY9M6HI=\/420x236\/filters:format(webp):quality(85)\/cloudfront-us-east-1.images.arcpublishing.com\/infobae\/DUPNJUHZNZCVTCYF4NBJWKOS2I.jpg 420w,https:\/\/www.infobae.com\/new-resizer\/mHBQ0MA4b9jK9lDsqLqqKsY97oI=\/768x432\/filters:format(webp):quality(85)\/cloudfront-us-east-1.images.arcpublishing.com\/infobae\/DUPNJUHZNZCVTCYF4NBJWKOS2I.jpg 768w,https:\/\/www.infobae.com\/new-resizer\/K2ebRCKLe2yHSEaVcGSx4-J9kuk=\/992x558\/filters:format(webp):quality(85)\/cloudfront-us-east-1.images.arcpublishing.com\/infobae\/DUPNJUHZNZCVTCYF4NBJWKOS2I.jpg 992w,https:\/\/www.infobae.com\/new-resizer\/XqOKJPI1EWFS3Fmbni5YJMtwnhk=\/1200x675\/filters:format(webp):quality(85)\/cloudfront-us-east-1.images.arcpublishing.com\/infobae\/DUPNJUHZNZCVTCYF4NBJWKOS2I.jpg 1200w,https:\/\/www.infobae.com\/new-resizer\/7VH_RpRJp600VMK6CZuyBxklyUM=\/1440x810\/filters:format(webp):quality(85)\/cloudfront-us-east-1.images.arcpublishing.com\/infobae\/DUPNJUHZNZCVTCYF4NBJWKOS2I.jpg 1440w\" alt=\"Se espera un fin de semana que podr\u00eda traer consigo lluvias aisladas \" width=\"1920\" height=\"1080\" data-src=\"https:\/\/www.infobae.com\/new-resizer\/1O4vBqeL7lV7Cp8XE4qYiY9M6HI=\/420x236\/filters:format(webp):quality(85)\/cloudfront-us-east-1.images.arcpublishing.com\/infobae\/DUPNJUHZNZCVTCYF4NBJWKOS2I.jpg 420w\" \/>Se espera un fin de semana que podr\u00eda traer consigo lluvias aisladas<\/div>\n<p class=\"paragraph\" data-mrf-recirculation=\"Links inline\">De acuerdo al\u00a0<b>pron\u00f3stico extendido del SMN para CABA<\/b>\u00a0y alrededores, las\u00a0<b>tormentas aisladas<\/b>\u00a0podr\u00edan darse\u00a0<b>durante la tarde de este viernes y la ma\u00f1ana del s\u00e1bado.<\/b><\/p>\n<p class=\"paragraph\" data-mrf-recirculation=\"Links inline\">A pesar de la presencia de lloviznas y un cielo totalmente nublado, el organismo prev\u00e9 igualmente que las temperaturas sigan siendo altas: mientras que este viernes se espera una m\u00e1xima de 31\u00b0C, el\u00a0<b>s\u00e1bado\u00a0<\/b>el term\u00f3metro bajar\u00e1 una l\u00ednea y se podr\u00eda encontrar en 30\u00b0C.<\/p>\n<p class=\"paragraph\" data-mrf-recirculation=\"Links inline\"><b>El panorama comenzar\u00eda a ser m\u00e1s alentador a partir del domingo\u00a0<\/b>a la ma\u00f1ana, con la presencia de un cielo parcialmente despejado y una temperatura que bajar\u00e1 de manera considerable llegando a una m\u00ednima de 16\u00b0C. La m\u00e1xima, por su parte, ser\u00eda de 27\u00b0 por la tarde\/noche, momento en el que el sol estar\u00e1 m\u00e1s visible.<\/p>\n<div class=\"visual__image\"><img loading=\"lazy\" decoding=\"async\" class=\" lazyload\" src=\"https:\/\/www.infobae.com\/new-resizer\/os-umArs8j2HlfCf8wPWhyGqUWg=\/arc-anglerfish-arc2-prod-infobae\/public\/ZAXAJWAQBBHWDOTXJDFXXFUVLE.jpg\" alt=\"El pron\u00f3stico del tiempo extendido en CABA, seg\u00fan el Servicio Meteorol\u00f3gico Nacional.\" width=\"1920\" height=\"740\" data-src=\"https:\/\/www.infobae.com\/new-resizer\/os-umArs8j2HlfCf8wPWhyGqUWg=\/arc-anglerfish-arc2-prod-infobae\/public\/ZAXAJWAQBBHWDOTXJDFXXFUVLE.jpg\" \/>El pron\u00f3stico del tiempo extendido en CABA, seg\u00fan el Servicio Meteorol\u00f3gico Nacional.<\/div>\n<p class=\"paragraph\" data-mrf-recirculation=\"Links inline\">Para la semana entrante, el SMN espera que los porte\u00f1os experimenten temperaturas nuevamente altas que podr\u00edan encontrarse entre los 19 y 28 grados.<\/p>\n<p class=\"paragraph\" data-mrf-recirculation=\"Links inline\">Para el primer d\u00eda de la semana se espera una m\u00ednima de 22\u00b0 y una m\u00e1xima de 29\u00b0C. No obstante, el cielo se presentar\u00eda mayormente nublado.<\/p>\n<p class=\"paragraph\" data-mrf-recirculation=\"Links inline\">En tanto, el clima continuar\u00e1 de forma inestable. Tanto el\u00a0<b>lunes<\/b>, como el\u00a0<b>martes\u00a0<\/b>podr\u00edan esperarse algunas lluvias. En el caso del primer d\u00eda de la semana, ser\u00e1n por la tarde, mientras que el martes se dar\u00e1n de manera matutina. Ademas, ambos d\u00edas estar\u00e1n cargados de alto niveles de humedad perceptible en el ambiente.<\/p>\n<\/div>\n<p>&nbsp;<\/p>\n","protected":false},"excerpt":{"rendered":"<p>El aviso alcanza a Buenos Aires, Misiones, Corrientes, Entre R\u00edos, Santa Fe, C\u00f3rdoba, La Pampa, San Luis y Mendoza. Algunas podr\u00edan sufrir fuertes r\u00e1fagas y ocasional ca\u00edda de granizo. Cu\u00e1ndo llueve en CABA<\/p>\n","protected":false},"author":3,"featured_media":80896,"comment_status":"closed","ping_status":"closed","sticky":false,"template":"","format":"standard","meta":{"footnotes":""},"categories":[46],"tags":[],"class_list":["post-99865","post","type-post","status-publish","format-standard","has-post-thumbnail","hentry","category-ciencia-y-tecnologia"],"yoast_head":"<!-- This site is optimized with the Yoast SEO plugin v25.9 - https:\/\/yoast.com\/wordpress\/plugins\/seo\/ -->\n<title>Hay alerta amarilla por tormentas en 9 provincias - Noticias Radio Reflejos<\/title>\n<meta name=\"robots\" content=\"index, follow, max-snippet:-1, max-image-preview:large, max-video-preview:-1\" \/>\n<link rel=\"canonical\" href=\"https:\/\/www.noticiasradioreflejos.com.ar\/2021\/hay-alerta-amarilla-por-tormentas-en-9-provincias\/\" \/>\n<meta property=\"og:locale\" content=\"es_ES\" \/>\n<meta property=\"og:type\" content=\"article\" \/>\n<meta property=\"og:title\" content=\"Hay alerta amarilla por tormentas en 9 provincias - Noticias Radio Reflejos\" \/>\n<meta property=\"og:description\" content=\"El aviso alcanza a Buenos Aires, Misiones, Corrientes, Entre R\u00edos, Santa Fe, C\u00f3rdoba, La Pampa, San Luis y Mendoza. Algunas podr\u00edan sufrir fuertes r\u00e1fagas y ocasional ca\u00edda de granizo. Cu\u00e1ndo llueve en CABA\" \/>\n<meta property=\"og:url\" content=\"https:\/\/www.noticiasradioreflejos.com.ar\/2021\/hay-alerta-amarilla-por-tormentas-en-9-provincias\/\" \/>\n<meta property=\"og:site_name\" content=\"Noticias Radio Reflejos\" \/>\n<meta property=\"article:published_time\" content=\"2024-03-08T15:19:08+00:00\" \/>\n<meta property=\"og:image\" content=\"https:\/\/www.noticiasradioreflejos.com.ar\/2021\/wp-content\/uploads\/2022\/12\/Alerta-x-tormentas.jpg\" \/>\n\t<meta property=\"og:image:width\" content=\"1200\" \/>\n\t<meta property=\"og:image:height\" content=\"675\" \/>\n\t<meta property=\"og:image:type\" content=\"image\/jpeg\" \/>\n<meta name=\"author\" content=\"Arnaldo Botto\" \/>\n<meta name=\"twitter:card\" content=\"summary_large_image\" \/>\n<script type=\"application\/ld+json\" class=\"yoast-schema-graph\">{\"@context\":\"https:\/\/schema.org\",\"@graph\":[{\"@type\":\"WebPage\",\"@id\":\"https:\/\/www.noticiasradioreflejos.com.ar\/2021\/hay-alerta-amarilla-por-tormentas-en-9-provincias\/\",\"url\":\"https:\/\/www.noticiasradioreflejos.com.ar\/2021\/hay-alerta-amarilla-por-tormentas-en-9-provincias\/\",\"name\":\"Hay alerta amarilla por tormentas en 9 provincias - Noticias Radio Reflejos\",\"isPartOf\":{\"@id\":\"https:\/\/www.noticiasradioreflejos.com.ar\/2021\/#website\"},\"primaryImageOfPage\":{\"@id\":\"https:\/\/www.noticiasradioreflejos.com.ar\/2021\/hay-alerta-amarilla-por-tormentas-en-9-provincias\/#primaryimage\"},\"image\":{\"@id\":\"https:\/\/www.noticiasradioreflejos.com.ar\/2021\/hay-alerta-amarilla-por-tormentas-en-9-provincias\/#primaryimage\"},\"thumbnailUrl\":\"https:\/\/www.noticiasradioreflejos.com.ar\/2021\/wp-content\/uploads\/2022\/12\/Alerta-x-tormentas.jpg\",\"datePublished\":\"2024-03-08T15:19:08+00:00\",\"author\":{\"@id\":\"https:\/\/www.noticiasradioreflejos.com.ar\/2021\/#\/schema\/person\/ad82545263dcc5ec0996818884fd5fb1\"},\"breadcrumb\":{\"@id\":\"https:\/\/www.noticiasradioreflejos.com.ar\/2021\/hay-alerta-amarilla-por-tormentas-en-9-provincias\/#breadcrumb\"},\"inLanguage\":\"es\",\"potentialAction\":[{\"@type\":\"ReadAction\",\"target\":[\"https:\/\/www.noticiasradioreflejos.com.ar\/2021\/hay-alerta-amarilla-por-tormentas-en-9-provincias\/\"]}]},{\"@type\":\"ImageObject\",\"inLanguage\":\"es\",\"@id\":\"https:\/\/www.noticiasradioreflejos.com.ar\/2021\/hay-alerta-amarilla-por-tormentas-en-9-provincias\/#primaryimage\",\"url\":\"https:\/\/www.noticiasradioreflejos.com.ar\/2021\/wp-content\/uploads\/2022\/12\/Alerta-x-tormentas.jpg\",\"contentUrl\":\"https:\/\/www.noticiasradioreflejos.com.ar\/2021\/wp-content\/uploads\/2022\/12\/Alerta-x-tormentas.jpg\",\"width\":1200,\"height\":675},{\"@type\":\"BreadcrumbList\",\"@id\":\"https:\/\/www.noticiasradioreflejos.com.ar\/2021\/hay-alerta-amarilla-por-tormentas-en-9-provincias\/#breadcrumb\",\"itemListElement\":[{\"@type\":\"ListItem\",\"position\":1,\"name\":\"Portada\",\"item\":\"https:\/\/www.noticiasradioreflejos.com.ar\/2021\/\"},{\"@type\":\"ListItem\",\"position\":2,\"name\":\"Hay alerta amarilla por tormentas en 9 provincias\"}]},{\"@type\":\"WebSite\",\"@id\":\"https:\/\/www.noticiasradioreflejos.com.ar\/2021\/#website\",\"url\":\"https:\/\/www.noticiasradioreflejos.com.ar\/2021\/\",\"name\":\"Noticias Radio Reflejos\",\"description\":\"Las noticias de mi comarca\",\"potentialAction\":[{\"@type\":\"SearchAction\",\"target\":{\"@type\":\"EntryPoint\",\"urlTemplate\":\"https:\/\/www.noticiasradioreflejos.com.ar\/2021\/?s={search_term_string}\"},\"query-input\":{\"@type\":\"PropertyValueSpecification\",\"valueRequired\":true,\"valueName\":\"search_term_string\"}}],\"inLanguage\":\"es\"},{\"@type\":\"Person\",\"@id\":\"https:\/\/www.noticiasradioreflejos.com.ar\/2021\/#\/schema\/person\/ad82545263dcc5ec0996818884fd5fb1\",\"name\":\"Arnaldo Botto\",\"image\":{\"@type\":\"ImageObject\",\"inLanguage\":\"es\",\"@id\":\"https:\/\/www.noticiasradioreflejos.com.ar\/2021\/#\/schema\/person\/image\/\",\"url\":\"https:\/\/secure.gravatar.com\/avatar\/55cb5e37c1efa326397366e6974cb338056df65cb50e7d64d1cf314e87504837?s=96&d=mm&r=g\",\"contentUrl\":\"https:\/\/secure.gravatar.com\/avatar\/55cb5e37c1efa326397366e6974cb338056df65cb50e7d64d1cf314e87504837?s=96&d=mm&r=g\",\"caption\":\"Arnaldo Botto\"},\"url\":\"https:\/\/www.noticiasradioreflejos.com.ar\/2021\/author\/arnaldo\/\"}]}<\/script>\n<!-- \/ Yoast SEO plugin. -->","yoast_head_json":{"title":"Hay alerta amarilla por tormentas en 9 provincias - Noticias Radio Reflejos","robots":{"index":"index","follow":"follow","max-snippet":"max-snippet:-1","max-image-preview":"max-image-preview:large","max-video-preview":"max-video-preview:-1"},"canonical":"https:\/\/www.noticiasradioreflejos.com.ar\/2021\/hay-alerta-amarilla-por-tormentas-en-9-provincias\/","og_locale":"es_ES","og_type":"article","og_title":"Hay alerta amarilla por tormentas en 9 provincias - Noticias Radio Reflejos","og_description":"El aviso alcanza a Buenos Aires, Misiones, Corrientes, Entre R\u00edos, Santa Fe, C\u00f3rdoba, La Pampa, San Luis y Mendoza. Algunas podr\u00edan sufrir fuertes r\u00e1fagas y ocasional ca\u00edda de granizo. Cu\u00e1ndo llueve en CABA","og_url":"https:\/\/www.noticiasradioreflejos.com.ar\/2021\/hay-alerta-amarilla-por-tormentas-en-9-provincias\/","og_site_name":"Noticias Radio Reflejos","article_published_time":"2024-03-08T15:19:08+00:00","og_image":[{"width":1200,"height":675,"url":"https:\/\/www.noticiasradioreflejos.com.ar\/2021\/wp-content\/uploads\/2022\/12\/Alerta-x-tormentas.jpg","type":"image\/jpeg"}],"author":"Arnaldo Botto","twitter_card":"summary_large_image","schema":{"@context":"https:\/\/schema.org","@graph":[{"@type":"WebPage","@id":"https:\/\/www.noticiasradioreflejos.com.ar\/2021\/hay-alerta-amarilla-por-tormentas-en-9-provincias\/","url":"https:\/\/www.noticiasradioreflejos.com.ar\/2021\/hay-alerta-amarilla-por-tormentas-en-9-provincias\/","name":"Hay alerta amarilla por tormentas en 9 provincias - Noticias Radio Reflejos","isPartOf":{"@id":"https:\/\/www.noticiasradioreflejos.com.ar\/2021\/#website"},"primaryImageOfPage":{"@id":"https:\/\/www.noticiasradioreflejos.com.ar\/2021\/hay-alerta-amarilla-por-tormentas-en-9-provincias\/#primaryimage"},"image":{"@id":"https:\/\/www.noticiasradioreflejos.com.ar\/2021\/hay-alerta-amarilla-por-tormentas-en-9-provincias\/#primaryimage"},"thumbnailUrl":"https:\/\/www.noticiasradioreflejos.com.ar\/2021\/wp-content\/uploads\/2022\/12\/Alerta-x-tormentas.jpg","datePublished":"2024-03-08T15:19:08+00:00","author":{"@id":"https:\/\/www.noticiasradioreflejos.com.ar\/2021\/#\/schema\/person\/ad82545263dcc5ec0996818884fd5fb1"},"breadcrumb":{"@id":"https:\/\/www.noticiasradioreflejos.com.ar\/2021\/hay-alerta-amarilla-por-tormentas-en-9-provincias\/#breadcrumb"},"inLanguage":"es","potentialAction":[{"@type":"ReadAction","target":["https:\/\/www.noticiasradioreflejos.com.ar\/2021\/hay-alerta-amarilla-por-tormentas-en-9-provincias\/"]}]},{"@type":"ImageObject","inLanguage":"es","@id":"https:\/\/www.noticiasradioreflejos.com.ar\/2021\/hay-alerta-amarilla-por-tormentas-en-9-provincias\/#primaryimage","url":"https:\/\/www.noticiasradioreflejos.com.ar\/2021\/wp-content\/uploads\/2022\/12\/Alerta-x-tormentas.jpg","contentUrl":"https:\/\/www.noticiasradioreflejos.com.ar\/2021\/wp-content\/uploads\/2022\/12\/Alerta-x-tormentas.jpg","width":1200,"height":675},{"@type":"BreadcrumbList","@id":"https:\/\/www.noticiasradioreflejos.com.ar\/2021\/hay-alerta-amarilla-por-tormentas-en-9-provincias\/#breadcrumb","itemListElement":[{"@type":"ListItem","position":1,"name":"Portada","item":"https:\/\/www.noticiasradioreflejos.com.ar\/2021\/"},{"@type":"ListItem","position":2,"name":"Hay alerta amarilla por tormentas en 9 provincias"}]},{"@type":"WebSite","@id":"https:\/\/www.noticiasradioreflejos.com.ar\/2021\/#website","url":"https:\/\/www.noticiasradioreflejos.com.ar\/2021\/","name":"Noticias Radio Reflejos","description":"Las noticias de mi comarca","potentialAction":[{"@type":"SearchAction","target":{"@type":"EntryPoint","urlTemplate":"https:\/\/www.noticiasradioreflejos.com.ar\/2021\/?s={search_term_string}"},"query-input":{"@type":"PropertyValueSpecification","valueRequired":true,"valueName":"search_term_string"}}],"inLanguage":"es"},{"@type":"Person","@id":"https:\/\/www.noticiasradioreflejos.com.ar\/2021\/#\/schema\/person\/ad82545263dcc5ec0996818884fd5fb1","name":"Arnaldo Botto","image":{"@type":"ImageObject","inLanguage":"es","@id":"https:\/\/www.noticiasradioreflejos.com.ar\/2021\/#\/schema\/person\/image\/","url":"https:\/\/secure.gravatar.com\/avatar\/55cb5e37c1efa326397366e6974cb338056df65cb50e7d64d1cf314e87504837?s=96&d=mm&r=g","contentUrl":"https:\/\/secure.gravatar.com\/avatar\/55cb5e37c1efa326397366e6974cb338056df65cb50e7d64d1cf314e87504837?s=96&d=mm&r=g","caption":"Arnaldo Botto"},"url":"https:\/\/www.noticiasradioreflejos.com.ar\/2021\/author\/arnaldo\/"}]}},"_links":{"self":[{"href":"https:\/\/www.noticiasradioreflejos.com.ar\/2021\/wp-json\/wp\/v2\/posts\/99865","targetHints":{"allow":["GET"]}}],"collection":[{"href":"https:\/\/www.noticiasradioreflejos.com.ar\/2021\/wp-json\/wp\/v2\/posts"}],"about":[{"href":"https:\/\/www.noticiasradioreflejos.com.ar\/2021\/wp-json\/wp\/v2\/types\/post"}],"author":[{"embeddable":true,"href":"https:\/\/www.noticiasradioreflejos.com.ar\/2021\/wp-json\/wp\/v2\/users\/3"}],"replies":[{"embeddable":true,"href":"https:\/\/www.noticiasradioreflejos.com.ar\/2021\/wp-json\/wp\/v2\/comments?post=99865"}],"version-history":[{"count":1,"href":"https:\/\/www.noticiasradioreflejos.com.ar\/2021\/wp-json\/wp\/v2\/posts\/99865\/revisions"}],"predecessor-version":[{"id":99866,"href":"https:\/\/www.noticiasradioreflejos.com.ar\/2021\/wp-json\/wp\/v2\/posts\/99865\/revisions\/99866"}],"wp:featuredmedia":[{"embeddable":true,"href":"https:\/\/www.noticiasradioreflejos.com.ar\/2021\/wp-json\/wp\/v2\/media\/80896"}],"wp:attachment":[{"href":"https:\/\/www.noticiasradioreflejos.com.ar\/2021\/wp-json\/wp\/v2\/media?parent=99865"}],"wp:term":[{"taxonomy":"category","embeddable":true,"href":"https:\/\/www.noticiasradioreflejos.com.ar\/2021\/wp-json\/wp\/v2\/categories?post=99865"},{"taxonomy":"post_tag","embeddable":true,"href":"https:\/\/www.noticiasradioreflejos.com.ar\/2021\/wp-json\/wp\/v2\/tags?post=99865"}],"curies":[{"name":"wp","href":"https:\/\/api.w.org\/{rel}","templated":true}]}}