{"id":99863,"date":"2024-03-08T12:05:41","date_gmt":"2024-03-08T15:05:41","guid":{"rendered":"https:\/\/www.noticiasradioreflejos.com.ar\/2021\/?p=99863"},"modified":"2024-03-08T12:05:41","modified_gmt":"2024-03-08T15:05:41","slug":"se-extiende-el-plazo-para-circular-con-tramite-de-renovacion-y-licencia-digital","status":"publish","type":"post","link":"https:\/\/www.noticiasradioreflejos.com.ar\/2021\/se-extiende-el-plazo-para-circular-con-tramite-de-renovacion-y-licencia-digital\/","title":{"rendered":"Se extiende el plazo para circular con tr\u00e1mite de renovaci\u00f3n y licencia digital"},"content":{"rendered":"<div class=\"field field-name-title field-type-ds field-label-hidden\">\n<div class=\"field-items\">\n<div class=\"field-item even\">\n<p><span style=\"color: #333333; font-size: 15px;\">As\u00ed lo dispuso el Ministerio de Transporte que conduce Jorge D\u00b4Onofrio. La medida responde al perjuicio que gener\u00f3 la vacancia en el cargo de director ejecutivo en la Agencia Nacional de Seguridad Vial.<\/span><\/p>\n<\/div>\n<\/div>\n<\/div>\n<p><!--more--><\/p>\n<div class=\"field field-name-field-img-noticias-transporte field-type-image field-label-hidden\">\n<div class=\"field-items\">\n<div class=\"field-item even\"><img loading=\"lazy\" decoding=\"async\" title=\"Se debe a la acefal\u00eda que hubo en la ANSV.\" src=\"https:\/\/www.gba.gob.ar\/sites\/default\/files\/transporte\/noticias\/images\/Gacetilla%20255%20-%2029-02-24.jpg\" alt=\"Se debe a la acefal\u00eda que hubo en la ANSV.\" width=\"700\" height=\"466\" data-uw-rm-alt-original=\"Se debe a la acefal\u00eda que hubo en la ANSV.\" \/><\/div>\n<\/div>\n<\/div>\n<div class=\"field field-name-field-epigrafe-img-noticia field-type-text field-label-hidden\">\n<div class=\"field-items\">\n<div class=\"field-item even\"><em>Se debe a la acefal\u00eda que hubo en la ANSV.<\/em><\/div>\n<\/div>\n<\/div>\n<div class=\"field field-name-body field-type-text-with-summary field-label-hidden\">\n<div class=\"field-items\">\n<div class=\"field-item even\">\n<p>&nbsp;<\/p>\n<p>El Ministerio de Transporte de la Provincia de Buenos Aires, a cargo de Jorge D\u2019Onofrio, prorrog\u00f3 hasta el 30 de abril de 2024 la Resoluci\u00f3n N\u00b0 20 B\/2023, que permite a conductores y conductoras circular con certificado de tr\u00e1mite aprobado y con licencia digital en la app Mi Argentina.<\/p>\n<p>La medida, que ya fue notificada a los 135 distritos, obedece al conflicto que atraviesa la Agencia Nacional de Seguridad Vial (ANSV) y se profundiz\u00f3 por la larga vacancia en el cargo de director ejecutivo. Dicha situaci\u00f3n limit\u00f3 los procesos administrativos que permit\u00edan la adquisici\u00f3n de insumos para la impresi\u00f3n de las licencias de conducir.<\/p>\n<p>En ese marco, en la resoluci\u00f3n oficial del Ministerio de Transporte se subray\u00f3 que la acefalia en la ANSV \u00abdurante un tiempo considerable, ha\u00a0impedido llevar adelante los procesos administrativos de adquisici\u00f3n de los insumos mencionados, para ser luego distribuidos\u00bb.<\/p>\n<p>De esta manera, la resoluci\u00f3n continuar\u00e1 vigente durante todo el mes de marzo y se extender\u00e1 durante abril producto de la acefal\u00eda en la administraci\u00f3n nacional del presidente Javier Milei y bajo la \u00f3rbita del Ministro de Econom\u00eda, Luis Caputo.<\/p>\n<\/div>\n<\/div>\n<\/div>\n","protected":false},"excerpt":{"rendered":"<p>As\u00ed lo dispuso el Ministerio de Transporte que conduce Jorge D\u00b4Onofrio. La medida responde al perjuicio que gener\u00f3 la vacancia en el cargo de director ejecutivo en la Agencia Nacional de Seguridad Vial.<\/p>\n","protected":false},"author":3,"featured_media":97317,"comment_status":"closed","ping_status":"closed","sticky":false,"template":"","format":"standard","meta":{"footnotes":""},"categories":[26],"tags":[],"class_list":["post-99863","post","type-post","status-publish","format-standard","has-post-thumbnail","hentry","category-sociedad"],"yoast_head":"<!-- This site is optimized with the Yoast SEO plugin v25.9 - https:\/\/yoast.com\/wordpress\/plugins\/seo\/ -->\n<title>Se extiende el plazo para circular con tr\u00e1mite de renovaci\u00f3n y licencia digital - Noticias Radio Reflejos<\/title>\n<meta name=\"robots\" content=\"index, follow, max-snippet:-1, max-image-preview:large, max-video-preview:-1\" \/>\n<link rel=\"canonical\" href=\"https:\/\/www.noticiasradioreflejos.com.ar\/2021\/se-extiende-el-plazo-para-circular-con-tramite-de-renovacion-y-licencia-digital\/\" \/>\n<meta property=\"og:locale\" content=\"es_ES\" \/>\n<meta property=\"og:type\" content=\"article\" \/>\n<meta property=\"og:title\" content=\"Se extiende el plazo para circular con tr\u00e1mite de renovaci\u00f3n y licencia digital - Noticias Radio Reflejos\" \/>\n<meta property=\"og:description\" content=\"As\u00ed lo dispuso el Ministerio de Transporte que conduce Jorge D\u00b4Onofrio. La medida responde al perjuicio que gener\u00f3 la vacancia en el cargo de director ejecutivo en la Agencia Nacional de Seguridad Vial.\" \/>\n<meta property=\"og:url\" content=\"https:\/\/www.noticiasradioreflejos.com.ar\/2021\/se-extiende-el-plazo-para-circular-con-tramite-de-renovacion-y-licencia-digital\/\" \/>\n<meta property=\"og:site_name\" content=\"Noticias Radio Reflejos\" \/>\n<meta property=\"article:published_time\" content=\"2024-03-08T15:05:41+00:00\" \/>\n<meta property=\"og:image\" content=\"https:\/\/www.noticiasradioreflejos.com.ar\/2021\/wp-content\/uploads\/2024\/01\/licencia_0.jpg\" \/>\n\t<meta property=\"og:image:width\" content=\"1256\" \/>\n\t<meta property=\"og:image:height\" content=\"620\" \/>\n\t<meta property=\"og:image:type\" content=\"image\/jpeg\" \/>\n<meta name=\"author\" content=\"Arnaldo Botto\" \/>\n<meta name=\"twitter:card\" content=\"summary_large_image\" \/>\n<script type=\"application\/ld+json\" class=\"yoast-schema-graph\">{\"@context\":\"https:\/\/schema.org\",\"@graph\":[{\"@type\":\"WebPage\",\"@id\":\"https:\/\/www.noticiasradioreflejos.com.ar\/2021\/se-extiende-el-plazo-para-circular-con-tramite-de-renovacion-y-licencia-digital\/\",\"url\":\"https:\/\/www.noticiasradioreflejos.com.ar\/2021\/se-extiende-el-plazo-para-circular-con-tramite-de-renovacion-y-licencia-digital\/\",\"name\":\"Se extiende el plazo para circular con tr\u00e1mite de renovaci\u00f3n y licencia digital - Noticias Radio Reflejos\",\"isPartOf\":{\"@id\":\"https:\/\/www.noticiasradioreflejos.com.ar\/2021\/#website\"},\"primaryImageOfPage\":{\"@id\":\"https:\/\/www.noticiasradioreflejos.com.ar\/2021\/se-extiende-el-plazo-para-circular-con-tramite-de-renovacion-y-licencia-digital\/#primaryimage\"},\"image\":{\"@id\":\"https:\/\/www.noticiasradioreflejos.com.ar\/2021\/se-extiende-el-plazo-para-circular-con-tramite-de-renovacion-y-licencia-digital\/#primaryimage\"},\"thumbnailUrl\":\"https:\/\/www.noticiasradioreflejos.com.ar\/2021\/wp-content\/uploads\/2024\/01\/licencia_0.jpg\",\"datePublished\":\"2024-03-08T15:05:41+00:00\",\"author\":{\"@id\":\"https:\/\/www.noticiasradioreflejos.com.ar\/2021\/#\/schema\/person\/ad82545263dcc5ec0996818884fd5fb1\"},\"breadcrumb\":{\"@id\":\"https:\/\/www.noticiasradioreflejos.com.ar\/2021\/se-extiende-el-plazo-para-circular-con-tramite-de-renovacion-y-licencia-digital\/#breadcrumb\"},\"inLanguage\":\"es\",\"potentialAction\":[{\"@type\":\"ReadAction\",\"target\":[\"https:\/\/www.noticiasradioreflejos.com.ar\/2021\/se-extiende-el-plazo-para-circular-con-tramite-de-renovacion-y-licencia-digital\/\"]}]},{\"@type\":\"ImageObject\",\"inLanguage\":\"es\",\"@id\":\"https:\/\/www.noticiasradioreflejos.com.ar\/2021\/se-extiende-el-plazo-para-circular-con-tramite-de-renovacion-y-licencia-digital\/#primaryimage\",\"url\":\"https:\/\/www.noticiasradioreflejos.com.ar\/2021\/wp-content\/uploads\/2024\/01\/licencia_0.jpg\",\"contentUrl\":\"https:\/\/www.noticiasradioreflejos.com.ar\/2021\/wp-content\/uploads\/2024\/01\/licencia_0.jpg\",\"width\":1256,\"height\":620},{\"@type\":\"BreadcrumbList\",\"@id\":\"https:\/\/www.noticiasradioreflejos.com.ar\/2021\/se-extiende-el-plazo-para-circular-con-tramite-de-renovacion-y-licencia-digital\/#breadcrumb\",\"itemListElement\":[{\"@type\":\"ListItem\",\"position\":1,\"name\":\"Portada\",\"item\":\"https:\/\/www.noticiasradioreflejos.com.ar\/2021\/\"},{\"@type\":\"ListItem\",\"position\":2,\"name\":\"Se extiende el plazo para circular con tr\u00e1mite de renovaci\u00f3n y licencia digital\"}]},{\"@type\":\"WebSite\",\"@id\":\"https:\/\/www.noticiasradioreflejos.com.ar\/2021\/#website\",\"url\":\"https:\/\/www.noticiasradioreflejos.com.ar\/2021\/\",\"name\":\"Noticias Radio Reflejos\",\"description\":\"Las noticias de mi comarca\",\"potentialAction\":[{\"@type\":\"SearchAction\",\"target\":{\"@type\":\"EntryPoint\",\"urlTemplate\":\"https:\/\/www.noticiasradioreflejos.com.ar\/2021\/?s={search_term_string}\"},\"query-input\":{\"@type\":\"PropertyValueSpecification\",\"valueRequired\":true,\"valueName\":\"search_term_string\"}}],\"inLanguage\":\"es\"},{\"@type\":\"Person\",\"@id\":\"https:\/\/www.noticiasradioreflejos.com.ar\/2021\/#\/schema\/person\/ad82545263dcc5ec0996818884fd5fb1\",\"name\":\"Arnaldo Botto\",\"image\":{\"@type\":\"ImageObject\",\"inLanguage\":\"es\",\"@id\":\"https:\/\/www.noticiasradioreflejos.com.ar\/2021\/#\/schema\/person\/image\/\",\"url\":\"https:\/\/secure.gravatar.com\/avatar\/55cb5e37c1efa326397366e6974cb338056df65cb50e7d64d1cf314e87504837?s=96&d=mm&r=g\",\"contentUrl\":\"https:\/\/secure.gravatar.com\/avatar\/55cb5e37c1efa326397366e6974cb338056df65cb50e7d64d1cf314e87504837?s=96&d=mm&r=g\",\"caption\":\"Arnaldo Botto\"},\"url\":\"https:\/\/www.noticiasradioreflejos.com.ar\/2021\/author\/arnaldo\/\"}]}<\/script>\n<!-- \/ Yoast SEO plugin. -->","yoast_head_json":{"title":"Se extiende el plazo para circular con tr\u00e1mite de renovaci\u00f3n y licencia digital - Noticias Radio Reflejos","robots":{"index":"index","follow":"follow","max-snippet":"max-snippet:-1","max-image-preview":"max-image-preview:large","max-video-preview":"max-video-preview:-1"},"canonical":"https:\/\/www.noticiasradioreflejos.com.ar\/2021\/se-extiende-el-plazo-para-circular-con-tramite-de-renovacion-y-licencia-digital\/","og_locale":"es_ES","og_type":"article","og_title":"Se extiende el plazo para circular con tr\u00e1mite de renovaci\u00f3n y licencia digital - Noticias Radio Reflejos","og_description":"As\u00ed lo dispuso el Ministerio de Transporte que conduce Jorge D\u00b4Onofrio. La medida responde al perjuicio que gener\u00f3 la vacancia en el cargo de director ejecutivo en la Agencia Nacional de Seguridad Vial.","og_url":"https:\/\/www.noticiasradioreflejos.com.ar\/2021\/se-extiende-el-plazo-para-circular-con-tramite-de-renovacion-y-licencia-digital\/","og_site_name":"Noticias Radio Reflejos","article_published_time":"2024-03-08T15:05:41+00:00","og_image":[{"width":1256,"height":620,"url":"https:\/\/www.noticiasradioreflejos.com.ar\/2021\/wp-content\/uploads\/2024\/01\/licencia_0.jpg","type":"image\/jpeg"}],"author":"Arnaldo Botto","twitter_card":"summary_large_image","schema":{"@context":"https:\/\/schema.org","@graph":[{"@type":"WebPage","@id":"https:\/\/www.noticiasradioreflejos.com.ar\/2021\/se-extiende-el-plazo-para-circular-con-tramite-de-renovacion-y-licencia-digital\/","url":"https:\/\/www.noticiasradioreflejos.com.ar\/2021\/se-extiende-el-plazo-para-circular-con-tramite-de-renovacion-y-licencia-digital\/","name":"Se extiende el plazo para circular con tr\u00e1mite de renovaci\u00f3n y licencia digital - Noticias Radio Reflejos","isPartOf":{"@id":"https:\/\/www.noticiasradioreflejos.com.ar\/2021\/#website"},"primaryImageOfPage":{"@id":"https:\/\/www.noticiasradioreflejos.com.ar\/2021\/se-extiende-el-plazo-para-circular-con-tramite-de-renovacion-y-licencia-digital\/#primaryimage"},"image":{"@id":"https:\/\/www.noticiasradioreflejos.com.ar\/2021\/se-extiende-el-plazo-para-circular-con-tramite-de-renovacion-y-licencia-digital\/#primaryimage"},"thumbnailUrl":"https:\/\/www.noticiasradioreflejos.com.ar\/2021\/wp-content\/uploads\/2024\/01\/licencia_0.jpg","datePublished":"2024-03-08T15:05:41+00:00","author":{"@id":"https:\/\/www.noticiasradioreflejos.com.ar\/2021\/#\/schema\/person\/ad82545263dcc5ec0996818884fd5fb1"},"breadcrumb":{"@id":"https:\/\/www.noticiasradioreflejos.com.ar\/2021\/se-extiende-el-plazo-para-circular-con-tramite-de-renovacion-y-licencia-digital\/#breadcrumb"},"inLanguage":"es","potentialAction":[{"@type":"ReadAction","target":["https:\/\/www.noticiasradioreflejos.com.ar\/2021\/se-extiende-el-plazo-para-circular-con-tramite-de-renovacion-y-licencia-digital\/"]}]},{"@type":"ImageObject","inLanguage":"es","@id":"https:\/\/www.noticiasradioreflejos.com.ar\/2021\/se-extiende-el-plazo-para-circular-con-tramite-de-renovacion-y-licencia-digital\/#primaryimage","url":"https:\/\/www.noticiasradioreflejos.com.ar\/2021\/wp-content\/uploads\/2024\/01\/licencia_0.jpg","contentUrl":"https:\/\/www.noticiasradioreflejos.com.ar\/2021\/wp-content\/uploads\/2024\/01\/licencia_0.jpg","width":1256,"height":620},{"@type":"BreadcrumbList","@id":"https:\/\/www.noticiasradioreflejos.com.ar\/2021\/se-extiende-el-plazo-para-circular-con-tramite-de-renovacion-y-licencia-digital\/#breadcrumb","itemListElement":[{"@type":"ListItem","position":1,"name":"Portada","item":"https:\/\/www.noticiasradioreflejos.com.ar\/2021\/"},{"@type":"ListItem","position":2,"name":"Se extiende el plazo para circular con tr\u00e1mite de renovaci\u00f3n y licencia digital"}]},{"@type":"WebSite","@id":"https:\/\/www.noticiasradioreflejos.com.ar\/2021\/#website","url":"https:\/\/www.noticiasradioreflejos.com.ar\/2021\/","name":"Noticias Radio Reflejos","description":"Las noticias de mi comarca","potentialAction":[{"@type":"SearchAction","target":{"@type":"EntryPoint","urlTemplate":"https:\/\/www.noticiasradioreflejos.com.ar\/2021\/?s={search_term_string}"},"query-input":{"@type":"PropertyValueSpecification","valueRequired":true,"valueName":"search_term_string"}}],"inLanguage":"es"},{"@type":"Person","@id":"https:\/\/www.noticiasradioreflejos.com.ar\/2021\/#\/schema\/person\/ad82545263dcc5ec0996818884fd5fb1","name":"Arnaldo Botto","image":{"@type":"ImageObject","inLanguage":"es","@id":"https:\/\/www.noticiasradioreflejos.com.ar\/2021\/#\/schema\/person\/image\/","url":"https:\/\/secure.gravatar.com\/avatar\/55cb5e37c1efa326397366e6974cb338056df65cb50e7d64d1cf314e87504837?s=96&d=mm&r=g","contentUrl":"https:\/\/secure.gravatar.com\/avatar\/55cb5e37c1efa326397366e6974cb338056df65cb50e7d64d1cf314e87504837?s=96&d=mm&r=g","caption":"Arnaldo Botto"},"url":"https:\/\/www.noticiasradioreflejos.com.ar\/2021\/author\/arnaldo\/"}]}},"_links":{"self":[{"href":"https:\/\/www.noticiasradioreflejos.com.ar\/2021\/wp-json\/wp\/v2\/posts\/99863","targetHints":{"allow":["GET"]}}],"collection":[{"href":"https:\/\/www.noticiasradioreflejos.com.ar\/2021\/wp-json\/wp\/v2\/posts"}],"about":[{"href":"https:\/\/www.noticiasradioreflejos.com.ar\/2021\/wp-json\/wp\/v2\/types\/post"}],"author":[{"embeddable":true,"href":"https:\/\/www.noticiasradioreflejos.com.ar\/2021\/wp-json\/wp\/v2\/users\/3"}],"replies":[{"embeddable":true,"href":"https:\/\/www.noticiasradioreflejos.com.ar\/2021\/wp-json\/wp\/v2\/comments?post=99863"}],"version-history":[{"count":1,"href":"https:\/\/www.noticiasradioreflejos.com.ar\/2021\/wp-json\/wp\/v2\/posts\/99863\/revisions"}],"predecessor-version":[{"id":99864,"href":"https:\/\/www.noticiasradioreflejos.com.ar\/2021\/wp-json\/wp\/v2\/posts\/99863\/revisions\/99864"}],"wp:featuredmedia":[{"embeddable":true,"href":"https:\/\/www.noticiasradioreflejos.com.ar\/2021\/wp-json\/wp\/v2\/media\/97317"}],"wp:attachment":[{"href":"https:\/\/www.noticiasradioreflejos.com.ar\/2021\/wp-json\/wp\/v2\/media?parent=99863"}],"wp:term":[{"taxonomy":"category","embeddable":true,"href":"https:\/\/www.noticiasradioreflejos.com.ar\/2021\/wp-json\/wp\/v2\/categories?post=99863"},{"taxonomy":"post_tag","embeddable":true,"href":"https:\/\/www.noticiasradioreflejos.com.ar\/2021\/wp-json\/wp\/v2\/tags?post=99863"}],"curies":[{"name":"wp","href":"https:\/\/api.w.org\/{rel}","templated":true}]}}