{"id":99493,"date":"2024-03-02T08:38:16","date_gmt":"2024-03-02T11:38:16","guid":{"rendered":"https:\/\/www.noticiasradioreflejos.com.ar\/2021\/?p=99493"},"modified":"2024-03-02T08:38:16","modified_gmt":"2024-03-02T11:38:16","slug":"milei-convoco-a-lideres-politicos-a-un-nuevo-contrato-social-en-base-a-diez-politicas-de-estado","status":"publish","type":"post","link":"https:\/\/www.noticiasradioreflejos.com.ar\/2021\/milei-convoco-a-lideres-politicos-a-un-nuevo-contrato-social-en-base-a-diez-politicas-de-estado\/","title":{"rendered":"Milei convoc\u00f3 a l\u00edderes pol\u00edticos a un nuevo \u00abcontrato social\u00bb en base a diez pol\u00edticas de Estado"},"content":{"rendered":"<p>El Presidente llam\u00f3 a gobernadores, expresidentes y lideres de partidos pol\u00edticos a \u00abdejar atr\u00e1s las antinomias del fracaso y abrazar ideas de la libertad\u00bb, con las \u00abdiez pol\u00edticas de Estado que el pa\u00eds necesita\u00bb. Adem\u00e1s, anunci\u00f3 el env\u00edo al Congreso de un paquete de leyes \u00abanticasta\u00bb.<!--more--><\/p>\n<div class=\"paragraph\">\n<div class=\"video_repositive\">\n<div id=\"Y77B_AxrnoY\" class=\"video_telam\">\n<div class=\"feature_article_inner\">\n<div class=\"feature_article_title\">\n<h2 class=\"text-center\">El discurso completo de Milei al inaugurar el 142 per\u00edodo de sesiones Ordinarias en el Congreso de la Naci\u00f3n.<\/h2>\n<\/div>\n<\/div>\n<\/div>\n<\/div>\n<\/div>\n<p><iframe loading=\"lazy\" title=\"Milei inaugur\u00f3 el 142 per\u00edodo de sesiones Ordinarias en el Congreso de la Naci\u00f3n (Completo)\" src=\"https:\/\/www.youtube.com\/embed\/Y77B_AxrnoY\" width=\"1110\" height=\"625\" frameborder=\"0\" allowfullscreen=\"allowfullscreen\"><\/iframe><\/p>\n<div class=\"paragraph\">\n<div class=\"video_repositive\">\n<div id=\"Y77B_AxrnoY\" class=\"video_telam\">\n<div class=\"feature_article_inner\">\n<div class=\"feature_article_title\">\n<p>El presidente Javier Milei convoc\u00f3 este viernes a gobernadores, expresidentes y lideres de partidos pol\u00edticos a la firma de<strong>\u00a0\u00abun nuevo contrato social\u00bb con diez pol\u00edticas de Estado<\/strong>\u00a0y traz\u00f3 un duro balance sobre los \u00faltimos gobiernos al se\u00f1alar que \u00ablos \u00faltimos 20 a\u00f1os han sido un desastre econ\u00f3mico y una org\u00eda de gasto p\u00fablico\u00bb, en un discurso pronunciado en el Congreso nacional al dejar inaugurado el 142\u00b0 per\u00edodo de sesiones ordinarias.<\/p>\n<p>En un discurso que se extendi\u00f3 por espacio de 73 minutos,\u00a0<a href=\"https:\/\/www.telam.com.ar\/notas\/202403\/656867-javier-milei-pacto-25-de-mayo-gobernadores.html\" target=\"_blank\" rel=\"noopener\">Milei se\u00f1al\u00f3 que ese \u00abnuevo contrato social\u00bb, que propuso que se firme en C\u00f3rdoba el 25 de mayo<\/a>, estar\u00e1 sujeto a la aprobaci\u00f3n de la Ley Bases y a un nuevo Pacto Fiscal, en tanto que anunci\u00f3 el env\u00edo al Parlamento de un paquete de leyes \u00abanticasta\u00bb.<\/p>\n<div class=\"video_repositive\">\n<div id=\"PClR16rIAJg\" class=\"video_telam\">\n<div class=\"feature_article_inner\">\n<div class=\"feature_article_title\">\n<h2 class=\"text-center\">Milei convoca a firmar el 25 de mayo en C\u00f3rdoba \u00abun nuevo contrato social\u00bb<\/h2>\n<\/div>\n<\/div>\n<p>Milei habl\u00f3 ante un recinto de sesiones de la C\u00e1mara de Diputados\u00a0<a href=\"https:\/\/www.telam.com.ar\/notas\/202403\/656866-funcionarios-gobernadores-y-los-miembros-de-la-corte-presentes-en-el-congreso.html\" target=\"_blank\" rel=\"noopener\">colmado por legisladores, ministros del Gabinete nacional, gobernadores, jueces de la Corte Suprema e invitados especiales<\/a>, donde en varios tramos de su discurso recibi\u00f3 aplausos y c\u00e1nticos a favor de parte de los dirigentes libertarios.<\/p>\n<p>Con los atributos de mando -la banda y el bast\u00f3n presidencial-, el jefe de Estado lleg\u00f3 cerca de las 20.45 al Congreso Nacional, junto a su hermana y secretaria General de la Presidencia, Karina Milei, donde fue recibido por la vicepresidenta Victoria Villarruel, el presidente de la C\u00e1mara baja, Mart\u00edn Menem, y dos comisiones, una de exterior y otra de interior en el Sal\u00f3n Azul del Parlamento.<\/p>\n<figure class=\"mb-3\"><img decoding=\"async\" class=\" lazy \" src=\"https:\/\/www.telam.com.ar\/thumbs\/bluesteel\/advf\/imagenes\/2024\/03\/65e26cdf5a754_1200.jpg\" alt=\"Foto Victoria Gesualdi\" width=\"100%\" height=\"100%\" \/><\/p>\n<div class=\"media-icons\"><\/div><figcaption>Foto: Victoria Gesualdi<\/figcaption><\/figure>\n<p>En uno de los tramos principales de su mensaje, Milei convoc\u00f3 \u00abtanto a gobernadores como expresidentes y l\u00edderes de los principales partidos pol\u00edticos a que\u00a0<strong>depongamos nuestros intereses personales y nos encontremos el pr\u00f3ximo 25 de mayo en la provincia de C\u00f3rdoba para la firma de un nuevo contrato social<\/strong>\u00a0llamado pacto de mayo: un contrato social que establezca los 10 principios del nuevo orden econ\u00f3mico argentino\u00bb.<\/p>\n<p>\u00abEse Pacto de Mayo\u00a0<strong>tendr\u00e1 por fin establecer las 10 pol\u00edticas de Estado que el pa\u00eds necesita<\/strong>\u00a0para abandonar la senda del fracaso y comenzar a recorrer el camino de la prosperidad\u00bb, agreg\u00f3.<\/p>\n<p>Entre esas 10 pol\u00edticas, enumer\u00f3 \u00abla inviolabilidad de la propiedad privada, el equilibrio fiscal innegociable, la reducci\u00f3n del gasto p\u00fablico a niveles hist\u00f3ricos en torno al 25% del PIB, una reforma tributaria que reduzca la presi\u00f3n impositiva, simplifique la vida de los argentinos y promueva el comercio; rediscutir la coparticipaci\u00f3n Federal de impuestos y terminar para siempre con el modelo extorsivo actual\u00bb.<\/p>\n<p>Tambi\u00e9n, contempla \u00abun compromiso de las provincias de avanzar en la explotaci\u00f3n de los recursos naturales del pa\u00eds; una reforma laboral moderna que promueva el trabajo formal; ocho, reforma previsional que le d\u00e9 sustentabilidad al sistema, respete a quienes aportaron y aporten y permita a quienes prefieran suscribirse un sistema privado de jubilaci\u00f3n; una reforma pol\u00edtica estructural que modifique el sistema actual y vuelva a alinear los intereses de los representantes y los representados; diez, y por \u00faltimo, la apertura de comercio internacional de manera que la Argentina vuelva a ser un protagonista del mercado global\u00bb.<\/p>\n<p>\u00abEstas 10 ideas, que son<strong>\u00a0las bases del progreso de cualquier naci\u00f3n<\/strong>, podr\u00e1n sentar las condiciones del crecimiento argentino por los pr\u00f3ximos 100 a\u00f1os, para que una vez m\u00e1s Argentina sea un faro de luz para occidente. Toda la pol\u00edtica est\u00e1 convocada a acompa\u00f1arnos. No nos importa quienes sean, de donde vengan, ni qu\u00e9 de ideas hayan defendido\u00bb, asever\u00f3.<\/p>\n<figure class=\"mb-3\"><img decoding=\"async\" class=\" lazy \" src=\"https:\/\/www.telam.com.ar\/thumbs\/bluesteel\/advf\/imagenes\/2024\/03\/65e273004b36d_1200.jpg\" alt=\"Foto Victoria Gesualdi\" width=\"100%\" height=\"100%\" \/><\/p>\n<div class=\"media-icons\">Foto: Victoria Gesualdi<\/div>\n<\/figure>\n<p>&nbsp;<\/p>\n<p>&nbsp;<\/p>\n<p>En un mensaje a los sectores opositores, el Presidente dijo que en la pol\u00edtica \u00absi bien no elegimos el camino de la confrontaci\u00f3n tampoco lo escapamos\u00bb y asegur\u00f3 que,\u00a0<strong>\u00absi eligen el camino de la confrontaci\u00f3n, se encontrar\u00e1n\u00bb con algo \u00abdiferente a lo que conocen\u00bb.<\/strong><\/p>\n<p>\u00abLa pol\u00edtica no es un fin en si mismo, no vivimos de la pol\u00edtica, lo \u00fanico que tenemos es sed de cambio. Si bien no elegimos la confrontaci\u00f3n, tampoco le escapamos. Si buscan conflicto, conflicto tendr\u00e1n\u00bb, advirti\u00f3 el mandatario.<\/p>\n<p>Y agreg\u00f3: \u00abNo debemos enga\u00f1arnos hay un sector importante en la vigencia pol\u00edtica que no quiere abandonar los privilegios del antiguo r\u00e9gimen. Los vimos en las violentas manifestaciones frente al Congreso, en las declaraciones de los sindicalistas que\u00a0<strong>se resisten a entender que la Argentina de los privilegios se termin\u00f3<\/strong>, en el accionar de diputados que pidieron el voto apoyando el cambio, pero que pretendieron traicionar su mandato mientras nadie ve\u00eda\u00bb.<\/p>\n<figure class=\"mb-3\"><img decoding=\"async\" class=\" lazy \" src=\"https:\/\/www.telam.com.ar\/thumbs\/bluesteel\/advf\/imagenes\/2024\/03\/65e26dcc8c2f8_1200.jpg\" alt=\"Foto Victoria Gesualdi\" width=\"100%\" height=\"100%\" \/><\/p>\n<div class=\"media-icons\">Foto: Victoria Gesualdi<\/div>\n<\/figure>\n<p>&nbsp;<\/p>\n<p>Con nombres propios, mencion\u00f3 la \u00abreaparici\u00f3n de los jinetes del fracaso como Sergio Massa, Pablo Moyano, Juan Grabois y M\u00e1ximo Kirchner\u00bb y dijo que la expresidente<strong>\u00a0Cristina Fern\u00e1ndez de Kirchner \u00abha sido responsable de uno de los peores gobiernos de la historia\u00bb.<\/strong><\/p>\n<p>A lo largo de su discurso,\u00a0<a href=\"https:\/\/www.telam.com.ar\/notas\/202403\/656863-javier-milei-gobierno-nacional-congreso.html\" target=\"_blank\" rel=\"noopener\">Milei anunci\u00f3 asimismo el env\u00edo al Congreso de un \u00abpaquete de leyes anticasta\u00bb<\/a>\u00a0que, entre otras cuestiones, incluir\u00e1 la eliminaci\u00f3n de jubilaciones de privilegio para presidentes y vicepresidentes.<\/p>\n<p>En el inicio de su discurso,\u00a0<strong>Milei cuestion\u00f3 en duros t\u00e9rminos el funcionamiento del Estado<\/strong>, al que calific\u00f3 como una \u00abasociaci\u00f3n criminal\u00bb dise\u00f1ada \u00abpara que detr\u00e1s de cada tr\u00e1mite haya una coima para el pol\u00edtico de turno\u00bb, algo que \u00abafecta a todos los poderes del Estado\u00bb.<\/p>\n<p>En ese marco, afirm\u00f3 que<strong>\u00a0la Argentina se encuentra en \u00abel momento m\u00e1s cr\u00edtico su historia\u00bb\u00a0<\/strong>y afirm\u00f3 que, \u00abluego de m\u00e1s de 100 a\u00f1os de modelo empobrecedor, los \u00faltimos 20 a\u00f1os han sido un desastre econ\u00f3mico, con una org\u00eda de gasto p\u00fablico, emisi\u00f3n descontrolada y la peor herencia que un gobierno haya recibido\u00bb.<\/p>\n<div class=\"video_repositive\">\n<div id=\"IM5iG3Brve4\" class=\"video_telam\">\n<div class=\"feature_article_inner\">\n<div class=\"feature_article_title\">\n<h2 class=\"text-center\">En inicio de discurso en el Congreso, Milei habl\u00f3 de \u00aborg\u00eda de gasto p\u00fablico\u00bb y \u00abla peor herencia\u00bb<\/h2>\n<p>A continuaci\u00f3n, dio detalles de la auditor\u00eda realizada por la Sigen y la Secretar\u00eda de Transformaci\u00f3n, que arroj\u00f3 \u00abinformaci\u00f3n alarmante\u00bb, entre las que mencion\u00f3 \u00abuna deuda consolidada de cerca de 3.000 millones de d\u00f3lares en bienes y servicios impagos\u00bb.<\/p>\n<p>\u00abUn Estado que no solo no controla sino que lo que controla, lo controla mal.\u00a0<strong>Dise\u00f1ado no para cumplir sus funciones b\u00e1sicas, sino para generar un kiosco en cada lugar donde sea posible para beneficio del bur\u00f3crata de turno\u00bb, abund\u00f3.<\/strong><\/p>\n<p>Entre otras medidas, el Presidente destac\u00f3 el cierre del INADI que \u00abgastaba millones de pesos para mantener militantes rentados\u00bb y anunci\u00f3 que, \u00aben esta misma l\u00ednea\u00bb,\u00a0<a href=\"https:\/\/www.telam.com.ar\/notas\/202403\/656864-milei-telam-cierre.html\" target=\"_blank\" rel=\"noopener\">su gesti\u00f3n va a \u00aba cerrar la agencia T\u00e9lam\u00bb, creada hace 78 a\u00f1os con el prop\u00f3sito de difundir informaci\u00f3n a todo el pa\u00eds con un car\u00e1cter federal y pluralista.<\/a><\/p>\n<p>\u00abA los argentinos les pido paciencia y confianza. Vamos por el camino correcto. Viva la libertad carajo\u00bb, concluy\u00f3 el mandatario su discurso.<\/p>\n<figure class=\"mb-3\"><img decoding=\"async\" class=\" lazy \" src=\"https:\/\/www.telam.com.ar\/thumbs\/bluesteel\/advf\/imagenes\/2024\/03\/65e27300ab60b_1200.jpg\" alt=\"Foto Victoria Gesualdi\" width=\"100%\" height=\"100%\" \/><\/p>\n<div class=\"media-icons\"><\/div><figcaption>Foto: Victoria Gesualdi<\/figcaption><\/figure>\n<div class=\"card col-md-10 offset-md-1 mb-4\"><\/div>\n<figure class=\"mb-3\"><strong>Fuente T\u00e9lam<\/strong><\/figure>\n<\/div>\n<\/div>\n<\/div>\n<\/div>\n<\/div>\n<\/div>\n<\/div>\n<\/div>\n<\/div>\n<\/div>\n<\/div>\n","protected":false},"excerpt":{"rendered":"<p>El Presidente llam\u00f3 a gobernadores, expresidentes y lideres de partidos pol\u00edticos a \u00abdejar atr\u00e1s las antinomias del fracaso y abrazar ideas de la libertad\u00bb, con las \u00abdiez pol\u00edticas de Estado que el pa\u00eds necesita\u00bb. Adem\u00e1s, anunci\u00f3 el env\u00edo al Congreso de un paquete de leyes \u00abanticasta\u00bb.<\/p>\n","protected":false},"author":3,"featured_media":0,"comment_status":"closed","ping_status":"closed","sticky":false,"template":"","format":"standard","meta":{"footnotes":""},"categories":[24],"tags":[],"class_list":["post-99493","post","type-post","status-publish","format-standard","hentry","category-politica"],"yoast_head":"<!-- This site is optimized with the Yoast SEO plugin v25.9 - https:\/\/yoast.com\/wordpress\/plugins\/seo\/ -->\n<title>Milei convoc\u00f3 a l\u00edderes pol\u00edticos a un nuevo &quot;contrato social&quot; en base a diez pol\u00edticas de Estado - Noticias Radio Reflejos<\/title>\n<meta name=\"robots\" content=\"index, follow, max-snippet:-1, max-image-preview:large, max-video-preview:-1\" \/>\n<link rel=\"canonical\" href=\"https:\/\/www.noticiasradioreflejos.com.ar\/2021\/milei-convoco-a-lideres-politicos-a-un-nuevo-contrato-social-en-base-a-diez-politicas-de-estado\/\" \/>\n<meta property=\"og:locale\" content=\"es_ES\" \/>\n<meta property=\"og:type\" content=\"article\" \/>\n<meta property=\"og:title\" content=\"Milei convoc\u00f3 a l\u00edderes pol\u00edticos a un nuevo &quot;contrato social&quot; en base a diez pol\u00edticas de Estado - Noticias Radio Reflejos\" \/>\n<meta property=\"og:description\" content=\"El Presidente llam\u00f3 a gobernadores, expresidentes y lideres de partidos pol\u00edticos a \u00abdejar atr\u00e1s las antinomias del fracaso y abrazar ideas de la libertad\u00bb, con las \u00abdiez pol\u00edticas de Estado que el pa\u00eds necesita\u00bb. Adem\u00e1s, anunci\u00f3 el env\u00edo al Congreso de un paquete de leyes \u00abanticasta\u00bb.\" \/>\n<meta property=\"og:url\" content=\"https:\/\/www.noticiasradioreflejos.com.ar\/2021\/milei-convoco-a-lideres-politicos-a-un-nuevo-contrato-social-en-base-a-diez-politicas-de-estado\/\" \/>\n<meta property=\"og:site_name\" content=\"Noticias Radio Reflejos\" \/>\n<meta property=\"article:published_time\" content=\"2024-03-02T11:38:16+00:00\" \/>\n<meta property=\"og:image\" content=\"https:\/\/www.telam.com.ar\/thumbs\/bluesteel\/advf\/imagenes\/2024\/03\/65e26cdf5a754_1200.jpg\" \/>\n<meta name=\"author\" content=\"Arnaldo Botto\" \/>\n<meta name=\"twitter:card\" content=\"summary_large_image\" \/>\n<script type=\"application\/ld+json\" class=\"yoast-schema-graph\">{\"@context\":\"https:\/\/schema.org\",\"@graph\":[{\"@type\":\"WebPage\",\"@id\":\"https:\/\/www.noticiasradioreflejos.com.ar\/2021\/milei-convoco-a-lideres-politicos-a-un-nuevo-contrato-social-en-base-a-diez-politicas-de-estado\/\",\"url\":\"https:\/\/www.noticiasradioreflejos.com.ar\/2021\/milei-convoco-a-lideres-politicos-a-un-nuevo-contrato-social-en-base-a-diez-politicas-de-estado\/\",\"name\":\"Milei convoc\u00f3 a l\u00edderes pol\u00edticos a un nuevo \\\"contrato social\\\" en base a diez pol\u00edticas de Estado - Noticias Radio Reflejos\",\"isPartOf\":{\"@id\":\"https:\/\/www.noticiasradioreflejos.com.ar\/2021\/#website\"},\"primaryImageOfPage\":{\"@id\":\"https:\/\/www.noticiasradioreflejos.com.ar\/2021\/milei-convoco-a-lideres-politicos-a-un-nuevo-contrato-social-en-base-a-diez-politicas-de-estado\/#primaryimage\"},\"image\":{\"@id\":\"https:\/\/www.noticiasradioreflejos.com.ar\/2021\/milei-convoco-a-lideres-politicos-a-un-nuevo-contrato-social-en-base-a-diez-politicas-de-estado\/#primaryimage\"},\"thumbnailUrl\":\"https:\/\/www.telam.com.ar\/thumbs\/bluesteel\/advf\/imagenes\/2024\/03\/65e26cdf5a754_1200.jpg\",\"datePublished\":\"2024-03-02T11:38:16+00:00\",\"author\":{\"@id\":\"https:\/\/www.noticiasradioreflejos.com.ar\/2021\/#\/schema\/person\/ad82545263dcc5ec0996818884fd5fb1\"},\"breadcrumb\":{\"@id\":\"https:\/\/www.noticiasradioreflejos.com.ar\/2021\/milei-convoco-a-lideres-politicos-a-un-nuevo-contrato-social-en-base-a-diez-politicas-de-estado\/#breadcrumb\"},\"inLanguage\":\"es\",\"potentialAction\":[{\"@type\":\"ReadAction\",\"target\":[\"https:\/\/www.noticiasradioreflejos.com.ar\/2021\/milei-convoco-a-lideres-politicos-a-un-nuevo-contrato-social-en-base-a-diez-politicas-de-estado\/\"]}]},{\"@type\":\"ImageObject\",\"inLanguage\":\"es\",\"@id\":\"https:\/\/www.noticiasradioreflejos.com.ar\/2021\/milei-convoco-a-lideres-politicos-a-un-nuevo-contrato-social-en-base-a-diez-politicas-de-estado\/#primaryimage\",\"url\":\"https:\/\/www.telam.com.ar\/thumbs\/bluesteel\/advf\/imagenes\/2024\/03\/65e26cdf5a754_1200.jpg\",\"contentUrl\":\"https:\/\/www.telam.com.ar\/thumbs\/bluesteel\/advf\/imagenes\/2024\/03\/65e26cdf5a754_1200.jpg\"},{\"@type\":\"BreadcrumbList\",\"@id\":\"https:\/\/www.noticiasradioreflejos.com.ar\/2021\/milei-convoco-a-lideres-politicos-a-un-nuevo-contrato-social-en-base-a-diez-politicas-de-estado\/#breadcrumb\",\"itemListElement\":[{\"@type\":\"ListItem\",\"position\":1,\"name\":\"Portada\",\"item\":\"https:\/\/www.noticiasradioreflejos.com.ar\/2021\/\"},{\"@type\":\"ListItem\",\"position\":2,\"name\":\"Milei convoc\u00f3 a l\u00edderes pol\u00edticos a un nuevo \u00abcontrato social\u00bb en base a diez pol\u00edticas de Estado\"}]},{\"@type\":\"WebSite\",\"@id\":\"https:\/\/www.noticiasradioreflejos.com.ar\/2021\/#website\",\"url\":\"https:\/\/www.noticiasradioreflejos.com.ar\/2021\/\",\"name\":\"Noticias Radio Reflejos\",\"description\":\"Las noticias de mi comarca\",\"potentialAction\":[{\"@type\":\"SearchAction\",\"target\":{\"@type\":\"EntryPoint\",\"urlTemplate\":\"https:\/\/www.noticiasradioreflejos.com.ar\/2021\/?s={search_term_string}\"},\"query-input\":{\"@type\":\"PropertyValueSpecification\",\"valueRequired\":true,\"valueName\":\"search_term_string\"}}],\"inLanguage\":\"es\"},{\"@type\":\"Person\",\"@id\":\"https:\/\/www.noticiasradioreflejos.com.ar\/2021\/#\/schema\/person\/ad82545263dcc5ec0996818884fd5fb1\",\"name\":\"Arnaldo Botto\",\"image\":{\"@type\":\"ImageObject\",\"inLanguage\":\"es\",\"@id\":\"https:\/\/www.noticiasradioreflejos.com.ar\/2021\/#\/schema\/person\/image\/\",\"url\":\"https:\/\/secure.gravatar.com\/avatar\/55cb5e37c1efa326397366e6974cb338056df65cb50e7d64d1cf314e87504837?s=96&d=mm&r=g\",\"contentUrl\":\"https:\/\/secure.gravatar.com\/avatar\/55cb5e37c1efa326397366e6974cb338056df65cb50e7d64d1cf314e87504837?s=96&d=mm&r=g\",\"caption\":\"Arnaldo Botto\"},\"url\":\"https:\/\/www.noticiasradioreflejos.com.ar\/2021\/author\/arnaldo\/\"}]}<\/script>\n<!-- \/ Yoast SEO plugin. -->","yoast_head_json":{"title":"Milei convoc\u00f3 a l\u00edderes pol\u00edticos a un nuevo \"contrato social\" en base a diez pol\u00edticas de Estado - Noticias Radio Reflejos","robots":{"index":"index","follow":"follow","max-snippet":"max-snippet:-1","max-image-preview":"max-image-preview:large","max-video-preview":"max-video-preview:-1"},"canonical":"https:\/\/www.noticiasradioreflejos.com.ar\/2021\/milei-convoco-a-lideres-politicos-a-un-nuevo-contrato-social-en-base-a-diez-politicas-de-estado\/","og_locale":"es_ES","og_type":"article","og_title":"Milei convoc\u00f3 a l\u00edderes pol\u00edticos a un nuevo \"contrato social\" en base a diez pol\u00edticas de Estado - Noticias Radio Reflejos","og_description":"El Presidente llam\u00f3 a gobernadores, expresidentes y lideres de partidos pol\u00edticos a \u00abdejar atr\u00e1s las antinomias del fracaso y abrazar ideas de la libertad\u00bb, con las \u00abdiez pol\u00edticas de Estado que el pa\u00eds necesita\u00bb. Adem\u00e1s, anunci\u00f3 el env\u00edo al Congreso de un paquete de leyes \u00abanticasta\u00bb.","og_url":"https:\/\/www.noticiasradioreflejos.com.ar\/2021\/milei-convoco-a-lideres-politicos-a-un-nuevo-contrato-social-en-base-a-diez-politicas-de-estado\/","og_site_name":"Noticias Radio Reflejos","article_published_time":"2024-03-02T11:38:16+00:00","og_image":[{"url":"https:\/\/www.telam.com.ar\/thumbs\/bluesteel\/advf\/imagenes\/2024\/03\/65e26cdf5a754_1200.jpg","type":"","width":"","height":""}],"author":"Arnaldo Botto","twitter_card":"summary_large_image","schema":{"@context":"https:\/\/schema.org","@graph":[{"@type":"WebPage","@id":"https:\/\/www.noticiasradioreflejos.com.ar\/2021\/milei-convoco-a-lideres-politicos-a-un-nuevo-contrato-social-en-base-a-diez-politicas-de-estado\/","url":"https:\/\/www.noticiasradioreflejos.com.ar\/2021\/milei-convoco-a-lideres-politicos-a-un-nuevo-contrato-social-en-base-a-diez-politicas-de-estado\/","name":"Milei convoc\u00f3 a l\u00edderes pol\u00edticos a un nuevo \"contrato social\" en base a diez pol\u00edticas de Estado - Noticias Radio Reflejos","isPartOf":{"@id":"https:\/\/www.noticiasradioreflejos.com.ar\/2021\/#website"},"primaryImageOfPage":{"@id":"https:\/\/www.noticiasradioreflejos.com.ar\/2021\/milei-convoco-a-lideres-politicos-a-un-nuevo-contrato-social-en-base-a-diez-politicas-de-estado\/#primaryimage"},"image":{"@id":"https:\/\/www.noticiasradioreflejos.com.ar\/2021\/milei-convoco-a-lideres-politicos-a-un-nuevo-contrato-social-en-base-a-diez-politicas-de-estado\/#primaryimage"},"thumbnailUrl":"https:\/\/www.telam.com.ar\/thumbs\/bluesteel\/advf\/imagenes\/2024\/03\/65e26cdf5a754_1200.jpg","datePublished":"2024-03-02T11:38:16+00:00","author":{"@id":"https:\/\/www.noticiasradioreflejos.com.ar\/2021\/#\/schema\/person\/ad82545263dcc5ec0996818884fd5fb1"},"breadcrumb":{"@id":"https:\/\/www.noticiasradioreflejos.com.ar\/2021\/milei-convoco-a-lideres-politicos-a-un-nuevo-contrato-social-en-base-a-diez-politicas-de-estado\/#breadcrumb"},"inLanguage":"es","potentialAction":[{"@type":"ReadAction","target":["https:\/\/www.noticiasradioreflejos.com.ar\/2021\/milei-convoco-a-lideres-politicos-a-un-nuevo-contrato-social-en-base-a-diez-politicas-de-estado\/"]}]},{"@type":"ImageObject","inLanguage":"es","@id":"https:\/\/www.noticiasradioreflejos.com.ar\/2021\/milei-convoco-a-lideres-politicos-a-un-nuevo-contrato-social-en-base-a-diez-politicas-de-estado\/#primaryimage","url":"https:\/\/www.telam.com.ar\/thumbs\/bluesteel\/advf\/imagenes\/2024\/03\/65e26cdf5a754_1200.jpg","contentUrl":"https:\/\/www.telam.com.ar\/thumbs\/bluesteel\/advf\/imagenes\/2024\/03\/65e26cdf5a754_1200.jpg"},{"@type":"BreadcrumbList","@id":"https:\/\/www.noticiasradioreflejos.com.ar\/2021\/milei-convoco-a-lideres-politicos-a-un-nuevo-contrato-social-en-base-a-diez-politicas-de-estado\/#breadcrumb","itemListElement":[{"@type":"ListItem","position":1,"name":"Portada","item":"https:\/\/www.noticiasradioreflejos.com.ar\/2021\/"},{"@type":"ListItem","position":2,"name":"Milei convoc\u00f3 a l\u00edderes pol\u00edticos a un nuevo \u00abcontrato social\u00bb en base a diez pol\u00edticas de Estado"}]},{"@type":"WebSite","@id":"https:\/\/www.noticiasradioreflejos.com.ar\/2021\/#website","url":"https:\/\/www.noticiasradioreflejos.com.ar\/2021\/","name":"Noticias Radio Reflejos","description":"Las noticias de mi comarca","potentialAction":[{"@type":"SearchAction","target":{"@type":"EntryPoint","urlTemplate":"https:\/\/www.noticiasradioreflejos.com.ar\/2021\/?s={search_term_string}"},"query-input":{"@type":"PropertyValueSpecification","valueRequired":true,"valueName":"search_term_string"}}],"inLanguage":"es"},{"@type":"Person","@id":"https:\/\/www.noticiasradioreflejos.com.ar\/2021\/#\/schema\/person\/ad82545263dcc5ec0996818884fd5fb1","name":"Arnaldo Botto","image":{"@type":"ImageObject","inLanguage":"es","@id":"https:\/\/www.noticiasradioreflejos.com.ar\/2021\/#\/schema\/person\/image\/","url":"https:\/\/secure.gravatar.com\/avatar\/55cb5e37c1efa326397366e6974cb338056df65cb50e7d64d1cf314e87504837?s=96&d=mm&r=g","contentUrl":"https:\/\/secure.gravatar.com\/avatar\/55cb5e37c1efa326397366e6974cb338056df65cb50e7d64d1cf314e87504837?s=96&d=mm&r=g","caption":"Arnaldo Botto"},"url":"https:\/\/www.noticiasradioreflejos.com.ar\/2021\/author\/arnaldo\/"}]}},"_links":{"self":[{"href":"https:\/\/www.noticiasradioreflejos.com.ar\/2021\/wp-json\/wp\/v2\/posts\/99493","targetHints":{"allow":["GET"]}}],"collection":[{"href":"https:\/\/www.noticiasradioreflejos.com.ar\/2021\/wp-json\/wp\/v2\/posts"}],"about":[{"href":"https:\/\/www.noticiasradioreflejos.com.ar\/2021\/wp-json\/wp\/v2\/types\/post"}],"author":[{"embeddable":true,"href":"https:\/\/www.noticiasradioreflejos.com.ar\/2021\/wp-json\/wp\/v2\/users\/3"}],"replies":[{"embeddable":true,"href":"https:\/\/www.noticiasradioreflejos.com.ar\/2021\/wp-json\/wp\/v2\/comments?post=99493"}],"version-history":[{"count":1,"href":"https:\/\/www.noticiasradioreflejos.com.ar\/2021\/wp-json\/wp\/v2\/posts\/99493\/revisions"}],"predecessor-version":[{"id":99495,"href":"https:\/\/www.noticiasradioreflejos.com.ar\/2021\/wp-json\/wp\/v2\/posts\/99493\/revisions\/99495"}],"wp:attachment":[{"href":"https:\/\/www.noticiasradioreflejos.com.ar\/2021\/wp-json\/wp\/v2\/media?parent=99493"}],"wp:term":[{"taxonomy":"category","embeddable":true,"href":"https:\/\/www.noticiasradioreflejos.com.ar\/2021\/wp-json\/wp\/v2\/categories?post=99493"},{"taxonomy":"post_tag","embeddable":true,"href":"https:\/\/www.noticiasradioreflejos.com.ar\/2021\/wp-json\/wp\/v2\/tags?post=99493"}],"curies":[{"name":"wp","href":"https:\/\/api.w.org\/{rel}","templated":true}]}}