{"id":99486,"date":"2024-03-01T16:41:37","date_gmt":"2024-03-01T19:41:37","guid":{"rendered":"https:\/\/www.noticiasradioreflejos.com.ar\/2021\/?p=99486"},"modified":"2024-03-02T09:07:52","modified_gmt":"2024-03-02T12:07:52","slug":"a-horas-de-dar-inicio-a-las-sesiones-bordoni-hablo-de-todo","status":"publish","type":"post","link":"https:\/\/www.noticiasradioreflejos.com.ar\/2021\/a-horas-de-dar-inicio-a-las-sesiones-bordoni-hablo-de-todo\/","title":{"rendered":"A horas de dar inicio a las sesiones, Bordoni habl\u00f3 de todo"},"content":{"rendered":"<p>El jefe comunal de nuevo en actividad no dej\u00f3 tema por tocar. Su salud, la crisis econ\u00f3mica, la ayuda escolar, las viviendas en Saldungaray y las inversiones en Sierra.<!--more--><\/p>\n<p>Fiel a su estilo Sergio Bordoni no dej\u00f3 pregunta por responder. El jefe comunal, nuevamente en funciones, abarc\u00f3 varios temas de cara al discurso que dar\u00e1 hoy, con el comienzo de las sesiones.<\/p>\n<p>Al respecto, y sobre su salud, afirm\u00f3 que \u201cgracias a Dios todo bien, pero igual por indicaci\u00f3n m\u00e9dica tengo que bajar algunos kilitos. Realmente cuesta, pero es por el bien de uno. Hay que pensar en la gente que me acompa\u00f1a, que me necesita y por eso debo estar bien para ayudar a la ciudadan\u00eda\u201d.<\/p>\n<p>Sobre la ayuda escolar, confirm\u00f3 que \u201chab\u00edamos comprado 500 kits escolares y se fueron en dos d\u00edas con la gente anotada que hab\u00eda, y los que se fueron enterando. Vamos a hacer una compra m\u00e1s porque la gente la est\u00e1 pasando realmente mal. Tratamos de dar una ayuda para pasar ese temporal que se est\u00e1 viniendo\u201d.<\/p>\n<p>En otro pasaje de la charla adelant\u00f3 que \u201cesperamos en 60 d\u00edas tener el geri\u00e1trico y poder darle soluciones a la gente de Sierra y Saldungaray que tiene que dejar abuelos porque no tienen a d\u00f3nde llevarlos. En Tornquist hay tres o cuatro personas que son del otro lado de la sierras. La idea es que tengan un lugar m\u00e1s cercano y dar una ayuda. Va a haber 11 plazas seg\u00fan nos autoriz\u00f3 zona sanitaria\u201d.<\/p>\n<p>Y de la mano con eso sostuvo que \u201chay que tomar personal, no menos de 12 o 14 personas. Eso lo diagramar\u00e1 la persona que se haga cargo de la direcci\u00f3n del hogar. Son 24 por 365 d\u00edas. Ah\u00ed no hay feriado ni nada. Tiene que haber gente que trabaje, que haga los turnos, que haya rotaci\u00f3n, francos\u2026 los hogares son complejos\u201d.<\/p>\n<p>Al momento de abordar la pol\u00e9mica generada d\u00edas atr\u00e1s por las viviendas sociales en Saldungaray, coment\u00f3 que \u201cdijeron que no se estaba cumpliendo la ordenanza que ellos mismos redactaron. Se est\u00e1 cumpliendo, y el 14 se har\u00e1 el sorteo ante escribano p\u00fablico, como ocurri\u00f3 en Chasic\u00f3. Con total transparencia, no hay nada para ocultar. Me parece b\u00e1rbaro que se preocupen por c\u00f3mo se hacen las cosas, pero mi gesti\u00f3n se caracteriza por la transparencia y honestidad\u201d.<\/p>\n<p>Mientras que volvi\u00f3 a destacar que \u201cSierra de la Ventana en mi primera gesti\u00f3n junto con Chasic\u00f3 fue donde m\u00e1s obras se hicieron. En 2021 perdimos las legislativas, donde seguramente la gente estaba enojada conmigo, no por obras, sino por mi ida de Juntos por el Cambio. Entiendo y agradezco que los comerciantes nos est\u00e9n acompa\u00f1ando, como est\u00e1n acompa\u00f1ando a la delegada, pero tambi\u00e9n del municipio ha salido en el \u00faltimo tiempo mucho dinero por el tema de las bombas\u201d.<\/p>\n<p>Por \u00faltimo subray\u00f3 que \u201csi uno tuviera que medir lo que recauda de impuestos por lo que se invierte en el servicio de agua potable en todo el distrito, Tornquist, Sierra y Villa, donde nosotros abastecemos; ser\u00eda para cubrir el costo del 2023 si todos pagaran, as\u00ed que el dinero sale de otro lado\u201d.<\/p>\n<p>Escucha Sergio Bordoni 01 &#8211; 03 de fmreflejos 103.7 en #SoundCloud<br \/>\n<iframe loading=\"lazy\" class=\"wp-embedded-content\" sandbox=\"allow-scripts\" security=\"restricted\" title=\"Sergio Bordoni 01 - 03 by fmreflejos 103.7\" width=\"500\" height=\"400\" scrolling=\"no\" frameborder=\"no\" src=\"https:\/\/w.soundcloud.com\/player\/?visual=true&#038;url=https%3A%2F%2Fapi.soundcloud.com%2Ftracks%2F1762245327&#038;show_artwork=true&#038;maxheight=750&#038;maxwidth=500#?secret=woZAWAIYC8\" data-secret=\"woZAWAIYC8\"><\/iframe><\/p>\n","protected":false},"excerpt":{"rendered":"<p>El jefe comunal de nuevo en actividad no dej\u00f3 tema por tocar. Su salud, la crisis econ\u00f3mica, la ayuda escolar, las viviendas en Saldungaray y las inversiones en Sierra.<\/p>\n","protected":false},"author":3,"featured_media":98645,"comment_status":"closed","ping_status":"closed","sticky":false,"template":"","format":"standard","meta":{"footnotes":""},"categories":[24],"tags":[],"class_list":["post-99486","post","type-post","status-publish","format-standard","has-post-thumbnail","hentry","category-politica"],"yoast_head":"<!-- This site is optimized with the Yoast SEO plugin v25.9 - https:\/\/yoast.com\/wordpress\/plugins\/seo\/ -->\n<title>A horas de dar inicio a las sesiones, Bordoni habl\u00f3 de todo - Noticias Radio Reflejos<\/title>\n<meta name=\"robots\" content=\"index, follow, max-snippet:-1, max-image-preview:large, max-video-preview:-1\" \/>\n<link rel=\"canonical\" href=\"https:\/\/www.noticiasradioreflejos.com.ar\/2021\/a-horas-de-dar-inicio-a-las-sesiones-bordoni-hablo-de-todo\/\" \/>\n<meta property=\"og:locale\" content=\"es_ES\" \/>\n<meta property=\"og:type\" content=\"article\" \/>\n<meta property=\"og:title\" content=\"A horas de dar inicio a las sesiones, Bordoni habl\u00f3 de todo - Noticias Radio Reflejos\" \/>\n<meta property=\"og:description\" content=\"El jefe comunal de nuevo en actividad no dej\u00f3 tema por tocar. Su salud, la crisis econ\u00f3mica, la ayuda escolar, las viviendas en Saldungaray y las inversiones en Sierra.\" \/>\n<meta property=\"og:url\" content=\"https:\/\/www.noticiasradioreflejos.com.ar\/2021\/a-horas-de-dar-inicio-a-las-sesiones-bordoni-hablo-de-todo\/\" \/>\n<meta property=\"og:site_name\" content=\"Noticias Radio Reflejos\" \/>\n<meta property=\"article:published_time\" content=\"2024-03-01T19:41:37+00:00\" \/>\n<meta property=\"article:modified_time\" content=\"2024-03-02T12:07:52+00:00\" \/>\n<meta property=\"og:image\" content=\"https:\/\/www.noticiasradioreflejos.com.ar\/2021\/wp-content\/uploads\/2024\/02\/Sergio-Bordoni.jpeg\" \/>\n\t<meta property=\"og:image:width\" content=\"606\" \/>\n\t<meta property=\"og:image:height\" content=\"725\" \/>\n\t<meta property=\"og:image:type\" content=\"image\/jpeg\" \/>\n<meta name=\"author\" content=\"Arnaldo Botto\" \/>\n<meta name=\"twitter:card\" content=\"summary_large_image\" \/>\n<script type=\"application\/ld+json\" class=\"yoast-schema-graph\">{\"@context\":\"https:\/\/schema.org\",\"@graph\":[{\"@type\":\"WebPage\",\"@id\":\"https:\/\/www.noticiasradioreflejos.com.ar\/2021\/a-horas-de-dar-inicio-a-las-sesiones-bordoni-hablo-de-todo\/\",\"url\":\"https:\/\/www.noticiasradioreflejos.com.ar\/2021\/a-horas-de-dar-inicio-a-las-sesiones-bordoni-hablo-de-todo\/\",\"name\":\"A horas de dar inicio a las sesiones, Bordoni habl\u00f3 de todo - Noticias Radio Reflejos\",\"isPartOf\":{\"@id\":\"https:\/\/www.noticiasradioreflejos.com.ar\/2021\/#website\"},\"primaryImageOfPage\":{\"@id\":\"https:\/\/www.noticiasradioreflejos.com.ar\/2021\/a-horas-de-dar-inicio-a-las-sesiones-bordoni-hablo-de-todo\/#primaryimage\"},\"image\":{\"@id\":\"https:\/\/www.noticiasradioreflejos.com.ar\/2021\/a-horas-de-dar-inicio-a-las-sesiones-bordoni-hablo-de-todo\/#primaryimage\"},\"thumbnailUrl\":\"https:\/\/www.noticiasradioreflejos.com.ar\/2021\/wp-content\/uploads\/2024\/02\/Sergio-Bordoni.jpeg\",\"datePublished\":\"2024-03-01T19:41:37+00:00\",\"dateModified\":\"2024-03-02T12:07:52+00:00\",\"author\":{\"@id\":\"https:\/\/www.noticiasradioreflejos.com.ar\/2021\/#\/schema\/person\/ad82545263dcc5ec0996818884fd5fb1\"},\"breadcrumb\":{\"@id\":\"https:\/\/www.noticiasradioreflejos.com.ar\/2021\/a-horas-de-dar-inicio-a-las-sesiones-bordoni-hablo-de-todo\/#breadcrumb\"},\"inLanguage\":\"es\",\"potentialAction\":[{\"@type\":\"ReadAction\",\"target\":[\"https:\/\/www.noticiasradioreflejos.com.ar\/2021\/a-horas-de-dar-inicio-a-las-sesiones-bordoni-hablo-de-todo\/\"]}]},{\"@type\":\"ImageObject\",\"inLanguage\":\"es\",\"@id\":\"https:\/\/www.noticiasradioreflejos.com.ar\/2021\/a-horas-de-dar-inicio-a-las-sesiones-bordoni-hablo-de-todo\/#primaryimage\",\"url\":\"https:\/\/www.noticiasradioreflejos.com.ar\/2021\/wp-content\/uploads\/2024\/02\/Sergio-Bordoni.jpeg\",\"contentUrl\":\"https:\/\/www.noticiasradioreflejos.com.ar\/2021\/wp-content\/uploads\/2024\/02\/Sergio-Bordoni.jpeg\",\"width\":606,\"height\":725},{\"@type\":\"BreadcrumbList\",\"@id\":\"https:\/\/www.noticiasradioreflejos.com.ar\/2021\/a-horas-de-dar-inicio-a-las-sesiones-bordoni-hablo-de-todo\/#breadcrumb\",\"itemListElement\":[{\"@type\":\"ListItem\",\"position\":1,\"name\":\"Portada\",\"item\":\"https:\/\/www.noticiasradioreflejos.com.ar\/2021\/\"},{\"@type\":\"ListItem\",\"position\":2,\"name\":\"A horas de dar inicio a las sesiones, Bordoni habl\u00f3 de todo\"}]},{\"@type\":\"WebSite\",\"@id\":\"https:\/\/www.noticiasradioreflejos.com.ar\/2021\/#website\",\"url\":\"https:\/\/www.noticiasradioreflejos.com.ar\/2021\/\",\"name\":\"Noticias Radio Reflejos\",\"description\":\"Las noticias de mi comarca\",\"potentialAction\":[{\"@type\":\"SearchAction\",\"target\":{\"@type\":\"EntryPoint\",\"urlTemplate\":\"https:\/\/www.noticiasradioreflejos.com.ar\/2021\/?s={search_term_string}\"},\"query-input\":{\"@type\":\"PropertyValueSpecification\",\"valueRequired\":true,\"valueName\":\"search_term_string\"}}],\"inLanguage\":\"es\"},{\"@type\":\"Person\",\"@id\":\"https:\/\/www.noticiasradioreflejos.com.ar\/2021\/#\/schema\/person\/ad82545263dcc5ec0996818884fd5fb1\",\"name\":\"Arnaldo Botto\",\"image\":{\"@type\":\"ImageObject\",\"inLanguage\":\"es\",\"@id\":\"https:\/\/www.noticiasradioreflejos.com.ar\/2021\/#\/schema\/person\/image\/\",\"url\":\"https:\/\/secure.gravatar.com\/avatar\/55cb5e37c1efa326397366e6974cb338056df65cb50e7d64d1cf314e87504837?s=96&d=mm&r=g\",\"contentUrl\":\"https:\/\/secure.gravatar.com\/avatar\/55cb5e37c1efa326397366e6974cb338056df65cb50e7d64d1cf314e87504837?s=96&d=mm&r=g\",\"caption\":\"Arnaldo Botto\"},\"url\":\"https:\/\/www.noticiasradioreflejos.com.ar\/2021\/author\/arnaldo\/\"}]}<\/script>\n<!-- \/ Yoast SEO plugin. -->","yoast_head_json":{"title":"A horas de dar inicio a las sesiones, Bordoni habl\u00f3 de todo - Noticias Radio Reflejos","robots":{"index":"index","follow":"follow","max-snippet":"max-snippet:-1","max-image-preview":"max-image-preview:large","max-video-preview":"max-video-preview:-1"},"canonical":"https:\/\/www.noticiasradioreflejos.com.ar\/2021\/a-horas-de-dar-inicio-a-las-sesiones-bordoni-hablo-de-todo\/","og_locale":"es_ES","og_type":"article","og_title":"A horas de dar inicio a las sesiones, Bordoni habl\u00f3 de todo - Noticias Radio Reflejos","og_description":"El jefe comunal de nuevo en actividad no dej\u00f3 tema por tocar. Su salud, la crisis econ\u00f3mica, la ayuda escolar, las viviendas en Saldungaray y las inversiones en Sierra.","og_url":"https:\/\/www.noticiasradioreflejos.com.ar\/2021\/a-horas-de-dar-inicio-a-las-sesiones-bordoni-hablo-de-todo\/","og_site_name":"Noticias Radio Reflejos","article_published_time":"2024-03-01T19:41:37+00:00","article_modified_time":"2024-03-02T12:07:52+00:00","og_image":[{"width":606,"height":725,"url":"https:\/\/www.noticiasradioreflejos.com.ar\/2021\/wp-content\/uploads\/2024\/02\/Sergio-Bordoni.jpeg","type":"image\/jpeg"}],"author":"Arnaldo Botto","twitter_card":"summary_large_image","schema":{"@context":"https:\/\/schema.org","@graph":[{"@type":"WebPage","@id":"https:\/\/www.noticiasradioreflejos.com.ar\/2021\/a-horas-de-dar-inicio-a-las-sesiones-bordoni-hablo-de-todo\/","url":"https:\/\/www.noticiasradioreflejos.com.ar\/2021\/a-horas-de-dar-inicio-a-las-sesiones-bordoni-hablo-de-todo\/","name":"A horas de dar inicio a las sesiones, Bordoni habl\u00f3 de todo - Noticias Radio Reflejos","isPartOf":{"@id":"https:\/\/www.noticiasradioreflejos.com.ar\/2021\/#website"},"primaryImageOfPage":{"@id":"https:\/\/www.noticiasradioreflejos.com.ar\/2021\/a-horas-de-dar-inicio-a-las-sesiones-bordoni-hablo-de-todo\/#primaryimage"},"image":{"@id":"https:\/\/www.noticiasradioreflejos.com.ar\/2021\/a-horas-de-dar-inicio-a-las-sesiones-bordoni-hablo-de-todo\/#primaryimage"},"thumbnailUrl":"https:\/\/www.noticiasradioreflejos.com.ar\/2021\/wp-content\/uploads\/2024\/02\/Sergio-Bordoni.jpeg","datePublished":"2024-03-01T19:41:37+00:00","dateModified":"2024-03-02T12:07:52+00:00","author":{"@id":"https:\/\/www.noticiasradioreflejos.com.ar\/2021\/#\/schema\/person\/ad82545263dcc5ec0996818884fd5fb1"},"breadcrumb":{"@id":"https:\/\/www.noticiasradioreflejos.com.ar\/2021\/a-horas-de-dar-inicio-a-las-sesiones-bordoni-hablo-de-todo\/#breadcrumb"},"inLanguage":"es","potentialAction":[{"@type":"ReadAction","target":["https:\/\/www.noticiasradioreflejos.com.ar\/2021\/a-horas-de-dar-inicio-a-las-sesiones-bordoni-hablo-de-todo\/"]}]},{"@type":"ImageObject","inLanguage":"es","@id":"https:\/\/www.noticiasradioreflejos.com.ar\/2021\/a-horas-de-dar-inicio-a-las-sesiones-bordoni-hablo-de-todo\/#primaryimage","url":"https:\/\/www.noticiasradioreflejos.com.ar\/2021\/wp-content\/uploads\/2024\/02\/Sergio-Bordoni.jpeg","contentUrl":"https:\/\/www.noticiasradioreflejos.com.ar\/2021\/wp-content\/uploads\/2024\/02\/Sergio-Bordoni.jpeg","width":606,"height":725},{"@type":"BreadcrumbList","@id":"https:\/\/www.noticiasradioreflejos.com.ar\/2021\/a-horas-de-dar-inicio-a-las-sesiones-bordoni-hablo-de-todo\/#breadcrumb","itemListElement":[{"@type":"ListItem","position":1,"name":"Portada","item":"https:\/\/www.noticiasradioreflejos.com.ar\/2021\/"},{"@type":"ListItem","position":2,"name":"A horas de dar inicio a las sesiones, Bordoni habl\u00f3 de todo"}]},{"@type":"WebSite","@id":"https:\/\/www.noticiasradioreflejos.com.ar\/2021\/#website","url":"https:\/\/www.noticiasradioreflejos.com.ar\/2021\/","name":"Noticias Radio Reflejos","description":"Las noticias de mi comarca","potentialAction":[{"@type":"SearchAction","target":{"@type":"EntryPoint","urlTemplate":"https:\/\/www.noticiasradioreflejos.com.ar\/2021\/?s={search_term_string}"},"query-input":{"@type":"PropertyValueSpecification","valueRequired":true,"valueName":"search_term_string"}}],"inLanguage":"es"},{"@type":"Person","@id":"https:\/\/www.noticiasradioreflejos.com.ar\/2021\/#\/schema\/person\/ad82545263dcc5ec0996818884fd5fb1","name":"Arnaldo Botto","image":{"@type":"ImageObject","inLanguage":"es","@id":"https:\/\/www.noticiasradioreflejos.com.ar\/2021\/#\/schema\/person\/image\/","url":"https:\/\/secure.gravatar.com\/avatar\/55cb5e37c1efa326397366e6974cb338056df65cb50e7d64d1cf314e87504837?s=96&d=mm&r=g","contentUrl":"https:\/\/secure.gravatar.com\/avatar\/55cb5e37c1efa326397366e6974cb338056df65cb50e7d64d1cf314e87504837?s=96&d=mm&r=g","caption":"Arnaldo Botto"},"url":"https:\/\/www.noticiasradioreflejos.com.ar\/2021\/author\/arnaldo\/"}]}},"_links":{"self":[{"href":"https:\/\/www.noticiasradioreflejos.com.ar\/2021\/wp-json\/wp\/v2\/posts\/99486","targetHints":{"allow":["GET"]}}],"collection":[{"href":"https:\/\/www.noticiasradioreflejos.com.ar\/2021\/wp-json\/wp\/v2\/posts"}],"about":[{"href":"https:\/\/www.noticiasradioreflejos.com.ar\/2021\/wp-json\/wp\/v2\/types\/post"}],"author":[{"embeddable":true,"href":"https:\/\/www.noticiasradioreflejos.com.ar\/2021\/wp-json\/wp\/v2\/users\/3"}],"replies":[{"embeddable":true,"href":"https:\/\/www.noticiasradioreflejos.com.ar\/2021\/wp-json\/wp\/v2\/comments?post=99486"}],"version-history":[{"count":2,"href":"https:\/\/www.noticiasradioreflejos.com.ar\/2021\/wp-json\/wp\/v2\/posts\/99486\/revisions"}],"predecessor-version":[{"id":99490,"href":"https:\/\/www.noticiasradioreflejos.com.ar\/2021\/wp-json\/wp\/v2\/posts\/99486\/revisions\/99490"}],"wp:featuredmedia":[{"embeddable":true,"href":"https:\/\/www.noticiasradioreflejos.com.ar\/2021\/wp-json\/wp\/v2\/media\/98645"}],"wp:attachment":[{"href":"https:\/\/www.noticiasradioreflejos.com.ar\/2021\/wp-json\/wp\/v2\/media?parent=99486"}],"wp:term":[{"taxonomy":"category","embeddable":true,"href":"https:\/\/www.noticiasradioreflejos.com.ar\/2021\/wp-json\/wp\/v2\/categories?post=99486"},{"taxonomy":"post_tag","embeddable":true,"href":"https:\/\/www.noticiasradioreflejos.com.ar\/2021\/wp-json\/wp\/v2\/tags?post=99486"}],"curies":[{"name":"wp","href":"https:\/\/api.w.org\/{rel}","templated":true}]}}