{"id":99482,"date":"2024-03-01T16:12:28","date_gmt":"2024-03-01T19:12:28","guid":{"rendered":"https:\/\/www.noticiasradioreflejos.com.ar\/2021\/?p=99482"},"modified":"2024-03-01T16:12:28","modified_gmt":"2024-03-01T19:12:28","slug":"dufaur-si-no-fuese-por-yamila-estauro-me-moria-sin-llegar-a-ningun-lado","status":"publish","type":"post","link":"https:\/\/www.noticiasradioreflejos.com.ar\/2021\/dufaur-si-no-fuese-por-yamila-estauro-me-moria-sin-llegar-a-ningun-lado\/","title":{"rendered":"Dufaur: \u201cSi no fuese por Yamila Estauro me mor\u00eda sin llegar a ning\u00fan lado\u201d"},"content":{"rendered":"<p><strong>Corina Angeloni De Castro<\/strong> cont\u00f3 una historia cruda y desgarradora. En la sala m\u00e9dica de<strong> Dufaur<\/strong> le salvaron la vida, y quiso retribuir ese gesto enalteciendo la figura de la enfermera que la socorri\u00f3.<!--more--><\/p>\n<p>Corina Angeloni De Castro volvi\u00f3 a nacer ayer en Dufaur. Ella misma as\u00ed lo vivenci\u00f3. Todo, gracias a la vocaci\u00f3n de servicio de la \u00fanica profesional que queda en la sala m\u00e9dica de esa colonia.<\/p>\n<p><a title=\"Yamila Estauro\" href=\"https:\/\/www.flickr.com\/photos\/182279889@N02\/53560843807\/in\/dateposted-public\/\" data-flickr-embed=\"true\"><img loading=\"lazy\" decoding=\"async\" class=\"alignleft\" src=\"https:\/\/live.staticflickr.com\/65535\/53560843807_7841518162_c.jpg\" alt=\"Yamila Estauro\" width=\"307\" height=\"410\" \/><\/a>Seg\u00fan cont\u00f3 \u201csoy de punta alta pero tenemos una casita en Dufaur. Ac\u00e1 hay una enfermera, Yamila Estauro, que hace muchos a\u00f1os trabaja en la salita m\u00e9dica. Ella act\u00faa como un m\u00e9dico, es una excelente profesional. Todos lo tienen que saber. La sala es peque\u00f1a pero est\u00e1 colmada de amor\u201d.<\/p>\n<p>En esa l\u00ednea mencion\u00f3 que \u201csi bien cada tanto viene un m\u00e9dico, no tenemos uno permanente desde el fallecimiento del anterior. La cuesti\u00f3n que ayer estaba comiendo apurada y me atragant\u00e9 con pan y at\u00fan, y me comenz\u00f3 a faltar el aire\u201d.<\/p>\n<p>Agregando que \u201cmi marido se abatat\u00f3 y solo alcanc\u00e9 a decirle que me lleve a la salita. Ella, con su actitud profesional, me tranquiliz\u00f3. Me hizo sentar, me comenz\u00f3 a hacer maniobras, y si no fuese por ella me mor\u00eda porque no llegaba a ning\u00fan lado\u201d.<\/p>\n<p>Por \u00faltimo admiti\u00f3 que \u201cla comida se hab\u00eda hecho una pelota que no iba para ning\u00fan lado. Me hizo lavados y me recuper\u00f3 a la vida. Quiero que se conozca esta historia, porque tenemos una excelente profesional en la zona. Es una manera de hacer patria\u201d.<\/p>\n<p><iframe loading=\"lazy\" src=\"https:\/\/w.soundcloud.com\/player\/?url=https%3A\/\/api.soundcloud.com\/tracks\/1762312113&amp;color=%23ff5500&amp;auto_play=false&amp;hide_related=false&amp;show_comments=true&amp;show_user=true&amp;show_reposts=false&amp;show_teaser=true\" width=\"100%\" height=\"166\" frameborder=\"no\" scrolling=\"no\"><\/iframe><\/p>\n<div style=\"font-size: 10px; color: #cccccc; line-break: anywhere; word-break: normal; overflow: hidden; white-space: nowrap; text-overflow: ellipsis; font-family: Interstate,Lucida Grande,Lucida Sans Unicode,Lucida Sans,Garuda,Verdana,Tahoma,sans-serif; font-weight: 100;\"><a style=\"color: #cccccc; text-decoration: none;\" title=\"fmreflejos 103.7\" href=\"https:\/\/soundcloud.com\/fmreflejos-103-7\" target=\"_blank\" rel=\"noopener\">fmreflejos 103.7<\/a> \u00b7 <a style=\"color: #cccccc; text-decoration: none;\" title=\"Angelina Angeloni De Castro 01 - 02\" href=\"https:\/\/soundcloud.com\/fmreflejos-103-7\/angelina-angeloni-de-castro-01-02\" target=\"_blank\" rel=\"noopener\">Angelina Angeloni De Castro 01 &#8211; 02<\/a><\/div>\n<p>&nbsp;<\/p>\n<p>&nbsp;<\/p>\n","protected":false},"excerpt":{"rendered":"<p>Corina Angeloni De Castro cont\u00f3 una historia cruda y desgarradora. En la sala m\u00e9dica de Dufaur le salvaron la vida, y quiso retribuir ese gesto enalteciendo la figura de la enfermera que la socorri\u00f3.<\/p>\n","protected":false},"author":3,"featured_media":99488,"comment_status":"closed","ping_status":"closed","sticky":false,"template":"","format":"standard","meta":{"footnotes":""},"categories":[26],"tags":[48],"class_list":["post-99482","post","type-post","status-publish","format-standard","has-post-thumbnail","hentry","category-sociedad","tag-destacada"],"yoast_head":"<!-- This site is optimized with the Yoast SEO plugin v25.9 - https:\/\/yoast.com\/wordpress\/plugins\/seo\/ -->\n<title>Dufaur: \u201cSi no fuese por Yamila Estauro me mor\u00eda sin llegar a ning\u00fan lado\u201d - Noticias Radio Reflejos<\/title>\n<meta name=\"robots\" content=\"index, follow, max-snippet:-1, max-image-preview:large, max-video-preview:-1\" \/>\n<link rel=\"canonical\" href=\"https:\/\/www.noticiasradioreflejos.com.ar\/2021\/dufaur-si-no-fuese-por-yamila-estauro-me-moria-sin-llegar-a-ningun-lado\/\" \/>\n<meta property=\"og:locale\" content=\"es_ES\" \/>\n<meta property=\"og:type\" content=\"article\" \/>\n<meta property=\"og:title\" content=\"Dufaur: \u201cSi no fuese por Yamila Estauro me mor\u00eda sin llegar a ning\u00fan lado\u201d - Noticias Radio Reflejos\" \/>\n<meta property=\"og:description\" content=\"Corina Angeloni De Castro cont\u00f3 una historia cruda y desgarradora. En la sala m\u00e9dica de Dufaur le salvaron la vida, y quiso retribuir ese gesto enalteciendo la figura de la enfermera que la socorri\u00f3.\" \/>\n<meta property=\"og:url\" content=\"https:\/\/www.noticiasradioreflejos.com.ar\/2021\/dufaur-si-no-fuese-por-yamila-estauro-me-moria-sin-llegar-a-ningun-lado\/\" \/>\n<meta property=\"og:site_name\" content=\"Noticias Radio Reflejos\" \/>\n<meta property=\"article:published_time\" content=\"2024-03-01T19:12:28+00:00\" \/>\n<meta property=\"og:image\" content=\"https:\/\/www.noticiasradioreflejos.com.ar\/2021\/wp-content\/uploads\/2024\/03\/Dufaur.png\" \/>\n\t<meta property=\"og:image:width\" content=\"1112\" \/>\n\t<meta property=\"og:image:height\" content=\"630\" \/>\n\t<meta property=\"og:image:type\" content=\"image\/png\" \/>\n<meta name=\"author\" content=\"Arnaldo Botto\" \/>\n<meta name=\"twitter:card\" content=\"summary_large_image\" \/>\n<script type=\"application\/ld+json\" class=\"yoast-schema-graph\">{\"@context\":\"https:\/\/schema.org\",\"@graph\":[{\"@type\":\"WebPage\",\"@id\":\"https:\/\/www.noticiasradioreflejos.com.ar\/2021\/dufaur-si-no-fuese-por-yamila-estauro-me-moria-sin-llegar-a-ningun-lado\/\",\"url\":\"https:\/\/www.noticiasradioreflejos.com.ar\/2021\/dufaur-si-no-fuese-por-yamila-estauro-me-moria-sin-llegar-a-ningun-lado\/\",\"name\":\"Dufaur: \u201cSi no fuese por Yamila Estauro me mor\u00eda sin llegar a ning\u00fan lado\u201d - Noticias Radio Reflejos\",\"isPartOf\":{\"@id\":\"https:\/\/www.noticiasradioreflejos.com.ar\/2021\/#website\"},\"primaryImageOfPage\":{\"@id\":\"https:\/\/www.noticiasradioreflejos.com.ar\/2021\/dufaur-si-no-fuese-por-yamila-estauro-me-moria-sin-llegar-a-ningun-lado\/#primaryimage\"},\"image\":{\"@id\":\"https:\/\/www.noticiasradioreflejos.com.ar\/2021\/dufaur-si-no-fuese-por-yamila-estauro-me-moria-sin-llegar-a-ningun-lado\/#primaryimage\"},\"thumbnailUrl\":\"https:\/\/www.noticiasradioreflejos.com.ar\/2021\/wp-content\/uploads\/2024\/03\/Dufaur.png\",\"datePublished\":\"2024-03-01T19:12:28+00:00\",\"author\":{\"@id\":\"https:\/\/www.noticiasradioreflejos.com.ar\/2021\/#\/schema\/person\/ad82545263dcc5ec0996818884fd5fb1\"},\"breadcrumb\":{\"@id\":\"https:\/\/www.noticiasradioreflejos.com.ar\/2021\/dufaur-si-no-fuese-por-yamila-estauro-me-moria-sin-llegar-a-ningun-lado\/#breadcrumb\"},\"inLanguage\":\"es\",\"potentialAction\":[{\"@type\":\"ReadAction\",\"target\":[\"https:\/\/www.noticiasradioreflejos.com.ar\/2021\/dufaur-si-no-fuese-por-yamila-estauro-me-moria-sin-llegar-a-ningun-lado\/\"]}]},{\"@type\":\"ImageObject\",\"inLanguage\":\"es\",\"@id\":\"https:\/\/www.noticiasradioreflejos.com.ar\/2021\/dufaur-si-no-fuese-por-yamila-estauro-me-moria-sin-llegar-a-ningun-lado\/#primaryimage\",\"url\":\"https:\/\/www.noticiasradioreflejos.com.ar\/2021\/wp-content\/uploads\/2024\/03\/Dufaur.png\",\"contentUrl\":\"https:\/\/www.noticiasradioreflejos.com.ar\/2021\/wp-content\/uploads\/2024\/03\/Dufaur.png\",\"width\":1112,\"height\":630},{\"@type\":\"BreadcrumbList\",\"@id\":\"https:\/\/www.noticiasradioreflejos.com.ar\/2021\/dufaur-si-no-fuese-por-yamila-estauro-me-moria-sin-llegar-a-ningun-lado\/#breadcrumb\",\"itemListElement\":[{\"@type\":\"ListItem\",\"position\":1,\"name\":\"Portada\",\"item\":\"https:\/\/www.noticiasradioreflejos.com.ar\/2021\/\"},{\"@type\":\"ListItem\",\"position\":2,\"name\":\"Dufaur: \u201cSi no fuese por Yamila Estauro me mor\u00eda sin llegar a ning\u00fan lado\u201d\"}]},{\"@type\":\"WebSite\",\"@id\":\"https:\/\/www.noticiasradioreflejos.com.ar\/2021\/#website\",\"url\":\"https:\/\/www.noticiasradioreflejos.com.ar\/2021\/\",\"name\":\"Noticias Radio Reflejos\",\"description\":\"Las noticias de mi comarca\",\"potentialAction\":[{\"@type\":\"SearchAction\",\"target\":{\"@type\":\"EntryPoint\",\"urlTemplate\":\"https:\/\/www.noticiasradioreflejos.com.ar\/2021\/?s={search_term_string}\"},\"query-input\":{\"@type\":\"PropertyValueSpecification\",\"valueRequired\":true,\"valueName\":\"search_term_string\"}}],\"inLanguage\":\"es\"},{\"@type\":\"Person\",\"@id\":\"https:\/\/www.noticiasradioreflejos.com.ar\/2021\/#\/schema\/person\/ad82545263dcc5ec0996818884fd5fb1\",\"name\":\"Arnaldo Botto\",\"image\":{\"@type\":\"ImageObject\",\"inLanguage\":\"es\",\"@id\":\"https:\/\/www.noticiasradioreflejos.com.ar\/2021\/#\/schema\/person\/image\/\",\"url\":\"https:\/\/secure.gravatar.com\/avatar\/55cb5e37c1efa326397366e6974cb338056df65cb50e7d64d1cf314e87504837?s=96&d=mm&r=g\",\"contentUrl\":\"https:\/\/secure.gravatar.com\/avatar\/55cb5e37c1efa326397366e6974cb338056df65cb50e7d64d1cf314e87504837?s=96&d=mm&r=g\",\"caption\":\"Arnaldo Botto\"},\"url\":\"https:\/\/www.noticiasradioreflejos.com.ar\/2021\/author\/arnaldo\/\"}]}<\/script>\n<!-- \/ Yoast SEO plugin. -->","yoast_head_json":{"title":"Dufaur: \u201cSi no fuese por Yamila Estauro me mor\u00eda sin llegar a ning\u00fan lado\u201d - Noticias Radio Reflejos","robots":{"index":"index","follow":"follow","max-snippet":"max-snippet:-1","max-image-preview":"max-image-preview:large","max-video-preview":"max-video-preview:-1"},"canonical":"https:\/\/www.noticiasradioreflejos.com.ar\/2021\/dufaur-si-no-fuese-por-yamila-estauro-me-moria-sin-llegar-a-ningun-lado\/","og_locale":"es_ES","og_type":"article","og_title":"Dufaur: \u201cSi no fuese por Yamila Estauro me mor\u00eda sin llegar a ning\u00fan lado\u201d - Noticias Radio Reflejos","og_description":"Corina Angeloni De Castro cont\u00f3 una historia cruda y desgarradora. En la sala m\u00e9dica de Dufaur le salvaron la vida, y quiso retribuir ese gesto enalteciendo la figura de la enfermera que la socorri\u00f3.","og_url":"https:\/\/www.noticiasradioreflejos.com.ar\/2021\/dufaur-si-no-fuese-por-yamila-estauro-me-moria-sin-llegar-a-ningun-lado\/","og_site_name":"Noticias Radio Reflejos","article_published_time":"2024-03-01T19:12:28+00:00","og_image":[{"width":1112,"height":630,"url":"https:\/\/www.noticiasradioreflejos.com.ar\/2021\/wp-content\/uploads\/2024\/03\/Dufaur.png","type":"image\/png"}],"author":"Arnaldo Botto","twitter_card":"summary_large_image","schema":{"@context":"https:\/\/schema.org","@graph":[{"@type":"WebPage","@id":"https:\/\/www.noticiasradioreflejos.com.ar\/2021\/dufaur-si-no-fuese-por-yamila-estauro-me-moria-sin-llegar-a-ningun-lado\/","url":"https:\/\/www.noticiasradioreflejos.com.ar\/2021\/dufaur-si-no-fuese-por-yamila-estauro-me-moria-sin-llegar-a-ningun-lado\/","name":"Dufaur: \u201cSi no fuese por Yamila Estauro me mor\u00eda sin llegar a ning\u00fan lado\u201d - Noticias Radio Reflejos","isPartOf":{"@id":"https:\/\/www.noticiasradioreflejos.com.ar\/2021\/#website"},"primaryImageOfPage":{"@id":"https:\/\/www.noticiasradioreflejos.com.ar\/2021\/dufaur-si-no-fuese-por-yamila-estauro-me-moria-sin-llegar-a-ningun-lado\/#primaryimage"},"image":{"@id":"https:\/\/www.noticiasradioreflejos.com.ar\/2021\/dufaur-si-no-fuese-por-yamila-estauro-me-moria-sin-llegar-a-ningun-lado\/#primaryimage"},"thumbnailUrl":"https:\/\/www.noticiasradioreflejos.com.ar\/2021\/wp-content\/uploads\/2024\/03\/Dufaur.png","datePublished":"2024-03-01T19:12:28+00:00","author":{"@id":"https:\/\/www.noticiasradioreflejos.com.ar\/2021\/#\/schema\/person\/ad82545263dcc5ec0996818884fd5fb1"},"breadcrumb":{"@id":"https:\/\/www.noticiasradioreflejos.com.ar\/2021\/dufaur-si-no-fuese-por-yamila-estauro-me-moria-sin-llegar-a-ningun-lado\/#breadcrumb"},"inLanguage":"es","potentialAction":[{"@type":"ReadAction","target":["https:\/\/www.noticiasradioreflejos.com.ar\/2021\/dufaur-si-no-fuese-por-yamila-estauro-me-moria-sin-llegar-a-ningun-lado\/"]}]},{"@type":"ImageObject","inLanguage":"es","@id":"https:\/\/www.noticiasradioreflejos.com.ar\/2021\/dufaur-si-no-fuese-por-yamila-estauro-me-moria-sin-llegar-a-ningun-lado\/#primaryimage","url":"https:\/\/www.noticiasradioreflejos.com.ar\/2021\/wp-content\/uploads\/2024\/03\/Dufaur.png","contentUrl":"https:\/\/www.noticiasradioreflejos.com.ar\/2021\/wp-content\/uploads\/2024\/03\/Dufaur.png","width":1112,"height":630},{"@type":"BreadcrumbList","@id":"https:\/\/www.noticiasradioreflejos.com.ar\/2021\/dufaur-si-no-fuese-por-yamila-estauro-me-moria-sin-llegar-a-ningun-lado\/#breadcrumb","itemListElement":[{"@type":"ListItem","position":1,"name":"Portada","item":"https:\/\/www.noticiasradioreflejos.com.ar\/2021\/"},{"@type":"ListItem","position":2,"name":"Dufaur: \u201cSi no fuese por Yamila Estauro me mor\u00eda sin llegar a ning\u00fan lado\u201d"}]},{"@type":"WebSite","@id":"https:\/\/www.noticiasradioreflejos.com.ar\/2021\/#website","url":"https:\/\/www.noticiasradioreflejos.com.ar\/2021\/","name":"Noticias Radio Reflejos","description":"Las noticias de mi comarca","potentialAction":[{"@type":"SearchAction","target":{"@type":"EntryPoint","urlTemplate":"https:\/\/www.noticiasradioreflejos.com.ar\/2021\/?s={search_term_string}"},"query-input":{"@type":"PropertyValueSpecification","valueRequired":true,"valueName":"search_term_string"}}],"inLanguage":"es"},{"@type":"Person","@id":"https:\/\/www.noticiasradioreflejos.com.ar\/2021\/#\/schema\/person\/ad82545263dcc5ec0996818884fd5fb1","name":"Arnaldo Botto","image":{"@type":"ImageObject","inLanguage":"es","@id":"https:\/\/www.noticiasradioreflejos.com.ar\/2021\/#\/schema\/person\/image\/","url":"https:\/\/secure.gravatar.com\/avatar\/55cb5e37c1efa326397366e6974cb338056df65cb50e7d64d1cf314e87504837?s=96&d=mm&r=g","contentUrl":"https:\/\/secure.gravatar.com\/avatar\/55cb5e37c1efa326397366e6974cb338056df65cb50e7d64d1cf314e87504837?s=96&d=mm&r=g","caption":"Arnaldo Botto"},"url":"https:\/\/www.noticiasradioreflejos.com.ar\/2021\/author\/arnaldo\/"}]}},"_links":{"self":[{"href":"https:\/\/www.noticiasradioreflejos.com.ar\/2021\/wp-json\/wp\/v2\/posts\/99482","targetHints":{"allow":["GET"]}}],"collection":[{"href":"https:\/\/www.noticiasradioreflejos.com.ar\/2021\/wp-json\/wp\/v2\/posts"}],"about":[{"href":"https:\/\/www.noticiasradioreflejos.com.ar\/2021\/wp-json\/wp\/v2\/types\/post"}],"author":[{"embeddable":true,"href":"https:\/\/www.noticiasradioreflejos.com.ar\/2021\/wp-json\/wp\/v2\/users\/3"}],"replies":[{"embeddable":true,"href":"https:\/\/www.noticiasradioreflejos.com.ar\/2021\/wp-json\/wp\/v2\/comments?post=99482"}],"version-history":[{"count":2,"href":"https:\/\/www.noticiasradioreflejos.com.ar\/2021\/wp-json\/wp\/v2\/posts\/99482\/revisions"}],"predecessor-version":[{"id":99489,"href":"https:\/\/www.noticiasradioreflejos.com.ar\/2021\/wp-json\/wp\/v2\/posts\/99482\/revisions\/99489"}],"wp:featuredmedia":[{"embeddable":true,"href":"https:\/\/www.noticiasradioreflejos.com.ar\/2021\/wp-json\/wp\/v2\/media\/99488"}],"wp:attachment":[{"href":"https:\/\/www.noticiasradioreflejos.com.ar\/2021\/wp-json\/wp\/v2\/media?parent=99482"}],"wp:term":[{"taxonomy":"category","embeddable":true,"href":"https:\/\/www.noticiasradioreflejos.com.ar\/2021\/wp-json\/wp\/v2\/categories?post=99482"},{"taxonomy":"post_tag","embeddable":true,"href":"https:\/\/www.noticiasradioreflejos.com.ar\/2021\/wp-json\/wp\/v2\/tags?post=99482"}],"curies":[{"name":"wp","href":"https:\/\/api.w.org\/{rel}","templated":true}]}}