{"id":99479,"date":"2024-03-01T15:51:34","date_gmt":"2024-03-01T18:51:34","guid":{"rendered":"https:\/\/www.noticiasradioreflejos.com.ar\/2021\/?p=99479"},"modified":"2024-03-01T15:52:00","modified_gmt":"2024-03-01T18:52:00","slug":"los-comerciantes-analizaron-la-temporada-y-manifestaron-su-apoyo-a-susana-dos-santos","status":"publish","type":"post","link":"https:\/\/www.noticiasradioreflejos.com.ar\/2021\/los-comerciantes-analizaron-la-temporada-y-manifestaron-su-apoyo-a-susana-dos-santos\/","title":{"rendered":"Los comerciantes analizaron la temporada y manifestaron su apoyo a Susana Dos Santos."},"content":{"rendered":"<p><strong>Enrique y Gina Alessandrini, Rub\u00e9n Medrano y Jorge Savisky<\/strong> visitaron los estudios de FM Reflejos y analizaron lo que aconteci\u00f3 en los primeros meses del a\u00f1o. \u201cDentro de todo no fue una temporada tan mala\u201d concluyeron.<!--more--><\/p>\n<p>Con marzo ya comenzado lleg\u00f3 el tiempo de an\u00e1lisis y balances, y por tal motivo convocados por FM Reflejos, Enrique y Gina Alessandrini, junto con Rub\u00e9n Medrano y Jorge Savisky repasaron lo ocurrido en los primeros dos meses del a\u00f1o.<\/p>\n<p>Al respecto sostuvieron que \u201ccomparando con otros lugares, como Monte Hermoso o Las Grutas, estuvimos bastante bien. Ellos sufrieron m\u00e1s. De todas maneras tuvimos una temporada at\u00edpica. De a poco se fue llenando, y digo que fue at\u00edpica porque el turista no lo planificaba, llamaba de un d\u00eda para el otro\u201d.<\/p>\n<p>En esa l\u00ednea referenciaron que \u201cdiciembre fue muy bajo y la visi\u00f3n para enero era muy mala. Poco a poco comenzaron las consultas de un d\u00eda para el otro, con vacaciones cortas y as\u00ed se fue completando la temporada. Hace una semana baj\u00f3 totalmente, de la mano con el comienzo de clases, pero dentro de todo no fue tan mala\u201d.<\/p>\n<p>En otro pasaje de la charla acotaron que \u201clas ganancias y los ingresos no fueron los mismos, porque si bien se ve\u00eda gente sentada en los restaurants, los empresarios achicaron el margen de ganancia entonces la brecha se achic\u00f3 mucho\u201d.<\/p>\n<p>Al tiempo que admitieron que \u201cla experiencia con nuestro comercio en \u00e9poca de crisis, ya que no es la primera, cuando hay escases de dinero, donde nuestros pesos se llevan en bolsas y lo que compras son paquetitos, lo primero que se asegura el turista es el alojamiento, y luego, va a ver qu\u00e9 puede gastar en el supermercado. Si te sobra un poco, va a la rotiser\u00eda, y el que puede, al restaurant. Ellos sufrieron m\u00e1s\u201d.<\/p>\n<p>Del mismo modo otra arista analizada fue el hecho de que \u201cel golf sigue siendo un atractivo, porque en la regi\u00f3n se han hecho canchas de 9 hoyos para jugar de lunes a viernes, entonces cuando quieren jugar en una cancha vistosa vienen, sobre todos los fines de semana, de 300 kil\u00f3metros a la redonda\u201d.<\/p>\n<p>En tanto que para ir cerrando coincidieron en que \u201clos argentinos estamos acostumbrados a las crisis. Habr\u00e1 que apechugar m\u00e1s y gastar menos, al tiempo de conseguir m\u00e1s trabajo. Hemos pasado varias, miles y una, sobre todo cuando no ven\u00eda gente y hab\u00eda que pagar igual las cuentas\u201d.<\/p>\n<p>Por \u00faltimo remarcaron que \u201ccuando ya sonaba la nueva delegada, ella nos vino a hablar, nos reuni\u00f3 a algunos comerciantes y nos pregunt\u00f3 si la \u00edbamos a apoyar. Seguimos reuni\u00e9ndonos, la vemos muy bien, estamos muy contentos y la seguimos apoyando. Entre todos dimos una mano con el arreglo del regador, comprando los repuestos y d\u00e1ndoselo a la delegada\u201d.<\/p>\n<p>&nbsp;<\/p>\n<p><iframe loading=\"lazy\" src=\"https:\/\/w.soundcloud.com\/player\/?url=https%3A\/\/api.soundcloud.com\/tracks\/1762200399&amp;color=%23ff5500&amp;auto_play=false&amp;hide_related=false&amp;show_comments=true&amp;show_user=true&amp;show_reposts=false&amp;show_teaser=true\" width=\"100%\" height=\"166\" frameborder=\"no\" scrolling=\"no\"><\/iframe><\/p>\n<div style=\"font-size: 10px; color: #cccccc; line-break: anywhere; word-break: normal; overflow: hidden; white-space: nowrap; text-overflow: ellipsis; font-family: Interstate,Lucida Grande,Lucida Sans Unicode,Lucida Sans,Garuda,Verdana,Tahoma,sans-serif; font-weight: 100;\"><a style=\"color: #cccccc; text-decoration: none;\" title=\"fmreflejos 103.7\" href=\"https:\/\/soundcloud.com\/fmreflejos-103-7\" target=\"_blank\" rel=\"noopener\">fmreflejos 103.7<\/a> \u00b7 <a style=\"color: #cccccc; text-decoration: none;\" title=\"Nota Comerciantes 1 - 03\" href=\"https:\/\/soundcloud.com\/fmreflejos-103-7\/nota-comerciantes-1-03\" target=\"_blank\" rel=\"noopener\">Nota Comerciantes 1 &#8211; 03<\/a><\/div>\n","protected":false},"excerpt":{"rendered":"<p>Enrique y Gina Alessandrini, Rub\u00e9n Medrano y Jorge Savisky visitaron los estudios de FM Reflejos y analizaron lo que aconteci\u00f3 en los primeros meses del a\u00f1o. \u201cDentro de todo no fue una temporada tan mala\u201d concluyeron.<\/p>\n","protected":false},"author":3,"featured_media":99481,"comment_status":"closed","ping_status":"closed","sticky":false,"template":"","format":"standard","meta":{"footnotes":""},"categories":[36,26,33],"tags":[48],"class_list":["post-99479","post","type-post","status-publish","format-standard","has-post-thumbnail","hentry","category-economia","category-sociedad","category-turismo","tag-destacada"],"yoast_head":"<!-- This site is optimized with the Yoast SEO plugin v25.9 - https:\/\/yoast.com\/wordpress\/plugins\/seo\/ -->\n<title>Los comerciantes analizaron la temporada y manifestaron su apoyo a Susana Dos Santos. - Noticias Radio Reflejos<\/title>\n<meta name=\"robots\" content=\"index, follow, max-snippet:-1, max-image-preview:large, max-video-preview:-1\" \/>\n<link rel=\"canonical\" href=\"https:\/\/www.noticiasradioreflejos.com.ar\/2021\/los-comerciantes-analizaron-la-temporada-y-manifestaron-su-apoyo-a-susana-dos-santos\/\" \/>\n<meta property=\"og:locale\" content=\"es_ES\" \/>\n<meta property=\"og:type\" content=\"article\" \/>\n<meta property=\"og:title\" content=\"Los comerciantes analizaron la temporada y manifestaron su apoyo a Susana Dos Santos. - Noticias Radio Reflejos\" \/>\n<meta property=\"og:description\" content=\"Enrique y Gina Alessandrini, Rub\u00e9n Medrano y Jorge Savisky visitaron los estudios de FM Reflejos y analizaron lo que aconteci\u00f3 en los primeros meses del a\u00f1o. \u201cDentro de todo no fue una temporada tan mala\u201d concluyeron.\" \/>\n<meta property=\"og:url\" content=\"https:\/\/www.noticiasradioreflejos.com.ar\/2021\/los-comerciantes-analizaron-la-temporada-y-manifestaron-su-apoyo-a-susana-dos-santos\/\" \/>\n<meta property=\"og:site_name\" content=\"Noticias Radio Reflejos\" \/>\n<meta property=\"article:published_time\" content=\"2024-03-01T18:51:34+00:00\" \/>\n<meta property=\"article:modified_time\" content=\"2024-03-01T18:52:00+00:00\" \/>\n<meta property=\"og:image\" content=\"https:\/\/www.noticiasradioreflejos.com.ar\/2021\/wp-content\/uploads\/2024\/03\/Enrique-y-Gina-Alessandrini-Ruben-Medrano-y-Jorge-Savisky.jpeg\" \/>\n\t<meta property=\"og:image:width\" content=\"1600\" \/>\n\t<meta property=\"og:image:height\" content=\"900\" \/>\n\t<meta property=\"og:image:type\" content=\"image\/jpeg\" \/>\n<meta name=\"author\" content=\"Arnaldo Botto\" \/>\n<meta name=\"twitter:card\" content=\"summary_large_image\" \/>\n<script type=\"application\/ld+json\" class=\"yoast-schema-graph\">{\"@context\":\"https:\/\/schema.org\",\"@graph\":[{\"@type\":\"WebPage\",\"@id\":\"https:\/\/www.noticiasradioreflejos.com.ar\/2021\/los-comerciantes-analizaron-la-temporada-y-manifestaron-su-apoyo-a-susana-dos-santos\/\",\"url\":\"https:\/\/www.noticiasradioreflejos.com.ar\/2021\/los-comerciantes-analizaron-la-temporada-y-manifestaron-su-apoyo-a-susana-dos-santos\/\",\"name\":\"Los comerciantes analizaron la temporada y manifestaron su apoyo a Susana Dos Santos. - Noticias Radio Reflejos\",\"isPartOf\":{\"@id\":\"https:\/\/www.noticiasradioreflejos.com.ar\/2021\/#website\"},\"primaryImageOfPage\":{\"@id\":\"https:\/\/www.noticiasradioreflejos.com.ar\/2021\/los-comerciantes-analizaron-la-temporada-y-manifestaron-su-apoyo-a-susana-dos-santos\/#primaryimage\"},\"image\":{\"@id\":\"https:\/\/www.noticiasradioreflejos.com.ar\/2021\/los-comerciantes-analizaron-la-temporada-y-manifestaron-su-apoyo-a-susana-dos-santos\/#primaryimage\"},\"thumbnailUrl\":\"https:\/\/www.noticiasradioreflejos.com.ar\/2021\/wp-content\/uploads\/2024\/03\/Enrique-y-Gina-Alessandrini-Ruben-Medrano-y-Jorge-Savisky.jpeg\",\"datePublished\":\"2024-03-01T18:51:34+00:00\",\"dateModified\":\"2024-03-01T18:52:00+00:00\",\"author\":{\"@id\":\"https:\/\/www.noticiasradioreflejos.com.ar\/2021\/#\/schema\/person\/ad82545263dcc5ec0996818884fd5fb1\"},\"breadcrumb\":{\"@id\":\"https:\/\/www.noticiasradioreflejos.com.ar\/2021\/los-comerciantes-analizaron-la-temporada-y-manifestaron-su-apoyo-a-susana-dos-santos\/#breadcrumb\"},\"inLanguage\":\"es\",\"potentialAction\":[{\"@type\":\"ReadAction\",\"target\":[\"https:\/\/www.noticiasradioreflejos.com.ar\/2021\/los-comerciantes-analizaron-la-temporada-y-manifestaron-su-apoyo-a-susana-dos-santos\/\"]}]},{\"@type\":\"ImageObject\",\"inLanguage\":\"es\",\"@id\":\"https:\/\/www.noticiasradioreflejos.com.ar\/2021\/los-comerciantes-analizaron-la-temporada-y-manifestaron-su-apoyo-a-susana-dos-santos\/#primaryimage\",\"url\":\"https:\/\/www.noticiasradioreflejos.com.ar\/2021\/wp-content\/uploads\/2024\/03\/Enrique-y-Gina-Alessandrini-Ruben-Medrano-y-Jorge-Savisky.jpeg\",\"contentUrl\":\"https:\/\/www.noticiasradioreflejos.com.ar\/2021\/wp-content\/uploads\/2024\/03\/Enrique-y-Gina-Alessandrini-Ruben-Medrano-y-Jorge-Savisky.jpeg\",\"width\":1600,\"height\":900},{\"@type\":\"BreadcrumbList\",\"@id\":\"https:\/\/www.noticiasradioreflejos.com.ar\/2021\/los-comerciantes-analizaron-la-temporada-y-manifestaron-su-apoyo-a-susana-dos-santos\/#breadcrumb\",\"itemListElement\":[{\"@type\":\"ListItem\",\"position\":1,\"name\":\"Portada\",\"item\":\"https:\/\/www.noticiasradioreflejos.com.ar\/2021\/\"},{\"@type\":\"ListItem\",\"position\":2,\"name\":\"Los comerciantes analizaron la temporada y manifestaron su apoyo a Susana Dos Santos.\"}]},{\"@type\":\"WebSite\",\"@id\":\"https:\/\/www.noticiasradioreflejos.com.ar\/2021\/#website\",\"url\":\"https:\/\/www.noticiasradioreflejos.com.ar\/2021\/\",\"name\":\"Noticias Radio Reflejos\",\"description\":\"Las noticias de mi comarca\",\"potentialAction\":[{\"@type\":\"SearchAction\",\"target\":{\"@type\":\"EntryPoint\",\"urlTemplate\":\"https:\/\/www.noticiasradioreflejos.com.ar\/2021\/?s={search_term_string}\"},\"query-input\":{\"@type\":\"PropertyValueSpecification\",\"valueRequired\":true,\"valueName\":\"search_term_string\"}}],\"inLanguage\":\"es\"},{\"@type\":\"Person\",\"@id\":\"https:\/\/www.noticiasradioreflejos.com.ar\/2021\/#\/schema\/person\/ad82545263dcc5ec0996818884fd5fb1\",\"name\":\"Arnaldo Botto\",\"image\":{\"@type\":\"ImageObject\",\"inLanguage\":\"es\",\"@id\":\"https:\/\/www.noticiasradioreflejos.com.ar\/2021\/#\/schema\/person\/image\/\",\"url\":\"https:\/\/secure.gravatar.com\/avatar\/55cb5e37c1efa326397366e6974cb338056df65cb50e7d64d1cf314e87504837?s=96&d=mm&r=g\",\"contentUrl\":\"https:\/\/secure.gravatar.com\/avatar\/55cb5e37c1efa326397366e6974cb338056df65cb50e7d64d1cf314e87504837?s=96&d=mm&r=g\",\"caption\":\"Arnaldo Botto\"},\"url\":\"https:\/\/www.noticiasradioreflejos.com.ar\/2021\/author\/arnaldo\/\"}]}<\/script>\n<!-- \/ Yoast SEO plugin. -->","yoast_head_json":{"title":"Los comerciantes analizaron la temporada y manifestaron su apoyo a Susana Dos Santos. - Noticias Radio Reflejos","robots":{"index":"index","follow":"follow","max-snippet":"max-snippet:-1","max-image-preview":"max-image-preview:large","max-video-preview":"max-video-preview:-1"},"canonical":"https:\/\/www.noticiasradioreflejos.com.ar\/2021\/los-comerciantes-analizaron-la-temporada-y-manifestaron-su-apoyo-a-susana-dos-santos\/","og_locale":"es_ES","og_type":"article","og_title":"Los comerciantes analizaron la temporada y manifestaron su apoyo a Susana Dos Santos. - Noticias Radio Reflejos","og_description":"Enrique y Gina Alessandrini, Rub\u00e9n Medrano y Jorge Savisky visitaron los estudios de FM Reflejos y analizaron lo que aconteci\u00f3 en los primeros meses del a\u00f1o. \u201cDentro de todo no fue una temporada tan mala\u201d concluyeron.","og_url":"https:\/\/www.noticiasradioreflejos.com.ar\/2021\/los-comerciantes-analizaron-la-temporada-y-manifestaron-su-apoyo-a-susana-dos-santos\/","og_site_name":"Noticias Radio Reflejos","article_published_time":"2024-03-01T18:51:34+00:00","article_modified_time":"2024-03-01T18:52:00+00:00","og_image":[{"width":1600,"height":900,"url":"https:\/\/www.noticiasradioreflejos.com.ar\/2021\/wp-content\/uploads\/2024\/03\/Enrique-y-Gina-Alessandrini-Ruben-Medrano-y-Jorge-Savisky.jpeg","type":"image\/jpeg"}],"author":"Arnaldo Botto","twitter_card":"summary_large_image","schema":{"@context":"https:\/\/schema.org","@graph":[{"@type":"WebPage","@id":"https:\/\/www.noticiasradioreflejos.com.ar\/2021\/los-comerciantes-analizaron-la-temporada-y-manifestaron-su-apoyo-a-susana-dos-santos\/","url":"https:\/\/www.noticiasradioreflejos.com.ar\/2021\/los-comerciantes-analizaron-la-temporada-y-manifestaron-su-apoyo-a-susana-dos-santos\/","name":"Los comerciantes analizaron la temporada y manifestaron su apoyo a Susana Dos Santos. - Noticias Radio Reflejos","isPartOf":{"@id":"https:\/\/www.noticiasradioreflejos.com.ar\/2021\/#website"},"primaryImageOfPage":{"@id":"https:\/\/www.noticiasradioreflejos.com.ar\/2021\/los-comerciantes-analizaron-la-temporada-y-manifestaron-su-apoyo-a-susana-dos-santos\/#primaryimage"},"image":{"@id":"https:\/\/www.noticiasradioreflejos.com.ar\/2021\/los-comerciantes-analizaron-la-temporada-y-manifestaron-su-apoyo-a-susana-dos-santos\/#primaryimage"},"thumbnailUrl":"https:\/\/www.noticiasradioreflejos.com.ar\/2021\/wp-content\/uploads\/2024\/03\/Enrique-y-Gina-Alessandrini-Ruben-Medrano-y-Jorge-Savisky.jpeg","datePublished":"2024-03-01T18:51:34+00:00","dateModified":"2024-03-01T18:52:00+00:00","author":{"@id":"https:\/\/www.noticiasradioreflejos.com.ar\/2021\/#\/schema\/person\/ad82545263dcc5ec0996818884fd5fb1"},"breadcrumb":{"@id":"https:\/\/www.noticiasradioreflejos.com.ar\/2021\/los-comerciantes-analizaron-la-temporada-y-manifestaron-su-apoyo-a-susana-dos-santos\/#breadcrumb"},"inLanguage":"es","potentialAction":[{"@type":"ReadAction","target":["https:\/\/www.noticiasradioreflejos.com.ar\/2021\/los-comerciantes-analizaron-la-temporada-y-manifestaron-su-apoyo-a-susana-dos-santos\/"]}]},{"@type":"ImageObject","inLanguage":"es","@id":"https:\/\/www.noticiasradioreflejos.com.ar\/2021\/los-comerciantes-analizaron-la-temporada-y-manifestaron-su-apoyo-a-susana-dos-santos\/#primaryimage","url":"https:\/\/www.noticiasradioreflejos.com.ar\/2021\/wp-content\/uploads\/2024\/03\/Enrique-y-Gina-Alessandrini-Ruben-Medrano-y-Jorge-Savisky.jpeg","contentUrl":"https:\/\/www.noticiasradioreflejos.com.ar\/2021\/wp-content\/uploads\/2024\/03\/Enrique-y-Gina-Alessandrini-Ruben-Medrano-y-Jorge-Savisky.jpeg","width":1600,"height":900},{"@type":"BreadcrumbList","@id":"https:\/\/www.noticiasradioreflejos.com.ar\/2021\/los-comerciantes-analizaron-la-temporada-y-manifestaron-su-apoyo-a-susana-dos-santos\/#breadcrumb","itemListElement":[{"@type":"ListItem","position":1,"name":"Portada","item":"https:\/\/www.noticiasradioreflejos.com.ar\/2021\/"},{"@type":"ListItem","position":2,"name":"Los comerciantes analizaron la temporada y manifestaron su apoyo a Susana Dos Santos."}]},{"@type":"WebSite","@id":"https:\/\/www.noticiasradioreflejos.com.ar\/2021\/#website","url":"https:\/\/www.noticiasradioreflejos.com.ar\/2021\/","name":"Noticias Radio Reflejos","description":"Las noticias de mi comarca","potentialAction":[{"@type":"SearchAction","target":{"@type":"EntryPoint","urlTemplate":"https:\/\/www.noticiasradioreflejos.com.ar\/2021\/?s={search_term_string}"},"query-input":{"@type":"PropertyValueSpecification","valueRequired":true,"valueName":"search_term_string"}}],"inLanguage":"es"},{"@type":"Person","@id":"https:\/\/www.noticiasradioreflejos.com.ar\/2021\/#\/schema\/person\/ad82545263dcc5ec0996818884fd5fb1","name":"Arnaldo Botto","image":{"@type":"ImageObject","inLanguage":"es","@id":"https:\/\/www.noticiasradioreflejos.com.ar\/2021\/#\/schema\/person\/image\/","url":"https:\/\/secure.gravatar.com\/avatar\/55cb5e37c1efa326397366e6974cb338056df65cb50e7d64d1cf314e87504837?s=96&d=mm&r=g","contentUrl":"https:\/\/secure.gravatar.com\/avatar\/55cb5e37c1efa326397366e6974cb338056df65cb50e7d64d1cf314e87504837?s=96&d=mm&r=g","caption":"Arnaldo Botto"},"url":"https:\/\/www.noticiasradioreflejos.com.ar\/2021\/author\/arnaldo\/"}]}},"_links":{"self":[{"href":"https:\/\/www.noticiasradioreflejos.com.ar\/2021\/wp-json\/wp\/v2\/posts\/99479","targetHints":{"allow":["GET"]}}],"collection":[{"href":"https:\/\/www.noticiasradioreflejos.com.ar\/2021\/wp-json\/wp\/v2\/posts"}],"about":[{"href":"https:\/\/www.noticiasradioreflejos.com.ar\/2021\/wp-json\/wp\/v2\/types\/post"}],"author":[{"embeddable":true,"href":"https:\/\/www.noticiasradioreflejos.com.ar\/2021\/wp-json\/wp\/v2\/users\/3"}],"replies":[{"embeddable":true,"href":"https:\/\/www.noticiasradioreflejos.com.ar\/2021\/wp-json\/wp\/v2\/comments?post=99479"}],"version-history":[{"count":3,"href":"https:\/\/www.noticiasradioreflejos.com.ar\/2021\/wp-json\/wp\/v2\/posts\/99479\/revisions"}],"predecessor-version":[{"id":99485,"href":"https:\/\/www.noticiasradioreflejos.com.ar\/2021\/wp-json\/wp\/v2\/posts\/99479\/revisions\/99485"}],"wp:featuredmedia":[{"embeddable":true,"href":"https:\/\/www.noticiasradioreflejos.com.ar\/2021\/wp-json\/wp\/v2\/media\/99481"}],"wp:attachment":[{"href":"https:\/\/www.noticiasradioreflejos.com.ar\/2021\/wp-json\/wp\/v2\/media?parent=99479"}],"wp:term":[{"taxonomy":"category","embeddable":true,"href":"https:\/\/www.noticiasradioreflejos.com.ar\/2021\/wp-json\/wp\/v2\/categories?post=99479"},{"taxonomy":"post_tag","embeddable":true,"href":"https:\/\/www.noticiasradioreflejos.com.ar\/2021\/wp-json\/wp\/v2\/tags?post=99479"}],"curies":[{"name":"wp","href":"https:\/\/api.w.org\/{rel}","templated":true}]}}