{"id":99469,"date":"2024-03-01T14:27:36","date_gmt":"2024-03-01T17:27:36","guid":{"rendered":"https:\/\/www.noticiasradioreflejos.com.ar\/2021\/?p=99469"},"modified":"2024-03-01T14:27:36","modified_gmt":"2024-03-01T17:27:36","slug":"cuales-son-los-nuevos-valores-para-las-asignaciones-familiares-tras-el-aumento-del-2718","status":"publish","type":"post","link":"https:\/\/www.noticiasradioreflejos.com.ar\/2021\/cuales-son-los-nuevos-valores-para-las-asignaciones-familiares-tras-el-aumento-del-2718\/","title":{"rendered":"Cu\u00e1les son los nuevos valores para las asignaciones familiares tras el aumento del 27,18%"},"content":{"rendered":"<p>La Anses oficializ\u00f3 los nuevos montos para las asignaciones por embarazo, nacimiento, hijo, hijo con discapacidad, AUH y ayuda escolar anual. Los aumentos vienen de la mano de la reducci\u00f3n en los topes que redujo el universo de beneficiarios.<!--more--><\/p>\n<div>\n<div class=\"wrapper-editable-content\">\n<div class=\"container-md\">\n<div class=\"row\">\n<div class=\"col-md-12 speak\">\n<div class=\"paragraph\">\n<figure class=\"mb-3\"><img decoding=\"async\" class=\" lazy \" src=\"https:\/\/www.telam.com.ar\/thumbs\/bluesteel\/advf\/imagenes\/2021\/04\/6078403be5840_1200.jpg\" alt=\"Anses estableci nuevos valores de asignaciones familiares con aumento de 2718\" width=\"100%\" height=\"100%\" \/><\/p>\n<div class=\"media-icons\">Anses estableci\u00f3 nuevos valores de asignaciones familiares con aumento de 27,18%.<\/div>\n<\/figure>\n<p>&nbsp;<\/p>\n<p>La\u00a0<strong>Administraci\u00f3n Nacional de la Seguridad Social<\/strong>\u00a0(Anses) fij\u00f3 los\u00a0<strong>nuevos valores de las asignaciones familiares<\/strong>\u00a0que rigen a partir de este mes con el\u00a0<strong>aumento del 27,18 %<\/strong>\u00a0previsto por el \u00edndice de movilidad, a trav\u00e9s de la resoluci\u00f3n 40\/2024 publicada este viernes en el Bolet\u00edn Oficial.<\/p>\n<p>La norma establece que la\u00a0<strong>asignaci\u00f3n por nacimiento ser\u00e1 de $ 30.629, por adopci\u00f3n de $ 183.156 y por matrimonio de $ 45.864<\/strong>; para ingresos de grupos familiares (IGF) hasta $ 2.154.806 en los tres casos.<\/p>\n<p>Tambi\u00e9n determina que tanto\u00a0<strong>para en la asignaci\u00f3n prenatal como por hijo el beneficio ser\u00e1 de $ 26.277<\/strong>\u00a0para ingresos familiares hasta $ 406.909; de\u00a0<strong>$ 17.722<\/strong>\u00a0para ingresos entre $ 406.909,01 y $ 596.776; de $\u00a0<strong>10.717<\/strong>\u00a0para IGF entre $ 596.776,01 y $ 688.999; y de $ 5.526 para ingresos de entre $ 688.999,01 y $ 2.154.806.<\/p>\n<p>En el caso de\u00a0<strong>hijo con discapacidad<\/strong>, la asignaci\u00f3n ser\u00e1 de\u00a0<strong>$ 85.566<\/strong>\u00a0para IGF hasta $ 406.909; de\u00a0<strong>$ 60.531<\/strong>\u00a0para ingresos entre $ 406.909,01 y $ 596.776; y de $\u00a0<strong>38.202<\/strong>\u00a0para ingresos m\u00e1s altos.<\/p>\n<p>Tal como se fij\u00f3 el mes pasado, la\u00a0<strong>ayuda escolar anual ser\u00e1 de $ 70.000<\/strong>\u00a0por hijo para IGF hasta $ 2.154.806; y tambi\u00e9n en el caso de hijo con discapacidad, pero sin tope de ingresos.<\/p>\n<p>En el caso de la\u00a0<strong>Asignaci\u00f3n Universal por Hijo (AUH), por Hijo con Discapacidad y la Asignaci\u00f3n por Embarazo<\/strong>\u00a0para protecci\u00f3n social, la Anses ya hab\u00eda establecido un aumento del 100% en enero, adicional a las actualizaciones previstas por el \u00edndice de movilidad.<\/p>\n<p>Del mismo modo, la\u00a0<strong>Ayuda Escolar Anual<\/strong>\u00a0para ni\u00f1os que concurren a jard\u00edn de infantes, primarios y secundarios se increment\u00f3 en febrero en un 311%, pasando de $ 17.000 a $ 70.000, al tiempo que dej\u00f3 de tener diferenciaci\u00f3n geogr\u00e1fica en su valor.<\/p>\n<p>Dicho incremento, a diferencia del 100% de la AUH y otras asignaciones de enero, comprendi\u00f3 tambi\u00e9n la actualizaci\u00f3n por movilidad prevista para este mes.<\/p>\n<h2 class=\"\">Menos beneficiarios<\/h2>\n<p>Los aumentos en las asignaciones de marzo vienen de la mano de una reducci\u00f3n en los topes que redujo el universo de beneficiarios, lo cual se fij\u00f3 la semana pasada en el Decreto 194\/2024.<\/p>\n<p>El l\u00edmite de ingresos para percibir asignaciones familiares baj\u00f3 de $ 1.980.000 brutos a $ 1.077.403 a nivel individual y de $ 3.960.000 brutos a $ 2.154.806 el tope m\u00e1ximo familiar, equivalente al doble del individual, lo cual se ir\u00e1 actualizando en los pr\u00f3ximos meses de acuerdo con el \u00edndice de movilidad.<\/p>\n<p>La medida, que har\u00e1 que desde este mes una parte de los beneficiarios dejen de cobrar las asignaciones, es de \u00abcar\u00e1cter urgente para superar la situaci\u00f3n de emergencia que afecta a nuestro pa\u00eds\u00bb, seg\u00fan se indic\u00f3 en la normativa.<\/p>\n<p>En marzo del a\u00f1o pasado, la anterior administraci\u00f3n nacional hab\u00eda incrementado el tope de ingresos para percibir asignaciones familiares para igualarlo al m\u00ednimo no imponible del Impuesto a las Ganancias.<\/p>\n<p>\u00abLa presente medida tiene por objeto implementar una equitativa distribuci\u00f3n de los recursos sobre la base del principio cardinal de solidaridad social en atenci\u00f3n al uso racional, eficaz y eficiente de los recursos p\u00fablicos\u00bb, justific\u00f3 el decreto, que cita el DNU 70\/23 el cual fija la emergencia p\u00fablica en materia econ\u00f3mica, financiera, fiscal, administrativa, previsional, tarifaria, sanitaria y social.<\/p>\n<p>Del mismo modo, se record\u00f3 que la cobertura del sistema de seguridad social debe \u00abalcanzar a la poblaci\u00f3n para la cual se dise\u00f1aron las pol\u00edticas p\u00fablicas\u00bb, actualizando las decisiones \u00aba la realidad imperante\u00bb y la \u00absustentabilidad del r\u00e9gimen\u00bb.<\/p>\n<\/div>\n<\/div>\n<\/div>\n<\/div>\n<\/div>\n<\/div>\n","protected":false},"excerpt":{"rendered":"<p>La Anses oficializ\u00f3 los nuevos montos para las asignaciones por embarazo, nacimiento, hijo, hijo con discapacidad, AUH y ayuda escolar anual. Los aumentos vienen de la mano de la reducci\u00f3n en los topes que redujo el universo de beneficiarios.<\/p>\n","protected":false},"author":3,"featured_media":97666,"comment_status":"closed","ping_status":"closed","sticky":false,"template":"","format":"standard","meta":{"footnotes":""},"categories":[36],"tags":[],"class_list":["post-99469","post","type-post","status-publish","format-standard","has-post-thumbnail","hentry","category-economia"],"yoast_head":"<!-- This site is optimized with the Yoast SEO plugin v25.9 - https:\/\/yoast.com\/wordpress\/plugins\/seo\/ -->\n<title>Cu\u00e1les son los nuevos valores para las asignaciones familiares tras el aumento del 27,18% - Noticias Radio Reflejos<\/title>\n<meta name=\"robots\" content=\"index, follow, max-snippet:-1, max-image-preview:large, max-video-preview:-1\" \/>\n<link rel=\"canonical\" href=\"https:\/\/www.noticiasradioreflejos.com.ar\/2021\/cuales-son-los-nuevos-valores-para-las-asignaciones-familiares-tras-el-aumento-del-2718\/\" \/>\n<meta property=\"og:locale\" content=\"es_ES\" \/>\n<meta property=\"og:type\" content=\"article\" \/>\n<meta property=\"og:title\" content=\"Cu\u00e1les son los nuevos valores para las asignaciones familiares tras el aumento del 27,18% - Noticias Radio Reflejos\" \/>\n<meta property=\"og:description\" content=\"La Anses oficializ\u00f3 los nuevos montos para las asignaciones por embarazo, nacimiento, hijo, hijo con discapacidad, AUH y ayuda escolar anual. Los aumentos vienen de la mano de la reducci\u00f3n en los topes que redujo el universo de beneficiarios.\" \/>\n<meta property=\"og:url\" content=\"https:\/\/www.noticiasradioreflejos.com.ar\/2021\/cuales-son-los-nuevos-valores-para-las-asignaciones-familiares-tras-el-aumento-del-2718\/\" \/>\n<meta property=\"og:site_name\" content=\"Noticias Radio Reflejos\" \/>\n<meta property=\"article:published_time\" content=\"2024-03-01T17:27:36+00:00\" \/>\n<meta property=\"og:image\" content=\"https:\/\/www.noticiasradioreflejos.com.ar\/2021\/wp-content\/uploads\/2024\/01\/LibretaAUH.jpg\" \/>\n\t<meta property=\"og:image:width\" content=\"1398\" \/>\n\t<meta property=\"og:image:height\" content=\"921\" \/>\n\t<meta property=\"og:image:type\" content=\"image\/jpeg\" \/>\n<meta name=\"author\" content=\"Arnaldo Botto\" \/>\n<meta name=\"twitter:card\" content=\"summary_large_image\" \/>\n<script type=\"application\/ld+json\" class=\"yoast-schema-graph\">{\"@context\":\"https:\/\/schema.org\",\"@graph\":[{\"@type\":\"WebPage\",\"@id\":\"https:\/\/www.noticiasradioreflejos.com.ar\/2021\/cuales-son-los-nuevos-valores-para-las-asignaciones-familiares-tras-el-aumento-del-2718\/\",\"url\":\"https:\/\/www.noticiasradioreflejos.com.ar\/2021\/cuales-son-los-nuevos-valores-para-las-asignaciones-familiares-tras-el-aumento-del-2718\/\",\"name\":\"Cu\u00e1les son los nuevos valores para las asignaciones familiares tras el aumento del 27,18% - Noticias Radio Reflejos\",\"isPartOf\":{\"@id\":\"https:\/\/www.noticiasradioreflejos.com.ar\/2021\/#website\"},\"primaryImageOfPage\":{\"@id\":\"https:\/\/www.noticiasradioreflejos.com.ar\/2021\/cuales-son-los-nuevos-valores-para-las-asignaciones-familiares-tras-el-aumento-del-2718\/#primaryimage\"},\"image\":{\"@id\":\"https:\/\/www.noticiasradioreflejos.com.ar\/2021\/cuales-son-los-nuevos-valores-para-las-asignaciones-familiares-tras-el-aumento-del-2718\/#primaryimage\"},\"thumbnailUrl\":\"https:\/\/www.noticiasradioreflejos.com.ar\/2021\/wp-content\/uploads\/2024\/01\/LibretaAUH.jpg\",\"datePublished\":\"2024-03-01T17:27:36+00:00\",\"author\":{\"@id\":\"https:\/\/www.noticiasradioreflejos.com.ar\/2021\/#\/schema\/person\/ad82545263dcc5ec0996818884fd5fb1\"},\"breadcrumb\":{\"@id\":\"https:\/\/www.noticiasradioreflejos.com.ar\/2021\/cuales-son-los-nuevos-valores-para-las-asignaciones-familiares-tras-el-aumento-del-2718\/#breadcrumb\"},\"inLanguage\":\"es\",\"potentialAction\":[{\"@type\":\"ReadAction\",\"target\":[\"https:\/\/www.noticiasradioreflejos.com.ar\/2021\/cuales-son-los-nuevos-valores-para-las-asignaciones-familiares-tras-el-aumento-del-2718\/\"]}]},{\"@type\":\"ImageObject\",\"inLanguage\":\"es\",\"@id\":\"https:\/\/www.noticiasradioreflejos.com.ar\/2021\/cuales-son-los-nuevos-valores-para-las-asignaciones-familiares-tras-el-aumento-del-2718\/#primaryimage\",\"url\":\"https:\/\/www.noticiasradioreflejos.com.ar\/2021\/wp-content\/uploads\/2024\/01\/LibretaAUH.jpg\",\"contentUrl\":\"https:\/\/www.noticiasradioreflejos.com.ar\/2021\/wp-content\/uploads\/2024\/01\/LibretaAUH.jpg\",\"width\":1398,\"height\":921},{\"@type\":\"BreadcrumbList\",\"@id\":\"https:\/\/www.noticiasradioreflejos.com.ar\/2021\/cuales-son-los-nuevos-valores-para-las-asignaciones-familiares-tras-el-aumento-del-2718\/#breadcrumb\",\"itemListElement\":[{\"@type\":\"ListItem\",\"position\":1,\"name\":\"Portada\",\"item\":\"https:\/\/www.noticiasradioreflejos.com.ar\/2021\/\"},{\"@type\":\"ListItem\",\"position\":2,\"name\":\"Cu\u00e1les son los nuevos valores para las asignaciones familiares tras el aumento del 27,18%\"}]},{\"@type\":\"WebSite\",\"@id\":\"https:\/\/www.noticiasradioreflejos.com.ar\/2021\/#website\",\"url\":\"https:\/\/www.noticiasradioreflejos.com.ar\/2021\/\",\"name\":\"Noticias Radio Reflejos\",\"description\":\"Las noticias de mi comarca\",\"potentialAction\":[{\"@type\":\"SearchAction\",\"target\":{\"@type\":\"EntryPoint\",\"urlTemplate\":\"https:\/\/www.noticiasradioreflejos.com.ar\/2021\/?s={search_term_string}\"},\"query-input\":{\"@type\":\"PropertyValueSpecification\",\"valueRequired\":true,\"valueName\":\"search_term_string\"}}],\"inLanguage\":\"es\"},{\"@type\":\"Person\",\"@id\":\"https:\/\/www.noticiasradioreflejos.com.ar\/2021\/#\/schema\/person\/ad82545263dcc5ec0996818884fd5fb1\",\"name\":\"Arnaldo Botto\",\"image\":{\"@type\":\"ImageObject\",\"inLanguage\":\"es\",\"@id\":\"https:\/\/www.noticiasradioreflejos.com.ar\/2021\/#\/schema\/person\/image\/\",\"url\":\"https:\/\/secure.gravatar.com\/avatar\/55cb5e37c1efa326397366e6974cb338056df65cb50e7d64d1cf314e87504837?s=96&d=mm&r=g\",\"contentUrl\":\"https:\/\/secure.gravatar.com\/avatar\/55cb5e37c1efa326397366e6974cb338056df65cb50e7d64d1cf314e87504837?s=96&d=mm&r=g\",\"caption\":\"Arnaldo Botto\"},\"url\":\"https:\/\/www.noticiasradioreflejos.com.ar\/2021\/author\/arnaldo\/\"}]}<\/script>\n<!-- \/ Yoast SEO plugin. -->","yoast_head_json":{"title":"Cu\u00e1les son los nuevos valores para las asignaciones familiares tras el aumento del 27,18% - Noticias Radio Reflejos","robots":{"index":"index","follow":"follow","max-snippet":"max-snippet:-1","max-image-preview":"max-image-preview:large","max-video-preview":"max-video-preview:-1"},"canonical":"https:\/\/www.noticiasradioreflejos.com.ar\/2021\/cuales-son-los-nuevos-valores-para-las-asignaciones-familiares-tras-el-aumento-del-2718\/","og_locale":"es_ES","og_type":"article","og_title":"Cu\u00e1les son los nuevos valores para las asignaciones familiares tras el aumento del 27,18% - Noticias Radio Reflejos","og_description":"La Anses oficializ\u00f3 los nuevos montos para las asignaciones por embarazo, nacimiento, hijo, hijo con discapacidad, AUH y ayuda escolar anual. Los aumentos vienen de la mano de la reducci\u00f3n en los topes que redujo el universo de beneficiarios.","og_url":"https:\/\/www.noticiasradioreflejos.com.ar\/2021\/cuales-son-los-nuevos-valores-para-las-asignaciones-familiares-tras-el-aumento-del-2718\/","og_site_name":"Noticias Radio Reflejos","article_published_time":"2024-03-01T17:27:36+00:00","og_image":[{"width":1398,"height":921,"url":"https:\/\/www.noticiasradioreflejos.com.ar\/2021\/wp-content\/uploads\/2024\/01\/LibretaAUH.jpg","type":"image\/jpeg"}],"author":"Arnaldo Botto","twitter_card":"summary_large_image","schema":{"@context":"https:\/\/schema.org","@graph":[{"@type":"WebPage","@id":"https:\/\/www.noticiasradioreflejos.com.ar\/2021\/cuales-son-los-nuevos-valores-para-las-asignaciones-familiares-tras-el-aumento-del-2718\/","url":"https:\/\/www.noticiasradioreflejos.com.ar\/2021\/cuales-son-los-nuevos-valores-para-las-asignaciones-familiares-tras-el-aumento-del-2718\/","name":"Cu\u00e1les son los nuevos valores para las asignaciones familiares tras el aumento del 27,18% - Noticias Radio Reflejos","isPartOf":{"@id":"https:\/\/www.noticiasradioreflejos.com.ar\/2021\/#website"},"primaryImageOfPage":{"@id":"https:\/\/www.noticiasradioreflejos.com.ar\/2021\/cuales-son-los-nuevos-valores-para-las-asignaciones-familiares-tras-el-aumento-del-2718\/#primaryimage"},"image":{"@id":"https:\/\/www.noticiasradioreflejos.com.ar\/2021\/cuales-son-los-nuevos-valores-para-las-asignaciones-familiares-tras-el-aumento-del-2718\/#primaryimage"},"thumbnailUrl":"https:\/\/www.noticiasradioreflejos.com.ar\/2021\/wp-content\/uploads\/2024\/01\/LibretaAUH.jpg","datePublished":"2024-03-01T17:27:36+00:00","author":{"@id":"https:\/\/www.noticiasradioreflejos.com.ar\/2021\/#\/schema\/person\/ad82545263dcc5ec0996818884fd5fb1"},"breadcrumb":{"@id":"https:\/\/www.noticiasradioreflejos.com.ar\/2021\/cuales-son-los-nuevos-valores-para-las-asignaciones-familiares-tras-el-aumento-del-2718\/#breadcrumb"},"inLanguage":"es","potentialAction":[{"@type":"ReadAction","target":["https:\/\/www.noticiasradioreflejos.com.ar\/2021\/cuales-son-los-nuevos-valores-para-las-asignaciones-familiares-tras-el-aumento-del-2718\/"]}]},{"@type":"ImageObject","inLanguage":"es","@id":"https:\/\/www.noticiasradioreflejos.com.ar\/2021\/cuales-son-los-nuevos-valores-para-las-asignaciones-familiares-tras-el-aumento-del-2718\/#primaryimage","url":"https:\/\/www.noticiasradioreflejos.com.ar\/2021\/wp-content\/uploads\/2024\/01\/LibretaAUH.jpg","contentUrl":"https:\/\/www.noticiasradioreflejos.com.ar\/2021\/wp-content\/uploads\/2024\/01\/LibretaAUH.jpg","width":1398,"height":921},{"@type":"BreadcrumbList","@id":"https:\/\/www.noticiasradioreflejos.com.ar\/2021\/cuales-son-los-nuevos-valores-para-las-asignaciones-familiares-tras-el-aumento-del-2718\/#breadcrumb","itemListElement":[{"@type":"ListItem","position":1,"name":"Portada","item":"https:\/\/www.noticiasradioreflejos.com.ar\/2021\/"},{"@type":"ListItem","position":2,"name":"Cu\u00e1les son los nuevos valores para las asignaciones familiares tras el aumento del 27,18%"}]},{"@type":"WebSite","@id":"https:\/\/www.noticiasradioreflejos.com.ar\/2021\/#website","url":"https:\/\/www.noticiasradioreflejos.com.ar\/2021\/","name":"Noticias Radio Reflejos","description":"Las noticias de mi comarca","potentialAction":[{"@type":"SearchAction","target":{"@type":"EntryPoint","urlTemplate":"https:\/\/www.noticiasradioreflejos.com.ar\/2021\/?s={search_term_string}"},"query-input":{"@type":"PropertyValueSpecification","valueRequired":true,"valueName":"search_term_string"}}],"inLanguage":"es"},{"@type":"Person","@id":"https:\/\/www.noticiasradioreflejos.com.ar\/2021\/#\/schema\/person\/ad82545263dcc5ec0996818884fd5fb1","name":"Arnaldo Botto","image":{"@type":"ImageObject","inLanguage":"es","@id":"https:\/\/www.noticiasradioreflejos.com.ar\/2021\/#\/schema\/person\/image\/","url":"https:\/\/secure.gravatar.com\/avatar\/55cb5e37c1efa326397366e6974cb338056df65cb50e7d64d1cf314e87504837?s=96&d=mm&r=g","contentUrl":"https:\/\/secure.gravatar.com\/avatar\/55cb5e37c1efa326397366e6974cb338056df65cb50e7d64d1cf314e87504837?s=96&d=mm&r=g","caption":"Arnaldo Botto"},"url":"https:\/\/www.noticiasradioreflejos.com.ar\/2021\/author\/arnaldo\/"}]}},"_links":{"self":[{"href":"https:\/\/www.noticiasradioreflejos.com.ar\/2021\/wp-json\/wp\/v2\/posts\/99469","targetHints":{"allow":["GET"]}}],"collection":[{"href":"https:\/\/www.noticiasradioreflejos.com.ar\/2021\/wp-json\/wp\/v2\/posts"}],"about":[{"href":"https:\/\/www.noticiasradioreflejos.com.ar\/2021\/wp-json\/wp\/v2\/types\/post"}],"author":[{"embeddable":true,"href":"https:\/\/www.noticiasradioreflejos.com.ar\/2021\/wp-json\/wp\/v2\/users\/3"}],"replies":[{"embeddable":true,"href":"https:\/\/www.noticiasradioreflejos.com.ar\/2021\/wp-json\/wp\/v2\/comments?post=99469"}],"version-history":[{"count":1,"href":"https:\/\/www.noticiasradioreflejos.com.ar\/2021\/wp-json\/wp\/v2\/posts\/99469\/revisions"}],"predecessor-version":[{"id":99473,"href":"https:\/\/www.noticiasradioreflejos.com.ar\/2021\/wp-json\/wp\/v2\/posts\/99469\/revisions\/99473"}],"wp:featuredmedia":[{"embeddable":true,"href":"https:\/\/www.noticiasradioreflejos.com.ar\/2021\/wp-json\/wp\/v2\/media\/97666"}],"wp:attachment":[{"href":"https:\/\/www.noticiasradioreflejos.com.ar\/2021\/wp-json\/wp\/v2\/media?parent=99469"}],"wp:term":[{"taxonomy":"category","embeddable":true,"href":"https:\/\/www.noticiasradioreflejos.com.ar\/2021\/wp-json\/wp\/v2\/categories?post=99469"},{"taxonomy":"post_tag","embeddable":true,"href":"https:\/\/www.noticiasradioreflejos.com.ar\/2021\/wp-json\/wp\/v2\/tags?post=99469"}],"curies":[{"name":"wp","href":"https:\/\/api.w.org\/{rel}","templated":true}]}}