{"id":99312,"date":"2024-02-27T19:09:18","date_gmt":"2024-02-27T22:09:18","guid":{"rendered":"https:\/\/www.noticiasradioreflejos.com.ar\/2021\/?p=99312"},"modified":"2024-02-27T19:09:18","modified_gmt":"2024-02-27T22:09:18","slug":"el-grupo-acindar-paralizara-sus-plantas-fabriles-durante-un-mes-por-la-caida-de-ventas","status":"publish","type":"post","link":"https:\/\/www.noticiasradioreflejos.com.ar\/2021\/el-grupo-acindar-paralizara-sus-plantas-fabriles-durante-un-mes-por-la-caida-de-ventas\/","title":{"rendered":"El grupo Acindar paralizar\u00e1 sus plantas fabriles durante un mes por la ca\u00edda de ventas"},"content":{"rendered":"<p>\u201cSab\u00edamos que ven\u00eda un a\u00f1o dif\u00edcil, pero la ca\u00edda es muy superior a la que proyectamos\u201d, afirm\u00f3 el director de Relaciones Institucionales del grupo industrial, quien agreg\u00f3: \u00abEn los 20 a\u00f1os que tengo en la empresa nunca se registr\u00f3 un derrumbe semejante\u201d.<!--more--><\/p>\n<div>\n<div class=\"container-md\">\n<div class=\"row\">\n<div class=\"col-md-12 speak\">\n<div class=\"paragraph\">\n<figure class=\"mb-3\"><img decoding=\"async\" class=\" lazy \" src=\"https:\/\/www.telam.com.ar\/thumbs\/bluesteel\/advf\/imagenes\/2017\/07\/596352d641559_1200.jpg\" alt=\"Foto Archivo\" width=\"100%\" height=\"100%\" \/><\/p>\n<div class=\"media-icons\"><\/div><figcaption>Foto: Archivo.<\/figcaption><\/figure>\n<p><a href=\"https:\/\/www.acindar.com.ar\/\" target=\"_blank\" rel=\"noopener\">El grupo sider\u00fargico\u00a0<strong>Acindar\u00a0<\/strong><\/a>anunci\u00f3 este martes que paralizar\u00e1 sus plantas fabriles en todo el pa\u00eds<strong>\u00a0entre el 18 de marzo y el 15 de abril<\/strong>\u00a0pr\u00f3ximos debido a fuertes ca\u00eddas en las ventas que, seg\u00fan estimaciones de la empresa, oscilar\u00edan \u201centre un 35 y 40 por ciento\u201d.<\/p>\n<p>La decisi\u00f3n se concretar\u00e1\u00a0<strong>sin realizar despidos de personal<\/strong>, confirmaron a T\u00e9lam voceros de la empresa.\u00a0<strong>A los trabajadores se les otorgar\u00e1n vacaciones pendientes y francos compensatorios.\u00a0<\/strong>Durante el per\u00edodo de parada, se realizar\u00e1n tambi\u00e9n tareas programadas y se realizar\u00e1n capacitaciones en materia de seguridad.<\/p>\n<p><strong>\u201cArcelorMittal Acindar<\/strong>\u00a0informa que, a ra\u00edz de la ca\u00edda sostenida de la demanda en el mercado interno, la que ha impactado en\u00a0<strong>una abrupta reducci\u00f3n de entre el 35 y el 40 % de las ventas<\/strong>\u00a0en los \u00faltimos meses, la compa\u00f1\u00eda se ve obligada a reajustar los niveles de producci\u00f3n conforme a los nuevos niveles de actividad\u201d, sostuvo un comunicado de la firma.<\/p>\n<p>Estas medidas de car\u00e1cter extraordinario tienen como \u00fanico prop\u00f3sito<strong>\u00a0\u00abminimizar el impacto de la actual situaci\u00f3n\u00bb<\/strong>\u00a0y se destac\u00f3 que en todo momento la voluntad de la compa\u00f1\u00eda es \u00abredoblar sus esfuerzos para preservar a las personas, entendiendo que la \u00fanica manera de lograrlo es garantizando la sustentabilidad del negocio\u201d.<\/p>\n<figure class=\"mb-3\">C<\/p>\n<div class=\"media-icons\"><\/div><figcaption>Foto: Archivo.<\/figcaption><\/figure>\n<p>En declaraciones a Radio 2 de Rosario,\u00a0<strong>el director de Relaciones Institucionales del grupo industrial, Facundo Velasco<\/strong>, coment\u00f3: \u201cSab\u00edamos que ven\u00eda un a\u00f1o dif\u00edcil, pero la ca\u00edda es muy superior a la que proyectamos\u201d.<\/p>\n<p>\u00abEn los 20 a\u00f1os que tengo trabajando en la empresa\u00a0<strong>nunca se registr\u00f3 derrumbe semejante\u201d<\/strong>, remarc\u00f3.<\/p>\n<blockquote class=\"\"><p>En la provincia de Santa Fe, el grupo Acindar posee la acer\u00eda de Villa Constituci\u00f3n e instalaciones industriales en Rosario y plantas productoras en Buenos Aires (La Tablada) y San Luis (Villa Mercedes)<\/p><\/blockquote>\n<p>El ejecutivo de Acindar, dijo adem\u00e1s que\u00a0<strong>\u201ctodas las plantas parar\u00e1n la misma cantidad de tiempo<\/strong>\u00a0y luego se ir\u00e1 monitoreando las situaciones particulares\u201d, aunque luego no descart\u00f3 que \u201cla par\u00e1lisis de la actividad pueda extenderse m\u00e1s all\u00e1 de abril\u201d.<\/p>\n<p>En relaci\u00f3n a la pronunciada ca\u00edda en las ventas, Velasco dijo que \u201ces una situaci\u00f3n general del pa\u00eds, que escapa a las posibilidades de la empresa.<strong>\u00a0Baj\u00f3 muy fuerte la demanda de la industria y de la construcci\u00f3n<\/strong>\u201d, asever\u00f3.<\/p>\n<p>Por \u00faltimo indic\u00f3 que como el objetivo del grupo \u201ces cuidar la sustentabilidad del negocio y empleo de nuestra gente, es que paramos de producir para acomodar el nivel de stock a las menores ventas actuales y proyectadas\u201d.<\/p>\n<blockquote class=\"\"><p>\u201cLa empresa tiene un plan para aumentar exportaciones, pero las ventas al exterior no alcanzan para compensar la ca\u00edda del mercado interno\u201d, inform\u00f3 la empresa<\/p><\/blockquote>\n<p>.<\/p>\n<p>En el comunicado oficial, la firma apel\u00f3 a \u201cla comprensi\u00f3n y al compromiso de los sectores involucrados para que entre todos se pueda superar esta dif\u00edcil coyuntura\u201d.<\/p>\n<\/div>\n<\/div>\n<\/div>\n<\/div>\n<\/div>\n","protected":false},"excerpt":{"rendered":"<p>\u201cSab\u00edamos que ven\u00eda un a\u00f1o dif\u00edcil, pero la ca\u00edda es muy superior a la que proyectamos\u201d, afirm\u00f3 el director de Relaciones Institucionales del grupo industrial, quien agreg\u00f3: \u00abEn los 20 a\u00f1os que tengo en la empresa nunca se registr\u00f3 un derrumbe semejante\u201d.<\/p>\n","protected":false},"author":3,"featured_media":99313,"comment_status":"closed","ping_status":"closed","sticky":false,"template":"","format":"standard","meta":{"footnotes":""},"categories":[36],"tags":[],"class_list":["post-99312","post","type-post","status-publish","format-standard","has-post-thumbnail","hentry","category-economia"],"yoast_head":"<!-- This site is optimized with the Yoast SEO plugin v25.9 - https:\/\/yoast.com\/wordpress\/plugins\/seo\/ -->\n<title>El grupo Acindar paralizar\u00e1 sus plantas fabriles durante un mes por la ca\u00edda de ventas - Noticias Radio Reflejos<\/title>\n<meta name=\"robots\" content=\"index, follow, max-snippet:-1, max-image-preview:large, max-video-preview:-1\" \/>\n<link rel=\"canonical\" href=\"https:\/\/www.noticiasradioreflejos.com.ar\/2021\/el-grupo-acindar-paralizara-sus-plantas-fabriles-durante-un-mes-por-la-caida-de-ventas\/\" \/>\n<meta property=\"og:locale\" content=\"es_ES\" \/>\n<meta property=\"og:type\" content=\"article\" \/>\n<meta property=\"og:title\" content=\"El grupo Acindar paralizar\u00e1 sus plantas fabriles durante un mes por la ca\u00edda de ventas - Noticias Radio Reflejos\" \/>\n<meta property=\"og:description\" content=\"\u201cSab\u00edamos que ven\u00eda un a\u00f1o dif\u00edcil, pero la ca\u00edda es muy superior a la que proyectamos\u201d, afirm\u00f3 el director de Relaciones Institucionales del grupo industrial, quien agreg\u00f3: \u00abEn los 20 a\u00f1os que tengo en la empresa nunca se registr\u00f3 un derrumbe semejante\u201d.\" \/>\n<meta property=\"og:url\" content=\"https:\/\/www.noticiasradioreflejos.com.ar\/2021\/el-grupo-acindar-paralizara-sus-plantas-fabriles-durante-un-mes-por-la-caida-de-ventas\/\" \/>\n<meta property=\"og:site_name\" content=\"Noticias Radio Reflejos\" \/>\n<meta property=\"article:published_time\" content=\"2024-02-27T22:09:18+00:00\" \/>\n<meta property=\"og:image\" content=\"https:\/\/www.noticiasradioreflejos.com.ar\/2021\/wp-content\/uploads\/2024\/02\/ACINDAR.jpg\" \/>\n\t<meta property=\"og:image:width\" content=\"1004\" \/>\n\t<meta property=\"og:image:height\" content=\"565\" \/>\n\t<meta property=\"og:image:type\" content=\"image\/jpeg\" \/>\n<meta name=\"author\" content=\"Arnaldo Botto\" \/>\n<meta name=\"twitter:card\" content=\"summary_large_image\" \/>\n<script type=\"application\/ld+json\" class=\"yoast-schema-graph\">{\"@context\":\"https:\/\/schema.org\",\"@graph\":[{\"@type\":\"WebPage\",\"@id\":\"https:\/\/www.noticiasradioreflejos.com.ar\/2021\/el-grupo-acindar-paralizara-sus-plantas-fabriles-durante-un-mes-por-la-caida-de-ventas\/\",\"url\":\"https:\/\/www.noticiasradioreflejos.com.ar\/2021\/el-grupo-acindar-paralizara-sus-plantas-fabriles-durante-un-mes-por-la-caida-de-ventas\/\",\"name\":\"El grupo Acindar paralizar\u00e1 sus plantas fabriles durante un mes por la ca\u00edda de ventas - Noticias Radio Reflejos\",\"isPartOf\":{\"@id\":\"https:\/\/www.noticiasradioreflejos.com.ar\/2021\/#website\"},\"primaryImageOfPage\":{\"@id\":\"https:\/\/www.noticiasradioreflejos.com.ar\/2021\/el-grupo-acindar-paralizara-sus-plantas-fabriles-durante-un-mes-por-la-caida-de-ventas\/#primaryimage\"},\"image\":{\"@id\":\"https:\/\/www.noticiasradioreflejos.com.ar\/2021\/el-grupo-acindar-paralizara-sus-plantas-fabriles-durante-un-mes-por-la-caida-de-ventas\/#primaryimage\"},\"thumbnailUrl\":\"https:\/\/www.noticiasradioreflejos.com.ar\/2021\/wp-content\/uploads\/2024\/02\/ACINDAR.jpg\",\"datePublished\":\"2024-02-27T22:09:18+00:00\",\"author\":{\"@id\":\"https:\/\/www.noticiasradioreflejos.com.ar\/2021\/#\/schema\/person\/ad82545263dcc5ec0996818884fd5fb1\"},\"breadcrumb\":{\"@id\":\"https:\/\/www.noticiasradioreflejos.com.ar\/2021\/el-grupo-acindar-paralizara-sus-plantas-fabriles-durante-un-mes-por-la-caida-de-ventas\/#breadcrumb\"},\"inLanguage\":\"es\",\"potentialAction\":[{\"@type\":\"ReadAction\",\"target\":[\"https:\/\/www.noticiasradioreflejos.com.ar\/2021\/el-grupo-acindar-paralizara-sus-plantas-fabriles-durante-un-mes-por-la-caida-de-ventas\/\"]}]},{\"@type\":\"ImageObject\",\"inLanguage\":\"es\",\"@id\":\"https:\/\/www.noticiasradioreflejos.com.ar\/2021\/el-grupo-acindar-paralizara-sus-plantas-fabriles-durante-un-mes-por-la-caida-de-ventas\/#primaryimage\",\"url\":\"https:\/\/www.noticiasradioreflejos.com.ar\/2021\/wp-content\/uploads\/2024\/02\/ACINDAR.jpg\",\"contentUrl\":\"https:\/\/www.noticiasradioreflejos.com.ar\/2021\/wp-content\/uploads\/2024\/02\/ACINDAR.jpg\",\"width\":1004,\"height\":565},{\"@type\":\"BreadcrumbList\",\"@id\":\"https:\/\/www.noticiasradioreflejos.com.ar\/2021\/el-grupo-acindar-paralizara-sus-plantas-fabriles-durante-un-mes-por-la-caida-de-ventas\/#breadcrumb\",\"itemListElement\":[{\"@type\":\"ListItem\",\"position\":1,\"name\":\"Portada\",\"item\":\"https:\/\/www.noticiasradioreflejos.com.ar\/2021\/\"},{\"@type\":\"ListItem\",\"position\":2,\"name\":\"El grupo Acindar paralizar\u00e1 sus plantas fabriles durante un mes por la ca\u00edda de ventas\"}]},{\"@type\":\"WebSite\",\"@id\":\"https:\/\/www.noticiasradioreflejos.com.ar\/2021\/#website\",\"url\":\"https:\/\/www.noticiasradioreflejos.com.ar\/2021\/\",\"name\":\"Noticias Radio Reflejos\",\"description\":\"Las noticias de mi comarca\",\"potentialAction\":[{\"@type\":\"SearchAction\",\"target\":{\"@type\":\"EntryPoint\",\"urlTemplate\":\"https:\/\/www.noticiasradioreflejos.com.ar\/2021\/?s={search_term_string}\"},\"query-input\":{\"@type\":\"PropertyValueSpecification\",\"valueRequired\":true,\"valueName\":\"search_term_string\"}}],\"inLanguage\":\"es\"},{\"@type\":\"Person\",\"@id\":\"https:\/\/www.noticiasradioreflejos.com.ar\/2021\/#\/schema\/person\/ad82545263dcc5ec0996818884fd5fb1\",\"name\":\"Arnaldo Botto\",\"image\":{\"@type\":\"ImageObject\",\"inLanguage\":\"es\",\"@id\":\"https:\/\/www.noticiasradioreflejos.com.ar\/2021\/#\/schema\/person\/image\/\",\"url\":\"https:\/\/secure.gravatar.com\/avatar\/55cb5e37c1efa326397366e6974cb338056df65cb50e7d64d1cf314e87504837?s=96&d=mm&r=g\",\"contentUrl\":\"https:\/\/secure.gravatar.com\/avatar\/55cb5e37c1efa326397366e6974cb338056df65cb50e7d64d1cf314e87504837?s=96&d=mm&r=g\",\"caption\":\"Arnaldo Botto\"},\"url\":\"https:\/\/www.noticiasradioreflejos.com.ar\/2021\/author\/arnaldo\/\"}]}<\/script>\n<!-- \/ Yoast SEO plugin. -->","yoast_head_json":{"title":"El grupo Acindar paralizar\u00e1 sus plantas fabriles durante un mes por la ca\u00edda de ventas - Noticias Radio Reflejos","robots":{"index":"index","follow":"follow","max-snippet":"max-snippet:-1","max-image-preview":"max-image-preview:large","max-video-preview":"max-video-preview:-1"},"canonical":"https:\/\/www.noticiasradioreflejos.com.ar\/2021\/el-grupo-acindar-paralizara-sus-plantas-fabriles-durante-un-mes-por-la-caida-de-ventas\/","og_locale":"es_ES","og_type":"article","og_title":"El grupo Acindar paralizar\u00e1 sus plantas fabriles durante un mes por la ca\u00edda de ventas - Noticias Radio Reflejos","og_description":"\u201cSab\u00edamos que ven\u00eda un a\u00f1o dif\u00edcil, pero la ca\u00edda es muy superior a la que proyectamos\u201d, afirm\u00f3 el director de Relaciones Institucionales del grupo industrial, quien agreg\u00f3: \u00abEn los 20 a\u00f1os que tengo en la empresa nunca se registr\u00f3 un derrumbe semejante\u201d.","og_url":"https:\/\/www.noticiasradioreflejos.com.ar\/2021\/el-grupo-acindar-paralizara-sus-plantas-fabriles-durante-un-mes-por-la-caida-de-ventas\/","og_site_name":"Noticias Radio Reflejos","article_published_time":"2024-02-27T22:09:18+00:00","og_image":[{"width":1004,"height":565,"url":"https:\/\/www.noticiasradioreflejos.com.ar\/2021\/wp-content\/uploads\/2024\/02\/ACINDAR.jpg","type":"image\/jpeg"}],"author":"Arnaldo Botto","twitter_card":"summary_large_image","schema":{"@context":"https:\/\/schema.org","@graph":[{"@type":"WebPage","@id":"https:\/\/www.noticiasradioreflejos.com.ar\/2021\/el-grupo-acindar-paralizara-sus-plantas-fabriles-durante-un-mes-por-la-caida-de-ventas\/","url":"https:\/\/www.noticiasradioreflejos.com.ar\/2021\/el-grupo-acindar-paralizara-sus-plantas-fabriles-durante-un-mes-por-la-caida-de-ventas\/","name":"El grupo Acindar paralizar\u00e1 sus plantas fabriles durante un mes por la ca\u00edda de ventas - Noticias Radio Reflejos","isPartOf":{"@id":"https:\/\/www.noticiasradioreflejos.com.ar\/2021\/#website"},"primaryImageOfPage":{"@id":"https:\/\/www.noticiasradioreflejos.com.ar\/2021\/el-grupo-acindar-paralizara-sus-plantas-fabriles-durante-un-mes-por-la-caida-de-ventas\/#primaryimage"},"image":{"@id":"https:\/\/www.noticiasradioreflejos.com.ar\/2021\/el-grupo-acindar-paralizara-sus-plantas-fabriles-durante-un-mes-por-la-caida-de-ventas\/#primaryimage"},"thumbnailUrl":"https:\/\/www.noticiasradioreflejos.com.ar\/2021\/wp-content\/uploads\/2024\/02\/ACINDAR.jpg","datePublished":"2024-02-27T22:09:18+00:00","author":{"@id":"https:\/\/www.noticiasradioreflejos.com.ar\/2021\/#\/schema\/person\/ad82545263dcc5ec0996818884fd5fb1"},"breadcrumb":{"@id":"https:\/\/www.noticiasradioreflejos.com.ar\/2021\/el-grupo-acindar-paralizara-sus-plantas-fabriles-durante-un-mes-por-la-caida-de-ventas\/#breadcrumb"},"inLanguage":"es","potentialAction":[{"@type":"ReadAction","target":["https:\/\/www.noticiasradioreflejos.com.ar\/2021\/el-grupo-acindar-paralizara-sus-plantas-fabriles-durante-un-mes-por-la-caida-de-ventas\/"]}]},{"@type":"ImageObject","inLanguage":"es","@id":"https:\/\/www.noticiasradioreflejos.com.ar\/2021\/el-grupo-acindar-paralizara-sus-plantas-fabriles-durante-un-mes-por-la-caida-de-ventas\/#primaryimage","url":"https:\/\/www.noticiasradioreflejos.com.ar\/2021\/wp-content\/uploads\/2024\/02\/ACINDAR.jpg","contentUrl":"https:\/\/www.noticiasradioreflejos.com.ar\/2021\/wp-content\/uploads\/2024\/02\/ACINDAR.jpg","width":1004,"height":565},{"@type":"BreadcrumbList","@id":"https:\/\/www.noticiasradioreflejos.com.ar\/2021\/el-grupo-acindar-paralizara-sus-plantas-fabriles-durante-un-mes-por-la-caida-de-ventas\/#breadcrumb","itemListElement":[{"@type":"ListItem","position":1,"name":"Portada","item":"https:\/\/www.noticiasradioreflejos.com.ar\/2021\/"},{"@type":"ListItem","position":2,"name":"El grupo Acindar paralizar\u00e1 sus plantas fabriles durante un mes por la ca\u00edda de ventas"}]},{"@type":"WebSite","@id":"https:\/\/www.noticiasradioreflejos.com.ar\/2021\/#website","url":"https:\/\/www.noticiasradioreflejos.com.ar\/2021\/","name":"Noticias Radio Reflejos","description":"Las noticias de mi comarca","potentialAction":[{"@type":"SearchAction","target":{"@type":"EntryPoint","urlTemplate":"https:\/\/www.noticiasradioreflejos.com.ar\/2021\/?s={search_term_string}"},"query-input":{"@type":"PropertyValueSpecification","valueRequired":true,"valueName":"search_term_string"}}],"inLanguage":"es"},{"@type":"Person","@id":"https:\/\/www.noticiasradioreflejos.com.ar\/2021\/#\/schema\/person\/ad82545263dcc5ec0996818884fd5fb1","name":"Arnaldo Botto","image":{"@type":"ImageObject","inLanguage":"es","@id":"https:\/\/www.noticiasradioreflejos.com.ar\/2021\/#\/schema\/person\/image\/","url":"https:\/\/secure.gravatar.com\/avatar\/55cb5e37c1efa326397366e6974cb338056df65cb50e7d64d1cf314e87504837?s=96&d=mm&r=g","contentUrl":"https:\/\/secure.gravatar.com\/avatar\/55cb5e37c1efa326397366e6974cb338056df65cb50e7d64d1cf314e87504837?s=96&d=mm&r=g","caption":"Arnaldo Botto"},"url":"https:\/\/www.noticiasradioreflejos.com.ar\/2021\/author\/arnaldo\/"}]}},"_links":{"self":[{"href":"https:\/\/www.noticiasradioreflejos.com.ar\/2021\/wp-json\/wp\/v2\/posts\/99312","targetHints":{"allow":["GET"]}}],"collection":[{"href":"https:\/\/www.noticiasradioreflejos.com.ar\/2021\/wp-json\/wp\/v2\/posts"}],"about":[{"href":"https:\/\/www.noticiasradioreflejos.com.ar\/2021\/wp-json\/wp\/v2\/types\/post"}],"author":[{"embeddable":true,"href":"https:\/\/www.noticiasradioreflejos.com.ar\/2021\/wp-json\/wp\/v2\/users\/3"}],"replies":[{"embeddable":true,"href":"https:\/\/www.noticiasradioreflejos.com.ar\/2021\/wp-json\/wp\/v2\/comments?post=99312"}],"version-history":[{"count":1,"href":"https:\/\/www.noticiasradioreflejos.com.ar\/2021\/wp-json\/wp\/v2\/posts\/99312\/revisions"}],"predecessor-version":[{"id":99314,"href":"https:\/\/www.noticiasradioreflejos.com.ar\/2021\/wp-json\/wp\/v2\/posts\/99312\/revisions\/99314"}],"wp:featuredmedia":[{"embeddable":true,"href":"https:\/\/www.noticiasradioreflejos.com.ar\/2021\/wp-json\/wp\/v2\/media\/99313"}],"wp:attachment":[{"href":"https:\/\/www.noticiasradioreflejos.com.ar\/2021\/wp-json\/wp\/v2\/media?parent=99312"}],"wp:term":[{"taxonomy":"category","embeddable":true,"href":"https:\/\/www.noticiasradioreflejos.com.ar\/2021\/wp-json\/wp\/v2\/categories?post=99312"},{"taxonomy":"post_tag","embeddable":true,"href":"https:\/\/www.noticiasradioreflejos.com.ar\/2021\/wp-json\/wp\/v2\/tags?post=99312"}],"curies":[{"name":"wp","href":"https:\/\/api.w.org\/{rel}","templated":true}]}}