{"id":99309,"date":"2024-02-27T16:51:24","date_gmt":"2024-02-27T19:51:24","guid":{"rendered":"https:\/\/www.noticiasradioreflejos.com.ar\/2021\/?p=99309"},"modified":"2024-02-27T16:51:24","modified_gmt":"2024-02-27T19:51:24","slug":"las-divisiones-inferiores-de-union-continuaran-con-su-pretemporada-en-pigue","status":"publish","type":"post","link":"https:\/\/www.noticiasradioreflejos.com.ar\/2021\/las-divisiones-inferiores-de-union-continuaran-con-su-pretemporada-en-pigue\/","title":{"rendered":"Las divisiones inferiores de Uni\u00f3n continuar\u00e1n con su pretemporada en Pig\u00fc\u00e9"},"content":{"rendered":"<p>Las divisiones inferiores de f\u00fatbol de Uni\u00f3n continuar\u00e1n con su pretemporada el fin de semana venidero en Pig\u00fc\u00e9.<!--more--><\/p>\n<p>Las cuatro categor\u00edas competitivas viajar\u00e1n el viernes 1 a la ciudad vecina para sumar pr\u00e1cticas y disputar una serie de partidos de preparaci\u00f3n de cara a los torneos de la Liga Regional de F\u00fatbol de Coronel Su\u00e1rez, que iniciar\u00e1n el 16 de marzo.<\/p>\n<p>La delegaci\u00f3n se alojar\u00e1 en las instalaciones del Club Sarmiento, donde adem\u00e1s entrenar\u00e1 y el s\u00e1bado enfrentar\u00e1 al local. El domingo, en tanto, los chicos jugar\u00e1n ante Uni\u00f3n de esa localidad. <\/p>\n","protected":false},"excerpt":{"rendered":"<p>Las divisiones inferiores de f\u00fatbol de Uni\u00f3n continuar\u00e1n con su pretemporada el fin de semana venidero en Pig\u00fc\u00e9.<\/p>\n","protected":false},"author":3,"featured_media":0,"comment_status":"closed","ping_status":"closed","sticky":false,"template":"","format":"standard","meta":{"footnotes":""},"categories":[27],"tags":[],"class_list":["post-99309","post","type-post","status-publish","format-standard","hentry","category-deportes"],"yoast_head":"<!-- This site is optimized with the Yoast SEO plugin v25.9 - https:\/\/yoast.com\/wordpress\/plugins\/seo\/ -->\n<title>Las divisiones inferiores de Uni\u00f3n continuar\u00e1n con su pretemporada en Pig\u00fc\u00e9 - Noticias Radio Reflejos<\/title>\n<meta name=\"robots\" content=\"index, follow, max-snippet:-1, max-image-preview:large, max-video-preview:-1\" \/>\n<link rel=\"canonical\" href=\"https:\/\/www.noticiasradioreflejos.com.ar\/2021\/las-divisiones-inferiores-de-union-continuaran-con-su-pretemporada-en-pigue\/\" \/>\n<meta property=\"og:locale\" content=\"es_ES\" \/>\n<meta property=\"og:type\" content=\"article\" \/>\n<meta property=\"og:title\" content=\"Las divisiones inferiores de Uni\u00f3n continuar\u00e1n con su pretemporada en Pig\u00fc\u00e9 - Noticias Radio Reflejos\" \/>\n<meta property=\"og:description\" content=\"Las divisiones inferiores de f\u00fatbol de Uni\u00f3n continuar\u00e1n con su pretemporada el fin de semana venidero en Pig\u00fc\u00e9.\" \/>\n<meta property=\"og:url\" content=\"https:\/\/www.noticiasradioreflejos.com.ar\/2021\/las-divisiones-inferiores-de-union-continuaran-con-su-pretemporada-en-pigue\/\" \/>\n<meta property=\"og:site_name\" content=\"Noticias Radio Reflejos\" \/>\n<meta property=\"article:published_time\" content=\"2024-02-27T19:51:24+00:00\" \/>\n<meta property=\"og:image\" content=\"https:\/\/www.noticiasradioreflejos.com.ar\/2021\/wp-content\/uploads\/2021\/07\/logosol300x200.png\" \/>\n\t<meta property=\"og:image:width\" content=\"300\" \/>\n\t<meta property=\"og:image:height\" content=\"200\" \/>\n\t<meta property=\"og:image:type\" content=\"image\/png\" \/>\n<meta name=\"author\" content=\"Arnaldo Botto\" \/>\n<meta name=\"twitter:card\" content=\"summary_large_image\" \/>\n<script type=\"application\/ld+json\" class=\"yoast-schema-graph\">{\"@context\":\"https:\/\/schema.org\",\"@graph\":[{\"@type\":\"WebPage\",\"@id\":\"https:\/\/www.noticiasradioreflejos.com.ar\/2021\/las-divisiones-inferiores-de-union-continuaran-con-su-pretemporada-en-pigue\/\",\"url\":\"https:\/\/www.noticiasradioreflejos.com.ar\/2021\/las-divisiones-inferiores-de-union-continuaran-con-su-pretemporada-en-pigue\/\",\"name\":\"Las divisiones inferiores de Uni\u00f3n continuar\u00e1n con su pretemporada en Pig\u00fc\u00e9 - Noticias Radio Reflejos\",\"isPartOf\":{\"@id\":\"https:\/\/www.noticiasradioreflejos.com.ar\/2021\/#website\"},\"datePublished\":\"2024-02-27T19:51:24+00:00\",\"author\":{\"@id\":\"https:\/\/www.noticiasradioreflejos.com.ar\/2021\/#\/schema\/person\/ad82545263dcc5ec0996818884fd5fb1\"},\"breadcrumb\":{\"@id\":\"https:\/\/www.noticiasradioreflejos.com.ar\/2021\/las-divisiones-inferiores-de-union-continuaran-con-su-pretemporada-en-pigue\/#breadcrumb\"},\"inLanguage\":\"es\",\"potentialAction\":[{\"@type\":\"ReadAction\",\"target\":[\"https:\/\/www.noticiasradioreflejos.com.ar\/2021\/las-divisiones-inferiores-de-union-continuaran-con-su-pretemporada-en-pigue\/\"]}]},{\"@type\":\"BreadcrumbList\",\"@id\":\"https:\/\/www.noticiasradioreflejos.com.ar\/2021\/las-divisiones-inferiores-de-union-continuaran-con-su-pretemporada-en-pigue\/#breadcrumb\",\"itemListElement\":[{\"@type\":\"ListItem\",\"position\":1,\"name\":\"Portada\",\"item\":\"https:\/\/www.noticiasradioreflejos.com.ar\/2021\/\"},{\"@type\":\"ListItem\",\"position\":2,\"name\":\"Las divisiones inferiores de Uni\u00f3n continuar\u00e1n con su pretemporada en Pig\u00fc\u00e9\"}]},{\"@type\":\"WebSite\",\"@id\":\"https:\/\/www.noticiasradioreflejos.com.ar\/2021\/#website\",\"url\":\"https:\/\/www.noticiasradioreflejos.com.ar\/2021\/\",\"name\":\"Noticias Radio Reflejos\",\"description\":\"Las noticias de mi comarca\",\"potentialAction\":[{\"@type\":\"SearchAction\",\"target\":{\"@type\":\"EntryPoint\",\"urlTemplate\":\"https:\/\/www.noticiasradioreflejos.com.ar\/2021\/?s={search_term_string}\"},\"query-input\":{\"@type\":\"PropertyValueSpecification\",\"valueRequired\":true,\"valueName\":\"search_term_string\"}}],\"inLanguage\":\"es\"},{\"@type\":\"Person\",\"@id\":\"https:\/\/www.noticiasradioreflejos.com.ar\/2021\/#\/schema\/person\/ad82545263dcc5ec0996818884fd5fb1\",\"name\":\"Arnaldo Botto\",\"image\":{\"@type\":\"ImageObject\",\"inLanguage\":\"es\",\"@id\":\"https:\/\/www.noticiasradioreflejos.com.ar\/2021\/#\/schema\/person\/image\/\",\"url\":\"https:\/\/secure.gravatar.com\/avatar\/55cb5e37c1efa326397366e6974cb338056df65cb50e7d64d1cf314e87504837?s=96&d=mm&r=g\",\"contentUrl\":\"https:\/\/secure.gravatar.com\/avatar\/55cb5e37c1efa326397366e6974cb338056df65cb50e7d64d1cf314e87504837?s=96&d=mm&r=g\",\"caption\":\"Arnaldo Botto\"},\"url\":\"https:\/\/www.noticiasradioreflejos.com.ar\/2021\/author\/arnaldo\/\"}]}<\/script>\n<!-- \/ Yoast SEO plugin. -->","yoast_head_json":{"title":"Las divisiones inferiores de Uni\u00f3n continuar\u00e1n con su pretemporada en Pig\u00fc\u00e9 - Noticias Radio Reflejos","robots":{"index":"index","follow":"follow","max-snippet":"max-snippet:-1","max-image-preview":"max-image-preview:large","max-video-preview":"max-video-preview:-1"},"canonical":"https:\/\/www.noticiasradioreflejos.com.ar\/2021\/las-divisiones-inferiores-de-union-continuaran-con-su-pretemporada-en-pigue\/","og_locale":"es_ES","og_type":"article","og_title":"Las divisiones inferiores de Uni\u00f3n continuar\u00e1n con su pretemporada en Pig\u00fc\u00e9 - Noticias Radio Reflejos","og_description":"Las divisiones inferiores de f\u00fatbol de Uni\u00f3n continuar\u00e1n con su pretemporada el fin de semana venidero en Pig\u00fc\u00e9.","og_url":"https:\/\/www.noticiasradioreflejos.com.ar\/2021\/las-divisiones-inferiores-de-union-continuaran-con-su-pretemporada-en-pigue\/","og_site_name":"Noticias Radio Reflejos","article_published_time":"2024-02-27T19:51:24+00:00","og_image":[{"width":300,"height":200,"url":"https:\/\/www.noticiasradioreflejos.com.ar\/2021\/wp-content\/uploads\/2021\/07\/logosol300x200.png","type":"image\/png"}],"author":"Arnaldo Botto","twitter_card":"summary_large_image","schema":{"@context":"https:\/\/schema.org","@graph":[{"@type":"WebPage","@id":"https:\/\/www.noticiasradioreflejos.com.ar\/2021\/las-divisiones-inferiores-de-union-continuaran-con-su-pretemporada-en-pigue\/","url":"https:\/\/www.noticiasradioreflejos.com.ar\/2021\/las-divisiones-inferiores-de-union-continuaran-con-su-pretemporada-en-pigue\/","name":"Las divisiones inferiores de Uni\u00f3n continuar\u00e1n con su pretemporada en Pig\u00fc\u00e9 - Noticias Radio Reflejos","isPartOf":{"@id":"https:\/\/www.noticiasradioreflejos.com.ar\/2021\/#website"},"datePublished":"2024-02-27T19:51:24+00:00","author":{"@id":"https:\/\/www.noticiasradioreflejos.com.ar\/2021\/#\/schema\/person\/ad82545263dcc5ec0996818884fd5fb1"},"breadcrumb":{"@id":"https:\/\/www.noticiasradioreflejos.com.ar\/2021\/las-divisiones-inferiores-de-union-continuaran-con-su-pretemporada-en-pigue\/#breadcrumb"},"inLanguage":"es","potentialAction":[{"@type":"ReadAction","target":["https:\/\/www.noticiasradioreflejos.com.ar\/2021\/las-divisiones-inferiores-de-union-continuaran-con-su-pretemporada-en-pigue\/"]}]},{"@type":"BreadcrumbList","@id":"https:\/\/www.noticiasradioreflejos.com.ar\/2021\/las-divisiones-inferiores-de-union-continuaran-con-su-pretemporada-en-pigue\/#breadcrumb","itemListElement":[{"@type":"ListItem","position":1,"name":"Portada","item":"https:\/\/www.noticiasradioreflejos.com.ar\/2021\/"},{"@type":"ListItem","position":2,"name":"Las divisiones inferiores de Uni\u00f3n continuar\u00e1n con su pretemporada en Pig\u00fc\u00e9"}]},{"@type":"WebSite","@id":"https:\/\/www.noticiasradioreflejos.com.ar\/2021\/#website","url":"https:\/\/www.noticiasradioreflejos.com.ar\/2021\/","name":"Noticias Radio Reflejos","description":"Las noticias de mi comarca","potentialAction":[{"@type":"SearchAction","target":{"@type":"EntryPoint","urlTemplate":"https:\/\/www.noticiasradioreflejos.com.ar\/2021\/?s={search_term_string}"},"query-input":{"@type":"PropertyValueSpecification","valueRequired":true,"valueName":"search_term_string"}}],"inLanguage":"es"},{"@type":"Person","@id":"https:\/\/www.noticiasradioreflejos.com.ar\/2021\/#\/schema\/person\/ad82545263dcc5ec0996818884fd5fb1","name":"Arnaldo Botto","image":{"@type":"ImageObject","inLanguage":"es","@id":"https:\/\/www.noticiasradioreflejos.com.ar\/2021\/#\/schema\/person\/image\/","url":"https:\/\/secure.gravatar.com\/avatar\/55cb5e37c1efa326397366e6974cb338056df65cb50e7d64d1cf314e87504837?s=96&d=mm&r=g","contentUrl":"https:\/\/secure.gravatar.com\/avatar\/55cb5e37c1efa326397366e6974cb338056df65cb50e7d64d1cf314e87504837?s=96&d=mm&r=g","caption":"Arnaldo Botto"},"url":"https:\/\/www.noticiasradioreflejos.com.ar\/2021\/author\/arnaldo\/"}]}},"_links":{"self":[{"href":"https:\/\/www.noticiasradioreflejos.com.ar\/2021\/wp-json\/wp\/v2\/posts\/99309","targetHints":{"allow":["GET"]}}],"collection":[{"href":"https:\/\/www.noticiasradioreflejos.com.ar\/2021\/wp-json\/wp\/v2\/posts"}],"about":[{"href":"https:\/\/www.noticiasradioreflejos.com.ar\/2021\/wp-json\/wp\/v2\/types\/post"}],"author":[{"embeddable":true,"href":"https:\/\/www.noticiasradioreflejos.com.ar\/2021\/wp-json\/wp\/v2\/users\/3"}],"replies":[{"embeddable":true,"href":"https:\/\/www.noticiasradioreflejos.com.ar\/2021\/wp-json\/wp\/v2\/comments?post=99309"}],"version-history":[{"count":1,"href":"https:\/\/www.noticiasradioreflejos.com.ar\/2021\/wp-json\/wp\/v2\/posts\/99309\/revisions"}],"predecessor-version":[{"id":99311,"href":"https:\/\/www.noticiasradioreflejos.com.ar\/2021\/wp-json\/wp\/v2\/posts\/99309\/revisions\/99311"}],"wp:attachment":[{"href":"https:\/\/www.noticiasradioreflejos.com.ar\/2021\/wp-json\/wp\/v2\/media?parent=99309"}],"wp:term":[{"taxonomy":"category","embeddable":true,"href":"https:\/\/www.noticiasradioreflejos.com.ar\/2021\/wp-json\/wp\/v2\/categories?post=99309"},{"taxonomy":"post_tag","embeddable":true,"href":"https:\/\/www.noticiasradioreflejos.com.ar\/2021\/wp-json\/wp\/v2\/tags?post=99309"}],"curies":[{"name":"wp","href":"https:\/\/api.w.org\/{rel}","templated":true}]}}