{"id":99306,"date":"2024-02-27T16:49:23","date_gmt":"2024-02-27T19:49:23","guid":{"rendered":"https:\/\/www.noticiasradioreflejos.com.ar\/2021\/?p=99306"},"modified":"2024-02-27T16:49:23","modified_gmt":"2024-02-27T19:49:23","slug":"torneo-de-futbol-mixto-este-sabado-en-el-club-union","status":"publish","type":"post","link":"https:\/\/www.noticiasradioreflejos.com.ar\/2021\/torneo-de-futbol-mixto-este-sabado-en-el-club-union\/","title":{"rendered":"Torneo de F\u00fatbol Mixto, este s\u00e1bado en el Club Uni\u00f3n"},"content":{"rendered":"<p>El Club Uni\u00f3n de Tornquist realizar\u00e1 este s\u00e1bado 2 de marzo un Torneo de F\u00fatbol Mixto en su cancha sint\u00e9tica.<!--more--><\/p>\n<p><a data-flickr-embed=\"true\" href=\"https:\/\/www.flickr.com\/photos\/182279889@N02\/53556137041\/in\/dateposted-public\/\" title=\"Torneo futbol mixto\"><img loading=\"lazy\" decoding=\"async\" src=\"https:\/\/live.staticflickr.com\/65535\/53556137041_af51ca6f18_m.jpg\" width=\"135\" height=\"240\" alt=\"Torneo futbol mixto\"\/><\/a><script async src=\"\/\/embedr.flickr.com\/assets\/client-code.js\" charset=\"utf-8\"><\/script><\/p>\n<p>Cada equipo podr\u00e1 estar integrado por 10 jugadores como m\u00e1ximo y siempre deber\u00e1 haber al menos dos mujeres en cancha (no cuenta la arquera). La inscripci\u00f3n tiene un valor de $3000 por jugador\/a y se realiza comunic\u00e1ndose al 2914688519.<\/p>\n<p>La jornada dar\u00e1 inicio a las 17.30 hs y contar\u00e1 con servicio de cantina. \u00a1Te esperamos!<\/p>\n","protected":false},"excerpt":{"rendered":"<p>El Club Uni\u00f3n de Tornquist realizar\u00e1 este s\u00e1bado 2 de marzo un Torneo de F\u00fatbol Mixto en su cancha sint\u00e9tica.<\/p>\n","protected":false},"author":3,"featured_media":0,"comment_status":"closed","ping_status":"closed","sticky":false,"template":"","format":"standard","meta":{"footnotes":""},"categories":[27],"tags":[],"class_list":["post-99306","post","type-post","status-publish","format-standard","hentry","category-deportes"],"yoast_head":"<!-- This site is optimized with the Yoast SEO plugin v25.9 - https:\/\/yoast.com\/wordpress\/plugins\/seo\/ -->\n<title>Torneo de F\u00fatbol Mixto, este s\u00e1bado en el Club Uni\u00f3n - Noticias Radio Reflejos<\/title>\n<meta name=\"robots\" content=\"index, follow, max-snippet:-1, max-image-preview:large, max-video-preview:-1\" \/>\n<link rel=\"canonical\" href=\"https:\/\/www.noticiasradioreflejos.com.ar\/2021\/torneo-de-futbol-mixto-este-sabado-en-el-club-union\/\" \/>\n<meta property=\"og:locale\" content=\"es_ES\" \/>\n<meta property=\"og:type\" content=\"article\" \/>\n<meta property=\"og:title\" content=\"Torneo de F\u00fatbol Mixto, este s\u00e1bado en el Club Uni\u00f3n - Noticias Radio Reflejos\" \/>\n<meta property=\"og:description\" content=\"El Club Uni\u00f3n de Tornquist realizar\u00e1 este s\u00e1bado 2 de marzo un Torneo de F\u00fatbol Mixto en su cancha sint\u00e9tica.\" \/>\n<meta property=\"og:url\" content=\"https:\/\/www.noticiasradioreflejos.com.ar\/2021\/torneo-de-futbol-mixto-este-sabado-en-el-club-union\/\" \/>\n<meta property=\"og:site_name\" content=\"Noticias Radio Reflejos\" \/>\n<meta property=\"article:published_time\" content=\"2024-02-27T19:49:23+00:00\" \/>\n<meta property=\"og:image\" content=\"https:\/\/www.noticiasradioreflejos.com.ar\/2021\/wp-content\/uploads\/2024\/02\/Torneo-futbol-mixto-e1709063349162.jpeg\" \/>\n\t<meta property=\"og:image:width\" content=\"900\" \/>\n\t<meta property=\"og:image:height\" content=\"565\" \/>\n\t<meta property=\"og:image:type\" content=\"image\/jpeg\" \/>\n<meta name=\"author\" content=\"Arnaldo Botto\" \/>\n<meta name=\"twitter:card\" content=\"summary_large_image\" \/>\n<script type=\"application\/ld+json\" class=\"yoast-schema-graph\">{\"@context\":\"https:\/\/schema.org\",\"@graph\":[{\"@type\":\"WebPage\",\"@id\":\"https:\/\/www.noticiasradioreflejos.com.ar\/2021\/torneo-de-futbol-mixto-este-sabado-en-el-club-union\/\",\"url\":\"https:\/\/www.noticiasradioreflejos.com.ar\/2021\/torneo-de-futbol-mixto-este-sabado-en-el-club-union\/\",\"name\":\"Torneo de F\u00fatbol Mixto, este s\u00e1bado en el Club Uni\u00f3n - Noticias Radio Reflejos\",\"isPartOf\":{\"@id\":\"https:\/\/www.noticiasradioreflejos.com.ar\/2021\/#website\"},\"primaryImageOfPage\":{\"@id\":\"https:\/\/www.noticiasradioreflejos.com.ar\/2021\/torneo-de-futbol-mixto-este-sabado-en-el-club-union\/#primaryimage\"},\"image\":{\"@id\":\"https:\/\/www.noticiasradioreflejos.com.ar\/2021\/torneo-de-futbol-mixto-este-sabado-en-el-club-union\/#primaryimage\"},\"thumbnailUrl\":\"https:\/\/live.staticflickr.com\/65535\/53556137041_af51ca6f18_m.jpg\",\"datePublished\":\"2024-02-27T19:49:23+00:00\",\"author\":{\"@id\":\"https:\/\/www.noticiasradioreflejos.com.ar\/2021\/#\/schema\/person\/ad82545263dcc5ec0996818884fd5fb1\"},\"breadcrumb\":{\"@id\":\"https:\/\/www.noticiasradioreflejos.com.ar\/2021\/torneo-de-futbol-mixto-este-sabado-en-el-club-union\/#breadcrumb\"},\"inLanguage\":\"es\",\"potentialAction\":[{\"@type\":\"ReadAction\",\"target\":[\"https:\/\/www.noticiasradioreflejos.com.ar\/2021\/torneo-de-futbol-mixto-este-sabado-en-el-club-union\/\"]}]},{\"@type\":\"ImageObject\",\"inLanguage\":\"es\",\"@id\":\"https:\/\/www.noticiasradioreflejos.com.ar\/2021\/torneo-de-futbol-mixto-este-sabado-en-el-club-union\/#primaryimage\",\"url\":\"https:\/\/live.staticflickr.com\/65535\/53556137041_af51ca6f18_m.jpg\",\"contentUrl\":\"https:\/\/live.staticflickr.com\/65535\/53556137041_af51ca6f18_m.jpg\"},{\"@type\":\"BreadcrumbList\",\"@id\":\"https:\/\/www.noticiasradioreflejos.com.ar\/2021\/torneo-de-futbol-mixto-este-sabado-en-el-club-union\/#breadcrumb\",\"itemListElement\":[{\"@type\":\"ListItem\",\"position\":1,\"name\":\"Portada\",\"item\":\"https:\/\/www.noticiasradioreflejos.com.ar\/2021\/\"},{\"@type\":\"ListItem\",\"position\":2,\"name\":\"Torneo de F\u00fatbol Mixto, este s\u00e1bado en el Club Uni\u00f3n\"}]},{\"@type\":\"WebSite\",\"@id\":\"https:\/\/www.noticiasradioreflejos.com.ar\/2021\/#website\",\"url\":\"https:\/\/www.noticiasradioreflejos.com.ar\/2021\/\",\"name\":\"Noticias Radio Reflejos\",\"description\":\"Las noticias de mi comarca\",\"potentialAction\":[{\"@type\":\"SearchAction\",\"target\":{\"@type\":\"EntryPoint\",\"urlTemplate\":\"https:\/\/www.noticiasradioreflejos.com.ar\/2021\/?s={search_term_string}\"},\"query-input\":{\"@type\":\"PropertyValueSpecification\",\"valueRequired\":true,\"valueName\":\"search_term_string\"}}],\"inLanguage\":\"es\"},{\"@type\":\"Person\",\"@id\":\"https:\/\/www.noticiasradioreflejos.com.ar\/2021\/#\/schema\/person\/ad82545263dcc5ec0996818884fd5fb1\",\"name\":\"Arnaldo Botto\",\"image\":{\"@type\":\"ImageObject\",\"inLanguage\":\"es\",\"@id\":\"https:\/\/www.noticiasradioreflejos.com.ar\/2021\/#\/schema\/person\/image\/\",\"url\":\"https:\/\/secure.gravatar.com\/avatar\/55cb5e37c1efa326397366e6974cb338056df65cb50e7d64d1cf314e87504837?s=96&d=mm&r=g\",\"contentUrl\":\"https:\/\/secure.gravatar.com\/avatar\/55cb5e37c1efa326397366e6974cb338056df65cb50e7d64d1cf314e87504837?s=96&d=mm&r=g\",\"caption\":\"Arnaldo Botto\"},\"url\":\"https:\/\/www.noticiasradioreflejos.com.ar\/2021\/author\/arnaldo\/\"}]}<\/script>\n<!-- \/ Yoast SEO plugin. -->","yoast_head_json":{"title":"Torneo de F\u00fatbol Mixto, este s\u00e1bado en el Club Uni\u00f3n - Noticias Radio Reflejos","robots":{"index":"index","follow":"follow","max-snippet":"max-snippet:-1","max-image-preview":"max-image-preview:large","max-video-preview":"max-video-preview:-1"},"canonical":"https:\/\/www.noticiasradioreflejos.com.ar\/2021\/torneo-de-futbol-mixto-este-sabado-en-el-club-union\/","og_locale":"es_ES","og_type":"article","og_title":"Torneo de F\u00fatbol Mixto, este s\u00e1bado en el Club Uni\u00f3n - Noticias Radio Reflejos","og_description":"El Club Uni\u00f3n de Tornquist realizar\u00e1 este s\u00e1bado 2 de marzo un Torneo de F\u00fatbol Mixto en su cancha sint\u00e9tica.","og_url":"https:\/\/www.noticiasradioreflejos.com.ar\/2021\/torneo-de-futbol-mixto-este-sabado-en-el-club-union\/","og_site_name":"Noticias Radio Reflejos","article_published_time":"2024-02-27T19:49:23+00:00","og_image":[{"width":900,"height":565,"url":"https:\/\/www.noticiasradioreflejos.com.ar\/2021\/wp-content\/uploads\/2024\/02\/Torneo-futbol-mixto-e1709063349162.jpeg","type":"image\/jpeg"}],"author":"Arnaldo Botto","twitter_card":"summary_large_image","schema":{"@context":"https:\/\/schema.org","@graph":[{"@type":"WebPage","@id":"https:\/\/www.noticiasradioreflejos.com.ar\/2021\/torneo-de-futbol-mixto-este-sabado-en-el-club-union\/","url":"https:\/\/www.noticiasradioreflejos.com.ar\/2021\/torneo-de-futbol-mixto-este-sabado-en-el-club-union\/","name":"Torneo de F\u00fatbol Mixto, este s\u00e1bado en el Club Uni\u00f3n - Noticias Radio Reflejos","isPartOf":{"@id":"https:\/\/www.noticiasradioreflejos.com.ar\/2021\/#website"},"primaryImageOfPage":{"@id":"https:\/\/www.noticiasradioreflejos.com.ar\/2021\/torneo-de-futbol-mixto-este-sabado-en-el-club-union\/#primaryimage"},"image":{"@id":"https:\/\/www.noticiasradioreflejos.com.ar\/2021\/torneo-de-futbol-mixto-este-sabado-en-el-club-union\/#primaryimage"},"thumbnailUrl":"https:\/\/live.staticflickr.com\/65535\/53556137041_af51ca6f18_m.jpg","datePublished":"2024-02-27T19:49:23+00:00","author":{"@id":"https:\/\/www.noticiasradioreflejos.com.ar\/2021\/#\/schema\/person\/ad82545263dcc5ec0996818884fd5fb1"},"breadcrumb":{"@id":"https:\/\/www.noticiasradioreflejos.com.ar\/2021\/torneo-de-futbol-mixto-este-sabado-en-el-club-union\/#breadcrumb"},"inLanguage":"es","potentialAction":[{"@type":"ReadAction","target":["https:\/\/www.noticiasradioreflejos.com.ar\/2021\/torneo-de-futbol-mixto-este-sabado-en-el-club-union\/"]}]},{"@type":"ImageObject","inLanguage":"es","@id":"https:\/\/www.noticiasradioreflejos.com.ar\/2021\/torneo-de-futbol-mixto-este-sabado-en-el-club-union\/#primaryimage","url":"https:\/\/live.staticflickr.com\/65535\/53556137041_af51ca6f18_m.jpg","contentUrl":"https:\/\/live.staticflickr.com\/65535\/53556137041_af51ca6f18_m.jpg"},{"@type":"BreadcrumbList","@id":"https:\/\/www.noticiasradioreflejos.com.ar\/2021\/torneo-de-futbol-mixto-este-sabado-en-el-club-union\/#breadcrumb","itemListElement":[{"@type":"ListItem","position":1,"name":"Portada","item":"https:\/\/www.noticiasradioreflejos.com.ar\/2021\/"},{"@type":"ListItem","position":2,"name":"Torneo de F\u00fatbol Mixto, este s\u00e1bado en el Club Uni\u00f3n"}]},{"@type":"WebSite","@id":"https:\/\/www.noticiasradioreflejos.com.ar\/2021\/#website","url":"https:\/\/www.noticiasradioreflejos.com.ar\/2021\/","name":"Noticias Radio Reflejos","description":"Las noticias de mi comarca","potentialAction":[{"@type":"SearchAction","target":{"@type":"EntryPoint","urlTemplate":"https:\/\/www.noticiasradioreflejos.com.ar\/2021\/?s={search_term_string}"},"query-input":{"@type":"PropertyValueSpecification","valueRequired":true,"valueName":"search_term_string"}}],"inLanguage":"es"},{"@type":"Person","@id":"https:\/\/www.noticiasradioreflejos.com.ar\/2021\/#\/schema\/person\/ad82545263dcc5ec0996818884fd5fb1","name":"Arnaldo Botto","image":{"@type":"ImageObject","inLanguage":"es","@id":"https:\/\/www.noticiasradioreflejos.com.ar\/2021\/#\/schema\/person\/image\/","url":"https:\/\/secure.gravatar.com\/avatar\/55cb5e37c1efa326397366e6974cb338056df65cb50e7d64d1cf314e87504837?s=96&d=mm&r=g","contentUrl":"https:\/\/secure.gravatar.com\/avatar\/55cb5e37c1efa326397366e6974cb338056df65cb50e7d64d1cf314e87504837?s=96&d=mm&r=g","caption":"Arnaldo Botto"},"url":"https:\/\/www.noticiasradioreflejos.com.ar\/2021\/author\/arnaldo\/"}]}},"_links":{"self":[{"href":"https:\/\/www.noticiasradioreflejos.com.ar\/2021\/wp-json\/wp\/v2\/posts\/99306","targetHints":{"allow":["GET"]}}],"collection":[{"href":"https:\/\/www.noticiasradioreflejos.com.ar\/2021\/wp-json\/wp\/v2\/posts"}],"about":[{"href":"https:\/\/www.noticiasradioreflejos.com.ar\/2021\/wp-json\/wp\/v2\/types\/post"}],"author":[{"embeddable":true,"href":"https:\/\/www.noticiasradioreflejos.com.ar\/2021\/wp-json\/wp\/v2\/users\/3"}],"replies":[{"embeddable":true,"href":"https:\/\/www.noticiasradioreflejos.com.ar\/2021\/wp-json\/wp\/v2\/comments?post=99306"}],"version-history":[{"count":1,"href":"https:\/\/www.noticiasradioreflejos.com.ar\/2021\/wp-json\/wp\/v2\/posts\/99306\/revisions"}],"predecessor-version":[{"id":99308,"href":"https:\/\/www.noticiasradioreflejos.com.ar\/2021\/wp-json\/wp\/v2\/posts\/99306\/revisions\/99308"}],"wp:attachment":[{"href":"https:\/\/www.noticiasradioreflejos.com.ar\/2021\/wp-json\/wp\/v2\/media?parent=99306"}],"wp:term":[{"taxonomy":"category","embeddable":true,"href":"https:\/\/www.noticiasradioreflejos.com.ar\/2021\/wp-json\/wp\/v2\/categories?post=99306"},{"taxonomy":"post_tag","embeddable":true,"href":"https:\/\/www.noticiasradioreflejos.com.ar\/2021\/wp-json\/wp\/v2\/tags?post=99306"}],"curies":[{"name":"wp","href":"https:\/\/api.w.org\/{rel}","templated":true}]}}