{"id":99297,"date":"2024-02-27T16:17:56","date_gmt":"2024-02-27T19:17:56","guid":{"rendered":"https:\/\/www.noticiasradioreflejos.com.ar\/2021\/?p=99297"},"modified":"2024-02-27T16:17:56","modified_gmt":"2024-02-27T19:17:56","slug":"condenan-a-un-joven-a-5-anos-y-medio-de-prision-por-robar-un-celular-a-mano-armada","status":"publish","type":"post","link":"https:\/\/www.noticiasradioreflejos.com.ar\/2021\/condenan-a-un-joven-a-5-anos-y-medio-de-prision-por-robar-un-celular-a-mano-armada\/","title":{"rendered":"Condenan a un joven a 5 a\u00f1os y medio de prisi\u00f3n por robar un celular a mano armada"},"content":{"rendered":"<p>En el marco de una investigaci\u00f3n realizada por la<strong>\u00a0UFIJ N.\u00ba 15<\/strong>, el Tribunal en lo Criminal N.\u00ba 3 conden\u00f3 a <strong>H\u00e9ctor Agust\u00edn M\u00e1ximo Carranza<\/strong> a la pena de 5 a\u00f1os y 6 meses de prisi\u00f3n por asaltar a un joven en la v\u00eda p\u00fablica y robarle el celular.<!--more--><\/p>\n<div class=\"col-lg-6\"><img loading=\"lazy\" decoding=\"async\" class=\"img-fluid aligncenter\" src=\"https:\/\/agenciadenoticiasjudiciales.com\/wp-content\/uploads\/2023\/08\/justicia-2023-5-1200x1200.jpg\" alt=\"\" width=\"605\" height=\"605\" \/><\/div>\n<div class=\"post-single-wrapper p-t-xs-60\">\n<div class=\"container\">\n<div class=\"social-share-sticky\">\n<div class=\"shared-counts-wrap sidebar-top style-icon\"><\/div>\n<\/div>\n<div class=\"row\">\n<div class=\"col-xl-8 axil-main\">\n<div class=\"theiaStickySidebar\">\n<article class=\"post-details\">Seg\u00fan la causa, el d\u00eda 22 de noviembre de 2022 la v\u00edctima fue interceptada en inmediaciones de 25 de mayo y Tierra del Fuego de Bah\u00eda Blanca por Carranza, quien baj\u00f3 de un auto Ford Focus junto a Nahuel Mariano Pedreros, lo golpearon en la cabeza con un elemento y le sustrajeron el tel\u00e9fono.<\/p>\n<p>La v\u00edctima sufri\u00f3 una importante lesi\u00f3n en la cabeza y fue trasladado al hospital donde le suturaron la herida.<\/p>\n<p>Esa circunstancia fue observada por varias personas que se encontraban en las inmediaciones, quienes brindaron los datos del veh\u00edculo a la polic\u00eda y m\u00e1s tarde lograron dar con ellos.<\/p>\n<p>Pedreros fue condenado en juicio abreviado en agosto de 2023, a la pena de 5 a\u00f1os de prisi\u00f3n de efectivo cumplimiento.<\/p>\n<p>En relaci\u00f3n a Carranza, el Tribunal entendi\u00f3 que qued\u00f3 probada su participaci\u00f3n en el hecho y que el robo se produjo con un instrumento que utilizaron a modo de arma como elemento contundente para doblegar a la v\u00edctima y as\u00ed lograr su cometido.<\/p>\n<\/article>\n<\/div>\n<\/div>\n<\/div>\n<\/div>\n<\/div>\n","protected":false},"excerpt":{"rendered":"<p>En el marco de una investigaci\u00f3n realizada por la\u00a0UFIJ N.\u00ba 15, el Tribunal en lo Criminal N.\u00ba 3 conden\u00f3 a H\u00e9ctor Agust\u00edn M\u00e1ximo Carranza a la pena de 5 a\u00f1os y 6 meses de prisi\u00f3n por asaltar a un joven en la v\u00eda p\u00fablica y robarle el celular.<\/p>\n","protected":false},"author":3,"featured_media":72309,"comment_status":"closed","ping_status":"closed","sticky":false,"template":"","format":"standard","meta":{"footnotes":""},"categories":[57],"tags":[],"class_list":["post-99297","post","type-post","status-publish","format-standard","has-post-thumbnail","hentry","category-judiciales"],"yoast_head":"<!-- This site is optimized with the Yoast SEO plugin v25.9 - https:\/\/yoast.com\/wordpress\/plugins\/seo\/ -->\n<title>Condenan a un joven a 5 a\u00f1os y medio de prisi\u00f3n por robar un celular a mano armada - Noticias Radio Reflejos<\/title>\n<meta name=\"robots\" content=\"index, follow, max-snippet:-1, max-image-preview:large, max-video-preview:-1\" \/>\n<link rel=\"canonical\" href=\"https:\/\/www.noticiasradioreflejos.com.ar\/2021\/condenan-a-un-joven-a-5-anos-y-medio-de-prision-por-robar-un-celular-a-mano-armada\/\" \/>\n<meta property=\"og:locale\" content=\"es_ES\" \/>\n<meta property=\"og:type\" content=\"article\" \/>\n<meta property=\"og:title\" content=\"Condenan a un joven a 5 a\u00f1os y medio de prisi\u00f3n por robar un celular a mano armada - Noticias Radio Reflejos\" \/>\n<meta property=\"og:description\" content=\"En el marco de una investigaci\u00f3n realizada por la\u00a0UFIJ N.\u00ba 15, el Tribunal en lo Criminal N.\u00ba 3 conden\u00f3 a H\u00e9ctor Agust\u00edn M\u00e1ximo Carranza a la pena de 5 a\u00f1os y 6 meses de prisi\u00f3n por asaltar a un joven en la v\u00eda p\u00fablica y robarle el celular.\" \/>\n<meta property=\"og:url\" content=\"https:\/\/www.noticiasradioreflejos.com.ar\/2021\/condenan-a-un-joven-a-5-anos-y-medio-de-prision-por-robar-un-celular-a-mano-armada\/\" \/>\n<meta property=\"og:site_name\" content=\"Noticias Radio Reflejos\" \/>\n<meta property=\"article:published_time\" content=\"2024-02-27T19:17:56+00:00\" \/>\n<meta property=\"og:image\" content=\"https:\/\/www.noticiasradioreflejos.com.ar\/2021\/wp-content\/uploads\/2022\/05\/preso.jpg\" \/>\n\t<meta property=\"og:image:width\" content=\"800\" \/>\n\t<meta property=\"og:image:height\" content=\"450\" \/>\n\t<meta property=\"og:image:type\" content=\"image\/jpeg\" \/>\n<meta name=\"author\" content=\"Arnaldo Botto\" \/>\n<meta name=\"twitter:card\" content=\"summary_large_image\" \/>\n<script type=\"application\/ld+json\" class=\"yoast-schema-graph\">{\"@context\":\"https:\/\/schema.org\",\"@graph\":[{\"@type\":\"WebPage\",\"@id\":\"https:\/\/www.noticiasradioreflejos.com.ar\/2021\/condenan-a-un-joven-a-5-anos-y-medio-de-prision-por-robar-un-celular-a-mano-armada\/\",\"url\":\"https:\/\/www.noticiasradioreflejos.com.ar\/2021\/condenan-a-un-joven-a-5-anos-y-medio-de-prision-por-robar-un-celular-a-mano-armada\/\",\"name\":\"Condenan a un joven a 5 a\u00f1os y medio de prisi\u00f3n por robar un celular a mano armada - Noticias Radio Reflejos\",\"isPartOf\":{\"@id\":\"https:\/\/www.noticiasradioreflejos.com.ar\/2021\/#website\"},\"primaryImageOfPage\":{\"@id\":\"https:\/\/www.noticiasradioreflejos.com.ar\/2021\/condenan-a-un-joven-a-5-anos-y-medio-de-prision-por-robar-un-celular-a-mano-armada\/#primaryimage\"},\"image\":{\"@id\":\"https:\/\/www.noticiasradioreflejos.com.ar\/2021\/condenan-a-un-joven-a-5-anos-y-medio-de-prision-por-robar-un-celular-a-mano-armada\/#primaryimage\"},\"thumbnailUrl\":\"https:\/\/www.noticiasradioreflejos.com.ar\/2021\/wp-content\/uploads\/2022\/05\/preso.jpg\",\"datePublished\":\"2024-02-27T19:17:56+00:00\",\"author\":{\"@id\":\"https:\/\/www.noticiasradioreflejos.com.ar\/2021\/#\/schema\/person\/ad82545263dcc5ec0996818884fd5fb1\"},\"breadcrumb\":{\"@id\":\"https:\/\/www.noticiasradioreflejos.com.ar\/2021\/condenan-a-un-joven-a-5-anos-y-medio-de-prision-por-robar-un-celular-a-mano-armada\/#breadcrumb\"},\"inLanguage\":\"es\",\"potentialAction\":[{\"@type\":\"ReadAction\",\"target\":[\"https:\/\/www.noticiasradioreflejos.com.ar\/2021\/condenan-a-un-joven-a-5-anos-y-medio-de-prision-por-robar-un-celular-a-mano-armada\/\"]}]},{\"@type\":\"ImageObject\",\"inLanguage\":\"es\",\"@id\":\"https:\/\/www.noticiasradioreflejos.com.ar\/2021\/condenan-a-un-joven-a-5-anos-y-medio-de-prision-por-robar-un-celular-a-mano-armada\/#primaryimage\",\"url\":\"https:\/\/www.noticiasradioreflejos.com.ar\/2021\/wp-content\/uploads\/2022\/05\/preso.jpg\",\"contentUrl\":\"https:\/\/www.noticiasradioreflejos.com.ar\/2021\/wp-content\/uploads\/2022\/05\/preso.jpg\",\"width\":800,\"height\":450},{\"@type\":\"BreadcrumbList\",\"@id\":\"https:\/\/www.noticiasradioreflejos.com.ar\/2021\/condenan-a-un-joven-a-5-anos-y-medio-de-prision-por-robar-un-celular-a-mano-armada\/#breadcrumb\",\"itemListElement\":[{\"@type\":\"ListItem\",\"position\":1,\"name\":\"Portada\",\"item\":\"https:\/\/www.noticiasradioreflejos.com.ar\/2021\/\"},{\"@type\":\"ListItem\",\"position\":2,\"name\":\"Condenan a un joven a 5 a\u00f1os y medio de prisi\u00f3n por robar un celular a mano armada\"}]},{\"@type\":\"WebSite\",\"@id\":\"https:\/\/www.noticiasradioreflejos.com.ar\/2021\/#website\",\"url\":\"https:\/\/www.noticiasradioreflejos.com.ar\/2021\/\",\"name\":\"Noticias Radio Reflejos\",\"description\":\"Las noticias de mi comarca\",\"potentialAction\":[{\"@type\":\"SearchAction\",\"target\":{\"@type\":\"EntryPoint\",\"urlTemplate\":\"https:\/\/www.noticiasradioreflejos.com.ar\/2021\/?s={search_term_string}\"},\"query-input\":{\"@type\":\"PropertyValueSpecification\",\"valueRequired\":true,\"valueName\":\"search_term_string\"}}],\"inLanguage\":\"es\"},{\"@type\":\"Person\",\"@id\":\"https:\/\/www.noticiasradioreflejos.com.ar\/2021\/#\/schema\/person\/ad82545263dcc5ec0996818884fd5fb1\",\"name\":\"Arnaldo Botto\",\"image\":{\"@type\":\"ImageObject\",\"inLanguage\":\"es\",\"@id\":\"https:\/\/www.noticiasradioreflejos.com.ar\/2021\/#\/schema\/person\/image\/\",\"url\":\"https:\/\/secure.gravatar.com\/avatar\/55cb5e37c1efa326397366e6974cb338056df65cb50e7d64d1cf314e87504837?s=96&d=mm&r=g\",\"contentUrl\":\"https:\/\/secure.gravatar.com\/avatar\/55cb5e37c1efa326397366e6974cb338056df65cb50e7d64d1cf314e87504837?s=96&d=mm&r=g\",\"caption\":\"Arnaldo Botto\"},\"url\":\"https:\/\/www.noticiasradioreflejos.com.ar\/2021\/author\/arnaldo\/\"}]}<\/script>\n<!-- \/ Yoast SEO plugin. -->","yoast_head_json":{"title":"Condenan a un joven a 5 a\u00f1os y medio de prisi\u00f3n por robar un celular a mano armada - Noticias Radio Reflejos","robots":{"index":"index","follow":"follow","max-snippet":"max-snippet:-1","max-image-preview":"max-image-preview:large","max-video-preview":"max-video-preview:-1"},"canonical":"https:\/\/www.noticiasradioreflejos.com.ar\/2021\/condenan-a-un-joven-a-5-anos-y-medio-de-prision-por-robar-un-celular-a-mano-armada\/","og_locale":"es_ES","og_type":"article","og_title":"Condenan a un joven a 5 a\u00f1os y medio de prisi\u00f3n por robar un celular a mano armada - Noticias Radio Reflejos","og_description":"En el marco de una investigaci\u00f3n realizada por la\u00a0UFIJ N.\u00ba 15, el Tribunal en lo Criminal N.\u00ba 3 conden\u00f3 a H\u00e9ctor Agust\u00edn M\u00e1ximo Carranza a la pena de 5 a\u00f1os y 6 meses de prisi\u00f3n por asaltar a un joven en la v\u00eda p\u00fablica y robarle el celular.","og_url":"https:\/\/www.noticiasradioreflejos.com.ar\/2021\/condenan-a-un-joven-a-5-anos-y-medio-de-prision-por-robar-un-celular-a-mano-armada\/","og_site_name":"Noticias Radio Reflejos","article_published_time":"2024-02-27T19:17:56+00:00","og_image":[{"width":800,"height":450,"url":"https:\/\/www.noticiasradioreflejos.com.ar\/2021\/wp-content\/uploads\/2022\/05\/preso.jpg","type":"image\/jpeg"}],"author":"Arnaldo Botto","twitter_card":"summary_large_image","schema":{"@context":"https:\/\/schema.org","@graph":[{"@type":"WebPage","@id":"https:\/\/www.noticiasradioreflejos.com.ar\/2021\/condenan-a-un-joven-a-5-anos-y-medio-de-prision-por-robar-un-celular-a-mano-armada\/","url":"https:\/\/www.noticiasradioreflejos.com.ar\/2021\/condenan-a-un-joven-a-5-anos-y-medio-de-prision-por-robar-un-celular-a-mano-armada\/","name":"Condenan a un joven a 5 a\u00f1os y medio de prisi\u00f3n por robar un celular a mano armada - Noticias Radio Reflejos","isPartOf":{"@id":"https:\/\/www.noticiasradioreflejos.com.ar\/2021\/#website"},"primaryImageOfPage":{"@id":"https:\/\/www.noticiasradioreflejos.com.ar\/2021\/condenan-a-un-joven-a-5-anos-y-medio-de-prision-por-robar-un-celular-a-mano-armada\/#primaryimage"},"image":{"@id":"https:\/\/www.noticiasradioreflejos.com.ar\/2021\/condenan-a-un-joven-a-5-anos-y-medio-de-prision-por-robar-un-celular-a-mano-armada\/#primaryimage"},"thumbnailUrl":"https:\/\/www.noticiasradioreflejos.com.ar\/2021\/wp-content\/uploads\/2022\/05\/preso.jpg","datePublished":"2024-02-27T19:17:56+00:00","author":{"@id":"https:\/\/www.noticiasradioreflejos.com.ar\/2021\/#\/schema\/person\/ad82545263dcc5ec0996818884fd5fb1"},"breadcrumb":{"@id":"https:\/\/www.noticiasradioreflejos.com.ar\/2021\/condenan-a-un-joven-a-5-anos-y-medio-de-prision-por-robar-un-celular-a-mano-armada\/#breadcrumb"},"inLanguage":"es","potentialAction":[{"@type":"ReadAction","target":["https:\/\/www.noticiasradioreflejos.com.ar\/2021\/condenan-a-un-joven-a-5-anos-y-medio-de-prision-por-robar-un-celular-a-mano-armada\/"]}]},{"@type":"ImageObject","inLanguage":"es","@id":"https:\/\/www.noticiasradioreflejos.com.ar\/2021\/condenan-a-un-joven-a-5-anos-y-medio-de-prision-por-robar-un-celular-a-mano-armada\/#primaryimage","url":"https:\/\/www.noticiasradioreflejos.com.ar\/2021\/wp-content\/uploads\/2022\/05\/preso.jpg","contentUrl":"https:\/\/www.noticiasradioreflejos.com.ar\/2021\/wp-content\/uploads\/2022\/05\/preso.jpg","width":800,"height":450},{"@type":"BreadcrumbList","@id":"https:\/\/www.noticiasradioreflejos.com.ar\/2021\/condenan-a-un-joven-a-5-anos-y-medio-de-prision-por-robar-un-celular-a-mano-armada\/#breadcrumb","itemListElement":[{"@type":"ListItem","position":1,"name":"Portada","item":"https:\/\/www.noticiasradioreflejos.com.ar\/2021\/"},{"@type":"ListItem","position":2,"name":"Condenan a un joven a 5 a\u00f1os y medio de prisi\u00f3n por robar un celular a mano armada"}]},{"@type":"WebSite","@id":"https:\/\/www.noticiasradioreflejos.com.ar\/2021\/#website","url":"https:\/\/www.noticiasradioreflejos.com.ar\/2021\/","name":"Noticias Radio Reflejos","description":"Las noticias de mi comarca","potentialAction":[{"@type":"SearchAction","target":{"@type":"EntryPoint","urlTemplate":"https:\/\/www.noticiasradioreflejos.com.ar\/2021\/?s={search_term_string}"},"query-input":{"@type":"PropertyValueSpecification","valueRequired":true,"valueName":"search_term_string"}}],"inLanguage":"es"},{"@type":"Person","@id":"https:\/\/www.noticiasradioreflejos.com.ar\/2021\/#\/schema\/person\/ad82545263dcc5ec0996818884fd5fb1","name":"Arnaldo Botto","image":{"@type":"ImageObject","inLanguage":"es","@id":"https:\/\/www.noticiasradioreflejos.com.ar\/2021\/#\/schema\/person\/image\/","url":"https:\/\/secure.gravatar.com\/avatar\/55cb5e37c1efa326397366e6974cb338056df65cb50e7d64d1cf314e87504837?s=96&d=mm&r=g","contentUrl":"https:\/\/secure.gravatar.com\/avatar\/55cb5e37c1efa326397366e6974cb338056df65cb50e7d64d1cf314e87504837?s=96&d=mm&r=g","caption":"Arnaldo Botto"},"url":"https:\/\/www.noticiasradioreflejos.com.ar\/2021\/author\/arnaldo\/"}]}},"_links":{"self":[{"href":"https:\/\/www.noticiasradioreflejos.com.ar\/2021\/wp-json\/wp\/v2\/posts\/99297","targetHints":{"allow":["GET"]}}],"collection":[{"href":"https:\/\/www.noticiasradioreflejos.com.ar\/2021\/wp-json\/wp\/v2\/posts"}],"about":[{"href":"https:\/\/www.noticiasradioreflejos.com.ar\/2021\/wp-json\/wp\/v2\/types\/post"}],"author":[{"embeddable":true,"href":"https:\/\/www.noticiasradioreflejos.com.ar\/2021\/wp-json\/wp\/v2\/users\/3"}],"replies":[{"embeddable":true,"href":"https:\/\/www.noticiasradioreflejos.com.ar\/2021\/wp-json\/wp\/v2\/comments?post=99297"}],"version-history":[{"count":1,"href":"https:\/\/www.noticiasradioreflejos.com.ar\/2021\/wp-json\/wp\/v2\/posts\/99297\/revisions"}],"predecessor-version":[{"id":99298,"href":"https:\/\/www.noticiasradioreflejos.com.ar\/2021\/wp-json\/wp\/v2\/posts\/99297\/revisions\/99298"}],"wp:featuredmedia":[{"embeddable":true,"href":"https:\/\/www.noticiasradioreflejos.com.ar\/2021\/wp-json\/wp\/v2\/media\/72309"}],"wp:attachment":[{"href":"https:\/\/www.noticiasradioreflejos.com.ar\/2021\/wp-json\/wp\/v2\/media?parent=99297"}],"wp:term":[{"taxonomy":"category","embeddable":true,"href":"https:\/\/www.noticiasradioreflejos.com.ar\/2021\/wp-json\/wp\/v2\/categories?post=99297"},{"taxonomy":"post_tag","embeddable":true,"href":"https:\/\/www.noticiasradioreflejos.com.ar\/2021\/wp-json\/wp\/v2\/tags?post=99297"}],"curies":[{"name":"wp","href":"https:\/\/api.w.org\/{rel}","templated":true}]}}