{"id":99282,"date":"2024-02-27T15:33:05","date_gmt":"2024-02-27T18:33:05","guid":{"rendered":"https:\/\/www.noticiasradioreflejos.com.ar\/2021\/?p=99282"},"modified":"2024-02-28T10:56:43","modified_gmt":"2024-02-28T13:56:43","slug":"proyecto-elaboracion-de-repelente-para-mosquitos-eest-n-1","status":"publish","type":"post","link":"https:\/\/www.noticiasradioreflejos.com.ar\/2021\/proyecto-elaboracion-de-repelente-para-mosquitos-eest-n-1\/","title":{"rendered":"Proyecto: \u00abElaboraci\u00f3n de Repelente para Mosquitos\u00bb &#8211; EEST N\u00b0 1"},"content":{"rendered":"<p>Desde la Escuela T\u00e9cnica de Tornquist, se est\u00e1 trabajando en conjunto con el Municipio de Tornquist, el nexo es el Sr. Subsecretario de Bromatolog\u00eda y Zoonosis Dr. Luciano Fontanes, en el desarrollo de \u201cRepelente para Mosquitos\u201d, como lo fue en la Pandemia con la fabricaci\u00f3n de \u201cAlcohol en Gel\u201d o de \u201cMascaras de Protecci\u00f3n Sanitaria\u201d, esta vez desde nuestros laboratorios la idea es desarrollar este producto tan necesario y de dif\u00edcil obtenci\u00f3n en estos momentos.<!--more--><\/p>\n<p>En esta etapa se desarrollara una peque\u00f1a producci\u00f3n de muestreo a fin de realizar las experiencias necesarias para determinar su efectividad, su inocuidad para el ser humano, cantidad de horas de protecci\u00f3n, entre otras cosas.<\/p>\n<p>&nbsp;<\/p>\n<p><a title=\"proyectorepelente\" href=\"https:\/\/www.flickr.com\/photos\/182279889@N02\/53556203818\/in\/dateposted-public\/\" data-flickr-embed=\"true\"><img loading=\"lazy\" decoding=\"async\" class=\"alignleft\" src=\"https:\/\/live.staticflickr.com\/65535\/53556203818_5ef3a8ab96_o.png\" alt=\"proyectorepelente\" width=\"500\" height=\"237\" \/><\/a><\/p>\n<p>La idea de este proyecto naci\u00f3 en la necesidad de dar una soluci\u00f3n en una problem\u00e1tica distrital como lo es la proliferaci\u00f3n de mosquitos con el agravante de las enfermedades que estos insectos pueden provocar como Dengue, Paludismo, Zika, Encefalitis Equina del Oeste, Fiebre Chikungunya, Fiebre Amarilla, entre otras (extraido de <a href=\"https:\/\/www.argentina.gob.ar\/salud\/mosquitos\" target=\"_blank\" rel=\"noopener\">https:\/\/www.argentina.gob.ar\/salud\/mosquitos<\/a>).<\/p>\n<p>La Escuela T\u00e9cnica como parte de la comunidad, dar\u00e1 respuesta a una necesidad puntual utilizando su capital humano como as\u00ed tambi\u00e9n de sus instalaciones.<\/p>\n<p>Dentro del proyecto se trabajara tambi\u00e9n en la prevenci\u00f3n informando a las familias desde los diferentes espacios que cuenta la escuela, pagina web, redes, etc.<\/p>\n","protected":false},"excerpt":{"rendered":"<p>Desde la Escuela T\u00e9cnica de Tornquist, se est\u00e1 trabajando en conjunto con el Municipio de Tornquist, el nexo es el Sr. Subsecretario de Bromatolog\u00eda y Zoonosis Dr. Luciano Fontanes, en el desarrollo de \u201cRepelente para Mosquitos\u201d, como lo fue en la Pandemia con la fabricaci\u00f3n de \u201cAlcohol en Gel\u201d o de \u201cMascaras de Protecci\u00f3n Sanitaria\u201d, [&hellip;]<\/p>\n","protected":false},"author":3,"featured_media":97120,"comment_status":"closed","ping_status":"closed","sticky":false,"template":"","format":"standard","meta":{"footnotes":""},"categories":[46,34],"tags":[],"class_list":["post-99282","post","type-post","status-publish","format-standard","has-post-thumbnail","hentry","category-ciencia-y-tecnologia","category-educacion"],"yoast_head":"<!-- This site is optimized with the Yoast SEO plugin v25.9 - https:\/\/yoast.com\/wordpress\/plugins\/seo\/ -->\n<title>Proyecto: &quot;Elaboraci\u00f3n de Repelente para Mosquitos&quot; - EEST N\u00b0 1 - Noticias Radio Reflejos<\/title>\n<meta name=\"robots\" content=\"index, follow, max-snippet:-1, max-image-preview:large, max-video-preview:-1\" \/>\n<link rel=\"canonical\" href=\"https:\/\/www.noticiasradioreflejos.com.ar\/2021\/proyecto-elaboracion-de-repelente-para-mosquitos-eest-n-1\/\" \/>\n<meta property=\"og:locale\" content=\"es_ES\" \/>\n<meta property=\"og:type\" content=\"article\" \/>\n<meta property=\"og:title\" content=\"Proyecto: &quot;Elaboraci\u00f3n de Repelente para Mosquitos&quot; - EEST N\u00b0 1 - Noticias Radio Reflejos\" \/>\n<meta property=\"og:description\" content=\"Desde la Escuela T\u00e9cnica de Tornquist, se est\u00e1 trabajando en conjunto con el Municipio de Tornquist, el nexo es el Sr. Subsecretario de Bromatolog\u00eda y Zoonosis Dr. Luciano Fontanes, en el desarrollo de \u201cRepelente para Mosquitos\u201d, como lo fue en la Pandemia con la fabricaci\u00f3n de \u201cAlcohol en Gel\u201d o de \u201cMascaras de Protecci\u00f3n Sanitaria\u201d, [&hellip;]\" \/>\n<meta property=\"og:url\" content=\"https:\/\/www.noticiasradioreflejos.com.ar\/2021\/proyecto-elaboracion-de-repelente-para-mosquitos-eest-n-1\/\" \/>\n<meta property=\"og:site_name\" content=\"Noticias Radio Reflejos\" \/>\n<meta property=\"article:published_time\" content=\"2024-02-27T18:33:05+00:00\" \/>\n<meta property=\"article:modified_time\" content=\"2024-02-28T13:56:43+00:00\" \/>\n<meta property=\"og:image\" content=\"https:\/\/www.noticiasradioreflejos.com.ar\/2021\/wp-content\/uploads\/2023\/12\/mosquitos-pican.jpg\" \/>\n\t<meta property=\"og:image:width\" content=\"900\" \/>\n\t<meta property=\"og:image:height\" content=\"506\" \/>\n\t<meta property=\"og:image:type\" content=\"image\/jpeg\" \/>\n<meta name=\"author\" content=\"Arnaldo Botto\" \/>\n<meta name=\"twitter:card\" content=\"summary_large_image\" \/>\n<script type=\"application\/ld+json\" class=\"yoast-schema-graph\">{\"@context\":\"https:\/\/schema.org\",\"@graph\":[{\"@type\":\"WebPage\",\"@id\":\"https:\/\/www.noticiasradioreflejos.com.ar\/2021\/proyecto-elaboracion-de-repelente-para-mosquitos-eest-n-1\/\",\"url\":\"https:\/\/www.noticiasradioreflejos.com.ar\/2021\/proyecto-elaboracion-de-repelente-para-mosquitos-eest-n-1\/\",\"name\":\"Proyecto: \\\"Elaboraci\u00f3n de Repelente para Mosquitos\\\" - EEST N\u00b0 1 - Noticias Radio Reflejos\",\"isPartOf\":{\"@id\":\"https:\/\/www.noticiasradioreflejos.com.ar\/2021\/#website\"},\"primaryImageOfPage\":{\"@id\":\"https:\/\/www.noticiasradioreflejos.com.ar\/2021\/proyecto-elaboracion-de-repelente-para-mosquitos-eest-n-1\/#primaryimage\"},\"image\":{\"@id\":\"https:\/\/www.noticiasradioreflejos.com.ar\/2021\/proyecto-elaboracion-de-repelente-para-mosquitos-eest-n-1\/#primaryimage\"},\"thumbnailUrl\":\"https:\/\/www.noticiasradioreflejos.com.ar\/2021\/wp-content\/uploads\/2023\/12\/mosquitos-pican.jpg\",\"datePublished\":\"2024-02-27T18:33:05+00:00\",\"dateModified\":\"2024-02-28T13:56:43+00:00\",\"author\":{\"@id\":\"https:\/\/www.noticiasradioreflejos.com.ar\/2021\/#\/schema\/person\/ad82545263dcc5ec0996818884fd5fb1\"},\"breadcrumb\":{\"@id\":\"https:\/\/www.noticiasradioreflejos.com.ar\/2021\/proyecto-elaboracion-de-repelente-para-mosquitos-eest-n-1\/#breadcrumb\"},\"inLanguage\":\"es\",\"potentialAction\":[{\"@type\":\"ReadAction\",\"target\":[\"https:\/\/www.noticiasradioreflejos.com.ar\/2021\/proyecto-elaboracion-de-repelente-para-mosquitos-eest-n-1\/\"]}]},{\"@type\":\"ImageObject\",\"inLanguage\":\"es\",\"@id\":\"https:\/\/www.noticiasradioreflejos.com.ar\/2021\/proyecto-elaboracion-de-repelente-para-mosquitos-eest-n-1\/#primaryimage\",\"url\":\"https:\/\/www.noticiasradioreflejos.com.ar\/2021\/wp-content\/uploads\/2023\/12\/mosquitos-pican.jpg\",\"contentUrl\":\"https:\/\/www.noticiasradioreflejos.com.ar\/2021\/wp-content\/uploads\/2023\/12\/mosquitos-pican.jpg\",\"width\":900,\"height\":506},{\"@type\":\"BreadcrumbList\",\"@id\":\"https:\/\/www.noticiasradioreflejos.com.ar\/2021\/proyecto-elaboracion-de-repelente-para-mosquitos-eest-n-1\/#breadcrumb\",\"itemListElement\":[{\"@type\":\"ListItem\",\"position\":1,\"name\":\"Portada\",\"item\":\"https:\/\/www.noticiasradioreflejos.com.ar\/2021\/\"},{\"@type\":\"ListItem\",\"position\":2,\"name\":\"Proyecto: \u00abElaboraci\u00f3n de Repelente para Mosquitos\u00bb &#8211; EEST N\u00b0 1\"}]},{\"@type\":\"WebSite\",\"@id\":\"https:\/\/www.noticiasradioreflejos.com.ar\/2021\/#website\",\"url\":\"https:\/\/www.noticiasradioreflejos.com.ar\/2021\/\",\"name\":\"Noticias Radio Reflejos\",\"description\":\"Las noticias de mi comarca\",\"potentialAction\":[{\"@type\":\"SearchAction\",\"target\":{\"@type\":\"EntryPoint\",\"urlTemplate\":\"https:\/\/www.noticiasradioreflejos.com.ar\/2021\/?s={search_term_string}\"},\"query-input\":{\"@type\":\"PropertyValueSpecification\",\"valueRequired\":true,\"valueName\":\"search_term_string\"}}],\"inLanguage\":\"es\"},{\"@type\":\"Person\",\"@id\":\"https:\/\/www.noticiasradioreflejos.com.ar\/2021\/#\/schema\/person\/ad82545263dcc5ec0996818884fd5fb1\",\"name\":\"Arnaldo Botto\",\"image\":{\"@type\":\"ImageObject\",\"inLanguage\":\"es\",\"@id\":\"https:\/\/www.noticiasradioreflejos.com.ar\/2021\/#\/schema\/person\/image\/\",\"url\":\"https:\/\/secure.gravatar.com\/avatar\/55cb5e37c1efa326397366e6974cb338056df65cb50e7d64d1cf314e87504837?s=96&d=mm&r=g\",\"contentUrl\":\"https:\/\/secure.gravatar.com\/avatar\/55cb5e37c1efa326397366e6974cb338056df65cb50e7d64d1cf314e87504837?s=96&d=mm&r=g\",\"caption\":\"Arnaldo Botto\"},\"url\":\"https:\/\/www.noticiasradioreflejos.com.ar\/2021\/author\/arnaldo\/\"}]}<\/script>\n<!-- \/ Yoast SEO plugin. -->","yoast_head_json":{"title":"Proyecto: \"Elaboraci\u00f3n de Repelente para Mosquitos\" - EEST N\u00b0 1 - Noticias Radio Reflejos","robots":{"index":"index","follow":"follow","max-snippet":"max-snippet:-1","max-image-preview":"max-image-preview:large","max-video-preview":"max-video-preview:-1"},"canonical":"https:\/\/www.noticiasradioreflejos.com.ar\/2021\/proyecto-elaboracion-de-repelente-para-mosquitos-eest-n-1\/","og_locale":"es_ES","og_type":"article","og_title":"Proyecto: \"Elaboraci\u00f3n de Repelente para Mosquitos\" - EEST N\u00b0 1 - Noticias Radio Reflejos","og_description":"Desde la Escuela T\u00e9cnica de Tornquist, se est\u00e1 trabajando en conjunto con el Municipio de Tornquist, el nexo es el Sr. Subsecretario de Bromatolog\u00eda y Zoonosis Dr. Luciano Fontanes, en el desarrollo de \u201cRepelente para Mosquitos\u201d, como lo fue en la Pandemia con la fabricaci\u00f3n de \u201cAlcohol en Gel\u201d o de \u201cMascaras de Protecci\u00f3n Sanitaria\u201d, [&hellip;]","og_url":"https:\/\/www.noticiasradioreflejos.com.ar\/2021\/proyecto-elaboracion-de-repelente-para-mosquitos-eest-n-1\/","og_site_name":"Noticias Radio Reflejos","article_published_time":"2024-02-27T18:33:05+00:00","article_modified_time":"2024-02-28T13:56:43+00:00","og_image":[{"width":900,"height":506,"url":"https:\/\/www.noticiasradioreflejos.com.ar\/2021\/wp-content\/uploads\/2023\/12\/mosquitos-pican.jpg","type":"image\/jpeg"}],"author":"Arnaldo Botto","twitter_card":"summary_large_image","schema":{"@context":"https:\/\/schema.org","@graph":[{"@type":"WebPage","@id":"https:\/\/www.noticiasradioreflejos.com.ar\/2021\/proyecto-elaboracion-de-repelente-para-mosquitos-eest-n-1\/","url":"https:\/\/www.noticiasradioreflejos.com.ar\/2021\/proyecto-elaboracion-de-repelente-para-mosquitos-eest-n-1\/","name":"Proyecto: \"Elaboraci\u00f3n de Repelente para Mosquitos\" - EEST N\u00b0 1 - Noticias Radio Reflejos","isPartOf":{"@id":"https:\/\/www.noticiasradioreflejos.com.ar\/2021\/#website"},"primaryImageOfPage":{"@id":"https:\/\/www.noticiasradioreflejos.com.ar\/2021\/proyecto-elaboracion-de-repelente-para-mosquitos-eest-n-1\/#primaryimage"},"image":{"@id":"https:\/\/www.noticiasradioreflejos.com.ar\/2021\/proyecto-elaboracion-de-repelente-para-mosquitos-eest-n-1\/#primaryimage"},"thumbnailUrl":"https:\/\/www.noticiasradioreflejos.com.ar\/2021\/wp-content\/uploads\/2023\/12\/mosquitos-pican.jpg","datePublished":"2024-02-27T18:33:05+00:00","dateModified":"2024-02-28T13:56:43+00:00","author":{"@id":"https:\/\/www.noticiasradioreflejos.com.ar\/2021\/#\/schema\/person\/ad82545263dcc5ec0996818884fd5fb1"},"breadcrumb":{"@id":"https:\/\/www.noticiasradioreflejos.com.ar\/2021\/proyecto-elaboracion-de-repelente-para-mosquitos-eest-n-1\/#breadcrumb"},"inLanguage":"es","potentialAction":[{"@type":"ReadAction","target":["https:\/\/www.noticiasradioreflejos.com.ar\/2021\/proyecto-elaboracion-de-repelente-para-mosquitos-eest-n-1\/"]}]},{"@type":"ImageObject","inLanguage":"es","@id":"https:\/\/www.noticiasradioreflejos.com.ar\/2021\/proyecto-elaboracion-de-repelente-para-mosquitos-eest-n-1\/#primaryimage","url":"https:\/\/www.noticiasradioreflejos.com.ar\/2021\/wp-content\/uploads\/2023\/12\/mosquitos-pican.jpg","contentUrl":"https:\/\/www.noticiasradioreflejos.com.ar\/2021\/wp-content\/uploads\/2023\/12\/mosquitos-pican.jpg","width":900,"height":506},{"@type":"BreadcrumbList","@id":"https:\/\/www.noticiasradioreflejos.com.ar\/2021\/proyecto-elaboracion-de-repelente-para-mosquitos-eest-n-1\/#breadcrumb","itemListElement":[{"@type":"ListItem","position":1,"name":"Portada","item":"https:\/\/www.noticiasradioreflejos.com.ar\/2021\/"},{"@type":"ListItem","position":2,"name":"Proyecto: \u00abElaboraci\u00f3n de Repelente para Mosquitos\u00bb &#8211; EEST N\u00b0 1"}]},{"@type":"WebSite","@id":"https:\/\/www.noticiasradioreflejos.com.ar\/2021\/#website","url":"https:\/\/www.noticiasradioreflejos.com.ar\/2021\/","name":"Noticias Radio Reflejos","description":"Las noticias de mi comarca","potentialAction":[{"@type":"SearchAction","target":{"@type":"EntryPoint","urlTemplate":"https:\/\/www.noticiasradioreflejos.com.ar\/2021\/?s={search_term_string}"},"query-input":{"@type":"PropertyValueSpecification","valueRequired":true,"valueName":"search_term_string"}}],"inLanguage":"es"},{"@type":"Person","@id":"https:\/\/www.noticiasradioreflejos.com.ar\/2021\/#\/schema\/person\/ad82545263dcc5ec0996818884fd5fb1","name":"Arnaldo Botto","image":{"@type":"ImageObject","inLanguage":"es","@id":"https:\/\/www.noticiasradioreflejos.com.ar\/2021\/#\/schema\/person\/image\/","url":"https:\/\/secure.gravatar.com\/avatar\/55cb5e37c1efa326397366e6974cb338056df65cb50e7d64d1cf314e87504837?s=96&d=mm&r=g","contentUrl":"https:\/\/secure.gravatar.com\/avatar\/55cb5e37c1efa326397366e6974cb338056df65cb50e7d64d1cf314e87504837?s=96&d=mm&r=g","caption":"Arnaldo Botto"},"url":"https:\/\/www.noticiasradioreflejos.com.ar\/2021\/author\/arnaldo\/"}]}},"_links":{"self":[{"href":"https:\/\/www.noticiasradioreflejos.com.ar\/2021\/wp-json\/wp\/v2\/posts\/99282","targetHints":{"allow":["GET"]}}],"collection":[{"href":"https:\/\/www.noticiasradioreflejos.com.ar\/2021\/wp-json\/wp\/v2\/posts"}],"about":[{"href":"https:\/\/www.noticiasradioreflejos.com.ar\/2021\/wp-json\/wp\/v2\/types\/post"}],"author":[{"embeddable":true,"href":"https:\/\/www.noticiasradioreflejos.com.ar\/2021\/wp-json\/wp\/v2\/users\/3"}],"replies":[{"embeddable":true,"href":"https:\/\/www.noticiasradioreflejos.com.ar\/2021\/wp-json\/wp\/v2\/comments?post=99282"}],"version-history":[{"count":4,"href":"https:\/\/www.noticiasradioreflejos.com.ar\/2021\/wp-json\/wp\/v2\/posts\/99282\/revisions"}],"predecessor-version":[{"id":99339,"href":"https:\/\/www.noticiasradioreflejos.com.ar\/2021\/wp-json\/wp\/v2\/posts\/99282\/revisions\/99339"}],"wp:featuredmedia":[{"embeddable":true,"href":"https:\/\/www.noticiasradioreflejos.com.ar\/2021\/wp-json\/wp\/v2\/media\/97120"}],"wp:attachment":[{"href":"https:\/\/www.noticiasradioreflejos.com.ar\/2021\/wp-json\/wp\/v2\/media?parent=99282"}],"wp:term":[{"taxonomy":"category","embeddable":true,"href":"https:\/\/www.noticiasradioreflejos.com.ar\/2021\/wp-json\/wp\/v2\/categories?post=99282"},{"taxonomy":"post_tag","embeddable":true,"href":"https:\/\/www.noticiasradioreflejos.com.ar\/2021\/wp-json\/wp\/v2\/tags?post=99282"}],"curies":[{"name":"wp","href":"https:\/\/api.w.org\/{rel}","templated":true}]}}