{"id":99274,"date":"2024-02-27T14:50:34","date_gmt":"2024-02-27T17:50:34","guid":{"rendered":"https:\/\/www.noticiasradioreflejos.com.ar\/2021\/?p=99274"},"modified":"2024-02-27T14:51:47","modified_gmt":"2024-02-27T17:51:47","slug":"la-justicia-fallo-a-favor-de-chubut-nacion-debe-devolver-los-fondos-coparticipables","status":"publish","type":"post","link":"https:\/\/www.noticiasradioreflejos.com.ar\/2021\/la-justicia-fallo-a-favor-de-chubut-nacion-debe-devolver-los-fondos-coparticipables\/","title":{"rendered":"La justicia fall\u00f3 a favor de Chubut: Naci\u00f3n debe devolver los fondos coparticipables"},"content":{"rendered":"<p>En la demanda se reclam\u00f3 hacer cesar \u00abla retenci\u00f3n autom\u00e1tica de fondos coparticipables\u00bb que \u00abson utilizadas como una herramienta de presi\u00f3n pol\u00edtica para bloquear recursos coparticipables\u00bb, seg\u00fan el texto al que tuvo acceso T\u00e9lam.<!--more--><\/p>\n<div>\n<div class=\"wrapper-editable-content\">\n<div>\n<div class=\"container-md\">\n<div class=\"row\">\n<div class=\"col-md-12 speak\">\n<div class=\"paragraph\"><\/div>\n<\/div>\n<\/div>\n<\/div>\n<\/div>\n<\/div>\n<\/div>\n<p>La justicia federal fall\u00f3 este martes a favor de la provincia de Chubut y, en su resoluci\u00f3n,\u00a0<strong>oblig\u00f3 al Gobierno nacional a devolverle al distrito los fondos coparticipables<\/strong>, informaron fuentes judiciales.<\/p>\n<p>La determinaci\u00f3n fue tomada por el juzgado federal de Rawson, a cargo del juez Hugo Sastre.<\/p>\n<p>El gobernador de Chubut, Ignacio Torres, hab\u00eda reclamado a la Justicia el dictado de una medida \u00abautosatisfactiva\u00bb contra el Estado Nacional para que \u00abcase\u00bb la retenci\u00f3n autom\u00e1tica de sumas de la coparticipaci\u00f3n de la provincia en concepto de reembolsos por pr\u00e9stamos del Fondo Fiduciario para el Desarrollo Provincial y el reintegro inmediato de lo ya retenido.<\/p>\n<p>En la demanda se reclam\u00f3 hacer cesar \u00abla retenci\u00f3n autom\u00e1tica de fondos coparticipables\u00bb que \u00abson utilizadas como una herramienta de presi\u00f3n pol\u00edtica para bloquear recursos coparticipables\u00bb, seg\u00fan el texto al que tuvo acceso T\u00e9lam.<\/p>\n<p><strong>La provincia concret\u00f3 la presentaci\u00f3n del texto de la demanda ante el juzgado federal de Rawson<\/strong>, a cargo del juez Sastre, quien dio vista a la fiscal\u00eda para manifestarse sobre la competencia de ese Tribunal y la competencia de la medida solicitada, informaron a T\u00e9lam fuentes judiciales<\/p>\n<p>A media ma\u00f1ana del martes, el fiscal federal de Rawson Fernando Gelvez dictamin\u00f3 que el Juzgado Federal 1 de esa ciudad es competente para intervenir en el caso, postul\u00f3 que debe admitirse \u00abformalmente la medida autosatisfactiva\u00bb pedida y ante ello juez qued\u00f3 en condiciones de resolver.<\/p>\n<p>El magistrado \u00abdebe declararse competente para entender en estos actuados, admitiendo formalmente la medida autosatisfactiva articulada\u00bb, sostuvo el dictamen fiscal al que tuvo acceso T\u00e9lam.<\/p>\n<p>La medida que pide el gobierno de Chubut \u00bb resulta de competencia del Juzgado Federal Nro. 1 de Rawson, por encontrarse demandado el Estado Nacional, m\u00e1s precisamente el Ministerio de Econom\u00eda, con domicilio en Av. Hip\u00f3lito Irigoyen N\u00b0 250, de la Ciudad Aut\u00f3noma de Buenos Aires\u00bb, agreg\u00f3 el fiscal.<\/p>\n<h2 class=\"\">La demanda<\/h2>\n<p>En la demanda de 77 carillas a la que tuvo acceso T\u00e9lam, el gobierno de Chubut pidi\u00f3 dictar la medida autosatisfactiva que ordene \u00abel cese de la retenci\u00f3n autom\u00e1tica que, en concepto de reembolsos por pr\u00e9stamos acordados en el marco del Fondo Fiduciario para el Desarrollo Provincial (Decreto Nro. 286\/95), realiza sobre las sumas que ha de percibir la provincia del Chubut por Coparticipaci\u00f3n Federal de Impuestos\u00bb.<\/p>\n<p>\u00abEsta situaci\u00f3n deber\u00e1 mantenerse por el plazo de la emergencia econ\u00f3mica, financiera y administrativa del Estado Provincial dispuesto mediante la Ley N\u00ba VII N\u00b0 94\u00bb, sostuvo la presentaci\u00f3n firmada por el gobernador Torres, el fiscal de Estado de Chubut Andr\u00e9s Giacomone, el fiscal adjunto Lucas Papini y el abogado Javier Stampone.<\/p>\n<p>En la demanda se reclama tambi\u00e9n que se ordene al Estado Nacional \u00abrenegociar la deuda en condiciones razonables que impliquen un plazo m\u00ednimo de 5 a\u00f1os de amortizaci\u00f3n y una modificaci\u00f3n de las condiciones actuales de actualizaci\u00f3n de la deuda por CER\u00bb.<\/p>\n<p><strong>En concreto se pide aplicar \u00abuna tasa BADLAR en pesos bancos privados para operaciones superiores a $ 1.000.000, en un plazo de 30 a 35 d\u00edas, m\u00e1s un spread de 200 a 300 puntos b\u00e1sicos\u00bb.<\/strong><\/p>\n<p>En su defecto, se solicita autorizar a la provincia a tomar \u00abun nuevo endeudamiento con el exclusivo destino de cancelar la deuda con el Fondo Fiduciario Provincial mediante la emisi\u00f3n de un t\u00edtulo de deuda cancelable en un plazo de 5 a\u00f1os en pesos o d\u00f3lares, bajo la legislaci\u00f3n nacional o extranjera\u00bb.<\/p>\n<div class=\"twitter-tweet twitter-tweet-rendered\"><iframe id=\"twitter-widget-0\" class=\"\" title=\"X Post\" src=\"https:\/\/platform.twitter.com\/embed\/Tweet.html?creatorScreenName=agenciatelam&amp;dnt=false&amp;embedId=twitter-widget-0&amp;features=eyJ0ZndfdGltZWxpbmVfbGlzdCI6eyJidWNrZXQiOltdLCJ2ZXJzaW9uIjpudWxsfSwidGZ3X2ZvbGxvd2VyX2NvdW50X3N1bnNldCI6eyJidWNrZXQiOnRydWUsInZlcnNpb24iOm51bGx9LCJ0ZndfdHdlZXRfZWRpdF9iYWNrZW5kIjp7ImJ1Y2tldCI6Im9uIiwidmVyc2lvbiI6bnVsbH0sInRmd19yZWZzcmNfc2Vzc2lvbiI6eyJidWNrZXQiOiJvbiIsInZlcnNpb24iOm51bGx9LCJ0ZndfZm9zbnJfc29mdF9pbnRlcnZlbnRpb25zX2VuYWJsZWQiOnsiYnVja2V0Ijoib24iLCJ2ZXJzaW9uIjpudWxsfSwidGZ3X21peGVkX21lZGlhXzE1ODk3Ijp7ImJ1Y2tldCI6InRyZWF0bWVudCIsInZlcnNpb24iOm51bGx9LCJ0ZndfZXhwZXJpbWVudHNfY29va2llX2V4cGlyYXRpb24iOnsiYnVja2V0IjoxMjA5NjAwLCJ2ZXJzaW9uIjpudWxsfSwidGZ3X3Nob3dfYmlyZHdhdGNoX3Bpdm90c19lbmFibGVkIjp7ImJ1Y2tldCI6Im9uIiwidmVyc2lvbiI6bnVsbH0sInRmd19kdXBsaWNhdGVfc2NyaWJlc190b19zZXR0aW5ncyI6eyJidWNrZXQiOiJvbiIsInZlcnNpb24iOm51bGx9LCJ0ZndfdXNlX3Byb2ZpbGVfaW1hZ2Vfc2hhcGVfZW5hYmxlZCI6eyJidWNrZXQiOiJvbiIsInZlcnNpb24iOm51bGx9LCJ0ZndfdmlkZW9faGxzX2R5bmFtaWNfbWFuaWZlc3RzXzE1MDgyIjp7ImJ1Y2tldCI6InRydWVfYml0cmF0ZSIsInZlcnNpb24iOm51bGx9LCJ0ZndfbGVnYWN5X3RpbWVsaW5lX3N1bnNldCI6eyJidWNrZXQiOnRydWUsInZlcnNpb24iOm51bGx9LCJ0ZndfdHdlZXRfZWRpdF9mcm9udGVuZCI6eyJidWNrZXQiOiJvbiIsInZlcnNpb24iOm51bGx9fQ%3D%3D&amp;frame=false&amp;hideCard=false&amp;hideThread=false&amp;id=1761205730915328373&amp;lang=es&amp;origin=https%3A%2F%2Fwww.telam.com.ar%2Fnotas%2F202402%2F656415-chubut-presentacion-judicial-gobierno.html&amp;sessionId=33d28e0f0a420b2757efc51f3db8b81fe22c5889&amp;siteScreenName=agenciatelam&amp;theme=light&amp;widgetsVersion=2615f7e52b7e0%3A1702314776716&amp;width=550px\" frameborder=\"0\" scrolling=\"no\" allowfullscreen=\"allowfullscreen\" data-tweet-id=\"1761205730915328373\" data-mce-fragment=\"1\"><\/iframe><\/div>\n<p>El gobierno de Chubut reclam\u00f3 que se ordene al Estado Nacional \u00abhacer inmediata devoluci\u00f3n a la provincia de las sumas ($10.516.610.155,08) retenidas autom\u00e1ticamente hasta el d\u00eda 23\/02\/2024 de la coparticipaci\u00f3n federal -como las posteriores hasta la notificaci\u00f3n de la sentencia\u00bb.<\/p>\n<p>A lo largo de la demanda se explic\u00f3 en relaci\u00f3n a la deuda que \u00abla tasa de inter\u00e9s se actualiza mediante el Coeficiente de Estabilizaci\u00f3n de Referencia (CER), el avance del proceso inflacionario ocasionado por las pol\u00edticas implementadas por el propio Estado Nacional caus\u00f3 que la deuda se incremente a la friolera suma de $ 124.565.021.767,23 para el presente a\u00f1o 2024\u00bb.<\/p>\n<p><strong>\u00abAtendiendo a la gravedad de la situaci\u00f3n, ya desde el mes de diciembre de 2023 la provincia del Chubut viene realizando reiterados pedidos de refinanciaci\u00f3n -demostrativa de su manifiesta voluntad de pago-\u00ab, se agreg\u00f3.<\/strong><\/p>\n<p>Y se remarc\u00f3 que hay \u00abnecesidad imperiosa de proceder a su cancelaci\u00f3n en condiciones que no tornen de imposible cumplimiento la satisfacci\u00f3n de los servicios esenciales del Estado Provincial\u00bb.<\/p>\n<p>El Gobernador advirti\u00f3 que hay \u00abreal riesgo\u00bb de no poder cumplir objetivos en educaci\u00f3n p\u00fablica \u00aba partir de la abusiva retenci\u00f3n de recursos por el Gobierno Federal\u00bb y lo mismo podr\u00eda ocurrir con los salarios de los empleados p\u00fablicos \u00abpese al car\u00e1cter alimentario de los mismos\u00bb<\/p>\n<p>Este lunes, la legislatura del Chubut aprob\u00f3 un proyecto de ley en el que \u00abse encomienda al Poder Ejecutivo a realizar todas las acciones administrativas, judiciales y m\u00e9todos alternativos de resoluci\u00f3n de conflictos que conduzcan a hacer cesar la ilegalidad y el atropello del gobierno nacional al retener fondos que por derecho le corresponden al estado provincial\u00bb.<\/p>\n<p>En otro art\u00edculo establece que \u00ablo indicado implica tambi\u00e9n la realizaci\u00f3n de las acciones de igual tenor tendientes a la recuperaci\u00f3n de los recursos correspondientes al mes de febrero del 2024 del r\u00e9gimen de coparticipaci\u00f3n federal de impuestos, la ley 26206 y ley de educaci\u00f3n nacional por los meses de diciembre del 2023, enero y febrero del 2024 y los fondos correspondientes al fondo de compensaci\u00f3n del transporte p\u00fablico\u00bb.<\/p>\n<p>&nbsp;<\/p>\n<p><strong>Telam<\/strong><\/p>\n","protected":false},"excerpt":{"rendered":"<p>En la demanda se reclam\u00f3 hacer cesar \u00abla retenci\u00f3n autom\u00e1tica de fondos coparticipables\u00bb que \u00abson utilizadas como una herramienta de presi\u00f3n pol\u00edtica para bloquear recursos coparticipables\u00bb, seg\u00fan el texto al que tuvo acceso T\u00e9lam.<\/p>\n","protected":false},"author":3,"featured_media":0,"comment_status":"closed","ping_status":"closed","sticky":false,"template":"","format":"standard","meta":{"footnotes":""},"categories":[57],"tags":[48],"class_list":["post-99274","post","type-post","status-publish","format-standard","hentry","category-judiciales","tag-destacada"],"yoast_head":"<!-- This site is optimized with the Yoast SEO plugin v25.9 - https:\/\/yoast.com\/wordpress\/plugins\/seo\/ -->\n<title>La justicia fall\u00f3 a favor de Chubut: Naci\u00f3n debe devolver los fondos coparticipables - Noticias Radio Reflejos<\/title>\n<meta name=\"robots\" content=\"index, follow, max-snippet:-1, max-image-preview:large, max-video-preview:-1\" \/>\n<link rel=\"canonical\" href=\"https:\/\/www.noticiasradioreflejos.com.ar\/2021\/la-justicia-fallo-a-favor-de-chubut-nacion-debe-devolver-los-fondos-coparticipables\/\" \/>\n<meta property=\"og:locale\" content=\"es_ES\" \/>\n<meta property=\"og:type\" content=\"article\" \/>\n<meta property=\"og:title\" content=\"La justicia fall\u00f3 a favor de Chubut: Naci\u00f3n debe devolver los fondos coparticipables - Noticias Radio Reflejos\" \/>\n<meta property=\"og:description\" content=\"En la demanda se reclam\u00f3 hacer cesar \u00abla retenci\u00f3n autom\u00e1tica de fondos coparticipables\u00bb que \u00abson utilizadas como una herramienta de presi\u00f3n pol\u00edtica para bloquear recursos coparticipables\u00bb, seg\u00fan el texto al que tuvo acceso T\u00e9lam.\" \/>\n<meta property=\"og:url\" content=\"https:\/\/www.noticiasradioreflejos.com.ar\/2021\/la-justicia-fallo-a-favor-de-chubut-nacion-debe-devolver-los-fondos-coparticipables\/\" \/>\n<meta property=\"og:site_name\" content=\"Noticias Radio Reflejos\" \/>\n<meta property=\"article:published_time\" content=\"2024-02-27T17:50:34+00:00\" \/>\n<meta property=\"article:modified_time\" content=\"2024-02-27T17:51:47+00:00\" \/>\n<meta property=\"og:image\" content=\"https:\/\/www.noticiasradioreflejos.com.ar\/2021\/wp-content\/uploads\/2021\/07\/logosol300x200.png\" \/>\n\t<meta property=\"og:image:width\" content=\"300\" \/>\n\t<meta property=\"og:image:height\" content=\"200\" \/>\n\t<meta property=\"og:image:type\" content=\"image\/png\" \/>\n<meta name=\"author\" content=\"Arnaldo Botto\" \/>\n<meta name=\"twitter:card\" content=\"summary_large_image\" \/>\n<script type=\"application\/ld+json\" class=\"yoast-schema-graph\">{\"@context\":\"https:\/\/schema.org\",\"@graph\":[{\"@type\":\"WebPage\",\"@id\":\"https:\/\/www.noticiasradioreflejos.com.ar\/2021\/la-justicia-fallo-a-favor-de-chubut-nacion-debe-devolver-los-fondos-coparticipables\/\",\"url\":\"https:\/\/www.noticiasradioreflejos.com.ar\/2021\/la-justicia-fallo-a-favor-de-chubut-nacion-debe-devolver-los-fondos-coparticipables\/\",\"name\":\"La justicia fall\u00f3 a favor de Chubut: Naci\u00f3n debe devolver los fondos coparticipables - Noticias Radio Reflejos\",\"isPartOf\":{\"@id\":\"https:\/\/www.noticiasradioreflejos.com.ar\/2021\/#website\"},\"datePublished\":\"2024-02-27T17:50:34+00:00\",\"dateModified\":\"2024-02-27T17:51:47+00:00\",\"author\":{\"@id\":\"https:\/\/www.noticiasradioreflejos.com.ar\/2021\/#\/schema\/person\/ad82545263dcc5ec0996818884fd5fb1\"},\"breadcrumb\":{\"@id\":\"https:\/\/www.noticiasradioreflejos.com.ar\/2021\/la-justicia-fallo-a-favor-de-chubut-nacion-debe-devolver-los-fondos-coparticipables\/#breadcrumb\"},\"inLanguage\":\"es\",\"potentialAction\":[{\"@type\":\"ReadAction\",\"target\":[\"https:\/\/www.noticiasradioreflejos.com.ar\/2021\/la-justicia-fallo-a-favor-de-chubut-nacion-debe-devolver-los-fondos-coparticipables\/\"]}]},{\"@type\":\"BreadcrumbList\",\"@id\":\"https:\/\/www.noticiasradioreflejos.com.ar\/2021\/la-justicia-fallo-a-favor-de-chubut-nacion-debe-devolver-los-fondos-coparticipables\/#breadcrumb\",\"itemListElement\":[{\"@type\":\"ListItem\",\"position\":1,\"name\":\"Portada\",\"item\":\"https:\/\/www.noticiasradioreflejos.com.ar\/2021\/\"},{\"@type\":\"ListItem\",\"position\":2,\"name\":\"La justicia fall\u00f3 a favor de Chubut: Naci\u00f3n debe devolver los fondos coparticipables\"}]},{\"@type\":\"WebSite\",\"@id\":\"https:\/\/www.noticiasradioreflejos.com.ar\/2021\/#website\",\"url\":\"https:\/\/www.noticiasradioreflejos.com.ar\/2021\/\",\"name\":\"Noticias Radio Reflejos\",\"description\":\"Las noticias de mi comarca\",\"potentialAction\":[{\"@type\":\"SearchAction\",\"target\":{\"@type\":\"EntryPoint\",\"urlTemplate\":\"https:\/\/www.noticiasradioreflejos.com.ar\/2021\/?s={search_term_string}\"},\"query-input\":{\"@type\":\"PropertyValueSpecification\",\"valueRequired\":true,\"valueName\":\"search_term_string\"}}],\"inLanguage\":\"es\"},{\"@type\":\"Person\",\"@id\":\"https:\/\/www.noticiasradioreflejos.com.ar\/2021\/#\/schema\/person\/ad82545263dcc5ec0996818884fd5fb1\",\"name\":\"Arnaldo Botto\",\"image\":{\"@type\":\"ImageObject\",\"inLanguage\":\"es\",\"@id\":\"https:\/\/www.noticiasradioreflejos.com.ar\/2021\/#\/schema\/person\/image\/\",\"url\":\"https:\/\/secure.gravatar.com\/avatar\/55cb5e37c1efa326397366e6974cb338056df65cb50e7d64d1cf314e87504837?s=96&d=mm&r=g\",\"contentUrl\":\"https:\/\/secure.gravatar.com\/avatar\/55cb5e37c1efa326397366e6974cb338056df65cb50e7d64d1cf314e87504837?s=96&d=mm&r=g\",\"caption\":\"Arnaldo Botto\"},\"url\":\"https:\/\/www.noticiasradioreflejos.com.ar\/2021\/author\/arnaldo\/\"}]}<\/script>\n<!-- \/ Yoast SEO plugin. -->","yoast_head_json":{"title":"La justicia fall\u00f3 a favor de Chubut: Naci\u00f3n debe devolver los fondos coparticipables - Noticias Radio Reflejos","robots":{"index":"index","follow":"follow","max-snippet":"max-snippet:-1","max-image-preview":"max-image-preview:large","max-video-preview":"max-video-preview:-1"},"canonical":"https:\/\/www.noticiasradioreflejos.com.ar\/2021\/la-justicia-fallo-a-favor-de-chubut-nacion-debe-devolver-los-fondos-coparticipables\/","og_locale":"es_ES","og_type":"article","og_title":"La justicia fall\u00f3 a favor de Chubut: Naci\u00f3n debe devolver los fondos coparticipables - Noticias Radio Reflejos","og_description":"En la demanda se reclam\u00f3 hacer cesar \u00abla retenci\u00f3n autom\u00e1tica de fondos coparticipables\u00bb que \u00abson utilizadas como una herramienta de presi\u00f3n pol\u00edtica para bloquear recursos coparticipables\u00bb, seg\u00fan el texto al que tuvo acceso T\u00e9lam.","og_url":"https:\/\/www.noticiasradioreflejos.com.ar\/2021\/la-justicia-fallo-a-favor-de-chubut-nacion-debe-devolver-los-fondos-coparticipables\/","og_site_name":"Noticias Radio Reflejos","article_published_time":"2024-02-27T17:50:34+00:00","article_modified_time":"2024-02-27T17:51:47+00:00","og_image":[{"width":300,"height":200,"url":"https:\/\/www.noticiasradioreflejos.com.ar\/2021\/wp-content\/uploads\/2021\/07\/logosol300x200.png","type":"image\/png"}],"author":"Arnaldo Botto","twitter_card":"summary_large_image","schema":{"@context":"https:\/\/schema.org","@graph":[{"@type":"WebPage","@id":"https:\/\/www.noticiasradioreflejos.com.ar\/2021\/la-justicia-fallo-a-favor-de-chubut-nacion-debe-devolver-los-fondos-coparticipables\/","url":"https:\/\/www.noticiasradioreflejos.com.ar\/2021\/la-justicia-fallo-a-favor-de-chubut-nacion-debe-devolver-los-fondos-coparticipables\/","name":"La justicia fall\u00f3 a favor de Chubut: Naci\u00f3n debe devolver los fondos coparticipables - Noticias Radio Reflejos","isPartOf":{"@id":"https:\/\/www.noticiasradioreflejos.com.ar\/2021\/#website"},"datePublished":"2024-02-27T17:50:34+00:00","dateModified":"2024-02-27T17:51:47+00:00","author":{"@id":"https:\/\/www.noticiasradioreflejos.com.ar\/2021\/#\/schema\/person\/ad82545263dcc5ec0996818884fd5fb1"},"breadcrumb":{"@id":"https:\/\/www.noticiasradioreflejos.com.ar\/2021\/la-justicia-fallo-a-favor-de-chubut-nacion-debe-devolver-los-fondos-coparticipables\/#breadcrumb"},"inLanguage":"es","potentialAction":[{"@type":"ReadAction","target":["https:\/\/www.noticiasradioreflejos.com.ar\/2021\/la-justicia-fallo-a-favor-de-chubut-nacion-debe-devolver-los-fondos-coparticipables\/"]}]},{"@type":"BreadcrumbList","@id":"https:\/\/www.noticiasradioreflejos.com.ar\/2021\/la-justicia-fallo-a-favor-de-chubut-nacion-debe-devolver-los-fondos-coparticipables\/#breadcrumb","itemListElement":[{"@type":"ListItem","position":1,"name":"Portada","item":"https:\/\/www.noticiasradioreflejos.com.ar\/2021\/"},{"@type":"ListItem","position":2,"name":"La justicia fall\u00f3 a favor de Chubut: Naci\u00f3n debe devolver los fondos coparticipables"}]},{"@type":"WebSite","@id":"https:\/\/www.noticiasradioreflejos.com.ar\/2021\/#website","url":"https:\/\/www.noticiasradioreflejos.com.ar\/2021\/","name":"Noticias Radio Reflejos","description":"Las noticias de mi comarca","potentialAction":[{"@type":"SearchAction","target":{"@type":"EntryPoint","urlTemplate":"https:\/\/www.noticiasradioreflejos.com.ar\/2021\/?s={search_term_string}"},"query-input":{"@type":"PropertyValueSpecification","valueRequired":true,"valueName":"search_term_string"}}],"inLanguage":"es"},{"@type":"Person","@id":"https:\/\/www.noticiasradioreflejos.com.ar\/2021\/#\/schema\/person\/ad82545263dcc5ec0996818884fd5fb1","name":"Arnaldo Botto","image":{"@type":"ImageObject","inLanguage":"es","@id":"https:\/\/www.noticiasradioreflejos.com.ar\/2021\/#\/schema\/person\/image\/","url":"https:\/\/secure.gravatar.com\/avatar\/55cb5e37c1efa326397366e6974cb338056df65cb50e7d64d1cf314e87504837?s=96&d=mm&r=g","contentUrl":"https:\/\/secure.gravatar.com\/avatar\/55cb5e37c1efa326397366e6974cb338056df65cb50e7d64d1cf314e87504837?s=96&d=mm&r=g","caption":"Arnaldo Botto"},"url":"https:\/\/www.noticiasradioreflejos.com.ar\/2021\/author\/arnaldo\/"}]}},"_links":{"self":[{"href":"https:\/\/www.noticiasradioreflejos.com.ar\/2021\/wp-json\/wp\/v2\/posts\/99274","targetHints":{"allow":["GET"]}}],"collection":[{"href":"https:\/\/www.noticiasradioreflejos.com.ar\/2021\/wp-json\/wp\/v2\/posts"}],"about":[{"href":"https:\/\/www.noticiasradioreflejos.com.ar\/2021\/wp-json\/wp\/v2\/types\/post"}],"author":[{"embeddable":true,"href":"https:\/\/www.noticiasradioreflejos.com.ar\/2021\/wp-json\/wp\/v2\/users\/3"}],"replies":[{"embeddable":true,"href":"https:\/\/www.noticiasradioreflejos.com.ar\/2021\/wp-json\/wp\/v2\/comments?post=99274"}],"version-history":[{"count":2,"href":"https:\/\/www.noticiasradioreflejos.com.ar\/2021\/wp-json\/wp\/v2\/posts\/99274\/revisions"}],"predecessor-version":[{"id":99277,"href":"https:\/\/www.noticiasradioreflejos.com.ar\/2021\/wp-json\/wp\/v2\/posts\/99274\/revisions\/99277"}],"wp:attachment":[{"href":"https:\/\/www.noticiasradioreflejos.com.ar\/2021\/wp-json\/wp\/v2\/media?parent=99274"}],"wp:term":[{"taxonomy":"category","embeddable":true,"href":"https:\/\/www.noticiasradioreflejos.com.ar\/2021\/wp-json\/wp\/v2\/categories?post=99274"},{"taxonomy":"post_tag","embeddable":true,"href":"https:\/\/www.noticiasradioreflejos.com.ar\/2021\/wp-json\/wp\/v2\/tags?post=99274"}],"curies":[{"name":"wp","href":"https:\/\/api.w.org\/{rel}","templated":true}]}}