{"id":9927,"date":"2017-05-08T19:22:06","date_gmt":"2017-05-08T22:22:06","guid":{"rendered":"http:\/\/noticiasradioreflejos.com.ar\/noticias\/?p=9927"},"modified":"2017-05-08T19:22:06","modified_gmt":"2017-05-08T22:22:06","slug":"inscripcion-de-docentes-tutores-para-el-plan-fines","status":"publish","type":"post","link":"https:\/\/www.noticiasradioreflejos.com.ar\/2021\/inscripcion-de-docentes-tutores-para-el-plan-fines\/","title":{"rendered":"Inscripci\u00f3n de docentes tutores para el Plan Fines"},"content":{"rendered":"<p>Plan Provincial de Finalizaci\u00f3n de Estudios Obligatorios &#8211; A\u00f1o 2017<br \/>\nJefatura Distrital de Tornquist informa a todos los docentes interesados en desempe\u00f1arse como PROFESORES TUTORES del Plan Provincial de Finalizaci\u00f3n de Estudios Obligatorios (FinEs deudores de materias), que se encuentra abierta la inscripci\u00f3n, hasta el 15 de mayo.<!--more--><br \/>\nDeber\u00e1n presentar CURR\u00cdCULUM VITAE y PROYECTO DE TUTOR\u00cdA en Sede de Jefatura Distrital (25 de Mayo 688, Tornquist) de lunes a viernes en horario de 13.00 a 17.30hs.-<br \/>\nPara mayor informaci\u00f3n comunicarse a los tel\u00e9fonos 4940629 \u00f3 4940631.<br \/>\nJuli\u00e1n A. Toy \u2013 Auxiliar Distrital Docente<\/p>\n","protected":false},"excerpt":{"rendered":"<p>Plan Provincial de Finalizaci\u00f3n de Estudios Obligatorios &#8211; A\u00f1o 2017 Jefatura Distrital de Tornquist informa a todos los docentes interesados en desempe\u00f1arse como PROFESORES TUTORES del Plan Provincial de Finalizaci\u00f3n de Estudios Obligatorios (FinEs deudores de materias), que se encuentra abierta la inscripci\u00f3n, hasta el 15 de mayo.<\/p>\n","protected":false},"author":3,"featured_media":0,"comment_status":"closed","ping_status":"open","sticky":false,"template":"","format":"standard","meta":{"footnotes":""},"categories":[34],"tags":[],"class_list":["post-9927","post","type-post","status-publish","format-standard","hentry","category-educacion"],"yoast_head":"<!-- This site is optimized with the Yoast SEO plugin v25.9 - https:\/\/yoast.com\/wordpress\/plugins\/seo\/ -->\n<title>Inscripci\u00f3n de docentes tutores para el Plan Fines - Noticias Radio Reflejos<\/title>\n<meta name=\"robots\" content=\"index, follow, max-snippet:-1, max-image-preview:large, max-video-preview:-1\" \/>\n<link rel=\"canonical\" href=\"https:\/\/www.noticiasradioreflejos.com.ar\/2021\/inscripcion-de-docentes-tutores-para-el-plan-fines\/\" \/>\n<meta property=\"og:locale\" content=\"es_ES\" \/>\n<meta property=\"og:type\" content=\"article\" \/>\n<meta property=\"og:title\" content=\"Inscripci\u00f3n de docentes tutores para el Plan Fines - Noticias Radio Reflejos\" \/>\n<meta property=\"og:description\" content=\"Plan Provincial de Finalizaci\u00f3n de Estudios Obligatorios &#8211; A\u00f1o 2017 Jefatura Distrital de Tornquist informa a todos los docentes interesados en desempe\u00f1arse como PROFESORES TUTORES del Plan Provincial de Finalizaci\u00f3n de Estudios Obligatorios (FinEs deudores de materias), que se encuentra abierta la inscripci\u00f3n, hasta el 15 de mayo.\" \/>\n<meta property=\"og:url\" content=\"https:\/\/www.noticiasradioreflejos.com.ar\/2021\/inscripcion-de-docentes-tutores-para-el-plan-fines\/\" \/>\n<meta property=\"og:site_name\" content=\"Noticias Radio Reflejos\" \/>\n<meta property=\"article:published_time\" content=\"2017-05-08T22:22:06+00:00\" \/>\n<meta property=\"og:image\" content=\"https:\/\/www.noticiasradioreflejos.com.ar\/2021\/wp-content\/uploads\/2021\/07\/logosol300x200.png\" \/>\n\t<meta property=\"og:image:width\" content=\"300\" \/>\n\t<meta property=\"og:image:height\" content=\"200\" \/>\n\t<meta property=\"og:image:type\" content=\"image\/png\" \/>\n<meta name=\"author\" content=\"Arnaldo Botto\" \/>\n<meta name=\"twitter:card\" content=\"summary_large_image\" \/>\n<script type=\"application\/ld+json\" class=\"yoast-schema-graph\">{\"@context\":\"https:\/\/schema.org\",\"@graph\":[{\"@type\":\"WebPage\",\"@id\":\"https:\/\/www.noticiasradioreflejos.com.ar\/2021\/inscripcion-de-docentes-tutores-para-el-plan-fines\/\",\"url\":\"https:\/\/www.noticiasradioreflejos.com.ar\/2021\/inscripcion-de-docentes-tutores-para-el-plan-fines\/\",\"name\":\"Inscripci\u00f3n de docentes tutores para el Plan Fines - Noticias Radio Reflejos\",\"isPartOf\":{\"@id\":\"https:\/\/www.noticiasradioreflejos.com.ar\/2021\/#website\"},\"datePublished\":\"2017-05-08T22:22:06+00:00\",\"author\":{\"@id\":\"https:\/\/www.noticiasradioreflejos.com.ar\/2021\/#\/schema\/person\/ad82545263dcc5ec0996818884fd5fb1\"},\"breadcrumb\":{\"@id\":\"https:\/\/www.noticiasradioreflejos.com.ar\/2021\/inscripcion-de-docentes-tutores-para-el-plan-fines\/#breadcrumb\"},\"inLanguage\":\"es\",\"potentialAction\":[{\"@type\":\"ReadAction\",\"target\":[\"https:\/\/www.noticiasradioreflejos.com.ar\/2021\/inscripcion-de-docentes-tutores-para-el-plan-fines\/\"]}]},{\"@type\":\"BreadcrumbList\",\"@id\":\"https:\/\/www.noticiasradioreflejos.com.ar\/2021\/inscripcion-de-docentes-tutores-para-el-plan-fines\/#breadcrumb\",\"itemListElement\":[{\"@type\":\"ListItem\",\"position\":1,\"name\":\"Portada\",\"item\":\"https:\/\/www.noticiasradioreflejos.com.ar\/2021\/\"},{\"@type\":\"ListItem\",\"position\":2,\"name\":\"Inscripci\u00f3n de docentes tutores para el Plan Fines\"}]},{\"@type\":\"WebSite\",\"@id\":\"https:\/\/www.noticiasradioreflejos.com.ar\/2021\/#website\",\"url\":\"https:\/\/www.noticiasradioreflejos.com.ar\/2021\/\",\"name\":\"Noticias Radio Reflejos\",\"description\":\"Las noticias de mi comarca\",\"potentialAction\":[{\"@type\":\"SearchAction\",\"target\":{\"@type\":\"EntryPoint\",\"urlTemplate\":\"https:\/\/www.noticiasradioreflejos.com.ar\/2021\/?s={search_term_string}\"},\"query-input\":{\"@type\":\"PropertyValueSpecification\",\"valueRequired\":true,\"valueName\":\"search_term_string\"}}],\"inLanguage\":\"es\"},{\"@type\":\"Person\",\"@id\":\"https:\/\/www.noticiasradioreflejos.com.ar\/2021\/#\/schema\/person\/ad82545263dcc5ec0996818884fd5fb1\",\"name\":\"Arnaldo Botto\",\"image\":{\"@type\":\"ImageObject\",\"inLanguage\":\"es\",\"@id\":\"https:\/\/www.noticiasradioreflejos.com.ar\/2021\/#\/schema\/person\/image\/\",\"url\":\"https:\/\/secure.gravatar.com\/avatar\/55cb5e37c1efa326397366e6974cb338056df65cb50e7d64d1cf314e87504837?s=96&d=mm&r=g\",\"contentUrl\":\"https:\/\/secure.gravatar.com\/avatar\/55cb5e37c1efa326397366e6974cb338056df65cb50e7d64d1cf314e87504837?s=96&d=mm&r=g\",\"caption\":\"Arnaldo Botto\"},\"url\":\"https:\/\/www.noticiasradioreflejos.com.ar\/2021\/author\/arnaldo\/\"}]}<\/script>\n<!-- \/ Yoast SEO plugin. -->","yoast_head_json":{"title":"Inscripci\u00f3n de docentes tutores para el Plan Fines - Noticias Radio Reflejos","robots":{"index":"index","follow":"follow","max-snippet":"max-snippet:-1","max-image-preview":"max-image-preview:large","max-video-preview":"max-video-preview:-1"},"canonical":"https:\/\/www.noticiasradioreflejos.com.ar\/2021\/inscripcion-de-docentes-tutores-para-el-plan-fines\/","og_locale":"es_ES","og_type":"article","og_title":"Inscripci\u00f3n de docentes tutores para el Plan Fines - Noticias Radio Reflejos","og_description":"Plan Provincial de Finalizaci\u00f3n de Estudios Obligatorios &#8211; A\u00f1o 2017 Jefatura Distrital de Tornquist informa a todos los docentes interesados en desempe\u00f1arse como PROFESORES TUTORES del Plan Provincial de Finalizaci\u00f3n de Estudios Obligatorios (FinEs deudores de materias), que se encuentra abierta la inscripci\u00f3n, hasta el 15 de mayo.","og_url":"https:\/\/www.noticiasradioreflejos.com.ar\/2021\/inscripcion-de-docentes-tutores-para-el-plan-fines\/","og_site_name":"Noticias Radio Reflejos","article_published_time":"2017-05-08T22:22:06+00:00","og_image":[{"width":300,"height":200,"url":"https:\/\/www.noticiasradioreflejos.com.ar\/2021\/wp-content\/uploads\/2021\/07\/logosol300x200.png","type":"image\/png"}],"author":"Arnaldo Botto","twitter_card":"summary_large_image","schema":{"@context":"https:\/\/schema.org","@graph":[{"@type":"WebPage","@id":"https:\/\/www.noticiasradioreflejos.com.ar\/2021\/inscripcion-de-docentes-tutores-para-el-plan-fines\/","url":"https:\/\/www.noticiasradioreflejos.com.ar\/2021\/inscripcion-de-docentes-tutores-para-el-plan-fines\/","name":"Inscripci\u00f3n de docentes tutores para el Plan Fines - Noticias Radio Reflejos","isPartOf":{"@id":"https:\/\/www.noticiasradioreflejos.com.ar\/2021\/#website"},"datePublished":"2017-05-08T22:22:06+00:00","author":{"@id":"https:\/\/www.noticiasradioreflejos.com.ar\/2021\/#\/schema\/person\/ad82545263dcc5ec0996818884fd5fb1"},"breadcrumb":{"@id":"https:\/\/www.noticiasradioreflejos.com.ar\/2021\/inscripcion-de-docentes-tutores-para-el-plan-fines\/#breadcrumb"},"inLanguage":"es","potentialAction":[{"@type":"ReadAction","target":["https:\/\/www.noticiasradioreflejos.com.ar\/2021\/inscripcion-de-docentes-tutores-para-el-plan-fines\/"]}]},{"@type":"BreadcrumbList","@id":"https:\/\/www.noticiasradioreflejos.com.ar\/2021\/inscripcion-de-docentes-tutores-para-el-plan-fines\/#breadcrumb","itemListElement":[{"@type":"ListItem","position":1,"name":"Portada","item":"https:\/\/www.noticiasradioreflejos.com.ar\/2021\/"},{"@type":"ListItem","position":2,"name":"Inscripci\u00f3n de docentes tutores para el Plan Fines"}]},{"@type":"WebSite","@id":"https:\/\/www.noticiasradioreflejos.com.ar\/2021\/#website","url":"https:\/\/www.noticiasradioreflejos.com.ar\/2021\/","name":"Noticias Radio Reflejos","description":"Las noticias de mi comarca","potentialAction":[{"@type":"SearchAction","target":{"@type":"EntryPoint","urlTemplate":"https:\/\/www.noticiasradioreflejos.com.ar\/2021\/?s={search_term_string}"},"query-input":{"@type":"PropertyValueSpecification","valueRequired":true,"valueName":"search_term_string"}}],"inLanguage":"es"},{"@type":"Person","@id":"https:\/\/www.noticiasradioreflejos.com.ar\/2021\/#\/schema\/person\/ad82545263dcc5ec0996818884fd5fb1","name":"Arnaldo Botto","image":{"@type":"ImageObject","inLanguage":"es","@id":"https:\/\/www.noticiasradioreflejos.com.ar\/2021\/#\/schema\/person\/image\/","url":"https:\/\/secure.gravatar.com\/avatar\/55cb5e37c1efa326397366e6974cb338056df65cb50e7d64d1cf314e87504837?s=96&d=mm&r=g","contentUrl":"https:\/\/secure.gravatar.com\/avatar\/55cb5e37c1efa326397366e6974cb338056df65cb50e7d64d1cf314e87504837?s=96&d=mm&r=g","caption":"Arnaldo Botto"},"url":"https:\/\/www.noticiasradioreflejos.com.ar\/2021\/author\/arnaldo\/"}]}},"_links":{"self":[{"href":"https:\/\/www.noticiasradioreflejos.com.ar\/2021\/wp-json\/wp\/v2\/posts\/9927","targetHints":{"allow":["GET"]}}],"collection":[{"href":"https:\/\/www.noticiasradioreflejos.com.ar\/2021\/wp-json\/wp\/v2\/posts"}],"about":[{"href":"https:\/\/www.noticiasradioreflejos.com.ar\/2021\/wp-json\/wp\/v2\/types\/post"}],"author":[{"embeddable":true,"href":"https:\/\/www.noticiasradioreflejos.com.ar\/2021\/wp-json\/wp\/v2\/users\/3"}],"replies":[{"embeddable":true,"href":"https:\/\/www.noticiasradioreflejos.com.ar\/2021\/wp-json\/wp\/v2\/comments?post=9927"}],"version-history":[{"count":0,"href":"https:\/\/www.noticiasradioreflejos.com.ar\/2021\/wp-json\/wp\/v2\/posts\/9927\/revisions"}],"wp:attachment":[{"href":"https:\/\/www.noticiasradioreflejos.com.ar\/2021\/wp-json\/wp\/v2\/media?parent=9927"}],"wp:term":[{"taxonomy":"category","embeddable":true,"href":"https:\/\/www.noticiasradioreflejos.com.ar\/2021\/wp-json\/wp\/v2\/categories?post=9927"},{"taxonomy":"post_tag","embeddable":true,"href":"https:\/\/www.noticiasradioreflejos.com.ar\/2021\/wp-json\/wp\/v2\/tags?post=9927"}],"curies":[{"name":"wp","href":"https:\/\/api.w.org\/{rel}","templated":true}]}}