{"id":99269,"date":"2024-02-27T11:48:18","date_gmt":"2024-02-27T14:48:18","guid":{"rendered":"https:\/\/www.noticiasradioreflejos.com.ar\/2021\/?p=99269"},"modified":"2024-02-27T11:50:57","modified_gmt":"2024-02-27T14:50:57","slug":"el-gobierno-prohibira-el-lenguaje-inclusivo-y-la-perspectiva-de-genero-en-el-estado","status":"publish","type":"post","link":"https:\/\/www.noticiasradioreflejos.com.ar\/2021\/el-gobierno-prohibira-el-lenguaje-inclusivo-y-la-perspectiva-de-genero-en-el-estado\/","title":{"rendered":"El Gobierno prohibir\u00e1 el lenguaje inclusivo y la perspectiva de g\u00e9nero en el Estado"},"content":{"rendered":"<p>Por decisi\u00f3n de Milei, el Gobierno \u00abiniciar\u00e1 las actuaciones para prohibir el lenguaje inclusivo y la perspectiva de g\u00e9nero en toda la Administraci\u00f3n P\u00fablica Nacional\u00bb. Adem\u00e1s, en medio de una disputa por recortes de fondos y subsidios, indic\u00f3 que \u00abno est\u00e1 en los planes hacer una convocatoria en general\u00bb a los gobernadores.<!--more--><\/p>\n<div class=\"image\"><\/div>\n<div>\n<div class=\"wrapper-editable-content\">\n<div class=\"container-md\">\n<div class=\"row\">\n<div class=\"col-md-12 speak\">\n<div class=\"paragraph\">\n<figure class=\"mb-3\"><img decoding=\"async\" class=\" lazy \" src=\"https:\/\/www.telam.com.ar\/thumbs\/bluesteel\/advf\/imagenes\/2024\/02\/65ddedb94773d_1200.jpg\" alt=\"Foto captura\" width=\"100%\" height=\"100%\" \/><\/p>\n<div class=\"media-icons\">Foto: captura.<\/div>\n<\/figure>\n<p>&nbsp;<\/p>\n<p>El Gobierno, por decisi\u00f3n del presidente Javier Milei, \u00abiniciar\u00e1 las actuaciones para prohibir el lenguaje inclusivo y la perspectiva de g\u00e9nero en toda la Administraci\u00f3n P\u00fablica Nacional\u00bb.<\/p>\n<p>As\u00ed lo inform\u00f3 hoy el portavoz presidencial, Manuel Adorni, en su habitual conferencia de prensa en Casa Rosada.<\/p>\n<p>En medio de una disputa por recortes de fondos y subsidios, indic\u00f3 que \u00abno est\u00e1 en los planes del Gobierno hacer una convocatoria en general\u00bb a los gobernadores.<\/p>\n<p>En ese sentido, Adorni ratific\u00f3 que \u00aben la Argentina no hay plata\u00bb y la \u00abpremisa\u00bb del Gobierno es \u00abel d\u00e9ficit cero\u00bb, una medida \u00abinamovible\u00bb, sostuvo en conferencia de prensa.<\/p>\n<p>Puntualmente, alent\u00f3 al gobernador bonaerense, Axel Kicillof, a presentarse en la Justicia, como anunci\u00f3 que har\u00e1, para reclamar la restituci\u00f3n del Fondo de Fortalecimiento Fiscal de la provincia de Buenos Aires.<\/p>\n<p>\u00abQue lo haga y claramente seguir\u00e1 el curso legal y lo respetaremos\u00bb, respondi\u00f3 Adorni al tiempo que asegur\u00f3 que \u00abtodo lo que sea discrecional, ser\u00e1 recortado a las provincias\u00bb.<\/p>\n<\/div>\n<\/div>\n<\/div>\n<\/div>\n<\/div>\n<\/div>\n","protected":false},"excerpt":{"rendered":"<p>Por decisi\u00f3n de Milei, el Gobierno \u00abiniciar\u00e1 las actuaciones para prohibir el lenguaje inclusivo y la perspectiva de g\u00e9nero en toda la Administraci\u00f3n P\u00fablica Nacional\u00bb. Adem\u00e1s, en medio de una disputa por recortes de fondos y subsidios, indic\u00f3 que \u00abno est\u00e1 en los planes hacer una convocatoria en general\u00bb a los gobernadores.<\/p>\n","protected":false},"author":3,"featured_media":99271,"comment_status":"closed","ping_status":"closed","sticky":false,"template":"","format":"standard","meta":{"footnotes":""},"categories":[58],"tags":[],"class_list":["post-99269","post","type-post","status-publish","format-standard","has-post-thumbnail","hentry","category-gobierno"],"yoast_head":"<!-- This site is optimized with the Yoast SEO plugin v25.9 - https:\/\/yoast.com\/wordpress\/plugins\/seo\/ -->\n<title>El Gobierno prohibir\u00e1 el lenguaje inclusivo y la perspectiva de g\u00e9nero en el Estado - Noticias Radio Reflejos<\/title>\n<meta name=\"robots\" content=\"index, follow, max-snippet:-1, max-image-preview:large, max-video-preview:-1\" \/>\n<link rel=\"canonical\" href=\"https:\/\/www.noticiasradioreflejos.com.ar\/2021\/el-gobierno-prohibira-el-lenguaje-inclusivo-y-la-perspectiva-de-genero-en-el-estado\/\" \/>\n<meta property=\"og:locale\" content=\"es_ES\" \/>\n<meta property=\"og:type\" content=\"article\" \/>\n<meta property=\"og:title\" content=\"El Gobierno prohibir\u00e1 el lenguaje inclusivo y la perspectiva de g\u00e9nero en el Estado - Noticias Radio Reflejos\" \/>\n<meta property=\"og:description\" content=\"Por decisi\u00f3n de Milei, el Gobierno \u00abiniciar\u00e1 las actuaciones para prohibir el lenguaje inclusivo y la perspectiva de g\u00e9nero en toda la Administraci\u00f3n P\u00fablica Nacional\u00bb. Adem\u00e1s, en medio de una disputa por recortes de fondos y subsidios, indic\u00f3 que \u00abno est\u00e1 en los planes hacer una convocatoria en general\u00bb a los gobernadores.\" \/>\n<meta property=\"og:url\" content=\"https:\/\/www.noticiasradioreflejos.com.ar\/2021\/el-gobierno-prohibira-el-lenguaje-inclusivo-y-la-perspectiva-de-genero-en-el-estado\/\" \/>\n<meta property=\"og:site_name\" content=\"Noticias Radio Reflejos\" \/>\n<meta property=\"article:published_time\" content=\"2024-02-27T14:48:18+00:00\" \/>\n<meta property=\"article:modified_time\" content=\"2024-02-27T14:50:57+00:00\" \/>\n<meta property=\"og:image\" content=\"https:\/\/www.noticiasradioreflejos.com.ar\/2021\/wp-content\/uploads\/2024\/02\/Adorni.jpg\" \/>\n\t<meta property=\"og:image:width\" content=\"1200\" \/>\n\t<meta property=\"og:image:height\" content=\"675\" \/>\n\t<meta property=\"og:image:type\" content=\"image\/jpeg\" \/>\n<meta name=\"author\" content=\"Arnaldo Botto\" \/>\n<meta name=\"twitter:card\" content=\"summary_large_image\" \/>\n<script type=\"application\/ld+json\" class=\"yoast-schema-graph\">{\"@context\":\"https:\/\/schema.org\",\"@graph\":[{\"@type\":\"WebPage\",\"@id\":\"https:\/\/www.noticiasradioreflejos.com.ar\/2021\/el-gobierno-prohibira-el-lenguaje-inclusivo-y-la-perspectiva-de-genero-en-el-estado\/\",\"url\":\"https:\/\/www.noticiasradioreflejos.com.ar\/2021\/el-gobierno-prohibira-el-lenguaje-inclusivo-y-la-perspectiva-de-genero-en-el-estado\/\",\"name\":\"El Gobierno prohibir\u00e1 el lenguaje inclusivo y la perspectiva de g\u00e9nero en el Estado - Noticias Radio Reflejos\",\"isPartOf\":{\"@id\":\"https:\/\/www.noticiasradioreflejos.com.ar\/2021\/#website\"},\"primaryImageOfPage\":{\"@id\":\"https:\/\/www.noticiasradioreflejos.com.ar\/2021\/el-gobierno-prohibira-el-lenguaje-inclusivo-y-la-perspectiva-de-genero-en-el-estado\/#primaryimage\"},\"image\":{\"@id\":\"https:\/\/www.noticiasradioreflejos.com.ar\/2021\/el-gobierno-prohibira-el-lenguaje-inclusivo-y-la-perspectiva-de-genero-en-el-estado\/#primaryimage\"},\"thumbnailUrl\":\"https:\/\/www.noticiasradioreflejos.com.ar\/2021\/wp-content\/uploads\/2024\/02\/Adorni.jpg\",\"datePublished\":\"2024-02-27T14:48:18+00:00\",\"dateModified\":\"2024-02-27T14:50:57+00:00\",\"author\":{\"@id\":\"https:\/\/www.noticiasradioreflejos.com.ar\/2021\/#\/schema\/person\/ad82545263dcc5ec0996818884fd5fb1\"},\"breadcrumb\":{\"@id\":\"https:\/\/www.noticiasradioreflejos.com.ar\/2021\/el-gobierno-prohibira-el-lenguaje-inclusivo-y-la-perspectiva-de-genero-en-el-estado\/#breadcrumb\"},\"inLanguage\":\"es\",\"potentialAction\":[{\"@type\":\"ReadAction\",\"target\":[\"https:\/\/www.noticiasradioreflejos.com.ar\/2021\/el-gobierno-prohibira-el-lenguaje-inclusivo-y-la-perspectiva-de-genero-en-el-estado\/\"]}]},{\"@type\":\"ImageObject\",\"inLanguage\":\"es\",\"@id\":\"https:\/\/www.noticiasradioreflejos.com.ar\/2021\/el-gobierno-prohibira-el-lenguaje-inclusivo-y-la-perspectiva-de-genero-en-el-estado\/#primaryimage\",\"url\":\"https:\/\/www.noticiasradioreflejos.com.ar\/2021\/wp-content\/uploads\/2024\/02\/Adorni.jpg\",\"contentUrl\":\"https:\/\/www.noticiasradioreflejos.com.ar\/2021\/wp-content\/uploads\/2024\/02\/Adorni.jpg\",\"width\":1200,\"height\":675},{\"@type\":\"BreadcrumbList\",\"@id\":\"https:\/\/www.noticiasradioreflejos.com.ar\/2021\/el-gobierno-prohibira-el-lenguaje-inclusivo-y-la-perspectiva-de-genero-en-el-estado\/#breadcrumb\",\"itemListElement\":[{\"@type\":\"ListItem\",\"position\":1,\"name\":\"Portada\",\"item\":\"https:\/\/www.noticiasradioreflejos.com.ar\/2021\/\"},{\"@type\":\"ListItem\",\"position\":2,\"name\":\"El Gobierno prohibir\u00e1 el lenguaje inclusivo y la perspectiva de g\u00e9nero en el Estado\"}]},{\"@type\":\"WebSite\",\"@id\":\"https:\/\/www.noticiasradioreflejos.com.ar\/2021\/#website\",\"url\":\"https:\/\/www.noticiasradioreflejos.com.ar\/2021\/\",\"name\":\"Noticias Radio Reflejos\",\"description\":\"Las noticias de mi comarca\",\"potentialAction\":[{\"@type\":\"SearchAction\",\"target\":{\"@type\":\"EntryPoint\",\"urlTemplate\":\"https:\/\/www.noticiasradioreflejos.com.ar\/2021\/?s={search_term_string}\"},\"query-input\":{\"@type\":\"PropertyValueSpecification\",\"valueRequired\":true,\"valueName\":\"search_term_string\"}}],\"inLanguage\":\"es\"},{\"@type\":\"Person\",\"@id\":\"https:\/\/www.noticiasradioreflejos.com.ar\/2021\/#\/schema\/person\/ad82545263dcc5ec0996818884fd5fb1\",\"name\":\"Arnaldo Botto\",\"image\":{\"@type\":\"ImageObject\",\"inLanguage\":\"es\",\"@id\":\"https:\/\/www.noticiasradioreflejos.com.ar\/2021\/#\/schema\/person\/image\/\",\"url\":\"https:\/\/secure.gravatar.com\/avatar\/55cb5e37c1efa326397366e6974cb338056df65cb50e7d64d1cf314e87504837?s=96&d=mm&r=g\",\"contentUrl\":\"https:\/\/secure.gravatar.com\/avatar\/55cb5e37c1efa326397366e6974cb338056df65cb50e7d64d1cf314e87504837?s=96&d=mm&r=g\",\"caption\":\"Arnaldo Botto\"},\"url\":\"https:\/\/www.noticiasradioreflejos.com.ar\/2021\/author\/arnaldo\/\"}]}<\/script>\n<!-- \/ Yoast SEO plugin. -->","yoast_head_json":{"title":"El Gobierno prohibir\u00e1 el lenguaje inclusivo y la perspectiva de g\u00e9nero en el Estado - Noticias Radio Reflejos","robots":{"index":"index","follow":"follow","max-snippet":"max-snippet:-1","max-image-preview":"max-image-preview:large","max-video-preview":"max-video-preview:-1"},"canonical":"https:\/\/www.noticiasradioreflejos.com.ar\/2021\/el-gobierno-prohibira-el-lenguaje-inclusivo-y-la-perspectiva-de-genero-en-el-estado\/","og_locale":"es_ES","og_type":"article","og_title":"El Gobierno prohibir\u00e1 el lenguaje inclusivo y la perspectiva de g\u00e9nero en el Estado - Noticias Radio Reflejos","og_description":"Por decisi\u00f3n de Milei, el Gobierno \u00abiniciar\u00e1 las actuaciones para prohibir el lenguaje inclusivo y la perspectiva de g\u00e9nero en toda la Administraci\u00f3n P\u00fablica Nacional\u00bb. Adem\u00e1s, en medio de una disputa por recortes de fondos y subsidios, indic\u00f3 que \u00abno est\u00e1 en los planes hacer una convocatoria en general\u00bb a los gobernadores.","og_url":"https:\/\/www.noticiasradioreflejos.com.ar\/2021\/el-gobierno-prohibira-el-lenguaje-inclusivo-y-la-perspectiva-de-genero-en-el-estado\/","og_site_name":"Noticias Radio Reflejos","article_published_time":"2024-02-27T14:48:18+00:00","article_modified_time":"2024-02-27T14:50:57+00:00","og_image":[{"width":1200,"height":675,"url":"https:\/\/www.noticiasradioreflejos.com.ar\/2021\/wp-content\/uploads\/2024\/02\/Adorni.jpg","type":"image\/jpeg"}],"author":"Arnaldo Botto","twitter_card":"summary_large_image","schema":{"@context":"https:\/\/schema.org","@graph":[{"@type":"WebPage","@id":"https:\/\/www.noticiasradioreflejos.com.ar\/2021\/el-gobierno-prohibira-el-lenguaje-inclusivo-y-la-perspectiva-de-genero-en-el-estado\/","url":"https:\/\/www.noticiasradioreflejos.com.ar\/2021\/el-gobierno-prohibira-el-lenguaje-inclusivo-y-la-perspectiva-de-genero-en-el-estado\/","name":"El Gobierno prohibir\u00e1 el lenguaje inclusivo y la perspectiva de g\u00e9nero en el Estado - Noticias Radio Reflejos","isPartOf":{"@id":"https:\/\/www.noticiasradioreflejos.com.ar\/2021\/#website"},"primaryImageOfPage":{"@id":"https:\/\/www.noticiasradioreflejos.com.ar\/2021\/el-gobierno-prohibira-el-lenguaje-inclusivo-y-la-perspectiva-de-genero-en-el-estado\/#primaryimage"},"image":{"@id":"https:\/\/www.noticiasradioreflejos.com.ar\/2021\/el-gobierno-prohibira-el-lenguaje-inclusivo-y-la-perspectiva-de-genero-en-el-estado\/#primaryimage"},"thumbnailUrl":"https:\/\/www.noticiasradioreflejos.com.ar\/2021\/wp-content\/uploads\/2024\/02\/Adorni.jpg","datePublished":"2024-02-27T14:48:18+00:00","dateModified":"2024-02-27T14:50:57+00:00","author":{"@id":"https:\/\/www.noticiasradioreflejos.com.ar\/2021\/#\/schema\/person\/ad82545263dcc5ec0996818884fd5fb1"},"breadcrumb":{"@id":"https:\/\/www.noticiasradioreflejos.com.ar\/2021\/el-gobierno-prohibira-el-lenguaje-inclusivo-y-la-perspectiva-de-genero-en-el-estado\/#breadcrumb"},"inLanguage":"es","potentialAction":[{"@type":"ReadAction","target":["https:\/\/www.noticiasradioreflejos.com.ar\/2021\/el-gobierno-prohibira-el-lenguaje-inclusivo-y-la-perspectiva-de-genero-en-el-estado\/"]}]},{"@type":"ImageObject","inLanguage":"es","@id":"https:\/\/www.noticiasradioreflejos.com.ar\/2021\/el-gobierno-prohibira-el-lenguaje-inclusivo-y-la-perspectiva-de-genero-en-el-estado\/#primaryimage","url":"https:\/\/www.noticiasradioreflejos.com.ar\/2021\/wp-content\/uploads\/2024\/02\/Adorni.jpg","contentUrl":"https:\/\/www.noticiasradioreflejos.com.ar\/2021\/wp-content\/uploads\/2024\/02\/Adorni.jpg","width":1200,"height":675},{"@type":"BreadcrumbList","@id":"https:\/\/www.noticiasradioreflejos.com.ar\/2021\/el-gobierno-prohibira-el-lenguaje-inclusivo-y-la-perspectiva-de-genero-en-el-estado\/#breadcrumb","itemListElement":[{"@type":"ListItem","position":1,"name":"Portada","item":"https:\/\/www.noticiasradioreflejos.com.ar\/2021\/"},{"@type":"ListItem","position":2,"name":"El Gobierno prohibir\u00e1 el lenguaje inclusivo y la perspectiva de g\u00e9nero en el Estado"}]},{"@type":"WebSite","@id":"https:\/\/www.noticiasradioreflejos.com.ar\/2021\/#website","url":"https:\/\/www.noticiasradioreflejos.com.ar\/2021\/","name":"Noticias Radio Reflejos","description":"Las noticias de mi comarca","potentialAction":[{"@type":"SearchAction","target":{"@type":"EntryPoint","urlTemplate":"https:\/\/www.noticiasradioreflejos.com.ar\/2021\/?s={search_term_string}"},"query-input":{"@type":"PropertyValueSpecification","valueRequired":true,"valueName":"search_term_string"}}],"inLanguage":"es"},{"@type":"Person","@id":"https:\/\/www.noticiasradioreflejos.com.ar\/2021\/#\/schema\/person\/ad82545263dcc5ec0996818884fd5fb1","name":"Arnaldo Botto","image":{"@type":"ImageObject","inLanguage":"es","@id":"https:\/\/www.noticiasradioreflejos.com.ar\/2021\/#\/schema\/person\/image\/","url":"https:\/\/secure.gravatar.com\/avatar\/55cb5e37c1efa326397366e6974cb338056df65cb50e7d64d1cf314e87504837?s=96&d=mm&r=g","contentUrl":"https:\/\/secure.gravatar.com\/avatar\/55cb5e37c1efa326397366e6974cb338056df65cb50e7d64d1cf314e87504837?s=96&d=mm&r=g","caption":"Arnaldo Botto"},"url":"https:\/\/www.noticiasradioreflejos.com.ar\/2021\/author\/arnaldo\/"}]}},"_links":{"self":[{"href":"https:\/\/www.noticiasradioreflejos.com.ar\/2021\/wp-json\/wp\/v2\/posts\/99269","targetHints":{"allow":["GET"]}}],"collection":[{"href":"https:\/\/www.noticiasradioreflejos.com.ar\/2021\/wp-json\/wp\/v2\/posts"}],"about":[{"href":"https:\/\/www.noticiasradioreflejos.com.ar\/2021\/wp-json\/wp\/v2\/types\/post"}],"author":[{"embeddable":true,"href":"https:\/\/www.noticiasradioreflejos.com.ar\/2021\/wp-json\/wp\/v2\/users\/3"}],"replies":[{"embeddable":true,"href":"https:\/\/www.noticiasradioreflejos.com.ar\/2021\/wp-json\/wp\/v2\/comments?post=99269"}],"version-history":[{"count":1,"href":"https:\/\/www.noticiasradioreflejos.com.ar\/2021\/wp-json\/wp\/v2\/posts\/99269\/revisions"}],"predecessor-version":[{"id":99270,"href":"https:\/\/www.noticiasradioreflejos.com.ar\/2021\/wp-json\/wp\/v2\/posts\/99269\/revisions\/99270"}],"wp:featuredmedia":[{"embeddable":true,"href":"https:\/\/www.noticiasradioreflejos.com.ar\/2021\/wp-json\/wp\/v2\/media\/99271"}],"wp:attachment":[{"href":"https:\/\/www.noticiasradioreflejos.com.ar\/2021\/wp-json\/wp\/v2\/media?parent=99269"}],"wp:term":[{"taxonomy":"category","embeddable":true,"href":"https:\/\/www.noticiasradioreflejos.com.ar\/2021\/wp-json\/wp\/v2\/categories?post=99269"},{"taxonomy":"post_tag","embeddable":true,"href":"https:\/\/www.noticiasradioreflejos.com.ar\/2021\/wp-json\/wp\/v2\/tags?post=99269"}],"curies":[{"name":"wp","href":"https:\/\/api.w.org\/{rel}","templated":true}]}}