{"id":99266,"date":"2024-02-27T11:14:54","date_gmt":"2024-02-27T14:14:54","guid":{"rendered":"https:\/\/www.noticiasradioreflejos.com.ar\/2021\/?p=99266"},"modified":"2024-02-27T11:14:54","modified_gmt":"2024-02-27T14:14:54","slug":"crecio-la-caza-furtiva-de-rinocerontes-en-sudafrica-con-casi-500-ejemplares-muertos","status":"publish","type":"post","link":"https:\/\/www.noticiasradioreflejos.com.ar\/2021\/crecio-la-caza-furtiva-de-rinocerontes-en-sudafrica-con-casi-500-ejemplares-muertos\/","title":{"rendered":"Creci\u00f3 la caza furtiva de rinocerontes en Sud\u00e1frica con casi 500 ejemplares muertos"},"content":{"rendered":"<p>La muerte de centenares de herb\u00edvoros de piel gruesa en 2023, en su mayor\u00eda fue principalmente en parques estatales, como ser el Hluhluwe\u2013Imfolozi, la reserva m\u00e1s antigua de \u00c1frica, que perdi\u00f3 307 ejemplares.<!--more--><\/p>\n<div class=\"paragraph\">\n<figure class=\"mb-3\"><img decoding=\"async\" class=\" lazy \" src=\"https:\/\/www.telam.com.ar\/thumbs\/bluesteel\/advf\/imagenes\/2021\/08\/61066d7860b01_1200.jpg\" alt=\"Foto AFP\" width=\"100%\" height=\"100%\" \/><\/p>\n<div class=\"media-icons\">Foto: AFP<\/div>\n<\/figure>\n<p>&nbsp;<\/p>\n<p>Casi\u00a0<strong>500 rinocerontes murieron el a\u00f1o pasado en Sud\u00e1frica debido a cazadores furtivos, 11% m\u00e1s que en 2022<\/strong>, pese a los esfuerzos del gobierno por impedir el comercio il\u00edcito de cuernos, inform\u00f3 este martes el Ministerio de Medio Ambiente del pa\u00eds africano.<\/p>\n<p>Sud\u00e1frica es el hogar de la mayor\u00eda de los rinocerontes del mundo y abunda la caza furtiva, impulsada por la demanda de Asia, donde los cuernos son utilizados en la medicina tradicional por su supuesto efecto terap\u00e9utico.<\/p>\n<p>El Ministerio del Medio Ambiente indic\u00f3 que<strong>\u00a0499 de estos herb\u00edvoros de piel gruesa murieron en 2023<\/strong>, sobre todo en parques estatales.<\/p>\n<p>La mayor\u00eda fueron cazados en la provincia oriental de KwaZulu-Natal, donde se encuentra el\u00a0<strong>parque Hluhluwe\u2013Imfolozi, la reserva m\u00e1s antigua de \u00c1frica<\/strong>, que perdi\u00f3 307 ejemplares, consign\u00f3 la agencia de noticias AFP.<\/p>\n<p>\u00abEs la mayor p\u00e9rdida por caza furtiva en esta provincia\u00bb, afirm\u00f3 la<strong>\u00a0ministra de Medio Ambiente, Barbara Creecy<\/strong>.<\/p>\n<p>\u00abEquipos multidisciplinarios contin\u00faan trabajando sin descanso para frenar esta presi\u00f3n\u00bb, declar\u00f3.<\/p>\n<p>Las autoridades endurecieron en los \u00faltimos a\u00f1os la seguridad alrededor del Parque Nacional Kruger, en la frontera con Mozambique, cuya\u00a0<strong>poblaci\u00f3n de rinocerontes cay\u00f3 dr\u00e1sticamente los \u00faltimos 15 a\u00f1os<\/strong>.<\/p>\n<p>Ello propici\u00f3 una baja de 37% en la muerte de rinocerontes en 2023 en el sitio, pero al mismo tiempo empuj\u00f3 a los cazadores a reservas regionales y privadas como Hluhluwe\u2013Imfolozi.<\/p>\n<p>Los cuernos de rinocerontes son demandados en mercados negros, donde el precio por peso se compara con el del oro y la coca\u00edna.<\/p>\n<p>No obstante, la\u00a0<strong>Uni\u00f3n Internacional para la Conservaci\u00f3n de la Naturaleza<\/strong>\u00a0(UICN) inform\u00f3 el a\u00f1o pasado de que los esfuerzos de preservaci\u00f3n permitieron un aumento en el n\u00famero de rinocerontes en \u00c1frica.<\/p>\n<p><strong>Cerca de 23.300 ejemplares rondaban el continente a fines de 2022, 5,2% m\u00e1s que el a\u00f1o anterior<\/strong>, indic\u00f3 la UICN.<\/p>\n<p>Unos 15.000 de ellos viven en Sud\u00e1frica, seg\u00fan estimaciones de la Fundaci\u00f3n Internacional del Rinoceronte.<\/p>\n<p>\u00abEstas cifras actualizadas de la UICN son esperanzadoras, pero los avances seguir\u00e1n siendo tenues mientras contin\u00faa la crisis de la caza furtiva\u00bb, afirm\u00f3 el martes Jeff Cooke, del Fondo Mundial para la Vida Silvestre.<\/p>\n<\/div>\n","protected":false},"excerpt":{"rendered":"<p>La muerte de centenares de herb\u00edvoros de piel gruesa en 2023, en su mayor\u00eda fue principalmente en parques estatales, como ser el Hluhluwe\u2013Imfolozi, la reserva m\u00e1s antigua de \u00c1frica, que perdi\u00f3 307 ejemplares.<\/p>\n","protected":false},"author":3,"featured_media":99267,"comment_status":"closed","ping_status":"closed","sticky":false,"template":"","format":"standard","meta":{"footnotes":""},"categories":[46],"tags":[],"class_list":["post-99266","post","type-post","status-publish","format-standard","has-post-thumbnail","hentry","category-ciencia-y-tecnologia"],"yoast_head":"<!-- This site is optimized with the Yoast SEO plugin v25.9 - https:\/\/yoast.com\/wordpress\/plugins\/seo\/ -->\n<title>Creci\u00f3 la caza furtiva de rinocerontes en Sud\u00e1frica con casi 500 ejemplares muertos - Noticias Radio Reflejos<\/title>\n<meta name=\"robots\" content=\"index, follow, max-snippet:-1, max-image-preview:large, max-video-preview:-1\" \/>\n<link rel=\"canonical\" href=\"https:\/\/www.noticiasradioreflejos.com.ar\/2021\/crecio-la-caza-furtiva-de-rinocerontes-en-sudafrica-con-casi-500-ejemplares-muertos\/\" \/>\n<meta property=\"og:locale\" content=\"es_ES\" \/>\n<meta property=\"og:type\" content=\"article\" \/>\n<meta property=\"og:title\" content=\"Creci\u00f3 la caza furtiva de rinocerontes en Sud\u00e1frica con casi 500 ejemplares muertos - Noticias Radio Reflejos\" \/>\n<meta property=\"og:description\" content=\"La muerte de centenares de herb\u00edvoros de piel gruesa en 2023, en su mayor\u00eda fue principalmente en parques estatales, como ser el Hluhluwe\u2013Imfolozi, la reserva m\u00e1s antigua de \u00c1frica, que perdi\u00f3 307 ejemplares.\" \/>\n<meta property=\"og:url\" content=\"https:\/\/www.noticiasradioreflejos.com.ar\/2021\/crecio-la-caza-furtiva-de-rinocerontes-en-sudafrica-con-casi-500-ejemplares-muertos\/\" \/>\n<meta property=\"og:site_name\" content=\"Noticias Radio Reflejos\" \/>\n<meta property=\"article:published_time\" content=\"2024-02-27T14:14:54+00:00\" \/>\n<meta property=\"og:image\" content=\"https:\/\/www.noticiasradioreflejos.com.ar\/2021\/wp-content\/uploads\/2024\/02\/rino.jpg\" \/>\n\t<meta property=\"og:image:width\" content=\"1004\" \/>\n\t<meta property=\"og:image:height\" content=\"567\" \/>\n\t<meta property=\"og:image:type\" content=\"image\/jpeg\" \/>\n<meta name=\"author\" content=\"Arnaldo Botto\" \/>\n<meta name=\"twitter:card\" content=\"summary_large_image\" \/>\n<script type=\"application\/ld+json\" class=\"yoast-schema-graph\">{\"@context\":\"https:\/\/schema.org\",\"@graph\":[{\"@type\":\"WebPage\",\"@id\":\"https:\/\/www.noticiasradioreflejos.com.ar\/2021\/crecio-la-caza-furtiva-de-rinocerontes-en-sudafrica-con-casi-500-ejemplares-muertos\/\",\"url\":\"https:\/\/www.noticiasradioreflejos.com.ar\/2021\/crecio-la-caza-furtiva-de-rinocerontes-en-sudafrica-con-casi-500-ejemplares-muertos\/\",\"name\":\"Creci\u00f3 la caza furtiva de rinocerontes en Sud\u00e1frica con casi 500 ejemplares muertos - Noticias Radio Reflejos\",\"isPartOf\":{\"@id\":\"https:\/\/www.noticiasradioreflejos.com.ar\/2021\/#website\"},\"primaryImageOfPage\":{\"@id\":\"https:\/\/www.noticiasradioreflejos.com.ar\/2021\/crecio-la-caza-furtiva-de-rinocerontes-en-sudafrica-con-casi-500-ejemplares-muertos\/#primaryimage\"},\"image\":{\"@id\":\"https:\/\/www.noticiasradioreflejos.com.ar\/2021\/crecio-la-caza-furtiva-de-rinocerontes-en-sudafrica-con-casi-500-ejemplares-muertos\/#primaryimage\"},\"thumbnailUrl\":\"https:\/\/www.noticiasradioreflejos.com.ar\/2021\/wp-content\/uploads\/2024\/02\/rino.jpg\",\"datePublished\":\"2024-02-27T14:14:54+00:00\",\"author\":{\"@id\":\"https:\/\/www.noticiasradioreflejos.com.ar\/2021\/#\/schema\/person\/ad82545263dcc5ec0996818884fd5fb1\"},\"breadcrumb\":{\"@id\":\"https:\/\/www.noticiasradioreflejos.com.ar\/2021\/crecio-la-caza-furtiva-de-rinocerontes-en-sudafrica-con-casi-500-ejemplares-muertos\/#breadcrumb\"},\"inLanguage\":\"es\",\"potentialAction\":[{\"@type\":\"ReadAction\",\"target\":[\"https:\/\/www.noticiasradioreflejos.com.ar\/2021\/crecio-la-caza-furtiva-de-rinocerontes-en-sudafrica-con-casi-500-ejemplares-muertos\/\"]}]},{\"@type\":\"ImageObject\",\"inLanguage\":\"es\",\"@id\":\"https:\/\/www.noticiasradioreflejos.com.ar\/2021\/crecio-la-caza-furtiva-de-rinocerontes-en-sudafrica-con-casi-500-ejemplares-muertos\/#primaryimage\",\"url\":\"https:\/\/www.noticiasradioreflejos.com.ar\/2021\/wp-content\/uploads\/2024\/02\/rino.jpg\",\"contentUrl\":\"https:\/\/www.noticiasradioreflejos.com.ar\/2021\/wp-content\/uploads\/2024\/02\/rino.jpg\",\"width\":1004,\"height\":567},{\"@type\":\"BreadcrumbList\",\"@id\":\"https:\/\/www.noticiasradioreflejos.com.ar\/2021\/crecio-la-caza-furtiva-de-rinocerontes-en-sudafrica-con-casi-500-ejemplares-muertos\/#breadcrumb\",\"itemListElement\":[{\"@type\":\"ListItem\",\"position\":1,\"name\":\"Portada\",\"item\":\"https:\/\/www.noticiasradioreflejos.com.ar\/2021\/\"},{\"@type\":\"ListItem\",\"position\":2,\"name\":\"Creci\u00f3 la caza furtiva de rinocerontes en Sud\u00e1frica con casi 500 ejemplares muertos\"}]},{\"@type\":\"WebSite\",\"@id\":\"https:\/\/www.noticiasradioreflejos.com.ar\/2021\/#website\",\"url\":\"https:\/\/www.noticiasradioreflejos.com.ar\/2021\/\",\"name\":\"Noticias Radio Reflejos\",\"description\":\"Las noticias de mi comarca\",\"potentialAction\":[{\"@type\":\"SearchAction\",\"target\":{\"@type\":\"EntryPoint\",\"urlTemplate\":\"https:\/\/www.noticiasradioreflejos.com.ar\/2021\/?s={search_term_string}\"},\"query-input\":{\"@type\":\"PropertyValueSpecification\",\"valueRequired\":true,\"valueName\":\"search_term_string\"}}],\"inLanguage\":\"es\"},{\"@type\":\"Person\",\"@id\":\"https:\/\/www.noticiasradioreflejos.com.ar\/2021\/#\/schema\/person\/ad82545263dcc5ec0996818884fd5fb1\",\"name\":\"Arnaldo Botto\",\"image\":{\"@type\":\"ImageObject\",\"inLanguage\":\"es\",\"@id\":\"https:\/\/www.noticiasradioreflejos.com.ar\/2021\/#\/schema\/person\/image\/\",\"url\":\"https:\/\/secure.gravatar.com\/avatar\/55cb5e37c1efa326397366e6974cb338056df65cb50e7d64d1cf314e87504837?s=96&d=mm&r=g\",\"contentUrl\":\"https:\/\/secure.gravatar.com\/avatar\/55cb5e37c1efa326397366e6974cb338056df65cb50e7d64d1cf314e87504837?s=96&d=mm&r=g\",\"caption\":\"Arnaldo Botto\"},\"url\":\"https:\/\/www.noticiasradioreflejos.com.ar\/2021\/author\/arnaldo\/\"}]}<\/script>\n<!-- \/ Yoast SEO plugin. -->","yoast_head_json":{"title":"Creci\u00f3 la caza furtiva de rinocerontes en Sud\u00e1frica con casi 500 ejemplares muertos - Noticias Radio Reflejos","robots":{"index":"index","follow":"follow","max-snippet":"max-snippet:-1","max-image-preview":"max-image-preview:large","max-video-preview":"max-video-preview:-1"},"canonical":"https:\/\/www.noticiasradioreflejos.com.ar\/2021\/crecio-la-caza-furtiva-de-rinocerontes-en-sudafrica-con-casi-500-ejemplares-muertos\/","og_locale":"es_ES","og_type":"article","og_title":"Creci\u00f3 la caza furtiva de rinocerontes en Sud\u00e1frica con casi 500 ejemplares muertos - Noticias Radio Reflejos","og_description":"La muerte de centenares de herb\u00edvoros de piel gruesa en 2023, en su mayor\u00eda fue principalmente en parques estatales, como ser el Hluhluwe\u2013Imfolozi, la reserva m\u00e1s antigua de \u00c1frica, que perdi\u00f3 307 ejemplares.","og_url":"https:\/\/www.noticiasradioreflejos.com.ar\/2021\/crecio-la-caza-furtiva-de-rinocerontes-en-sudafrica-con-casi-500-ejemplares-muertos\/","og_site_name":"Noticias Radio Reflejos","article_published_time":"2024-02-27T14:14:54+00:00","og_image":[{"width":1004,"height":567,"url":"https:\/\/www.noticiasradioreflejos.com.ar\/2021\/wp-content\/uploads\/2024\/02\/rino.jpg","type":"image\/jpeg"}],"author":"Arnaldo Botto","twitter_card":"summary_large_image","schema":{"@context":"https:\/\/schema.org","@graph":[{"@type":"WebPage","@id":"https:\/\/www.noticiasradioreflejos.com.ar\/2021\/crecio-la-caza-furtiva-de-rinocerontes-en-sudafrica-con-casi-500-ejemplares-muertos\/","url":"https:\/\/www.noticiasradioreflejos.com.ar\/2021\/crecio-la-caza-furtiva-de-rinocerontes-en-sudafrica-con-casi-500-ejemplares-muertos\/","name":"Creci\u00f3 la caza furtiva de rinocerontes en Sud\u00e1frica con casi 500 ejemplares muertos - Noticias Radio Reflejos","isPartOf":{"@id":"https:\/\/www.noticiasradioreflejos.com.ar\/2021\/#website"},"primaryImageOfPage":{"@id":"https:\/\/www.noticiasradioreflejos.com.ar\/2021\/crecio-la-caza-furtiva-de-rinocerontes-en-sudafrica-con-casi-500-ejemplares-muertos\/#primaryimage"},"image":{"@id":"https:\/\/www.noticiasradioreflejos.com.ar\/2021\/crecio-la-caza-furtiva-de-rinocerontes-en-sudafrica-con-casi-500-ejemplares-muertos\/#primaryimage"},"thumbnailUrl":"https:\/\/www.noticiasradioreflejos.com.ar\/2021\/wp-content\/uploads\/2024\/02\/rino.jpg","datePublished":"2024-02-27T14:14:54+00:00","author":{"@id":"https:\/\/www.noticiasradioreflejos.com.ar\/2021\/#\/schema\/person\/ad82545263dcc5ec0996818884fd5fb1"},"breadcrumb":{"@id":"https:\/\/www.noticiasradioreflejos.com.ar\/2021\/crecio-la-caza-furtiva-de-rinocerontes-en-sudafrica-con-casi-500-ejemplares-muertos\/#breadcrumb"},"inLanguage":"es","potentialAction":[{"@type":"ReadAction","target":["https:\/\/www.noticiasradioreflejos.com.ar\/2021\/crecio-la-caza-furtiva-de-rinocerontes-en-sudafrica-con-casi-500-ejemplares-muertos\/"]}]},{"@type":"ImageObject","inLanguage":"es","@id":"https:\/\/www.noticiasradioreflejos.com.ar\/2021\/crecio-la-caza-furtiva-de-rinocerontes-en-sudafrica-con-casi-500-ejemplares-muertos\/#primaryimage","url":"https:\/\/www.noticiasradioreflejos.com.ar\/2021\/wp-content\/uploads\/2024\/02\/rino.jpg","contentUrl":"https:\/\/www.noticiasradioreflejos.com.ar\/2021\/wp-content\/uploads\/2024\/02\/rino.jpg","width":1004,"height":567},{"@type":"BreadcrumbList","@id":"https:\/\/www.noticiasradioreflejos.com.ar\/2021\/crecio-la-caza-furtiva-de-rinocerontes-en-sudafrica-con-casi-500-ejemplares-muertos\/#breadcrumb","itemListElement":[{"@type":"ListItem","position":1,"name":"Portada","item":"https:\/\/www.noticiasradioreflejos.com.ar\/2021\/"},{"@type":"ListItem","position":2,"name":"Creci\u00f3 la caza furtiva de rinocerontes en Sud\u00e1frica con casi 500 ejemplares muertos"}]},{"@type":"WebSite","@id":"https:\/\/www.noticiasradioreflejos.com.ar\/2021\/#website","url":"https:\/\/www.noticiasradioreflejos.com.ar\/2021\/","name":"Noticias Radio Reflejos","description":"Las noticias de mi comarca","potentialAction":[{"@type":"SearchAction","target":{"@type":"EntryPoint","urlTemplate":"https:\/\/www.noticiasradioreflejos.com.ar\/2021\/?s={search_term_string}"},"query-input":{"@type":"PropertyValueSpecification","valueRequired":true,"valueName":"search_term_string"}}],"inLanguage":"es"},{"@type":"Person","@id":"https:\/\/www.noticiasradioreflejos.com.ar\/2021\/#\/schema\/person\/ad82545263dcc5ec0996818884fd5fb1","name":"Arnaldo Botto","image":{"@type":"ImageObject","inLanguage":"es","@id":"https:\/\/www.noticiasradioreflejos.com.ar\/2021\/#\/schema\/person\/image\/","url":"https:\/\/secure.gravatar.com\/avatar\/55cb5e37c1efa326397366e6974cb338056df65cb50e7d64d1cf314e87504837?s=96&d=mm&r=g","contentUrl":"https:\/\/secure.gravatar.com\/avatar\/55cb5e37c1efa326397366e6974cb338056df65cb50e7d64d1cf314e87504837?s=96&d=mm&r=g","caption":"Arnaldo Botto"},"url":"https:\/\/www.noticiasradioreflejos.com.ar\/2021\/author\/arnaldo\/"}]}},"_links":{"self":[{"href":"https:\/\/www.noticiasradioreflejos.com.ar\/2021\/wp-json\/wp\/v2\/posts\/99266","targetHints":{"allow":["GET"]}}],"collection":[{"href":"https:\/\/www.noticiasradioreflejos.com.ar\/2021\/wp-json\/wp\/v2\/posts"}],"about":[{"href":"https:\/\/www.noticiasradioreflejos.com.ar\/2021\/wp-json\/wp\/v2\/types\/post"}],"author":[{"embeddable":true,"href":"https:\/\/www.noticiasradioreflejos.com.ar\/2021\/wp-json\/wp\/v2\/users\/3"}],"replies":[{"embeddable":true,"href":"https:\/\/www.noticiasradioreflejos.com.ar\/2021\/wp-json\/wp\/v2\/comments?post=99266"}],"version-history":[{"count":1,"href":"https:\/\/www.noticiasradioreflejos.com.ar\/2021\/wp-json\/wp\/v2\/posts\/99266\/revisions"}],"predecessor-version":[{"id":99268,"href":"https:\/\/www.noticiasradioreflejos.com.ar\/2021\/wp-json\/wp\/v2\/posts\/99266\/revisions\/99268"}],"wp:featuredmedia":[{"embeddable":true,"href":"https:\/\/www.noticiasradioreflejos.com.ar\/2021\/wp-json\/wp\/v2\/media\/99267"}],"wp:attachment":[{"href":"https:\/\/www.noticiasradioreflejos.com.ar\/2021\/wp-json\/wp\/v2\/media?parent=99266"}],"wp:term":[{"taxonomy":"category","embeddable":true,"href":"https:\/\/www.noticiasradioreflejos.com.ar\/2021\/wp-json\/wp\/v2\/categories?post=99266"},{"taxonomy":"post_tag","embeddable":true,"href":"https:\/\/www.noticiasradioreflejos.com.ar\/2021\/wp-json\/wp\/v2\/tags?post=99266"}],"curies":[{"name":"wp","href":"https:\/\/api.w.org\/{rel}","templated":true}]}}