{"id":99263,"date":"2024-02-27T10:28:09","date_gmt":"2024-02-27T13:28:09","guid":{"rendered":"https:\/\/www.noticiasradioreflejos.com.ar\/2021\/?p=99263"},"modified":"2024-02-27T10:28:09","modified_gmt":"2024-02-27T13:28:09","slug":"cientificos-argentinos-desarrollan-la-primera-tintura-textil-de-origen-microbiano","status":"publish","type":"post","link":"https:\/\/www.noticiasradioreflejos.com.ar\/2021\/cientificos-argentinos-desarrollan-la-primera-tintura-textil-de-origen-microbiano\/","title":{"rendered":"Cient\u00edficos argentinos desarrollan \u00abla primera tintura textil de origen microbiano\u00bb"},"content":{"rendered":"<p>Un grupo de cient\u00edficos argentinos desarroll\u00f3 \u00abla primera tintura textil de origen microbiano\u00bb con el objetivo de mitigar el fuerte impacto ambiental de los colorantes sint\u00e9ticos de telas y tejidos, a partir del cultivo de bacterias capaces de transformar residuos agroindustriales en tintes biodegradables y de alta calidad, seg\u00fan explic\u00f3 a T\u00e9lam uno de sus creadores.<!--more--><\/p>\n<p>\u00abNosotros estamos desarrollando la primera tintura textil de origen microbiano\u00bb, dijo a T\u00e9lam Esteban Silva, el director ejecutivo de Protiva, la startup que conformaron cinco j\u00f3venes cient\u00edficos para desarrollar este producto que se propone como \u00abla revoluci\u00f3n en colorantes biodegradables\u00bb.<\/p>\n<p><a title=\"27-02-2024_esteban_silva_biotecnologo_con_su\" href=\"https:\/\/www.flickr.com\/photos\/182279889@N02\/53555451396\/in\/dateposted-public\/\" data-flickr-embed=\"true\"><img loading=\"lazy\" decoding=\"async\" src=\"https:\/\/live.staticflickr.com\/65535\/53555451396_d272619bae_c.jpg\" alt=\"27-02-2024_esteban_silva_biotecnologo_con_su\" width=\"800\" height=\"534\" \/><\/a><br \/>\nEste licenciado en biolog\u00eda molecular asegur\u00f3 que \u00abhoy en d\u00eda no existen colorantes de este tipo en el mercado\u00bb, es decir, que sean naturales y ecol\u00f3gicos pero al mismo tiempo producibles a gran escala para abastecer una demanda potencial de 11.000 millones de d\u00f3lares anuales.<\/p>\n<p>\u00abLa \u00fanica alternativa natural (a los colorantes sint\u00e9ticos) que pod\u00e9s encontrar hoy en el mercado son los colorantes derivados de plantas que es la l\u00f3gica que se usaba antes de la Revoluci\u00f3n Industrial para te\u00f1ir la ropa\u00bb, dijo.<\/p>\n<p>Pero si esta tecnolog\u00eda dej\u00f3 de ser la dominante para fabricar tinturas fue porque es \u00abmuy costosa\u00bb, desde el momento que requiere cultivar a gran escala los vegetales de los que se extrae, \u00abcompitiendo con la producci\u00f3n de alimentos en espacio y agua para riego\u00bb, para finalmente obtener \u00abunos poquitos gramos de colorante por kilogramo de planta\u00bb.<\/p>\n<p>Esta mala ecuaci\u00f3n hizo que \u00abel colorante vegetal fuera reemplazado por el colorante sint\u00e9tico de origen qu\u00edmico\u00bb, responsable del 20 por ciento de la contaminaci\u00f3n del agua a nivel mundial dado que vierte anualmente \u00ab200 millones de desechos derivados del petr\u00f3leo y t\u00f3xicos\u00bb tanto para el ser humano como para el ambiente, pero que adem\u00e1s requieren m\u00e1s agua para su fabricaci\u00f3n.<\/p>\n<p>\u00abA nivel global y nacional hay otras startups desarrollando colorantes naturales, pero no trabajan con bacterias &#8211; como nosotros- sino con hongos o algas, por ejemplo\u00bb, dijo Silva.<\/p>\n<p>\u00abPor otro lado, nosotros hacemos colorantes de aplicaci\u00f3n textil, pero hay algunas startups que trabajan en colorantes para industria alimenticia, otras para cosm\u00e9tica\u2026\u00bb, agreg\u00f3.<\/p>\n<p>Protiva Bioinks tiene desarrollados los prototipos para cuatro colores de tintura \u00aba escala de laboratorio\u00bb -rosa magenta, amarillo, violeta azulado y negro- y estiman que el producto podr\u00eda comenzar a comercializarse en el mercado \u00abdentro de tres a\u00f1os\u00bb.<\/p>\n<p>\u00abLos colorantes que producimos tienen relaci\u00f3n con lo que se busca en la industria textil. El negro obviamente se usa un mont\u00f3n, pero los otros tres son colores que tienen mucho contraste entre s\u00ed, que se encuentran ubicados en espacios distantes del (espectro) color y pod\u00e9s mezclarlos entre s\u00ed para lograr los tonos intermedios\u00bb, dijo.<\/p>\n<p>No hay blanco, en tanto, porque este color \u00aben la industria textil no se obtiene a trav\u00e9s de un colorante sino por un tratamiento que se hace a la fibra, que se llama blanqueamiento, para lo cual se usan qu\u00edmicos que no son colorantes\u00bb.<\/p>\n<p>Los cuatro prototipos de tintura se obtuvieron a partir de cuatro diferentes \u00abbacterias naturales (no modificadas gen\u00e9ticamente), una para cada tono\u00bb, las cuales fueron \u00abaisladas en diferentes ambientes del territorio argentino\u00bb y cuyos nombres se excus\u00f3 de dar por tratarse de \u00abinformaci\u00f3n sensible\u00bb de este proyecto.<\/p>\n<p><a title=\"27-02-2024_carola_campanelli_desarrolla_junto_al\" href=\"https:\/\/www.flickr.com\/photos\/182279889@N02\/53555788504\/in\/dateposted-public\/\" data-flickr-embed=\"true\"><img loading=\"lazy\" decoding=\"async\" src=\"https:\/\/live.staticflickr.com\/65535\/53555788504_49fd4dea04_c.jpg\" alt=\"27-02-2024_carola_campanelli_desarrolla_junto_al\" width=\"800\" height=\"533\" \/><\/a><br \/>\nEstos colorantes a\u00fan en estado l\u00edquido y con su versi\u00f3n s\u00f3lida a\u00fan pendiente de elaboraci\u00f3n para completar el prototipo, son capaces de te\u00f1ir lana, algod\u00f3n o poli\u00e9ster; pero adem\u00e1s son \u00abde alta calidad\u00bb como tintes dado que son resistentes al sol, el roce y los lavados.<\/p>\n<p>\u00abNosotros seleccionamos bacterias que tienen la capacidad natural de producir ese colorante y entonces las pensamos como f\u00e1bricas (microrg\u00e1nicas) que como insumo energ\u00e9tico necesitan materias primas naturales de las cuales se alimentan -como pueden ser, por ejemplo, residuos de la agroindustria-, y que transforman en colorantes\u00bb, dijo.<\/p>\n<p>El cient\u00edfico explic\u00f3 que estos compuestos \u00abnaturalmente tienen otras funciones\u00bb para las bacterias que los producen, \u00abcomo defensa ante otros microorganismos o ante la exposici\u00f3n solar\u00bb.<\/p>\n<p>\u00abAhora con eso solo no ten\u00e9s producto, para eso lo que nosotros hacemos es retirar el colorante de las bacterias. Es decir, lo separamos y lo purificamos a trav\u00e9s de un proceso biotecnol\u00f3gico\u00bb, agreg\u00f3.<\/p>\n<p>En el final de este proceso \u00abnosotros nos quedamos con el tinte puro que es libre de bacterias y de restos de bacterias\u00bb, y que \u00aba partir de ah\u00ed es un producto qu\u00edmico\u00bb aunque de origen natural.<\/p>\n<p>\u00abPor un lado, trabajamos con bacterias seguras incapaces de provocar alguna infecci\u00f3n en el ser humano; y, por otro, trabajamos en un laboratorio con toda la seguridad\u00bb, dijo.<\/p>\n<p>El bi\u00f3logo compar\u00f3 la obtenci\u00f3n de estos tintes a partir de bacterias con otro \u00abproceso biotecnol\u00f3gico\u00bb como es la fabricaci\u00f3n de cerveza que a partir de la acci\u00f3n de otro organismo vivo -la levadura, que es un hongo- y un sustrato org\u00e1nico -como es la malta-, da como resultado una bebida alcoh\u00f3lica en lugar de un colorante textil.<\/p>\n<p>\u00abLos equipamientos que se suelen usar y los costos asociados son similares en ambos casos y por eso ese ejemplo sirve para explicar que la producci\u00f3n de este colorante se puede hacer en un espacio peque\u00f1o -al igual que como se hace la cerveza-, y se puede hacer en forma masiva\u00bb, dijo.<\/p>\n<p>Silva explic\u00f3 adem\u00e1s que \u00abnosotros no buscamos vender solo colorantes para la industria textil, sino que nos abocamos a que estos colorantes no s\u00f3lo cumplan con todos los est\u00e1ndares esenciales de la industria\u00bb sino que incluso \u00absean superadores en cuanto a esas cualidades\u00bb, para lo cual ofrecen tambi\u00e9n \u00abf\u00f3rmulas de aplicaci\u00f3n\u00bb para conseguir la mayor eficiencia del producto.<\/p>\n<p>El fundador de Protiva Bioinks sostuvo que actualmente se encuentra en la b\u00fasqueda de una ronda de inversi\u00f3n de al menos 250.000 d\u00f3lares, con el prop\u00f3sito de completar el producto m\u00ednimo viable y sumar capacidad de investigaci\u00f3n y desarrollo<\/p>\n<p>En estos a\u00f1os de I+D, el proyecto fue ganando diferentes concursos tales como el premio a la innovaci\u00f3n 2021 de la Fundaci\u00f3n Grupo Delsud; el \u00abPotenciar Nuestra Innovaci\u00f3n\u00bb (PONI) 2023 de la Fundaci\u00f3n Empretec, INJUVA y la Subsecretar\u00eda de Desarrollo Emprendedor; y \u00abSoluciones Innovadoras Banco Naci\u00f3n 2023\u00bb.<\/p>\n<p>Adem\u00e1s, la iniciativa qued\u00f3 finalista del IV50K del Instituto Balseiro y en el \u00abPrograma Impulso Joven\u00bb de Unesco y Nestl\u00e9 a\u00fan pendiente de resoluci\u00f3n.<\/p>\n<p>En 2022 Protiva result\u00f3 ganador en otra competencia de proyectos innovadores coorganizado por Elal Venture que ahora acaba de lanzar la primera edici\u00f3n del concurso \u00abProyectos Emprendedores de Innovaci\u00f3n Tecnol\u00f3gica\u00bb junto al Instituto Universitario para el Desarrollo Productivo y Tecnol\u00f3gico Empresarial de la Argentina (IUDPT) que otorga 1,5 millones de pesos y de cuyo acto de presentaci\u00f3n particip\u00f3 Silva.<\/p>\n<p>\u00abProtiva est\u00e1 muy enfocado en resolver una problem\u00e1tica, que es la contaminaci\u00f3n que provoca los tintes sint\u00e9ticos que requieren mucha cantidad de agua potable que al final del proceso deja de serlo porque muchos de los colorantes no migran a las telas y terminan siendo descartados diluidos al ambiente donde puede tardar 50 a\u00f1os en degradase; porque si bien hay plantas de tratamiento de efluentes textiles, suelen ser muy costosos e inaccesible para cualquier empresa\u00bb, dijo.<\/p>\n<p>\u00abEn cambio los colorantes naturales son biodegradables pero adem\u00e1s, con la f\u00f3rmula de aplicaci\u00f3n, buscamos que migren totalmente la tela y no quede en el efluente textil; ahora, si queda, es un colorante sin impacto ambiental\u00bb, concluy\u00f3.<\/p>\n<p>*Esta nota es una producci\u00f3n de T\u00e9lam-Confiar, una plataforma con informaci\u00f3n especializada en ciencia, salud, ambiente y tecnolog\u00eda (<a href=\"http:\/\/www.telam.com.ar\/confiar\">www.telam.com.ar\/confiar<\/a>).<\/p>\n<p>&nbsp;<\/p>\n<p><em><strong>(T\u00e9lam-Confiar. Por Alicia Alvado) <\/strong><\/em><\/p>\n","protected":false},"excerpt":{"rendered":"<p>Un grupo de cient\u00edficos argentinos desarroll\u00f3 \u00abla primera tintura textil de origen microbiano\u00bb con el objetivo de mitigar el fuerte impacto ambiental de los colorantes sint\u00e9ticos de telas y tejidos, a partir del cultivo de bacterias capaces de transformar residuos agroindustriales en tintes biodegradables y de alta calidad, seg\u00fan explic\u00f3 a T\u00e9lam uno de sus [&hellip;]<\/p>\n","protected":false},"author":3,"featured_media":0,"comment_status":"closed","ping_status":"closed","sticky":false,"template":"","format":"standard","meta":{"footnotes":""},"categories":[46],"tags":[],"class_list":["post-99263","post","type-post","status-publish","format-standard","hentry","category-ciencia-y-tecnologia"],"yoast_head":"<!-- This site is optimized with the Yoast SEO plugin v25.9 - https:\/\/yoast.com\/wordpress\/plugins\/seo\/ -->\n<title>Cient\u00edficos argentinos desarrollan &quot;la primera tintura textil de origen microbiano&quot; - Noticias Radio Reflejos<\/title>\n<meta name=\"robots\" content=\"index, follow, max-snippet:-1, max-image-preview:large, max-video-preview:-1\" \/>\n<link rel=\"canonical\" href=\"https:\/\/www.noticiasradioreflejos.com.ar\/2021\/cientificos-argentinos-desarrollan-la-primera-tintura-textil-de-origen-microbiano\/\" \/>\n<meta property=\"og:locale\" content=\"es_ES\" \/>\n<meta property=\"og:type\" content=\"article\" \/>\n<meta property=\"og:title\" content=\"Cient\u00edficos argentinos desarrollan &quot;la primera tintura textil de origen microbiano&quot; - Noticias Radio Reflejos\" \/>\n<meta property=\"og:description\" content=\"Un grupo de cient\u00edficos argentinos desarroll\u00f3 \u00abla primera tintura textil de origen microbiano\u00bb con el objetivo de mitigar el fuerte impacto ambiental de los colorantes sint\u00e9ticos de telas y tejidos, a partir del cultivo de bacterias capaces de transformar residuos agroindustriales en tintes biodegradables y de alta calidad, seg\u00fan explic\u00f3 a T\u00e9lam uno de sus [&hellip;]\" \/>\n<meta property=\"og:url\" content=\"https:\/\/www.noticiasradioreflejos.com.ar\/2021\/cientificos-argentinos-desarrollan-la-primera-tintura-textil-de-origen-microbiano\/\" \/>\n<meta property=\"og:site_name\" content=\"Noticias Radio Reflejos\" \/>\n<meta property=\"article:published_time\" content=\"2024-02-27T13:28:09+00:00\" \/>\n<meta property=\"og:image\" content=\"https:\/\/live.staticflickr.com\/65535\/53555451396_d272619bae_c.jpg\" \/>\n<meta name=\"author\" content=\"Arnaldo Botto\" \/>\n<meta name=\"twitter:card\" content=\"summary_large_image\" \/>\n<script type=\"application\/ld+json\" class=\"yoast-schema-graph\">{\"@context\":\"https:\/\/schema.org\",\"@graph\":[{\"@type\":\"WebPage\",\"@id\":\"https:\/\/www.noticiasradioreflejos.com.ar\/2021\/cientificos-argentinos-desarrollan-la-primera-tintura-textil-de-origen-microbiano\/\",\"url\":\"https:\/\/www.noticiasradioreflejos.com.ar\/2021\/cientificos-argentinos-desarrollan-la-primera-tintura-textil-de-origen-microbiano\/\",\"name\":\"Cient\u00edficos argentinos desarrollan \\\"la primera tintura textil de origen microbiano\\\" - Noticias Radio Reflejos\",\"isPartOf\":{\"@id\":\"https:\/\/www.noticiasradioreflejos.com.ar\/2021\/#website\"},\"primaryImageOfPage\":{\"@id\":\"https:\/\/www.noticiasradioreflejos.com.ar\/2021\/cientificos-argentinos-desarrollan-la-primera-tintura-textil-de-origen-microbiano\/#primaryimage\"},\"image\":{\"@id\":\"https:\/\/www.noticiasradioreflejos.com.ar\/2021\/cientificos-argentinos-desarrollan-la-primera-tintura-textil-de-origen-microbiano\/#primaryimage\"},\"thumbnailUrl\":\"https:\/\/live.staticflickr.com\/65535\/53555451396_d272619bae_c.jpg\",\"datePublished\":\"2024-02-27T13:28:09+00:00\",\"author\":{\"@id\":\"https:\/\/www.noticiasradioreflejos.com.ar\/2021\/#\/schema\/person\/ad82545263dcc5ec0996818884fd5fb1\"},\"breadcrumb\":{\"@id\":\"https:\/\/www.noticiasradioreflejos.com.ar\/2021\/cientificos-argentinos-desarrollan-la-primera-tintura-textil-de-origen-microbiano\/#breadcrumb\"},\"inLanguage\":\"es\",\"potentialAction\":[{\"@type\":\"ReadAction\",\"target\":[\"https:\/\/www.noticiasradioreflejos.com.ar\/2021\/cientificos-argentinos-desarrollan-la-primera-tintura-textil-de-origen-microbiano\/\"]}]},{\"@type\":\"ImageObject\",\"inLanguage\":\"es\",\"@id\":\"https:\/\/www.noticiasradioreflejos.com.ar\/2021\/cientificos-argentinos-desarrollan-la-primera-tintura-textil-de-origen-microbiano\/#primaryimage\",\"url\":\"https:\/\/live.staticflickr.com\/65535\/53555451396_d272619bae_c.jpg\",\"contentUrl\":\"https:\/\/live.staticflickr.com\/65535\/53555451396_d272619bae_c.jpg\"},{\"@type\":\"BreadcrumbList\",\"@id\":\"https:\/\/www.noticiasradioreflejos.com.ar\/2021\/cientificos-argentinos-desarrollan-la-primera-tintura-textil-de-origen-microbiano\/#breadcrumb\",\"itemListElement\":[{\"@type\":\"ListItem\",\"position\":1,\"name\":\"Portada\",\"item\":\"https:\/\/www.noticiasradioreflejos.com.ar\/2021\/\"},{\"@type\":\"ListItem\",\"position\":2,\"name\":\"Cient\u00edficos argentinos desarrollan \u00abla primera tintura textil de origen microbiano\u00bb\"}]},{\"@type\":\"WebSite\",\"@id\":\"https:\/\/www.noticiasradioreflejos.com.ar\/2021\/#website\",\"url\":\"https:\/\/www.noticiasradioreflejos.com.ar\/2021\/\",\"name\":\"Noticias Radio Reflejos\",\"description\":\"Las noticias de mi comarca\",\"potentialAction\":[{\"@type\":\"SearchAction\",\"target\":{\"@type\":\"EntryPoint\",\"urlTemplate\":\"https:\/\/www.noticiasradioreflejos.com.ar\/2021\/?s={search_term_string}\"},\"query-input\":{\"@type\":\"PropertyValueSpecification\",\"valueRequired\":true,\"valueName\":\"search_term_string\"}}],\"inLanguage\":\"es\"},{\"@type\":\"Person\",\"@id\":\"https:\/\/www.noticiasradioreflejos.com.ar\/2021\/#\/schema\/person\/ad82545263dcc5ec0996818884fd5fb1\",\"name\":\"Arnaldo Botto\",\"image\":{\"@type\":\"ImageObject\",\"inLanguage\":\"es\",\"@id\":\"https:\/\/www.noticiasradioreflejos.com.ar\/2021\/#\/schema\/person\/image\/\",\"url\":\"https:\/\/secure.gravatar.com\/avatar\/55cb5e37c1efa326397366e6974cb338056df65cb50e7d64d1cf314e87504837?s=96&d=mm&r=g\",\"contentUrl\":\"https:\/\/secure.gravatar.com\/avatar\/55cb5e37c1efa326397366e6974cb338056df65cb50e7d64d1cf314e87504837?s=96&d=mm&r=g\",\"caption\":\"Arnaldo Botto\"},\"url\":\"https:\/\/www.noticiasradioreflejos.com.ar\/2021\/author\/arnaldo\/\"}]}<\/script>\n<!-- \/ Yoast SEO plugin. -->","yoast_head_json":{"title":"Cient\u00edficos argentinos desarrollan \"la primera tintura textil de origen microbiano\" - Noticias Radio Reflejos","robots":{"index":"index","follow":"follow","max-snippet":"max-snippet:-1","max-image-preview":"max-image-preview:large","max-video-preview":"max-video-preview:-1"},"canonical":"https:\/\/www.noticiasradioreflejos.com.ar\/2021\/cientificos-argentinos-desarrollan-la-primera-tintura-textil-de-origen-microbiano\/","og_locale":"es_ES","og_type":"article","og_title":"Cient\u00edficos argentinos desarrollan \"la primera tintura textil de origen microbiano\" - Noticias Radio Reflejos","og_description":"Un grupo de cient\u00edficos argentinos desarroll\u00f3 \u00abla primera tintura textil de origen microbiano\u00bb con el objetivo de mitigar el fuerte impacto ambiental de los colorantes sint\u00e9ticos de telas y tejidos, a partir del cultivo de bacterias capaces de transformar residuos agroindustriales en tintes biodegradables y de alta calidad, seg\u00fan explic\u00f3 a T\u00e9lam uno de sus [&hellip;]","og_url":"https:\/\/www.noticiasradioreflejos.com.ar\/2021\/cientificos-argentinos-desarrollan-la-primera-tintura-textil-de-origen-microbiano\/","og_site_name":"Noticias Radio Reflejos","article_published_time":"2024-02-27T13:28:09+00:00","og_image":[{"url":"https:\/\/live.staticflickr.com\/65535\/53555451396_d272619bae_c.jpg","type":"","width":"","height":""}],"author":"Arnaldo Botto","twitter_card":"summary_large_image","schema":{"@context":"https:\/\/schema.org","@graph":[{"@type":"WebPage","@id":"https:\/\/www.noticiasradioreflejos.com.ar\/2021\/cientificos-argentinos-desarrollan-la-primera-tintura-textil-de-origen-microbiano\/","url":"https:\/\/www.noticiasradioreflejos.com.ar\/2021\/cientificos-argentinos-desarrollan-la-primera-tintura-textil-de-origen-microbiano\/","name":"Cient\u00edficos argentinos desarrollan \"la primera tintura textil de origen microbiano\" - Noticias Radio Reflejos","isPartOf":{"@id":"https:\/\/www.noticiasradioreflejos.com.ar\/2021\/#website"},"primaryImageOfPage":{"@id":"https:\/\/www.noticiasradioreflejos.com.ar\/2021\/cientificos-argentinos-desarrollan-la-primera-tintura-textil-de-origen-microbiano\/#primaryimage"},"image":{"@id":"https:\/\/www.noticiasradioreflejos.com.ar\/2021\/cientificos-argentinos-desarrollan-la-primera-tintura-textil-de-origen-microbiano\/#primaryimage"},"thumbnailUrl":"https:\/\/live.staticflickr.com\/65535\/53555451396_d272619bae_c.jpg","datePublished":"2024-02-27T13:28:09+00:00","author":{"@id":"https:\/\/www.noticiasradioreflejos.com.ar\/2021\/#\/schema\/person\/ad82545263dcc5ec0996818884fd5fb1"},"breadcrumb":{"@id":"https:\/\/www.noticiasradioreflejos.com.ar\/2021\/cientificos-argentinos-desarrollan-la-primera-tintura-textil-de-origen-microbiano\/#breadcrumb"},"inLanguage":"es","potentialAction":[{"@type":"ReadAction","target":["https:\/\/www.noticiasradioreflejos.com.ar\/2021\/cientificos-argentinos-desarrollan-la-primera-tintura-textil-de-origen-microbiano\/"]}]},{"@type":"ImageObject","inLanguage":"es","@id":"https:\/\/www.noticiasradioreflejos.com.ar\/2021\/cientificos-argentinos-desarrollan-la-primera-tintura-textil-de-origen-microbiano\/#primaryimage","url":"https:\/\/live.staticflickr.com\/65535\/53555451396_d272619bae_c.jpg","contentUrl":"https:\/\/live.staticflickr.com\/65535\/53555451396_d272619bae_c.jpg"},{"@type":"BreadcrumbList","@id":"https:\/\/www.noticiasradioreflejos.com.ar\/2021\/cientificos-argentinos-desarrollan-la-primera-tintura-textil-de-origen-microbiano\/#breadcrumb","itemListElement":[{"@type":"ListItem","position":1,"name":"Portada","item":"https:\/\/www.noticiasradioreflejos.com.ar\/2021\/"},{"@type":"ListItem","position":2,"name":"Cient\u00edficos argentinos desarrollan \u00abla primera tintura textil de origen microbiano\u00bb"}]},{"@type":"WebSite","@id":"https:\/\/www.noticiasradioreflejos.com.ar\/2021\/#website","url":"https:\/\/www.noticiasradioreflejos.com.ar\/2021\/","name":"Noticias Radio Reflejos","description":"Las noticias de mi comarca","potentialAction":[{"@type":"SearchAction","target":{"@type":"EntryPoint","urlTemplate":"https:\/\/www.noticiasradioreflejos.com.ar\/2021\/?s={search_term_string}"},"query-input":{"@type":"PropertyValueSpecification","valueRequired":true,"valueName":"search_term_string"}}],"inLanguage":"es"},{"@type":"Person","@id":"https:\/\/www.noticiasradioreflejos.com.ar\/2021\/#\/schema\/person\/ad82545263dcc5ec0996818884fd5fb1","name":"Arnaldo Botto","image":{"@type":"ImageObject","inLanguage":"es","@id":"https:\/\/www.noticiasradioreflejos.com.ar\/2021\/#\/schema\/person\/image\/","url":"https:\/\/secure.gravatar.com\/avatar\/55cb5e37c1efa326397366e6974cb338056df65cb50e7d64d1cf314e87504837?s=96&d=mm&r=g","contentUrl":"https:\/\/secure.gravatar.com\/avatar\/55cb5e37c1efa326397366e6974cb338056df65cb50e7d64d1cf314e87504837?s=96&d=mm&r=g","caption":"Arnaldo Botto"},"url":"https:\/\/www.noticiasradioreflejos.com.ar\/2021\/author\/arnaldo\/"}]}},"_links":{"self":[{"href":"https:\/\/www.noticiasradioreflejos.com.ar\/2021\/wp-json\/wp\/v2\/posts\/99263","targetHints":{"allow":["GET"]}}],"collection":[{"href":"https:\/\/www.noticiasradioreflejos.com.ar\/2021\/wp-json\/wp\/v2\/posts"}],"about":[{"href":"https:\/\/www.noticiasradioreflejos.com.ar\/2021\/wp-json\/wp\/v2\/types\/post"}],"author":[{"embeddable":true,"href":"https:\/\/www.noticiasradioreflejos.com.ar\/2021\/wp-json\/wp\/v2\/users\/3"}],"replies":[{"embeddable":true,"href":"https:\/\/www.noticiasradioreflejos.com.ar\/2021\/wp-json\/wp\/v2\/comments?post=99263"}],"version-history":[{"count":1,"href":"https:\/\/www.noticiasradioreflejos.com.ar\/2021\/wp-json\/wp\/v2\/posts\/99263\/revisions"}],"predecessor-version":[{"id":99265,"href":"https:\/\/www.noticiasradioreflejos.com.ar\/2021\/wp-json\/wp\/v2\/posts\/99263\/revisions\/99265"}],"wp:attachment":[{"href":"https:\/\/www.noticiasradioreflejos.com.ar\/2021\/wp-json\/wp\/v2\/media?parent=99263"}],"wp:term":[{"taxonomy":"category","embeddable":true,"href":"https:\/\/www.noticiasradioreflejos.com.ar\/2021\/wp-json\/wp\/v2\/categories?post=99263"},{"taxonomy":"post_tag","embeddable":true,"href":"https:\/\/www.noticiasradioreflejos.com.ar\/2021\/wp-json\/wp\/v2\/tags?post=99263"}],"curies":[{"name":"wp","href":"https:\/\/api.w.org\/{rel}","templated":true}]}}