{"id":99252,"date":"2024-02-27T07:57:11","date_gmt":"2024-02-27T10:57:11","guid":{"rendered":"https:\/\/www.noticiasradioreflejos.com.ar\/2021\/?p=99252"},"modified":"2024-02-27T07:57:11","modified_gmt":"2024-02-27T10:57:11","slug":"milei-abrira-las-142-sesiones-ordinarias-del-congreso-el-viernes-a-la-noche","status":"publish","type":"post","link":"https:\/\/www.noticiasradioreflejos.com.ar\/2021\/milei-abrira-las-142-sesiones-ordinarias-del-congreso-el-viernes-a-la-noche\/","title":{"rendered":"Milei abrir\u00e1 las 142\u00b0 sesiones ordinarias del Congreso el viernes a la noche"},"content":{"rendered":"<div class=\"wrapper-header\">\n<div class=\"container-xl\">\n<div class=\"row\">\n<div class=\"col-12\">\n<div class=\"head-content mb-4\">\n<div class=\"my-3\">\n<div class=\"social mt-3\">El Presidente hablar\u00e1 ante los representantes de las C\u00e1maras de Diputados y de Senadores de la Naci\u00f3n. En su discurso, en el que delinear\u00e1 los objetivos de su Gobierno, no estar\u00e1 exento el rol del Poder Legislativo en relaci\u00f3n al fallido tratamiento de la \u00abLey de Bases y Puntos de partida para la Libertad de los Argentinos\u00bb.<\/div>\n<\/div>\n<\/div>\n<\/div>\n<\/div>\n<\/div>\n<\/div>\n<p><!--more--><\/p>\n<div class=\"wrapper-editable-content\">\n<div class=\"wrapper-editable-content\">\n<div class=\"container-md\">\n<div class=\"row\">\n<div class=\"col-md-12 speak\">\n<div class=\"paragraph\">\n<figure class=\"mb-3\"><img decoding=\"async\" class=\" lazy \" src=\"https:\/\/www.telam.com.ar\/thumbs\/bluesteel\/advf\/imagenes\/2023\/12\/6575f1447b639_1200.jpg\" alt=\"Foto Florencia Downes\" width=\"100%\" height=\"100%\" \/><\/p>\n<div class=\"media-icons\">Foto: Florencia Downes.<\/div>\n<\/figure>\n<p>El presidente Javier Milei abrir\u00e1 las sesiones ordinarias del Congreso para el per\u00edodo 2024 el\u00a0<strong>pr\u00f3ximo viernes a las 21<\/strong>, informaron fuentes de la Jefatura de Gabinete de Ministros.<\/p>\n<p>El<strong>\u00a0Decreto 197\/2024<\/strong>, difundido en la noche de este lunes por la dependencia a cargo de Nicol\u00e1s Posse, indica que \u00aben uso de las facultades conferidas por el art\u00edculo 99, inciso 8, de la Constituci\u00f3n Nacional\u00bb, el Presidente decreta en su art\u00edculo 1\u00b0 del citado que \u00abse\u00f1\u00e1lase las 21 horas del d\u00eda 1\u00b0 de marzo pr\u00f3ximo para la apertura de las Sesiones Ordinarias del Honorable Congreso de la Naci\u00f3n, correspondientes al a\u00f1o en curso\u00bb.<\/p>\n<p>Milei dar\u00e1 all\u00ed su discurso de apertura, ante los representantes de las C\u00e1maras de Diputados y de Senadores de la Naci\u00f3n, en lo que constituir\u00e1\u00a0<strong>su primer discurso ante los legisladores<\/strong>\u00a0en el que delinear\u00e1 los objetivos de su Gobierno y del que no estar\u00e1 exento el rol del Poder Legislativo en relaci\u00f3n al fallido tratamiento de la \u00abLey de Bases y Puntos de partida para la Libertad de los Argentinos\u00bb.<\/p>\n<p>Luego de que en su asunci\u00f3n del 10 de diciembre el Presidente decidiera no dirigirse a los parlamentarios dentro del recinto y hablar desde la explanada del Congreso \u00abde cara a la gente\u00bb,\u00a0<strong>diputados y senadores viven con expectativa el que ser\u00e1 la primera alocuci\u00f3n del titular del Poder Ejecutivo ante ellos, donde dejar\u00e1 inaugurado el 142\u00b0 periodo de sesiones ordinarias<\/strong>.<\/p>\n<p>A diferencia de la asunci\u00f3n presidencial, que no requiere de un discurso del Presidente ante los legisladores, la apertura de las sesiones ordinarias s\u00ed debe ser realizada por el primer mandatario en el recinto de la C\u00e1mara baja.<\/p>\n<p>De hecho, el propio Milei lo confirm\u00f3 hace una semana en una entrevista radial: \u00abHay una cuesti\u00f3n de protocolo\u00bb, indic\u00f3.<\/p><\/div>\n<\/div>\n<\/div>\n<\/div>\n<\/div>\n<\/div>\n","protected":false},"excerpt":{"rendered":"<p>El Presidente hablar\u00e1 ante los representantes de las C\u00e1maras de Diputados y de Senadores de la Naci\u00f3n. En su discurso, en el que delinear\u00e1 los objetivos de su Gobierno, no estar\u00e1 exento el rol del Poder Legislativo en relaci\u00f3n al fallido tratamiento de la \u00abLey de Bases y Puntos de partida para la Libertad de [&hellip;]<\/p>\n","protected":false},"author":3,"featured_media":0,"comment_status":"closed","ping_status":"closed","sticky":false,"template":"","format":"standard","meta":{"footnotes":""},"categories":[1],"tags":[],"class_list":["post-99252","post","type-post","status-publish","format-standard","hentry","category-sin-categoria"],"yoast_head":"<!-- This site is optimized with the Yoast SEO plugin v25.9 - https:\/\/yoast.com\/wordpress\/plugins\/seo\/ -->\n<title>Milei abrir\u00e1 las 142\u00b0 sesiones ordinarias del Congreso el viernes a la noche - Noticias Radio Reflejos<\/title>\n<meta name=\"robots\" content=\"index, follow, max-snippet:-1, max-image-preview:large, max-video-preview:-1\" \/>\n<link rel=\"canonical\" href=\"https:\/\/www.noticiasradioreflejos.com.ar\/2021\/milei-abrira-las-142-sesiones-ordinarias-del-congreso-el-viernes-a-la-noche\/\" \/>\n<meta property=\"og:locale\" content=\"es_ES\" \/>\n<meta property=\"og:type\" content=\"article\" \/>\n<meta property=\"og:title\" content=\"Milei abrir\u00e1 las 142\u00b0 sesiones ordinarias del Congreso el viernes a la noche - Noticias Radio Reflejos\" \/>\n<meta property=\"og:description\" content=\"El Presidente hablar\u00e1 ante los representantes de las C\u00e1maras de Diputados y de Senadores de la Naci\u00f3n. En su discurso, en el que delinear\u00e1 los objetivos de su Gobierno, no estar\u00e1 exento el rol del Poder Legislativo en relaci\u00f3n al fallido tratamiento de la \u00abLey de Bases y Puntos de partida para la Libertad de [&hellip;]\" \/>\n<meta property=\"og:url\" content=\"https:\/\/www.noticiasradioreflejos.com.ar\/2021\/milei-abrira-las-142-sesiones-ordinarias-del-congreso-el-viernes-a-la-noche\/\" \/>\n<meta property=\"og:site_name\" content=\"Noticias Radio Reflejos\" \/>\n<meta property=\"article:published_time\" content=\"2024-02-27T10:57:11+00:00\" \/>\n<meta property=\"og:image\" content=\"https:\/\/www.telam.com.ar\/thumbs\/bluesteel\/advf\/imagenes\/2023\/12\/6575f1447b639_1200.jpg\" \/>\n<meta name=\"author\" content=\"Arnaldo Botto\" \/>\n<meta name=\"twitter:card\" content=\"summary_large_image\" \/>\n<script type=\"application\/ld+json\" class=\"yoast-schema-graph\">{\"@context\":\"https:\/\/schema.org\",\"@graph\":[{\"@type\":\"WebPage\",\"@id\":\"https:\/\/www.noticiasradioreflejos.com.ar\/2021\/milei-abrira-las-142-sesiones-ordinarias-del-congreso-el-viernes-a-la-noche\/\",\"url\":\"https:\/\/www.noticiasradioreflejos.com.ar\/2021\/milei-abrira-las-142-sesiones-ordinarias-del-congreso-el-viernes-a-la-noche\/\",\"name\":\"Milei abrir\u00e1 las 142\u00b0 sesiones ordinarias del Congreso el viernes a la noche - Noticias Radio Reflejos\",\"isPartOf\":{\"@id\":\"https:\/\/www.noticiasradioreflejos.com.ar\/2021\/#website\"},\"primaryImageOfPage\":{\"@id\":\"https:\/\/www.noticiasradioreflejos.com.ar\/2021\/milei-abrira-las-142-sesiones-ordinarias-del-congreso-el-viernes-a-la-noche\/#primaryimage\"},\"image\":{\"@id\":\"https:\/\/www.noticiasradioreflejos.com.ar\/2021\/milei-abrira-las-142-sesiones-ordinarias-del-congreso-el-viernes-a-la-noche\/#primaryimage\"},\"thumbnailUrl\":\"https:\/\/www.telam.com.ar\/thumbs\/bluesteel\/advf\/imagenes\/2023\/12\/6575f1447b639_1200.jpg\",\"datePublished\":\"2024-02-27T10:57:11+00:00\",\"author\":{\"@id\":\"https:\/\/www.noticiasradioreflejos.com.ar\/2021\/#\/schema\/person\/ad82545263dcc5ec0996818884fd5fb1\"},\"breadcrumb\":{\"@id\":\"https:\/\/www.noticiasradioreflejos.com.ar\/2021\/milei-abrira-las-142-sesiones-ordinarias-del-congreso-el-viernes-a-la-noche\/#breadcrumb\"},\"inLanguage\":\"es\",\"potentialAction\":[{\"@type\":\"ReadAction\",\"target\":[\"https:\/\/www.noticiasradioreflejos.com.ar\/2021\/milei-abrira-las-142-sesiones-ordinarias-del-congreso-el-viernes-a-la-noche\/\"]}]},{\"@type\":\"ImageObject\",\"inLanguage\":\"es\",\"@id\":\"https:\/\/www.noticiasradioreflejos.com.ar\/2021\/milei-abrira-las-142-sesiones-ordinarias-del-congreso-el-viernes-a-la-noche\/#primaryimage\",\"url\":\"https:\/\/www.telam.com.ar\/thumbs\/bluesteel\/advf\/imagenes\/2023\/12\/6575f1447b639_1200.jpg\",\"contentUrl\":\"https:\/\/www.telam.com.ar\/thumbs\/bluesteel\/advf\/imagenes\/2023\/12\/6575f1447b639_1200.jpg\"},{\"@type\":\"BreadcrumbList\",\"@id\":\"https:\/\/www.noticiasradioreflejos.com.ar\/2021\/milei-abrira-las-142-sesiones-ordinarias-del-congreso-el-viernes-a-la-noche\/#breadcrumb\",\"itemListElement\":[{\"@type\":\"ListItem\",\"position\":1,\"name\":\"Portada\",\"item\":\"https:\/\/www.noticiasradioreflejos.com.ar\/2021\/\"},{\"@type\":\"ListItem\",\"position\":2,\"name\":\"Milei abrir\u00e1 las 142\u00b0 sesiones ordinarias del Congreso el viernes a la noche\"}]},{\"@type\":\"WebSite\",\"@id\":\"https:\/\/www.noticiasradioreflejos.com.ar\/2021\/#website\",\"url\":\"https:\/\/www.noticiasradioreflejos.com.ar\/2021\/\",\"name\":\"Noticias Radio Reflejos\",\"description\":\"Las noticias de mi comarca\",\"potentialAction\":[{\"@type\":\"SearchAction\",\"target\":{\"@type\":\"EntryPoint\",\"urlTemplate\":\"https:\/\/www.noticiasradioreflejos.com.ar\/2021\/?s={search_term_string}\"},\"query-input\":{\"@type\":\"PropertyValueSpecification\",\"valueRequired\":true,\"valueName\":\"search_term_string\"}}],\"inLanguage\":\"es\"},{\"@type\":\"Person\",\"@id\":\"https:\/\/www.noticiasradioreflejos.com.ar\/2021\/#\/schema\/person\/ad82545263dcc5ec0996818884fd5fb1\",\"name\":\"Arnaldo Botto\",\"image\":{\"@type\":\"ImageObject\",\"inLanguage\":\"es\",\"@id\":\"https:\/\/www.noticiasradioreflejos.com.ar\/2021\/#\/schema\/person\/image\/\",\"url\":\"https:\/\/secure.gravatar.com\/avatar\/55cb5e37c1efa326397366e6974cb338056df65cb50e7d64d1cf314e87504837?s=96&d=mm&r=g\",\"contentUrl\":\"https:\/\/secure.gravatar.com\/avatar\/55cb5e37c1efa326397366e6974cb338056df65cb50e7d64d1cf314e87504837?s=96&d=mm&r=g\",\"caption\":\"Arnaldo Botto\"},\"url\":\"https:\/\/www.noticiasradioreflejos.com.ar\/2021\/author\/arnaldo\/\"}]}<\/script>\n<!-- \/ Yoast SEO plugin. -->","yoast_head_json":{"title":"Milei abrir\u00e1 las 142\u00b0 sesiones ordinarias del Congreso el viernes a la noche - Noticias Radio Reflejos","robots":{"index":"index","follow":"follow","max-snippet":"max-snippet:-1","max-image-preview":"max-image-preview:large","max-video-preview":"max-video-preview:-1"},"canonical":"https:\/\/www.noticiasradioreflejos.com.ar\/2021\/milei-abrira-las-142-sesiones-ordinarias-del-congreso-el-viernes-a-la-noche\/","og_locale":"es_ES","og_type":"article","og_title":"Milei abrir\u00e1 las 142\u00b0 sesiones ordinarias del Congreso el viernes a la noche - Noticias Radio Reflejos","og_description":"El Presidente hablar\u00e1 ante los representantes de las C\u00e1maras de Diputados y de Senadores de la Naci\u00f3n. En su discurso, en el que delinear\u00e1 los objetivos de su Gobierno, no estar\u00e1 exento el rol del Poder Legislativo en relaci\u00f3n al fallido tratamiento de la \u00abLey de Bases y Puntos de partida para la Libertad de [&hellip;]","og_url":"https:\/\/www.noticiasradioreflejos.com.ar\/2021\/milei-abrira-las-142-sesiones-ordinarias-del-congreso-el-viernes-a-la-noche\/","og_site_name":"Noticias Radio Reflejos","article_published_time":"2024-02-27T10:57:11+00:00","og_image":[{"url":"https:\/\/www.telam.com.ar\/thumbs\/bluesteel\/advf\/imagenes\/2023\/12\/6575f1447b639_1200.jpg","type":"","width":"","height":""}],"author":"Arnaldo Botto","twitter_card":"summary_large_image","schema":{"@context":"https:\/\/schema.org","@graph":[{"@type":"WebPage","@id":"https:\/\/www.noticiasradioreflejos.com.ar\/2021\/milei-abrira-las-142-sesiones-ordinarias-del-congreso-el-viernes-a-la-noche\/","url":"https:\/\/www.noticiasradioreflejos.com.ar\/2021\/milei-abrira-las-142-sesiones-ordinarias-del-congreso-el-viernes-a-la-noche\/","name":"Milei abrir\u00e1 las 142\u00b0 sesiones ordinarias del Congreso el viernes a la noche - Noticias Radio Reflejos","isPartOf":{"@id":"https:\/\/www.noticiasradioreflejos.com.ar\/2021\/#website"},"primaryImageOfPage":{"@id":"https:\/\/www.noticiasradioreflejos.com.ar\/2021\/milei-abrira-las-142-sesiones-ordinarias-del-congreso-el-viernes-a-la-noche\/#primaryimage"},"image":{"@id":"https:\/\/www.noticiasradioreflejos.com.ar\/2021\/milei-abrira-las-142-sesiones-ordinarias-del-congreso-el-viernes-a-la-noche\/#primaryimage"},"thumbnailUrl":"https:\/\/www.telam.com.ar\/thumbs\/bluesteel\/advf\/imagenes\/2023\/12\/6575f1447b639_1200.jpg","datePublished":"2024-02-27T10:57:11+00:00","author":{"@id":"https:\/\/www.noticiasradioreflejos.com.ar\/2021\/#\/schema\/person\/ad82545263dcc5ec0996818884fd5fb1"},"breadcrumb":{"@id":"https:\/\/www.noticiasradioreflejos.com.ar\/2021\/milei-abrira-las-142-sesiones-ordinarias-del-congreso-el-viernes-a-la-noche\/#breadcrumb"},"inLanguage":"es","potentialAction":[{"@type":"ReadAction","target":["https:\/\/www.noticiasradioreflejos.com.ar\/2021\/milei-abrira-las-142-sesiones-ordinarias-del-congreso-el-viernes-a-la-noche\/"]}]},{"@type":"ImageObject","inLanguage":"es","@id":"https:\/\/www.noticiasradioreflejos.com.ar\/2021\/milei-abrira-las-142-sesiones-ordinarias-del-congreso-el-viernes-a-la-noche\/#primaryimage","url":"https:\/\/www.telam.com.ar\/thumbs\/bluesteel\/advf\/imagenes\/2023\/12\/6575f1447b639_1200.jpg","contentUrl":"https:\/\/www.telam.com.ar\/thumbs\/bluesteel\/advf\/imagenes\/2023\/12\/6575f1447b639_1200.jpg"},{"@type":"BreadcrumbList","@id":"https:\/\/www.noticiasradioreflejos.com.ar\/2021\/milei-abrira-las-142-sesiones-ordinarias-del-congreso-el-viernes-a-la-noche\/#breadcrumb","itemListElement":[{"@type":"ListItem","position":1,"name":"Portada","item":"https:\/\/www.noticiasradioreflejos.com.ar\/2021\/"},{"@type":"ListItem","position":2,"name":"Milei abrir\u00e1 las 142\u00b0 sesiones ordinarias del Congreso el viernes a la noche"}]},{"@type":"WebSite","@id":"https:\/\/www.noticiasradioreflejos.com.ar\/2021\/#website","url":"https:\/\/www.noticiasradioreflejos.com.ar\/2021\/","name":"Noticias Radio Reflejos","description":"Las noticias de mi comarca","potentialAction":[{"@type":"SearchAction","target":{"@type":"EntryPoint","urlTemplate":"https:\/\/www.noticiasradioreflejos.com.ar\/2021\/?s={search_term_string}"},"query-input":{"@type":"PropertyValueSpecification","valueRequired":true,"valueName":"search_term_string"}}],"inLanguage":"es"},{"@type":"Person","@id":"https:\/\/www.noticiasradioreflejos.com.ar\/2021\/#\/schema\/person\/ad82545263dcc5ec0996818884fd5fb1","name":"Arnaldo Botto","image":{"@type":"ImageObject","inLanguage":"es","@id":"https:\/\/www.noticiasradioreflejos.com.ar\/2021\/#\/schema\/person\/image\/","url":"https:\/\/secure.gravatar.com\/avatar\/55cb5e37c1efa326397366e6974cb338056df65cb50e7d64d1cf314e87504837?s=96&d=mm&r=g","contentUrl":"https:\/\/secure.gravatar.com\/avatar\/55cb5e37c1efa326397366e6974cb338056df65cb50e7d64d1cf314e87504837?s=96&d=mm&r=g","caption":"Arnaldo Botto"},"url":"https:\/\/www.noticiasradioreflejos.com.ar\/2021\/author\/arnaldo\/"}]}},"_links":{"self":[{"href":"https:\/\/www.noticiasradioreflejos.com.ar\/2021\/wp-json\/wp\/v2\/posts\/99252","targetHints":{"allow":["GET"]}}],"collection":[{"href":"https:\/\/www.noticiasradioreflejos.com.ar\/2021\/wp-json\/wp\/v2\/posts"}],"about":[{"href":"https:\/\/www.noticiasradioreflejos.com.ar\/2021\/wp-json\/wp\/v2\/types\/post"}],"author":[{"embeddable":true,"href":"https:\/\/www.noticiasradioreflejos.com.ar\/2021\/wp-json\/wp\/v2\/users\/3"}],"replies":[{"embeddable":true,"href":"https:\/\/www.noticiasradioreflejos.com.ar\/2021\/wp-json\/wp\/v2\/comments?post=99252"}],"version-history":[{"count":1,"href":"https:\/\/www.noticiasradioreflejos.com.ar\/2021\/wp-json\/wp\/v2\/posts\/99252\/revisions"}],"predecessor-version":[{"id":99254,"href":"https:\/\/www.noticiasradioreflejos.com.ar\/2021\/wp-json\/wp\/v2\/posts\/99252\/revisions\/99254"}],"wp:attachment":[{"href":"https:\/\/www.noticiasradioreflejos.com.ar\/2021\/wp-json\/wp\/v2\/media?parent=99252"}],"wp:term":[{"taxonomy":"category","embeddable":true,"href":"https:\/\/www.noticiasradioreflejos.com.ar\/2021\/wp-json\/wp\/v2\/categories?post=99252"},{"taxonomy":"post_tag","embeddable":true,"href":"https:\/\/www.noticiasradioreflejos.com.ar\/2021\/wp-json\/wp\/v2\/tags?post=99252"}],"curies":[{"name":"wp","href":"https:\/\/api.w.org\/{rel}","templated":true}]}}