{"id":99181,"date":"2024-02-24T20:57:59","date_gmt":"2024-02-24T23:57:59","guid":{"rendered":"https:\/\/www.noticiasradioreflejos.com.ar\/2021\/?p=99181"},"modified":"2024-02-24T20:57:59","modified_gmt":"2024-02-24T23:57:59","slug":"milei-no-nos-vamos-a-rendir-en-hacer-argentina-grande-de-nuevo","status":"publish","type":"post","link":"https:\/\/www.noticiasradioreflejos.com.ar\/2021\/milei-no-nos-vamos-a-rendir-en-hacer-argentina-grande-de-nuevo\/","title":{"rendered":"Milei: \u00abNo nos vamos a rendir en hacer Argentina grande de nuevo\u00bb"},"content":{"rendered":"<div class=\"wrapper-header\">\n<div class=\"container-xl\">\n<div class=\"row\">\n<div class=\"col-12\">\n<div class=\"head-content mb-4\">\n<div class=\"my-3\">\n<div class=\"social mt-3\">As\u00ed lo se\u00f1al\u00f3 el Presidente en su discurso en la CPAC, en el National Harbor, donde carg\u00f3 contra los \u00abpol\u00edticos corruptos que priorizan sus privilegios\u00bb, los empresarios \u00abprebendarios\u00bb, y los sindicalistas ocupados en \u00bb sus negocios\u201d. Un rato antes, hab\u00eda charlado con el expresidente, Donald Trump.<\/div>\n<\/div>\n<\/div>\n<\/div>\n<\/div>\n<\/div>\n<\/div>\n<p><!--more--><\/p>\n<div class=\"wrapper-editable-content\">\n<div class=\"wrapper-editable-content\">\n<div class=\"container-md\">\n<div class=\"row\">\n<div class=\"col-md-12 speak\">\n<div class=\"paragraph\">\n<figure class=\"mb-3\"><img decoding=\"async\" class=\" lazy \" src=\"https:\/\/www.telam.com.ar\/thumbs\/bluesteel\/advf\/imagenes\/2024\/02\/65da61b242a57_1200.jpg\" alt=\"Foto AFP\" width=\"100%\" height=\"100%\" \/><\/p>\n<div class=\"media-icons\">Foto: AFP.<\/div>\n<\/figure>\n<p>El presidente Javier Milei asegur\u00f3 que no se va \u00aba rendir en hacer Argentina grande de nuevo\u00bb, pidi\u00f3 a los estadounidenses que \u00abno entreguen su libertad\u00bb y reconoci\u00f3 las \u00abgrandes resistencias\u00bb que tuvo que enfrentar por parte de los sectores que \u00abdefienden sus privilegios\u00bb cuando quiso implementar \u00abreformas estructurales\u00bb en Argentina, al disertar en Washington en el marco de la Conferencia de la Acci\u00f3n Pol\u00edtica Conservadora (CPAC).<\/p>\n<p><strong>\u00abNo nos vamos a rendir en hacer Argentina grande de nuevo\u00bb, asegur\u00f3 Milei\u00a0<\/strong>en el encuentro anual que re\u00fane a referentes de la derecha de Estados Unidos.<\/p>\n<h2 class=\"\">El ida y vuelta entre Milei y Trump<\/h2>\n<p>Las declaraciones de Milei son un gui\u00f1o en respuesta a las palabras que le dedic\u00f3 previamente\u00a0<u><strong><a href=\"https:\/\/www.telam.com.ar\/notas\/202402\/656240-trump-conferencia-conservadores.html\" target=\"_blank\" rel=\"noopener\">el expresidente estadounidense, Donald Trump<\/a><\/strong><\/u>, en su exposici\u00f3n cuando\u00a0<strong>lo destac\u00f3 como \u00abuno de los pocos\u00bb que puede \u00abhacer grande a Argentina de nuevo\u00bb (Make Argentina Great Again)<\/strong>.<\/p>\n<p>\u00abEl presidente de Argentina, quien ha recibido mucha publicidad, es un gran caballero, es MAGA, Make Argentina Great Again, es verdad. \u00c9l lo dijo &#8216;soy MAGA&#8217;, y me di cuenta que es uno de los pocos que lo puede hacer bien\u00bb, hab\u00eda afirmado Trump en su discurso.<\/p>\n<div class=\"twitter-tweet twitter-tweet-rendered\"><iframe id=\"twitter-widget-0\" class=\"\" title=\"X Post\" src=\"https:\/\/platform.twitter.com\/embed\/Tweet.html?creatorScreenName=agenciatelam&amp;dnt=false&amp;embedId=twitter-widget-0&amp;features=eyJ0ZndfdGltZWxpbmVfbGlzdCI6eyJidWNrZXQiOltdLCJ2ZXJzaW9uIjpudWxsfSwidGZ3X2ZvbGxvd2VyX2NvdW50X3N1bnNldCI6eyJidWNrZXQiOnRydWUsInZlcnNpb24iOm51bGx9LCJ0ZndfdHdlZXRfZWRpdF9iYWNrZW5kIjp7ImJ1Y2tldCI6Im9uIiwidmVyc2lvbiI6bnVsbH0sInRmd19yZWZzcmNfc2Vzc2lvbiI6eyJidWNrZXQiOiJvbiIsInZlcnNpb24iOm51bGx9LCJ0ZndfZm9zbnJfc29mdF9pbnRlcnZlbnRpb25zX2VuYWJsZWQiOnsiYnVja2V0Ijoib24iLCJ2ZXJzaW9uIjpudWxsfSwidGZ3X21peGVkX21lZGlhXzE1ODk3Ijp7ImJ1Y2tldCI6InRyZWF0bWVudCIsInZlcnNpb24iOm51bGx9LCJ0ZndfZXhwZXJpbWVudHNfY29va2llX2V4cGlyYXRpb24iOnsiYnVja2V0IjoxMjA5NjAwLCJ2ZXJzaW9uIjpudWxsfSwidGZ3X3Nob3dfYmlyZHdhdGNoX3Bpdm90c19lbmFibGVkIjp7ImJ1Y2tldCI6Im9uIiwidmVyc2lvbiI6bnVsbH0sInRmd19kdXBsaWNhdGVfc2NyaWJlc190b19zZXR0aW5ncyI6eyJidWNrZXQiOiJvbiIsInZlcnNpb24iOm51bGx9LCJ0ZndfdXNlX3Byb2ZpbGVfaW1hZ2Vfc2hhcGVfZW5hYmxlZCI6eyJidWNrZXQiOiJvbiIsInZlcnNpb24iOm51bGx9LCJ0ZndfdmlkZW9faGxzX2R5bmFtaWNfbWFuaWZlc3RzXzE1MDgyIjp7ImJ1Y2tldCI6InRydWVfYml0cmF0ZSIsInZlcnNpb24iOm51bGx9LCJ0ZndfbGVnYWN5X3RpbWVsaW5lX3N1bnNldCI6eyJidWNrZXQiOnRydWUsInZlcnNpb24iOm51bGx9LCJ0ZndfdHdlZXRfZWRpdF9mcm9udGVuZCI6eyJidWNrZXQiOiJvbiIsInZlcnNpb24iOm51bGx9fQ%3D%3D&amp;frame=false&amp;hideCard=false&amp;hideThread=false&amp;id=1761496599040069725&amp;lang=es&amp;maxWidth=560px&amp;origin=https%3A%2F%2Fwww.telam.com.ar%2Fnotas%2F202402%2F656157-javier-milei-estados-unidos-washington.html&amp;sessionId=8d5d064db933c2285dbdcdbf69d63c32873cc825&amp;siteScreenName=agenciatelam&amp;theme=light&amp;widgetsVersion=2615f7e52b7e0%3A1702314776716&amp;width=550px\" frameborder=\"0\" scrolling=\"no\" allowfullscreen=\"allowfullscreen\" data-tweet-id=\"1761496599040069725\" data-mce-fragment=\"1\"><\/iframe><\/div>\n<p>Antes de disertar, el presidente sudamericano mantuvo un encuentro con Donald Trump que qued\u00f3 reflejado en un video difundido por Presidencia de la Naci\u00f3n y tambi\u00e9n fue replicado por el vocero presidencial de Argentina, Manuel Adorni, en redes sociales.<\/p>\n<p>En el video se ve a Milei saludar a Trump con un abrazo y el expresidente le vuelve a decir: \u00abMake Argentina great again\u00bb (haz grande a la Argentina otra vez).<\/p>\n<p>El argentino pidi\u00f3 en su exposici\u00f3n a los Estados Unidos que\u00a0<strong>\u00abno dejen avanzar el socialismo, no avalen la regulaci\u00f3n, la idea de fallos de mercado, no permitan el avance de la agenda asesina (del aborto) y no se dejen llevar por los cantos de sirena de la justicia social\u00bb<\/strong>.<\/p>\n<figure class=\"mb-3\"><img decoding=\"async\" class=\" lazy \" src=\"https:\/\/www.telam.com.ar\/thumbs\/bluesteel\/advf\/imagenes\/2024\/02\/65da5a17d9bba_1200.jpg\" alt=\"Imagen Captura de Video\" width=\"100%\" height=\"100%\" \/><\/p>\n<div class=\"media-icons\"><\/div><figcaption>Imagen: Captura de Video.<\/figcaption><\/figure>\n<p>El tambi\u00e9n economista agreg\u00f3 que viene \u00abde un pa\u00eds que compr\u00f3 todas esas ideas\u00bb y le pidi\u00f3 a los estadounidenses que \u00abno entreguen su libertad\u00bb porque sino \u00ablos van a llevar a la miseria\u00bb.<\/p>\n<p>\u00abQuiero dejarles un mensaje de optimismo: Argentina parec\u00eda un pa\u00eds de ovejas condenado a la pobreza que nos llevan los socialistas, pero cuando inici\u00e9 mi carrera pol\u00edtica dije que no ven\u00eda a guiar corderos, sino a despertar leones. Cada d\u00eda despertamos m\u00e1s leones\u00bb, afirm\u00f3 Milei ante el auditorio.<\/p>\n<h2 class=\"\">\u00abNos encontramos con grandes resistencias por parte de los que se benefician de este sistema\u00bb<\/h2>\n<p>El Presidente record\u00f3 que las \u00abdos primeras grandes medidas\u00bb que tom\u00f3 en su gesti\u00f3n fueron \u00abreformas estructurales\u00bb a trav\u00e9s del Decreto de Necesidad y Urgencia (DNU) 70\/2023 y el proyecto de Ley \u00abBases\u00bb con el objetivo de \u00abdar m\u00e1s libertad a los argentinos\u00bb.<\/p>\n<p>\u00abNos encontramos con grandes resistencias por parte de los que se benefician de este sistema\u00bb, asegur\u00f3 y critic\u00f3 a\u00a0<strong>los \u00abpol\u00edticos corruptos que priorizan sus privilegios\u00bb, a los empresarios \u00abprebendarios\u00bb, a los medios de comunicaci\u00f3n que est\u00e1n \u00abmuy enojados\u00bb por la suspensi\u00f3n de la pauta oficial y a los sindicalistas que \u00abse ocupan de sus negocios, antes que de la gente\u00bb<\/strong>.<\/p>\n<p>\u00abArgentina entr\u00f3 al Siglo XX siendo uno de los pa\u00edses m\u00e1s ricos del mundo y hoy est\u00e1 140 en el ranking mundial con m\u00e1s de 50 por ciento de pobres y m\u00e1s de 10 por ciento de indigentes. Cuando uno mira la cantidad de regulaciones uno entiende por qu\u00e9. Dentro de nuestros equipos de gobierno hemos descubierto por el momento 380 mil regulaciones que traban el funcionamiento econ\u00f3mico\u00bb, apunt\u00f3.<\/p>\n<figure class=\"mb-3\"><img decoding=\"async\" class=\" lazy \" src=\"https:\/\/www.telam.com.ar\/thumbs\/bluesteel\/advf\/imagenes\/2024\/02\/65da61b220bd4_1200.jpg\" alt=\"Foto AFP\" width=\"100%\" height=\"100%\" \/><\/p>\n<div class=\"media-icons\"><\/div><figcaption>Foto: AFP.<\/figcaption><\/figure>\n<p><strong>El Presidente asegur\u00f3 que \u00abpromover el libre comercio es promover la paz\u00bb<\/strong>, insisti\u00f3 en que el empresario es \u00abun benefactor social y la base de la prosperidad\u00bb y sostuvo que los monopolios \u00abtrajeron reducci\u00f3n de la pobreza y bienestar\u00bb.<\/p>\n<p>Adem\u00e1s, volvi\u00f3 a disparar contra \u00abla aberraci\u00f3n de la justicia social\u00bb, la \u00abagenda asesina del aborto\u00bb, el posmarxismo y el ecologismo que \u00abplantea la lucha del hombre contra la naturaleza\u00bb.<\/p>\n<p>Al iniciar su disertaci\u00f3n,\u00a0<strong>Milei salud\u00f3 a los presentes present\u00e1ndose como \u00abel le\u00f3n\u00bb e ironiz\u00f3 dici\u00e9ndoles que se \u00abagrand\u00f3 un poco el barrio\u00bb en alusi\u00f3n a quienes lo catalogaban como \u00abfen\u00f3meno barrial\u00bb<\/strong>.<\/p>\n<p>\u00abLindo d\u00eda para hacer temblar a la izquierda\u00bb, exclam\u00f3 y comenz\u00f3 a explicar algunos postulados econ\u00f3micos que rigen su pensamiento.<\/p>\n<p>Sostuvo que la econom\u00eda neocl\u00e1sica y su concepci\u00f3n de fallos del mercado es funcional al \u00abavance del estatismo y eso destruye el crecimiento econ\u00f3mico\u00bb y que est\u00e1n equivocados.<\/p>\n<p>\u00abSupongamos que estamos en el momento que alumbr\u00e1bamos con velas y todav\u00eda no hab\u00eda llegado (el inventor Thomas) Edison. En el momento que aparece la lamparita los fabricantes de velas ir\u00edan a la quiebra. Si hubi\u00e9ramos hecho caso a los intervencionistas en vez de tener esta conferencia en esta hermosa sala llena de luces, lo har\u00edamos con velas. As\u00ed es como los socialistas arruinan nuestras vidas\u00bb, afirm\u00f3.<\/p>\n<p>Para cerrar su discurso, exclam\u00f3 tres veces su caracter\u00edstico lema \u00abViva la libertad carajo\u00bb.<\/p>\n<h2 class=\"\">Qu\u00e9 es la Conferencia de la Acci\u00f3n Pol\u00edtica Conservadora<\/h2>\n<p>En el encuentro de la CPAC, que comenz\u00f3 el mi\u00e9rcoles, participaron oradores como el exasesor de la Casa Blanca durante la administraci\u00f3n Trump, Steve Bannon, el presidente del partido de ultraderecha espa\u00f1ol Vox, Santiago Abascal, y el l\u00edder del Partido de la Independencia del Reino Unido, Nigel Farage, quien fue principal impulsor de la salida de ese pa\u00eds de la Uni\u00f3n Europea, ocurrida el 31 de enero de 2020, conocida como \u00abBrexit\u00bb.<\/p>\n<p>Tambi\u00e9n asistieron la exprimera ministra brit\u00e1nica Liz Truss, el exsecretario de Desarrollo Urbano estadounidense Ben Carson, el vicegobernador de Carolina del Norte, el republicano Mark Robinson, el antiguo jefe de personal del Pent\u00e1gono, Kash Patel, y presentadores y periodistas como Sara Carter y Megyn Kelly y el exembajador estadounidense en Israel David Friedman.<\/p>\n<p>Mieli viaj\u00f3 el viernes a Washington para participar de la CPAC, en cuya apertura expuso la ministra de Seguridad, Patricia Bullrich.<\/p><\/div>\n<\/div>\n<\/div>\n<\/div>\n<\/div>\n<\/div>\n","protected":false},"excerpt":{"rendered":"<p>As\u00ed lo se\u00f1al\u00f3 el Presidente en su discurso en la CPAC, en el National Harbor, donde carg\u00f3 contra los \u00abpol\u00edticos corruptos que priorizan sus privilegios\u00bb, los empresarios \u00abprebendarios\u00bb, y los sindicalistas ocupados en \u00bb sus negocios\u201d. Un rato antes, hab\u00eda charlado con el expresidente, Donald Trump.<\/p>\n","protected":false},"author":3,"featured_media":0,"comment_status":"closed","ping_status":"closed","sticky":false,"template":"","format":"standard","meta":{"footnotes":""},"categories":[24],"tags":[],"class_list":["post-99181","post","type-post","status-publish","format-standard","hentry","category-politica"],"yoast_head":"<!-- This site is optimized with the Yoast SEO plugin v25.9 - https:\/\/yoast.com\/wordpress\/plugins\/seo\/ -->\n<title>Milei: &quot;No nos vamos a rendir en hacer Argentina grande de nuevo&quot; - Noticias Radio Reflejos<\/title>\n<meta name=\"robots\" content=\"index, follow, max-snippet:-1, max-image-preview:large, max-video-preview:-1\" \/>\n<link rel=\"canonical\" href=\"https:\/\/www.noticiasradioreflejos.com.ar\/2021\/milei-no-nos-vamos-a-rendir-en-hacer-argentina-grande-de-nuevo\/\" \/>\n<meta property=\"og:locale\" content=\"es_ES\" \/>\n<meta property=\"og:type\" content=\"article\" \/>\n<meta property=\"og:title\" content=\"Milei: &quot;No nos vamos a rendir en hacer Argentina grande de nuevo&quot; - Noticias Radio Reflejos\" \/>\n<meta property=\"og:description\" content=\"As\u00ed lo se\u00f1al\u00f3 el Presidente en su discurso en la CPAC, en el National Harbor, donde carg\u00f3 contra los \u00abpol\u00edticos corruptos que priorizan sus privilegios\u00bb, los empresarios \u00abprebendarios\u00bb, y los sindicalistas ocupados en \u00bb sus negocios\u201d. Un rato antes, hab\u00eda charlado con el expresidente, Donald Trump.\" \/>\n<meta property=\"og:url\" content=\"https:\/\/www.noticiasradioreflejos.com.ar\/2021\/milei-no-nos-vamos-a-rendir-en-hacer-argentina-grande-de-nuevo\/\" \/>\n<meta property=\"og:site_name\" content=\"Noticias Radio Reflejos\" \/>\n<meta property=\"article:published_time\" content=\"2024-02-24T23:57:59+00:00\" \/>\n<meta property=\"og:image\" content=\"https:\/\/www.telam.com.ar\/thumbs\/bluesteel\/advf\/imagenes\/2024\/02\/65da61b242a57_1200.jpg\" \/>\n<meta name=\"author\" content=\"Arnaldo Botto\" \/>\n<meta name=\"twitter:card\" content=\"summary_large_image\" \/>\n<script type=\"application\/ld+json\" class=\"yoast-schema-graph\">{\"@context\":\"https:\/\/schema.org\",\"@graph\":[{\"@type\":\"WebPage\",\"@id\":\"https:\/\/www.noticiasradioreflejos.com.ar\/2021\/milei-no-nos-vamos-a-rendir-en-hacer-argentina-grande-de-nuevo\/\",\"url\":\"https:\/\/www.noticiasradioreflejos.com.ar\/2021\/milei-no-nos-vamos-a-rendir-en-hacer-argentina-grande-de-nuevo\/\",\"name\":\"Milei: \\\"No nos vamos a rendir en hacer Argentina grande de nuevo\\\" - Noticias Radio Reflejos\",\"isPartOf\":{\"@id\":\"https:\/\/www.noticiasradioreflejos.com.ar\/2021\/#website\"},\"primaryImageOfPage\":{\"@id\":\"https:\/\/www.noticiasradioreflejos.com.ar\/2021\/milei-no-nos-vamos-a-rendir-en-hacer-argentina-grande-de-nuevo\/#primaryimage\"},\"image\":{\"@id\":\"https:\/\/www.noticiasradioreflejos.com.ar\/2021\/milei-no-nos-vamos-a-rendir-en-hacer-argentina-grande-de-nuevo\/#primaryimage\"},\"thumbnailUrl\":\"https:\/\/www.telam.com.ar\/thumbs\/bluesteel\/advf\/imagenes\/2024\/02\/65da61b242a57_1200.jpg\",\"datePublished\":\"2024-02-24T23:57:59+00:00\",\"author\":{\"@id\":\"https:\/\/www.noticiasradioreflejos.com.ar\/2021\/#\/schema\/person\/ad82545263dcc5ec0996818884fd5fb1\"},\"breadcrumb\":{\"@id\":\"https:\/\/www.noticiasradioreflejos.com.ar\/2021\/milei-no-nos-vamos-a-rendir-en-hacer-argentina-grande-de-nuevo\/#breadcrumb\"},\"inLanguage\":\"es\",\"potentialAction\":[{\"@type\":\"ReadAction\",\"target\":[\"https:\/\/www.noticiasradioreflejos.com.ar\/2021\/milei-no-nos-vamos-a-rendir-en-hacer-argentina-grande-de-nuevo\/\"]}]},{\"@type\":\"ImageObject\",\"inLanguage\":\"es\",\"@id\":\"https:\/\/www.noticiasradioreflejos.com.ar\/2021\/milei-no-nos-vamos-a-rendir-en-hacer-argentina-grande-de-nuevo\/#primaryimage\",\"url\":\"https:\/\/www.telam.com.ar\/thumbs\/bluesteel\/advf\/imagenes\/2024\/02\/65da61b242a57_1200.jpg\",\"contentUrl\":\"https:\/\/www.telam.com.ar\/thumbs\/bluesteel\/advf\/imagenes\/2024\/02\/65da61b242a57_1200.jpg\"},{\"@type\":\"BreadcrumbList\",\"@id\":\"https:\/\/www.noticiasradioreflejos.com.ar\/2021\/milei-no-nos-vamos-a-rendir-en-hacer-argentina-grande-de-nuevo\/#breadcrumb\",\"itemListElement\":[{\"@type\":\"ListItem\",\"position\":1,\"name\":\"Portada\",\"item\":\"https:\/\/www.noticiasradioreflejos.com.ar\/2021\/\"},{\"@type\":\"ListItem\",\"position\":2,\"name\":\"Milei: \u00abNo nos vamos a rendir en hacer Argentina grande de nuevo\u00bb\"}]},{\"@type\":\"WebSite\",\"@id\":\"https:\/\/www.noticiasradioreflejos.com.ar\/2021\/#website\",\"url\":\"https:\/\/www.noticiasradioreflejos.com.ar\/2021\/\",\"name\":\"Noticias Radio Reflejos\",\"description\":\"Las noticias de mi comarca\",\"potentialAction\":[{\"@type\":\"SearchAction\",\"target\":{\"@type\":\"EntryPoint\",\"urlTemplate\":\"https:\/\/www.noticiasradioreflejos.com.ar\/2021\/?s={search_term_string}\"},\"query-input\":{\"@type\":\"PropertyValueSpecification\",\"valueRequired\":true,\"valueName\":\"search_term_string\"}}],\"inLanguage\":\"es\"},{\"@type\":\"Person\",\"@id\":\"https:\/\/www.noticiasradioreflejos.com.ar\/2021\/#\/schema\/person\/ad82545263dcc5ec0996818884fd5fb1\",\"name\":\"Arnaldo Botto\",\"image\":{\"@type\":\"ImageObject\",\"inLanguage\":\"es\",\"@id\":\"https:\/\/www.noticiasradioreflejos.com.ar\/2021\/#\/schema\/person\/image\/\",\"url\":\"https:\/\/secure.gravatar.com\/avatar\/55cb5e37c1efa326397366e6974cb338056df65cb50e7d64d1cf314e87504837?s=96&d=mm&r=g\",\"contentUrl\":\"https:\/\/secure.gravatar.com\/avatar\/55cb5e37c1efa326397366e6974cb338056df65cb50e7d64d1cf314e87504837?s=96&d=mm&r=g\",\"caption\":\"Arnaldo Botto\"},\"url\":\"https:\/\/www.noticiasradioreflejos.com.ar\/2021\/author\/arnaldo\/\"}]}<\/script>\n<!-- \/ Yoast SEO plugin. -->","yoast_head_json":{"title":"Milei: \"No nos vamos a rendir en hacer Argentina grande de nuevo\" - Noticias Radio Reflejos","robots":{"index":"index","follow":"follow","max-snippet":"max-snippet:-1","max-image-preview":"max-image-preview:large","max-video-preview":"max-video-preview:-1"},"canonical":"https:\/\/www.noticiasradioreflejos.com.ar\/2021\/milei-no-nos-vamos-a-rendir-en-hacer-argentina-grande-de-nuevo\/","og_locale":"es_ES","og_type":"article","og_title":"Milei: \"No nos vamos a rendir en hacer Argentina grande de nuevo\" - Noticias Radio Reflejos","og_description":"As\u00ed lo se\u00f1al\u00f3 el Presidente en su discurso en la CPAC, en el National Harbor, donde carg\u00f3 contra los \u00abpol\u00edticos corruptos que priorizan sus privilegios\u00bb, los empresarios \u00abprebendarios\u00bb, y los sindicalistas ocupados en \u00bb sus negocios\u201d. Un rato antes, hab\u00eda charlado con el expresidente, Donald Trump.","og_url":"https:\/\/www.noticiasradioreflejos.com.ar\/2021\/milei-no-nos-vamos-a-rendir-en-hacer-argentina-grande-de-nuevo\/","og_site_name":"Noticias Radio Reflejos","article_published_time":"2024-02-24T23:57:59+00:00","og_image":[{"url":"https:\/\/www.telam.com.ar\/thumbs\/bluesteel\/advf\/imagenes\/2024\/02\/65da61b242a57_1200.jpg","type":"","width":"","height":""}],"author":"Arnaldo Botto","twitter_card":"summary_large_image","schema":{"@context":"https:\/\/schema.org","@graph":[{"@type":"WebPage","@id":"https:\/\/www.noticiasradioreflejos.com.ar\/2021\/milei-no-nos-vamos-a-rendir-en-hacer-argentina-grande-de-nuevo\/","url":"https:\/\/www.noticiasradioreflejos.com.ar\/2021\/milei-no-nos-vamos-a-rendir-en-hacer-argentina-grande-de-nuevo\/","name":"Milei: \"No nos vamos a rendir en hacer Argentina grande de nuevo\" - Noticias Radio Reflejos","isPartOf":{"@id":"https:\/\/www.noticiasradioreflejos.com.ar\/2021\/#website"},"primaryImageOfPage":{"@id":"https:\/\/www.noticiasradioreflejos.com.ar\/2021\/milei-no-nos-vamos-a-rendir-en-hacer-argentina-grande-de-nuevo\/#primaryimage"},"image":{"@id":"https:\/\/www.noticiasradioreflejos.com.ar\/2021\/milei-no-nos-vamos-a-rendir-en-hacer-argentina-grande-de-nuevo\/#primaryimage"},"thumbnailUrl":"https:\/\/www.telam.com.ar\/thumbs\/bluesteel\/advf\/imagenes\/2024\/02\/65da61b242a57_1200.jpg","datePublished":"2024-02-24T23:57:59+00:00","author":{"@id":"https:\/\/www.noticiasradioreflejos.com.ar\/2021\/#\/schema\/person\/ad82545263dcc5ec0996818884fd5fb1"},"breadcrumb":{"@id":"https:\/\/www.noticiasradioreflejos.com.ar\/2021\/milei-no-nos-vamos-a-rendir-en-hacer-argentina-grande-de-nuevo\/#breadcrumb"},"inLanguage":"es","potentialAction":[{"@type":"ReadAction","target":["https:\/\/www.noticiasradioreflejos.com.ar\/2021\/milei-no-nos-vamos-a-rendir-en-hacer-argentina-grande-de-nuevo\/"]}]},{"@type":"ImageObject","inLanguage":"es","@id":"https:\/\/www.noticiasradioreflejos.com.ar\/2021\/milei-no-nos-vamos-a-rendir-en-hacer-argentina-grande-de-nuevo\/#primaryimage","url":"https:\/\/www.telam.com.ar\/thumbs\/bluesteel\/advf\/imagenes\/2024\/02\/65da61b242a57_1200.jpg","contentUrl":"https:\/\/www.telam.com.ar\/thumbs\/bluesteel\/advf\/imagenes\/2024\/02\/65da61b242a57_1200.jpg"},{"@type":"BreadcrumbList","@id":"https:\/\/www.noticiasradioreflejos.com.ar\/2021\/milei-no-nos-vamos-a-rendir-en-hacer-argentina-grande-de-nuevo\/#breadcrumb","itemListElement":[{"@type":"ListItem","position":1,"name":"Portada","item":"https:\/\/www.noticiasradioreflejos.com.ar\/2021\/"},{"@type":"ListItem","position":2,"name":"Milei: \u00abNo nos vamos a rendir en hacer Argentina grande de nuevo\u00bb"}]},{"@type":"WebSite","@id":"https:\/\/www.noticiasradioreflejos.com.ar\/2021\/#website","url":"https:\/\/www.noticiasradioreflejos.com.ar\/2021\/","name":"Noticias Radio Reflejos","description":"Las noticias de mi comarca","potentialAction":[{"@type":"SearchAction","target":{"@type":"EntryPoint","urlTemplate":"https:\/\/www.noticiasradioreflejos.com.ar\/2021\/?s={search_term_string}"},"query-input":{"@type":"PropertyValueSpecification","valueRequired":true,"valueName":"search_term_string"}}],"inLanguage":"es"},{"@type":"Person","@id":"https:\/\/www.noticiasradioreflejos.com.ar\/2021\/#\/schema\/person\/ad82545263dcc5ec0996818884fd5fb1","name":"Arnaldo Botto","image":{"@type":"ImageObject","inLanguage":"es","@id":"https:\/\/www.noticiasradioreflejos.com.ar\/2021\/#\/schema\/person\/image\/","url":"https:\/\/secure.gravatar.com\/avatar\/55cb5e37c1efa326397366e6974cb338056df65cb50e7d64d1cf314e87504837?s=96&d=mm&r=g","contentUrl":"https:\/\/secure.gravatar.com\/avatar\/55cb5e37c1efa326397366e6974cb338056df65cb50e7d64d1cf314e87504837?s=96&d=mm&r=g","caption":"Arnaldo Botto"},"url":"https:\/\/www.noticiasradioreflejos.com.ar\/2021\/author\/arnaldo\/"}]}},"_links":{"self":[{"href":"https:\/\/www.noticiasradioreflejos.com.ar\/2021\/wp-json\/wp\/v2\/posts\/99181","targetHints":{"allow":["GET"]}}],"collection":[{"href":"https:\/\/www.noticiasradioreflejos.com.ar\/2021\/wp-json\/wp\/v2\/posts"}],"about":[{"href":"https:\/\/www.noticiasradioreflejos.com.ar\/2021\/wp-json\/wp\/v2\/types\/post"}],"author":[{"embeddable":true,"href":"https:\/\/www.noticiasradioreflejos.com.ar\/2021\/wp-json\/wp\/v2\/users\/3"}],"replies":[{"embeddable":true,"href":"https:\/\/www.noticiasradioreflejos.com.ar\/2021\/wp-json\/wp\/v2\/comments?post=99181"}],"version-history":[{"count":1,"href":"https:\/\/www.noticiasradioreflejos.com.ar\/2021\/wp-json\/wp\/v2\/posts\/99181\/revisions"}],"predecessor-version":[{"id":99183,"href":"https:\/\/www.noticiasradioreflejos.com.ar\/2021\/wp-json\/wp\/v2\/posts\/99181\/revisions\/99183"}],"wp:attachment":[{"href":"https:\/\/www.noticiasradioreflejos.com.ar\/2021\/wp-json\/wp\/v2\/media?parent=99181"}],"wp:term":[{"taxonomy":"category","embeddable":true,"href":"https:\/\/www.noticiasradioreflejos.com.ar\/2021\/wp-json\/wp\/v2\/categories?post=99181"},{"taxonomy":"post_tag","embeddable":true,"href":"https:\/\/www.noticiasradioreflejos.com.ar\/2021\/wp-json\/wp\/v2\/tags?post=99181"}],"curies":[{"name":"wp","href":"https:\/\/api.w.org\/{rel}","templated":true}]}}