{"id":99171,"date":"2024-02-23T21:14:00","date_gmt":"2024-02-24T00:14:00","guid":{"rendered":"https:\/\/www.noticiasradioreflejos.com.ar\/2021\/?p=99171"},"modified":"2024-02-23T21:14:00","modified_gmt":"2024-02-24T00:14:00","slug":"provincia-habilito-el-aumento-de-las-tarifas-de-luz-180-promedio","status":"publish","type":"post","link":"https:\/\/www.noticiasradioreflejos.com.ar\/2021\/provincia-habilito-el-aumento-de-las-tarifas-de-luz-180-promedio\/","title":{"rendered":"Provincia habilit\u00f3 el aumento de las tarifas de luz: 180% promedio"},"content":{"rendered":"<header id=\"mvp-post-head\" class=\"left relative\">Se public\u00f3 en el Bolet\u00edn Oficial y comenzar\u00e1 a regir desde marzo.<\/p>\n<\/header>\n<p><!--more--><\/p>\n<div class=\"mvp-post-main-out left relative\">\n<div class=\"mvp-post-main-in\">\n<div id=\"mvp-post-content\" class=\"left relative\">\n<div id=\"mvp-content-wrap\" class=\"left relative\">\n<div class=\"mvp-post-soc-out right relative\">\n<div class=\"mvp-post-soc-in\">\n<div id=\"mvp-content-body\" class=\"left relative\">\n<div id=\"mvp-content-body-top\" class=\"left relative\">\n<div id=\"mvp-content-main\" class=\"left relative\">\n<div id=\"textbody\">\n<p>El gobierno bonaerense resolvi\u00f3 el traslado a cuadros tarifarios provinciales del aumento en el precio mayorista de la energ\u00eda y la quita de subsidios definidos por la Secretar\u00eda de Energ\u00eda de la Naci\u00f3n.<\/p>\n<p>En un comunicado, el Ministerio de Infraestructura provincial, indic\u00f3 que \u201cel aumento de la energ\u00eda afecta a los usuarios residenciales de grandes ingresos y a los de ingresos medios que consuman m\u00e1s de 400 kilovatios hora (kwh) al mes, en un 118%\u201d.<\/p>\n<p>\u201cEn el caso extremo de los peque\u00f1os comercios -que son aquellos que consuman menos de 800 kwh mes-, la suba alcanza un 413%. Tambi\u00e9n hay un aumento para los organismos p\u00fablicos de las carteras de Educaci\u00f3n y Salud, que sufrir\u00e1n una suba del 186%\u201d, precis\u00f3 Infraestructura.<\/p>\n<p>Por otro lado, tambi\u00e9n detallaron que \u201ca partir de la quita de subsidios, el aumento del costo mayorista de la energ\u00eda y el incremento del Valor Agregado de Distribuci\u00f3n (VAD), la suba promedio en las facturas de electricidad ser\u00e1 de un 180%. Un usuario residencial de altos ingresos (N1) que consume 150 kwh mes pasa de pagar en promedio $ 8.600 por mes a pagar $ 24.000\u201d, detall\u00f3 Infraestructura.<\/p>\n<p>Y agreg\u00f3 que \u201cen el caso de los usuarios N2 de bajos ingresos, si pag\u00f3 $ 3.500 por mes consumiendo 150 kwh en enero, en marzo pagar\u00eda $ 10.500\u201d, y remarc\u00f3 que \u201cestos incrementos son similares a los que ya fueron aplicados recientemente a las facturas de los bonaerenses que viven en el AMBA, \u00e1reas de concesi\u00f3n de Edenor y Edesur, ambas distribuidoras bajo jurisdicci\u00f3n nacional\u201d.<\/p>\n<p>Asimismo destac\u00f3 que \u201cel incremento definido se ver\u00e1 reflejado en los consumos de febrero de los usuarios bonaerenses, ya que se traslada a los cuadros tarifarios provinciales\u201d.<\/p>\n<p>Tambi\u00e9n hizo alusi\u00f3n a la situaci\u00f3n del sector el\u00e9ctrico y en ese sentido record\u00f3 que \u201cen el marco de la pandemia y la crisis posterior, las tarifas se mantuvieron muy por debajo del aumento de costos\u201d.<\/p>\n<p>\u201cLas distribuidoras provinciales y cooperativas para poder sostener la prestaci\u00f3n tuvieron el acompa\u00f1amiento del estado provincial -a trav\u00e9s de subsidios- y de la anterior gesti\u00f3n del gobierno nacional, que otorg\u00f3 cr\u00e9ditos, planes de pago y facilidades para afrontar la situaci\u00f3n de deuda creciente en el pago de la energ\u00eda, ya que el pago parcial de las facturas a Cammesa les permiti\u00f3 solventar gran parte de sus costos\u201d, remarc\u00f3 la cartera provincial.<\/p>\n<p>En cambio subray\u00f3 que \u201cel escenario actual por parte de las distribuidoras y cooperativas es de un alto nivel de endeudamiento\u201d, y precis\u00f3 que \u201cen el caso del sector cooperativo, se evidencia un mayor nivel de gravedad\u201d.<\/p>\n<p class=\" aBigClassNameToAvoidCollisionInText\">\u201cEn este contexto, el gobierno nacional ha intimado a las prestadoras a ponerse al d\u00eda con esa deuda. Por este motivo, adem\u00e1s del incremento del costo de la energ\u00eda, pr\u00f3ximamente se sumar\u00e1 un aumento de uno de los componentes de la tarifa: el Valor Agregado de Distribuci\u00f3n (VAD) que se utilizar\u00e1 para sanear la deuda con Cammesa y lograr garantizar la operaci\u00f3n del servicio. Sumados ambos, la tarifa sufrir\u00e1 un incremento promedio del 180%\u201d, advirti\u00f3 el Ministerio.<\/p>\n<div id=\"sas_45111\"><\/div>\n<div id=\"video\"><\/div>\n<p>Fuente: T\u00e9lam<\/p>\n<\/div>\n<\/div>\n<\/div>\n<\/div>\n<\/div>\n<\/div>\n<\/div>\n<\/div>\n<\/div>\n<\/div>\n","protected":false},"excerpt":{"rendered":"<p>Se public\u00f3 en el Bolet\u00edn Oficial y comenzar\u00e1 a regir desde marzo.<\/p>\n","protected":false},"author":3,"featured_media":98934,"comment_status":"closed","ping_status":"closed","sticky":false,"template":"","format":"standard","meta":{"footnotes":""},"categories":[36],"tags":[48],"class_list":["post-99171","post","type-post","status-publish","format-standard","has-post-thumbnail","hentry","category-economia","tag-destacada"],"yoast_head":"<!-- This site is optimized with the Yoast SEO plugin v25.9 - https:\/\/yoast.com\/wordpress\/plugins\/seo\/ -->\n<title>Provincia habilit\u00f3 el aumento de las tarifas de luz: 180% promedio - Noticias Radio Reflejos<\/title>\n<meta name=\"robots\" content=\"index, follow, max-snippet:-1, max-image-preview:large, max-video-preview:-1\" \/>\n<link rel=\"canonical\" href=\"https:\/\/www.noticiasradioreflejos.com.ar\/2021\/provincia-habilito-el-aumento-de-las-tarifas-de-luz-180-promedio\/\" \/>\n<meta property=\"og:locale\" content=\"es_ES\" \/>\n<meta property=\"og:type\" content=\"article\" \/>\n<meta property=\"og:title\" content=\"Provincia habilit\u00f3 el aumento de las tarifas de luz: 180% promedio - Noticias Radio Reflejos\" \/>\n<meta property=\"og:description\" content=\"Se public\u00f3 en el Bolet\u00edn Oficial y comenzar\u00e1 a regir desde marzo.\" \/>\n<meta property=\"og:url\" content=\"https:\/\/www.noticiasradioreflejos.com.ar\/2021\/provincia-habilito-el-aumento-de-las-tarifas-de-luz-180-promedio\/\" \/>\n<meta property=\"og:site_name\" content=\"Noticias Radio Reflejos\" \/>\n<meta property=\"article:published_time\" content=\"2024-02-24T00:14:00+00:00\" \/>\n<meta property=\"og:image\" content=\"https:\/\/www.noticiasradioreflejos.com.ar\/2021\/wp-content\/uploads\/2024\/02\/aumento-de-tarifas-de-luz.jpg\" \/>\n\t<meta property=\"og:image:width\" content=\"980\" \/>\n\t<meta property=\"og:image:height\" content=\"549\" \/>\n\t<meta property=\"og:image:type\" content=\"image\/jpeg\" \/>\n<meta name=\"author\" content=\"Arnaldo Botto\" \/>\n<meta name=\"twitter:card\" content=\"summary_large_image\" \/>\n<script type=\"application\/ld+json\" class=\"yoast-schema-graph\">{\"@context\":\"https:\/\/schema.org\",\"@graph\":[{\"@type\":\"WebPage\",\"@id\":\"https:\/\/www.noticiasradioreflejos.com.ar\/2021\/provincia-habilito-el-aumento-de-las-tarifas-de-luz-180-promedio\/\",\"url\":\"https:\/\/www.noticiasradioreflejos.com.ar\/2021\/provincia-habilito-el-aumento-de-las-tarifas-de-luz-180-promedio\/\",\"name\":\"Provincia habilit\u00f3 el aumento de las tarifas de luz: 180% promedio - Noticias Radio Reflejos\",\"isPartOf\":{\"@id\":\"https:\/\/www.noticiasradioreflejos.com.ar\/2021\/#website\"},\"primaryImageOfPage\":{\"@id\":\"https:\/\/www.noticiasradioreflejos.com.ar\/2021\/provincia-habilito-el-aumento-de-las-tarifas-de-luz-180-promedio\/#primaryimage\"},\"image\":{\"@id\":\"https:\/\/www.noticiasradioreflejos.com.ar\/2021\/provincia-habilito-el-aumento-de-las-tarifas-de-luz-180-promedio\/#primaryimage\"},\"thumbnailUrl\":\"https:\/\/www.noticiasradioreflejos.com.ar\/2021\/wp-content\/uploads\/2024\/02\/aumento-de-tarifas-de-luz.jpg\",\"datePublished\":\"2024-02-24T00:14:00+00:00\",\"author\":{\"@id\":\"https:\/\/www.noticiasradioreflejos.com.ar\/2021\/#\/schema\/person\/ad82545263dcc5ec0996818884fd5fb1\"},\"breadcrumb\":{\"@id\":\"https:\/\/www.noticiasradioreflejos.com.ar\/2021\/provincia-habilito-el-aumento-de-las-tarifas-de-luz-180-promedio\/#breadcrumb\"},\"inLanguage\":\"es\",\"potentialAction\":[{\"@type\":\"ReadAction\",\"target\":[\"https:\/\/www.noticiasradioreflejos.com.ar\/2021\/provincia-habilito-el-aumento-de-las-tarifas-de-luz-180-promedio\/\"]}]},{\"@type\":\"ImageObject\",\"inLanguage\":\"es\",\"@id\":\"https:\/\/www.noticiasradioreflejos.com.ar\/2021\/provincia-habilito-el-aumento-de-las-tarifas-de-luz-180-promedio\/#primaryimage\",\"url\":\"https:\/\/www.noticiasradioreflejos.com.ar\/2021\/wp-content\/uploads\/2024\/02\/aumento-de-tarifas-de-luz.jpg\",\"contentUrl\":\"https:\/\/www.noticiasradioreflejos.com.ar\/2021\/wp-content\/uploads\/2024\/02\/aumento-de-tarifas-de-luz.jpg\",\"width\":980,\"height\":549},{\"@type\":\"BreadcrumbList\",\"@id\":\"https:\/\/www.noticiasradioreflejos.com.ar\/2021\/provincia-habilito-el-aumento-de-las-tarifas-de-luz-180-promedio\/#breadcrumb\",\"itemListElement\":[{\"@type\":\"ListItem\",\"position\":1,\"name\":\"Portada\",\"item\":\"https:\/\/www.noticiasradioreflejos.com.ar\/2021\/\"},{\"@type\":\"ListItem\",\"position\":2,\"name\":\"Provincia habilit\u00f3 el aumento de las tarifas de luz: 180% promedio\"}]},{\"@type\":\"WebSite\",\"@id\":\"https:\/\/www.noticiasradioreflejos.com.ar\/2021\/#website\",\"url\":\"https:\/\/www.noticiasradioreflejos.com.ar\/2021\/\",\"name\":\"Noticias Radio Reflejos\",\"description\":\"Las noticias de mi comarca\",\"potentialAction\":[{\"@type\":\"SearchAction\",\"target\":{\"@type\":\"EntryPoint\",\"urlTemplate\":\"https:\/\/www.noticiasradioreflejos.com.ar\/2021\/?s={search_term_string}\"},\"query-input\":{\"@type\":\"PropertyValueSpecification\",\"valueRequired\":true,\"valueName\":\"search_term_string\"}}],\"inLanguage\":\"es\"},{\"@type\":\"Person\",\"@id\":\"https:\/\/www.noticiasradioreflejos.com.ar\/2021\/#\/schema\/person\/ad82545263dcc5ec0996818884fd5fb1\",\"name\":\"Arnaldo Botto\",\"image\":{\"@type\":\"ImageObject\",\"inLanguage\":\"es\",\"@id\":\"https:\/\/www.noticiasradioreflejos.com.ar\/2021\/#\/schema\/person\/image\/\",\"url\":\"https:\/\/secure.gravatar.com\/avatar\/55cb5e37c1efa326397366e6974cb338056df65cb50e7d64d1cf314e87504837?s=96&d=mm&r=g\",\"contentUrl\":\"https:\/\/secure.gravatar.com\/avatar\/55cb5e37c1efa326397366e6974cb338056df65cb50e7d64d1cf314e87504837?s=96&d=mm&r=g\",\"caption\":\"Arnaldo Botto\"},\"url\":\"https:\/\/www.noticiasradioreflejos.com.ar\/2021\/author\/arnaldo\/\"}]}<\/script>\n<!-- \/ Yoast SEO plugin. -->","yoast_head_json":{"title":"Provincia habilit\u00f3 el aumento de las tarifas de luz: 180% promedio - Noticias Radio Reflejos","robots":{"index":"index","follow":"follow","max-snippet":"max-snippet:-1","max-image-preview":"max-image-preview:large","max-video-preview":"max-video-preview:-1"},"canonical":"https:\/\/www.noticiasradioreflejos.com.ar\/2021\/provincia-habilito-el-aumento-de-las-tarifas-de-luz-180-promedio\/","og_locale":"es_ES","og_type":"article","og_title":"Provincia habilit\u00f3 el aumento de las tarifas de luz: 180% promedio - Noticias Radio Reflejos","og_description":"Se public\u00f3 en el Bolet\u00edn Oficial y comenzar\u00e1 a regir desde marzo.","og_url":"https:\/\/www.noticiasradioreflejos.com.ar\/2021\/provincia-habilito-el-aumento-de-las-tarifas-de-luz-180-promedio\/","og_site_name":"Noticias Radio Reflejos","article_published_time":"2024-02-24T00:14:00+00:00","og_image":[{"width":980,"height":549,"url":"https:\/\/www.noticiasradioreflejos.com.ar\/2021\/wp-content\/uploads\/2024\/02\/aumento-de-tarifas-de-luz.jpg","type":"image\/jpeg"}],"author":"Arnaldo Botto","twitter_card":"summary_large_image","schema":{"@context":"https:\/\/schema.org","@graph":[{"@type":"WebPage","@id":"https:\/\/www.noticiasradioreflejos.com.ar\/2021\/provincia-habilito-el-aumento-de-las-tarifas-de-luz-180-promedio\/","url":"https:\/\/www.noticiasradioreflejos.com.ar\/2021\/provincia-habilito-el-aumento-de-las-tarifas-de-luz-180-promedio\/","name":"Provincia habilit\u00f3 el aumento de las tarifas de luz: 180% promedio - Noticias Radio Reflejos","isPartOf":{"@id":"https:\/\/www.noticiasradioreflejos.com.ar\/2021\/#website"},"primaryImageOfPage":{"@id":"https:\/\/www.noticiasradioreflejos.com.ar\/2021\/provincia-habilito-el-aumento-de-las-tarifas-de-luz-180-promedio\/#primaryimage"},"image":{"@id":"https:\/\/www.noticiasradioreflejos.com.ar\/2021\/provincia-habilito-el-aumento-de-las-tarifas-de-luz-180-promedio\/#primaryimage"},"thumbnailUrl":"https:\/\/www.noticiasradioreflejos.com.ar\/2021\/wp-content\/uploads\/2024\/02\/aumento-de-tarifas-de-luz.jpg","datePublished":"2024-02-24T00:14:00+00:00","author":{"@id":"https:\/\/www.noticiasradioreflejos.com.ar\/2021\/#\/schema\/person\/ad82545263dcc5ec0996818884fd5fb1"},"breadcrumb":{"@id":"https:\/\/www.noticiasradioreflejos.com.ar\/2021\/provincia-habilito-el-aumento-de-las-tarifas-de-luz-180-promedio\/#breadcrumb"},"inLanguage":"es","potentialAction":[{"@type":"ReadAction","target":["https:\/\/www.noticiasradioreflejos.com.ar\/2021\/provincia-habilito-el-aumento-de-las-tarifas-de-luz-180-promedio\/"]}]},{"@type":"ImageObject","inLanguage":"es","@id":"https:\/\/www.noticiasradioreflejos.com.ar\/2021\/provincia-habilito-el-aumento-de-las-tarifas-de-luz-180-promedio\/#primaryimage","url":"https:\/\/www.noticiasradioreflejos.com.ar\/2021\/wp-content\/uploads\/2024\/02\/aumento-de-tarifas-de-luz.jpg","contentUrl":"https:\/\/www.noticiasradioreflejos.com.ar\/2021\/wp-content\/uploads\/2024\/02\/aumento-de-tarifas-de-luz.jpg","width":980,"height":549},{"@type":"BreadcrumbList","@id":"https:\/\/www.noticiasradioreflejos.com.ar\/2021\/provincia-habilito-el-aumento-de-las-tarifas-de-luz-180-promedio\/#breadcrumb","itemListElement":[{"@type":"ListItem","position":1,"name":"Portada","item":"https:\/\/www.noticiasradioreflejos.com.ar\/2021\/"},{"@type":"ListItem","position":2,"name":"Provincia habilit\u00f3 el aumento de las tarifas de luz: 180% promedio"}]},{"@type":"WebSite","@id":"https:\/\/www.noticiasradioreflejos.com.ar\/2021\/#website","url":"https:\/\/www.noticiasradioreflejos.com.ar\/2021\/","name":"Noticias Radio Reflejos","description":"Las noticias de mi comarca","potentialAction":[{"@type":"SearchAction","target":{"@type":"EntryPoint","urlTemplate":"https:\/\/www.noticiasradioreflejos.com.ar\/2021\/?s={search_term_string}"},"query-input":{"@type":"PropertyValueSpecification","valueRequired":true,"valueName":"search_term_string"}}],"inLanguage":"es"},{"@type":"Person","@id":"https:\/\/www.noticiasradioreflejos.com.ar\/2021\/#\/schema\/person\/ad82545263dcc5ec0996818884fd5fb1","name":"Arnaldo Botto","image":{"@type":"ImageObject","inLanguage":"es","@id":"https:\/\/www.noticiasradioreflejos.com.ar\/2021\/#\/schema\/person\/image\/","url":"https:\/\/secure.gravatar.com\/avatar\/55cb5e37c1efa326397366e6974cb338056df65cb50e7d64d1cf314e87504837?s=96&d=mm&r=g","contentUrl":"https:\/\/secure.gravatar.com\/avatar\/55cb5e37c1efa326397366e6974cb338056df65cb50e7d64d1cf314e87504837?s=96&d=mm&r=g","caption":"Arnaldo Botto"},"url":"https:\/\/www.noticiasradioreflejos.com.ar\/2021\/author\/arnaldo\/"}]}},"_links":{"self":[{"href":"https:\/\/www.noticiasradioreflejos.com.ar\/2021\/wp-json\/wp\/v2\/posts\/99171","targetHints":{"allow":["GET"]}}],"collection":[{"href":"https:\/\/www.noticiasradioreflejos.com.ar\/2021\/wp-json\/wp\/v2\/posts"}],"about":[{"href":"https:\/\/www.noticiasradioreflejos.com.ar\/2021\/wp-json\/wp\/v2\/types\/post"}],"author":[{"embeddable":true,"href":"https:\/\/www.noticiasradioreflejos.com.ar\/2021\/wp-json\/wp\/v2\/users\/3"}],"replies":[{"embeddable":true,"href":"https:\/\/www.noticiasradioreflejos.com.ar\/2021\/wp-json\/wp\/v2\/comments?post=99171"}],"version-history":[{"count":1,"href":"https:\/\/www.noticiasradioreflejos.com.ar\/2021\/wp-json\/wp\/v2\/posts\/99171\/revisions"}],"predecessor-version":[{"id":99172,"href":"https:\/\/www.noticiasradioreflejos.com.ar\/2021\/wp-json\/wp\/v2\/posts\/99171\/revisions\/99172"}],"wp:featuredmedia":[{"embeddable":true,"href":"https:\/\/www.noticiasradioreflejos.com.ar\/2021\/wp-json\/wp\/v2\/media\/98934"}],"wp:attachment":[{"href":"https:\/\/www.noticiasradioreflejos.com.ar\/2021\/wp-json\/wp\/v2\/media?parent=99171"}],"wp:term":[{"taxonomy":"category","embeddable":true,"href":"https:\/\/www.noticiasradioreflejos.com.ar\/2021\/wp-json\/wp\/v2\/categories?post=99171"},{"taxonomy":"post_tag","embeddable":true,"href":"https:\/\/www.noticiasradioreflejos.com.ar\/2021\/wp-json\/wp\/v2\/tags?post=99171"}],"curies":[{"name":"wp","href":"https:\/\/api.w.org\/{rel}","templated":true}]}}