{"id":99151,"date":"2024-02-23T14:48:04","date_gmt":"2024-02-23T17:48:04","guid":{"rendered":"https:\/\/www.noticiasradioreflejos.com.ar\/2021\/?p=99151"},"modified":"2024-02-23T14:48:04","modified_gmt":"2024-02-23T17:48:04","slug":"jolunan-tiene-las-mejores-promociones-para-la-vuelta-al-cole","status":"publish","type":"post","link":"https:\/\/www.noticiasradioreflejos.com.ar\/2021\/jolunan-tiene-las-mejores-promociones-para-la-vuelta-al-cole\/","title":{"rendered":"Jolunan tiene las mejores promociones para la vuelta al cole"},"content":{"rendered":"<p>Mara Guti\u00e9rrez, su propietaria, coment\u00f3 los importantes descuentos que manejan con Banco Provincia, y al mismo tiempo, con las dem\u00e1s tarjetas. \u201cSugerimos que cuanto antes hagan las compras, mejor\u201d afirm\u00f3.<!--more--><\/p>\n<p><a title=\"Jolunan (3)\" href=\"https:\/\/www.flickr.com\/photos\/182279889@N02\/53547916805\/in\/dateposted-public\/\" data-flickr-embed=\"true\"><img loading=\"lazy\" decoding=\"async\" class=\"aligncenter\" src=\"https:\/\/live.staticflickr.com\/65535\/53547916805_a920917190.jpg\" alt=\"Jolunan (3)\" width=\"500\" height=\"288\" \/><\/a><\/p>\n<p>En la primera cuadra de la avenida San Martin la Tienda Jolunan est\u00e1 marcando tendencia en la vuelta a clases por las promociones de otro tiempo que maneja. Ya sea con tarjetas del Banco Provincia, de otros bancos o incluso pagando en efectivo, la diferencia es mucha y as\u00ed lo hizo saber su propietaria, Mara Guti\u00e9rrez.<\/p>\n<p>\u201cEn esta ocasi\u00f3n tenemos una nueva promoci\u00f3n junto con el Banco Provincia\u201d afirm\u00f3. \u201cTtodos los jueves y viernes, hasta el 8 de marzo, que est\u00e1 enfocada al colegio. Es para ni\u00f1os de 2 o 3 a\u00f1itos, hasta j\u00f3venes de 17 o 18 a\u00f1os\u201d coment\u00f3.<\/p>\n<p><a title=\"WhatsApp Image 2024-02-20 at 10.43.31\" href=\"https:\/\/www.flickr.com\/photos\/182279889@N02\/53547917460\/in\/dateposted-public\/\" data-flickr-embed=\"true\"><img loading=\"lazy\" decoding=\"async\" class=\"alignleft\" src=\"https:\/\/live.staticflickr.com\/65535\/53547917460_f2385b94a2.jpg\" alt=\"WhatsApp Image 2024-02-20 at 10.43.31\" width=\"480\" height=\"648\" \/><\/a>Seg\u00fan resalt\u00f3, en su caso \u201ces para vestirse para volver al cole; remeras, buzos, jogging, jeans e incluye calzado. Tenemos guardapolvos y tambi\u00e9n para jard\u00edn\u201d.<\/p>\n<p>Dando m\u00e1s detalles explic\u00f3 que \u201cla promoci\u00f3n incluye 9 cuotas fijas al mismo precio, o sino lo podes hacer en un solo pago, con d\u00e9bito o cr\u00e9dito y ten\u00e9s un 25% de reintegro, hasta $10000 pesos. Podes hacer dos transacciones por cliente. Las zapatillas tienen que ser probadas en el local porque no tienen cambio\u201d.<\/p>\n<p>De todas maneras subray\u00f3 que \u201caquellos que no tienen tarjetas del Provincia, est\u00e1 a disposici\u00f3n la opci\u00f3n de tres cuotas sin inter\u00e9s para las dem\u00e1s tarjetas, todos los d\u00edas, y si pagas en efectivo, 10% de descuento. Esto lo hacemos nosotros por nuestra cuenta\u201d.<\/p>\n<p>&nbsp;<\/p>\n<p>&nbsp;<\/p>\n<p>Por \u00faltimo cont\u00f3 que \u201chay tiempo, pero sugerimos que cuanto antes hagan las compras mejor, porque tendr\u00e1n m\u00e1s stock y variedad para elegir\u201d.<\/p>\n<p><a title=\"Jolunan (5)\" href=\"https:\/\/www.flickr.com\/photos\/182279889@N02\/53546606442\/in\/dateposted-public\/\" data-flickr-embed=\"true\"><img loading=\"lazy\" decoding=\"async\" class=\"aligncenter\" src=\"https:\/\/live.staticflickr.com\/65535\/53546606442_71298c1b35.jpg\" alt=\"Jolunan (5)\" width=\"500\" height=\"271\" \/><\/a><br \/>\n<iframe loading=\"lazy\" src=\"https:\/\/w.soundcloud.com\/player\/?url=https%3A\/\/api.soundcloud.com\/tracks\/1756005576&amp;color=%23ff5500&amp;auto_play=false&amp;hide_related=false&amp;show_comments=true&amp;show_user=true&amp;show_reposts=false&amp;show_teaser=true\" width=\"100%\" height=\"166\" frameborder=\"no\" scrolling=\"no\"><\/iframe><\/p>\n<div style=\"font-size: 10px; color: #cccccc; line-break: anywhere; word-break: normal; overflow: hidden; white-space: nowrap; text-overflow: ellipsis; font-family: Interstate,Lucida Grande,Lucida Sans Unicode,Lucida Sans,Garuda,Verdana,Tahoma,sans-serif; font-weight: 100;\"><a style=\"color: #cccccc; text-decoration: none;\" title=\"fmreflejos 103.7\" href=\"https:\/\/soundcloud.com\/fmreflejos-103-7\" target=\"_blank\" rel=\"noopener\">fmreflejos 103.7<\/a> \u00b7 <a style=\"color: #cccccc; text-decoration: none;\" title=\"Mara Gutierrez 23 - 02\" href=\"https:\/\/soundcloud.com\/fmreflejos-103-7\/mara-gutierrez-23-02\" target=\"_blank\" rel=\"noopener\">Mara Gutierrez 23 &#8211; 02<\/a><\/div>\n<p><a title=\"Jolunan (2)\" href=\"https:\/\/www.flickr.com\/photos\/182279889@N02\/53547916820\/in\/dateposted-public\/\" data-flickr-embed=\"true\"><img loading=\"lazy\" decoding=\"async\" class=\"alignleft\" src=\"https:\/\/live.staticflickr.com\/65535\/53547916820_3974ccc7c2.jpg\" alt=\"Jolunan (2)\" width=\"314\" height=\"500\" \/><\/a><a title=\"Jolunan (1)\" href=\"https:\/\/www.flickr.com\/photos\/182279889@N02\/53547916825\/in\/dateposted-public\/\" data-flickr-embed=\"true\"><img loading=\"lazy\" decoding=\"async\" class=\"\" src=\"https:\/\/live.staticflickr.com\/65535\/53547916825_4f114a8401.jpg\" alt=\"Jolunan (1)\" width=\"402\" height=\"436\" \/><\/a><\/p>\n","protected":false},"excerpt":{"rendered":"<p>Mara Guti\u00e9rrez, su propietaria, coment\u00f3 los importantes descuentos que manejan con Banco Provincia, y al mismo tiempo, con las dem\u00e1s tarjetas. \u201cSugerimos que cuanto antes hagan las compras, mejor\u201d afirm\u00f3.<\/p>\n","protected":false},"author":3,"featured_media":0,"comment_status":"closed","ping_status":"closed","sticky":false,"template":"","format":"standard","meta":{"footnotes":""},"categories":[36,1,26],"tags":[48],"class_list":["post-99151","post","type-post","status-publish","format-standard","hentry","category-economia","category-sin-categoria","category-sociedad","tag-destacada"],"yoast_head":"<!-- This site is optimized with the Yoast SEO plugin v25.9 - https:\/\/yoast.com\/wordpress\/plugins\/seo\/ -->\n<title>Jolunan tiene las mejores promociones para la vuelta al cole - Noticias Radio Reflejos<\/title>\n<meta name=\"robots\" content=\"index, follow, max-snippet:-1, max-image-preview:large, max-video-preview:-1\" \/>\n<link rel=\"canonical\" href=\"https:\/\/www.noticiasradioreflejos.com.ar\/2021\/jolunan-tiene-las-mejores-promociones-para-la-vuelta-al-cole\/\" \/>\n<meta property=\"og:locale\" content=\"es_ES\" \/>\n<meta property=\"og:type\" content=\"article\" \/>\n<meta property=\"og:title\" content=\"Jolunan tiene las mejores promociones para la vuelta al cole - Noticias Radio Reflejos\" \/>\n<meta property=\"og:description\" content=\"Mara Guti\u00e9rrez, su propietaria, coment\u00f3 los importantes descuentos que manejan con Banco Provincia, y al mismo tiempo, con las dem\u00e1s tarjetas. \u201cSugerimos que cuanto antes hagan las compras, mejor\u201d afirm\u00f3.\" \/>\n<meta property=\"og:url\" content=\"https:\/\/www.noticiasradioreflejos.com.ar\/2021\/jolunan-tiene-las-mejores-promociones-para-la-vuelta-al-cole\/\" \/>\n<meta property=\"og:site_name\" content=\"Noticias Radio Reflejos\" \/>\n<meta property=\"article:published_time\" content=\"2024-02-23T17:48:04+00:00\" \/>\n<meta property=\"og:image\" content=\"https:\/\/live.staticflickr.com\/65535\/53547916805_a920917190.jpg\" \/>\n<meta name=\"author\" content=\"Arnaldo Botto\" \/>\n<meta name=\"twitter:card\" content=\"summary_large_image\" \/>\n<script type=\"application\/ld+json\" class=\"yoast-schema-graph\">{\"@context\":\"https:\/\/schema.org\",\"@graph\":[{\"@type\":\"WebPage\",\"@id\":\"https:\/\/www.noticiasradioreflejos.com.ar\/2021\/jolunan-tiene-las-mejores-promociones-para-la-vuelta-al-cole\/\",\"url\":\"https:\/\/www.noticiasradioreflejos.com.ar\/2021\/jolunan-tiene-las-mejores-promociones-para-la-vuelta-al-cole\/\",\"name\":\"Jolunan tiene las mejores promociones para la vuelta al cole - Noticias Radio Reflejos\",\"isPartOf\":{\"@id\":\"https:\/\/www.noticiasradioreflejos.com.ar\/2021\/#website\"},\"primaryImageOfPage\":{\"@id\":\"https:\/\/www.noticiasradioreflejos.com.ar\/2021\/jolunan-tiene-las-mejores-promociones-para-la-vuelta-al-cole\/#primaryimage\"},\"image\":{\"@id\":\"https:\/\/www.noticiasradioreflejos.com.ar\/2021\/jolunan-tiene-las-mejores-promociones-para-la-vuelta-al-cole\/#primaryimage\"},\"thumbnailUrl\":\"https:\/\/live.staticflickr.com\/65535\/53547916805_a920917190.jpg\",\"datePublished\":\"2024-02-23T17:48:04+00:00\",\"author\":{\"@id\":\"https:\/\/www.noticiasradioreflejos.com.ar\/2021\/#\/schema\/person\/ad82545263dcc5ec0996818884fd5fb1\"},\"breadcrumb\":{\"@id\":\"https:\/\/www.noticiasradioreflejos.com.ar\/2021\/jolunan-tiene-las-mejores-promociones-para-la-vuelta-al-cole\/#breadcrumb\"},\"inLanguage\":\"es\",\"potentialAction\":[{\"@type\":\"ReadAction\",\"target\":[\"https:\/\/www.noticiasradioreflejos.com.ar\/2021\/jolunan-tiene-las-mejores-promociones-para-la-vuelta-al-cole\/\"]}]},{\"@type\":\"ImageObject\",\"inLanguage\":\"es\",\"@id\":\"https:\/\/www.noticiasradioreflejos.com.ar\/2021\/jolunan-tiene-las-mejores-promociones-para-la-vuelta-al-cole\/#primaryimage\",\"url\":\"https:\/\/live.staticflickr.com\/65535\/53547916805_a920917190.jpg\",\"contentUrl\":\"https:\/\/live.staticflickr.com\/65535\/53547916805_a920917190.jpg\"},{\"@type\":\"BreadcrumbList\",\"@id\":\"https:\/\/www.noticiasradioreflejos.com.ar\/2021\/jolunan-tiene-las-mejores-promociones-para-la-vuelta-al-cole\/#breadcrumb\",\"itemListElement\":[{\"@type\":\"ListItem\",\"position\":1,\"name\":\"Portada\",\"item\":\"https:\/\/www.noticiasradioreflejos.com.ar\/2021\/\"},{\"@type\":\"ListItem\",\"position\":2,\"name\":\"Jolunan tiene las mejores promociones para la vuelta al cole\"}]},{\"@type\":\"WebSite\",\"@id\":\"https:\/\/www.noticiasradioreflejos.com.ar\/2021\/#website\",\"url\":\"https:\/\/www.noticiasradioreflejos.com.ar\/2021\/\",\"name\":\"Noticias Radio Reflejos\",\"description\":\"Las noticias de mi comarca\",\"potentialAction\":[{\"@type\":\"SearchAction\",\"target\":{\"@type\":\"EntryPoint\",\"urlTemplate\":\"https:\/\/www.noticiasradioreflejos.com.ar\/2021\/?s={search_term_string}\"},\"query-input\":{\"@type\":\"PropertyValueSpecification\",\"valueRequired\":true,\"valueName\":\"search_term_string\"}}],\"inLanguage\":\"es\"},{\"@type\":\"Person\",\"@id\":\"https:\/\/www.noticiasradioreflejos.com.ar\/2021\/#\/schema\/person\/ad82545263dcc5ec0996818884fd5fb1\",\"name\":\"Arnaldo Botto\",\"image\":{\"@type\":\"ImageObject\",\"inLanguage\":\"es\",\"@id\":\"https:\/\/www.noticiasradioreflejos.com.ar\/2021\/#\/schema\/person\/image\/\",\"url\":\"https:\/\/secure.gravatar.com\/avatar\/55cb5e37c1efa326397366e6974cb338056df65cb50e7d64d1cf314e87504837?s=96&d=mm&r=g\",\"contentUrl\":\"https:\/\/secure.gravatar.com\/avatar\/55cb5e37c1efa326397366e6974cb338056df65cb50e7d64d1cf314e87504837?s=96&d=mm&r=g\",\"caption\":\"Arnaldo Botto\"},\"url\":\"https:\/\/www.noticiasradioreflejos.com.ar\/2021\/author\/arnaldo\/\"}]}<\/script>\n<!-- \/ Yoast SEO plugin. -->","yoast_head_json":{"title":"Jolunan tiene las mejores promociones para la vuelta al cole - Noticias Radio Reflejos","robots":{"index":"index","follow":"follow","max-snippet":"max-snippet:-1","max-image-preview":"max-image-preview:large","max-video-preview":"max-video-preview:-1"},"canonical":"https:\/\/www.noticiasradioreflejos.com.ar\/2021\/jolunan-tiene-las-mejores-promociones-para-la-vuelta-al-cole\/","og_locale":"es_ES","og_type":"article","og_title":"Jolunan tiene las mejores promociones para la vuelta al cole - Noticias Radio Reflejos","og_description":"Mara Guti\u00e9rrez, su propietaria, coment\u00f3 los importantes descuentos que manejan con Banco Provincia, y al mismo tiempo, con las dem\u00e1s tarjetas. \u201cSugerimos que cuanto antes hagan las compras, mejor\u201d afirm\u00f3.","og_url":"https:\/\/www.noticiasradioreflejos.com.ar\/2021\/jolunan-tiene-las-mejores-promociones-para-la-vuelta-al-cole\/","og_site_name":"Noticias Radio Reflejos","article_published_time":"2024-02-23T17:48:04+00:00","og_image":[{"url":"https:\/\/live.staticflickr.com\/65535\/53547916805_a920917190.jpg","type":"","width":"","height":""}],"author":"Arnaldo Botto","twitter_card":"summary_large_image","schema":{"@context":"https:\/\/schema.org","@graph":[{"@type":"WebPage","@id":"https:\/\/www.noticiasradioreflejos.com.ar\/2021\/jolunan-tiene-las-mejores-promociones-para-la-vuelta-al-cole\/","url":"https:\/\/www.noticiasradioreflejos.com.ar\/2021\/jolunan-tiene-las-mejores-promociones-para-la-vuelta-al-cole\/","name":"Jolunan tiene las mejores promociones para la vuelta al cole - Noticias Radio Reflejos","isPartOf":{"@id":"https:\/\/www.noticiasradioreflejos.com.ar\/2021\/#website"},"primaryImageOfPage":{"@id":"https:\/\/www.noticiasradioreflejos.com.ar\/2021\/jolunan-tiene-las-mejores-promociones-para-la-vuelta-al-cole\/#primaryimage"},"image":{"@id":"https:\/\/www.noticiasradioreflejos.com.ar\/2021\/jolunan-tiene-las-mejores-promociones-para-la-vuelta-al-cole\/#primaryimage"},"thumbnailUrl":"https:\/\/live.staticflickr.com\/65535\/53547916805_a920917190.jpg","datePublished":"2024-02-23T17:48:04+00:00","author":{"@id":"https:\/\/www.noticiasradioreflejos.com.ar\/2021\/#\/schema\/person\/ad82545263dcc5ec0996818884fd5fb1"},"breadcrumb":{"@id":"https:\/\/www.noticiasradioreflejos.com.ar\/2021\/jolunan-tiene-las-mejores-promociones-para-la-vuelta-al-cole\/#breadcrumb"},"inLanguage":"es","potentialAction":[{"@type":"ReadAction","target":["https:\/\/www.noticiasradioreflejos.com.ar\/2021\/jolunan-tiene-las-mejores-promociones-para-la-vuelta-al-cole\/"]}]},{"@type":"ImageObject","inLanguage":"es","@id":"https:\/\/www.noticiasradioreflejos.com.ar\/2021\/jolunan-tiene-las-mejores-promociones-para-la-vuelta-al-cole\/#primaryimage","url":"https:\/\/live.staticflickr.com\/65535\/53547916805_a920917190.jpg","contentUrl":"https:\/\/live.staticflickr.com\/65535\/53547916805_a920917190.jpg"},{"@type":"BreadcrumbList","@id":"https:\/\/www.noticiasradioreflejos.com.ar\/2021\/jolunan-tiene-las-mejores-promociones-para-la-vuelta-al-cole\/#breadcrumb","itemListElement":[{"@type":"ListItem","position":1,"name":"Portada","item":"https:\/\/www.noticiasradioreflejos.com.ar\/2021\/"},{"@type":"ListItem","position":2,"name":"Jolunan tiene las mejores promociones para la vuelta al cole"}]},{"@type":"WebSite","@id":"https:\/\/www.noticiasradioreflejos.com.ar\/2021\/#website","url":"https:\/\/www.noticiasradioreflejos.com.ar\/2021\/","name":"Noticias Radio Reflejos","description":"Las noticias de mi comarca","potentialAction":[{"@type":"SearchAction","target":{"@type":"EntryPoint","urlTemplate":"https:\/\/www.noticiasradioreflejos.com.ar\/2021\/?s={search_term_string}"},"query-input":{"@type":"PropertyValueSpecification","valueRequired":true,"valueName":"search_term_string"}}],"inLanguage":"es"},{"@type":"Person","@id":"https:\/\/www.noticiasradioreflejos.com.ar\/2021\/#\/schema\/person\/ad82545263dcc5ec0996818884fd5fb1","name":"Arnaldo Botto","image":{"@type":"ImageObject","inLanguage":"es","@id":"https:\/\/www.noticiasradioreflejos.com.ar\/2021\/#\/schema\/person\/image\/","url":"https:\/\/secure.gravatar.com\/avatar\/55cb5e37c1efa326397366e6974cb338056df65cb50e7d64d1cf314e87504837?s=96&d=mm&r=g","contentUrl":"https:\/\/secure.gravatar.com\/avatar\/55cb5e37c1efa326397366e6974cb338056df65cb50e7d64d1cf314e87504837?s=96&d=mm&r=g","caption":"Arnaldo Botto"},"url":"https:\/\/www.noticiasradioreflejos.com.ar\/2021\/author\/arnaldo\/"}]}},"_links":{"self":[{"href":"https:\/\/www.noticiasradioreflejos.com.ar\/2021\/wp-json\/wp\/v2\/posts\/99151","targetHints":{"allow":["GET"]}}],"collection":[{"href":"https:\/\/www.noticiasradioreflejos.com.ar\/2021\/wp-json\/wp\/v2\/posts"}],"about":[{"href":"https:\/\/www.noticiasradioreflejos.com.ar\/2021\/wp-json\/wp\/v2\/types\/post"}],"author":[{"embeddable":true,"href":"https:\/\/www.noticiasradioreflejos.com.ar\/2021\/wp-json\/wp\/v2\/users\/3"}],"replies":[{"embeddable":true,"href":"https:\/\/www.noticiasradioreflejos.com.ar\/2021\/wp-json\/wp\/v2\/comments?post=99151"}],"version-history":[{"count":2,"href":"https:\/\/www.noticiasradioreflejos.com.ar\/2021\/wp-json\/wp\/v2\/posts\/99151\/revisions"}],"predecessor-version":[{"id":99156,"href":"https:\/\/www.noticiasradioreflejos.com.ar\/2021\/wp-json\/wp\/v2\/posts\/99151\/revisions\/99156"}],"wp:attachment":[{"href":"https:\/\/www.noticiasradioreflejos.com.ar\/2021\/wp-json\/wp\/v2\/media?parent=99151"}],"wp:term":[{"taxonomy":"category","embeddable":true,"href":"https:\/\/www.noticiasradioreflejos.com.ar\/2021\/wp-json\/wp\/v2\/categories?post=99151"},{"taxonomy":"post_tag","embeddable":true,"href":"https:\/\/www.noticiasradioreflejos.com.ar\/2021\/wp-json\/wp\/v2\/tags?post=99151"}],"curies":[{"name":"wp","href":"https:\/\/api.w.org\/{rel}","templated":true}]}}