{"id":98894,"date":"2024-02-15T11:45:28","date_gmt":"2024-02-15T14:45:28","guid":{"rendered":"https:\/\/www.noticiasradioreflejos.com.ar\/2021\/?p=98894"},"modified":"2024-02-15T11:45:28","modified_gmt":"2024-02-15T14:45:28","slug":"subsidios-a-la-luz-y-el-gas-volvio-a-subir-el-tope-de-ingresos-para-poder-solicitarlos-quienes-pueden-acceder","status":"publish","type":"post","link":"https:\/\/www.noticiasradioreflejos.com.ar\/2021\/subsidios-a-la-luz-y-el-gas-volvio-a-subir-el-tope-de-ingresos-para-poder-solicitarlos-quienes-pueden-acceder\/","title":{"rendered":"Subsidios a la luz y el gas: volvi\u00f3 a subir el tope de ingresos para poder solicitarlos, \u00bfqui\u00e9nes pueden acceder?"},"content":{"rendered":"<p>Con el aumento de la Canasta B\u00e1sica a m\u00e1s de $596.823 se modificaron los segmentos tarifarios y m\u00e1s familias pueden acceder a los subsidios energ\u00e9ticos. C\u00f3mo anotarse en el registro <!--more--><\/p>\n<div class=\"body-article\">\n<div class=\"visual__image\"><img loading=\"lazy\" decoding=\"async\" class=\" lazyload\" src=\"https:\/\/www.infobae.com\/new-resizer\/oUKvaK_wAW9YfTBQNr-uclj5jaw=\/420x236\/filters:format(webp):quality(85)\/cloudfront-us-east-1.images.arcpublishing.com\/infobae\/2BAAGCUWFFCT7I7XDP4CVPZUF4.jpg%20420w\" sizes=\"auto, (min-width: 1560px) 856px, (min-width: 1000px) calc(74.63vw - 293px), (min-width: 780px) calc(100vw - 376px), (min-width: 580px) calc(100vw - 32px), 100vw\" srcset=\"https:\/\/www.infobae.com\/new-resizer\/oUKvaK_wAW9YfTBQNr-uclj5jaw=\/420x236\/filters:format(webp):quality(85)\/cloudfront-us-east-1.images.arcpublishing.com\/infobae\/2BAAGCUWFFCT7I7XDP4CVPZUF4.jpg 420w,https:\/\/www.infobae.com\/new-resizer\/oiraWC5w2N_22MRdGhsoQ15blp0=\/768x432\/filters:format(webp):quality(85)\/cloudfront-us-east-1.images.arcpublishing.com\/infobae\/2BAAGCUWFFCT7I7XDP4CVPZUF4.jpg 768w,https:\/\/www.infobae.com\/new-resizer\/0eWc-Vb9n2mRfQPkN5Uetc8R2ao=\/1200x675\/filters:format(webp):quality(85)\/cloudfront-us-east-1.images.arcpublishing.com\/infobae\/2BAAGCUWFFCT7I7XDP4CVPZUF4.jpg 1200w,https:\/\/www.infobae.com\/new-resizer\/yqPJq3oXQ7KgIa8i_hJ_q4v3xXM=\/1440x810\/filters:format(webp):quality(85)\/cloudfront-us-east-1.images.arcpublishing.com\/infobae\/2BAAGCUWFFCT7I7XDP4CVPZUF4.jpg 1440w\" alt=\"Los usuarios que quieran acceder al beneficio podr\u00e1n inscribirse a trav\u00e9s de la solapa &quot;subsidios&quot; del sitio web argentina.gob.ar\" width=\"1980\" height=\"1080\" data-src=\"https:\/\/www.infobae.com\/new-resizer\/oUKvaK_wAW9YfTBQNr-uclj5jaw=\/420x236\/filters:format(webp):quality(85)\/cloudfront-us-east-1.images.arcpublishing.com\/infobae\/2BAAGCUWFFCT7I7XDP4CVPZUF4.jpg 420w\" \/>Los usuarios que quieran acceder al beneficio podr\u00e1n inscribirse a trav\u00e9s de la solapa \u00absubsidios\u00bb del sitio web argentina.gob.ar<\/div>\n<p data-mrf-recirculation=\"Links inline\">\n<p class=\"paragraph\" data-mrf-recirculation=\"Links inline\">El Instituto Nacional de Estad\u00edstica y Censos (Indec) public\u00f3 ayer 14 de febrero que la\u00a0<a href=\"https:\/\/www.infobae.com\/economia\/2024\/02\/14\/una-familia-de-cuatro-integrantes-necesito-en-enero-596823-para-no-ser-pobre\/\" target=\"_blank\" rel=\"noopener noreferrer\" data-mrf-link=\"https:\/\/www.infobae.com\/economia\/2024\/02\/14\/una-familia-de-cuatro-integrantes-necesito-en-enero-596823-para-no-ser-pobre\/\">Canasta B\u00e1sica Total (CBT)<\/a>, par\u00e1metro utilizado para determinar el umbral de pobreza, experiment\u00f3 un marcado incremento en enero de 2024, situ\u00e1ndose en $596.823,18. Este ajuste representa un notable ascenso desde los $495.798 reportados en diciembre de 2023, subrayando el impacto de la inflaci\u00f3n en el costo de vida de la poblaci\u00f3n argentina.<\/p>\n<p class=\"paragraph\" data-mrf-recirculation=\"Links inline\">Dado este contexto inflacionario, el acceso a los\u00a0<b>subsidios para servicios b\u00e1sicos como la luz y el gas<\/b>\u00a0se ve indirectamente afectado, ya que las normativas vigentes estipulan que las familias cuyos ingresos no superen 3,5 veces el valor de la CBT pueden solicitar estos beneficios. Con el reciente aumento de la CBT a $596.823,18,\u00a0<b>el tope de ingresos para calificar a los subsidios tambi\u00e9n se eleva<\/b>, permitiendo que un espectro m\u00e1s amplio de la poblaci\u00f3n pueda acceder a ellos.<\/p>\n<p class=\"paragraph\" data-mrf-recirculation=\"Links inline\">Esta din\u00e1mica no resulta de un cambio directo en las pol\u00edticas gubernamentales sobre los subsidios, sino de la aplicaci\u00f3n de las reglas existentes en un entorno de creciente inflaci\u00f3n. La actualizaci\u00f3n del valor de la CBT ajusta autom\u00e1ticamente los umbrales de ingreso para la elegibilidad de subsidios, reflejando c\u00f3mo las condiciones econ\u00f3micas afectan directamente a las medidas de asistencia social.<\/p>\n<div class=\"visual__image\"><img loading=\"lazy\" decoding=\"async\" class=\" lazyload\" src=\"https:\/\/www.infobae.com\/new-resizer\/-09uEKV9XPDdNuelKJX-Z38fksM=\/420x420\/filters:format(webp):quality(85)\/cloudfront-us-east-1.images.arcpublishing.com\/infobae\/7YF2KGUYQJGPVDAHTTREOYM5E4.png%20420w\" sizes=\"auto, (min-width: 1560px) 856px, (min-width: 1000px) calc(74.63vw - 293px), (min-width: 780px) calc(100vw - 376px), (min-width: 580px) calc(100vw - 32px), 100vw\" srcset=\"https:\/\/www.infobae.com\/new-resizer\/-09uEKV9XPDdNuelKJX-Z38fksM=\/420x420\/filters:format(webp):quality(85)\/cloudfront-us-east-1.images.arcpublishing.com\/infobae\/7YF2KGUYQJGPVDAHTTREOYM5E4.png 420w,https:\/\/www.infobae.com\/new-resizer\/TQSaZu30wcqDe0p7v-8gfbSiosU=\/768x768\/filters:format(webp):quality(85)\/cloudfront-us-east-1.images.arcpublishing.com\/infobae\/7YF2KGUYQJGPVDAHTTREOYM5E4.png 768w,https:\/\/www.infobae.com\/new-resizer\/zGlg_S3j9XYBiO1rzxqkSL2O79M=\/1200x1200\/filters:format(webp):quality(85)\/cloudfront-us-east-1.images.arcpublishing.com\/infobae\/7YF2KGUYQJGPVDAHTTREOYM5E4.png 1200w,https:\/\/www.infobae.com\/new-resizer\/Ir1RBbYglNnLbRwdM5STCxWzIzs=\/1440x1440\/filters:format(webp):quality(85)\/cloudfront-us-east-1.images.arcpublishing.com\/infobae\/7YF2KGUYQJGPVDAHTTREOYM5E4.png 1440w\" alt=\"Una familia tipo de cuatro integrantes, compuesta por dos adultos y dos ni\u00f1os, necesit\u00f3 en enero $596.823 para no ser considerada pobre en el Gran Buenos Aires. (Indec)\" width=\"1920\" height=\"1963\" data-src=\"https:\/\/www.infobae.com\/new-resizer\/-09uEKV9XPDdNuelKJX-Z38fksM=\/420x420\/filters:format(webp):quality(85)\/cloudfront-us-east-1.images.arcpublishing.com\/infobae\/7YF2KGUYQJGPVDAHTTREOYM5E4.png 420w\" \/>Una familia tipo de cuatro integrantes, compuesta por dos adultos y dos ni\u00f1os, necesit\u00f3 en enero $596.823 para no ser considerada pobre en el Gran Buenos Aires. (Indec)<\/div>\n<p class=\"paragraph\" data-mrf-recirculation=\"Links inline\">Para aquellos interesados en solicitar los subsidios, es crucial revisar los criterios de elegibilidad y seguir el proceso de aplicaci\u00f3n establecido, teniendo en cuenta que los l\u00edmites de ingreso se ajustan en funci\u00f3n de la evoluci\u00f3n de la CBT. Este mecanismo asegura que la asistencia estatal se adapte a las realidades econ\u00f3micas, proporcionando soporte a quienes m\u00e1s lo necesitan en tiempos de incertidumbre financiera.<\/p>\n<p class=\"paragraph\" data-mrf-recirculation=\"Links inline\">Con la actualizaci\u00f3n de la CBT a $596.823,18,\u00a0<b>el tope de ingresos para acceder a los subsidios de servicios b\u00e1sicos como la luz y el gas se ajusta a $2.089.881,13<\/b>, al aplicar el criterio de 3,5 veces el valor de la CBT. Este ajuste permite que un mayor n\u00famero de familias pueda calificar para recibir estos beneficios esenciales, si es que sus ingresos aumentaron menos del 20,45% de suba que tuvo el tope en el \u00faltimo mes.<\/p>\n<p class=\"paragraph\" data-mrf-recirculation=\"Links inline\">Se entiende por ingresos totales del hogar a la\u00a0<b>suma mensual de los ingresos de bolsillo de cada integrante del hogar<\/b>.<\/p>\n<div class=\"headline-wrapper\">\n<h2 class=\"header headline-class-h2\">Qui\u00e9nes pueden recibir subsidios a la luz y el gas<\/h2>\n<\/div>\n<p class=\"paragraph\" data-mrf-recirculation=\"Links inline\">Para acceder a los subsidios, los interesados deben inscribirse en el Registro de Acceso a los Subsidios de Energ\u00eda (RASE), un tr\u00e1mite que puede realizarse a trav\u00e9s del sitio web oficial del Gobierno. Se recomienda tener a mano documentaci\u00f3n esencial como el n\u00famero de medidor, el n\u00famero de cliente, el \u00faltimo ejemplar del DNI de los residentes mayores de 18 a\u00f1os, y una direcci\u00f3n de correo electr\u00f3nico, entre otros.<\/p>\n<p class=\"paragraph\" data-mrf-recirculation=\"Links inline\">La segmentaci\u00f3n de usuarios se organiza en tres niveles:<\/p>\n<ul class=\"list\" data-icon=\"\u2b24\">\n<li data-icon=\"\u2b24\"><b>Segmento de ingresos altos (N1):<\/b>\u00a0No reciben beneficio. Incluye hogares con ingresos mensuales totales superiores al umbral establecido, propietarios de tres o m\u00e1s veh\u00edculos de menos de cinco a\u00f1os de antig\u00fcedad, tres o m\u00e1s inmuebles, o bienes de lujo.<\/li>\n<li data-icon=\"\u2b24\"><b>Segmento de ingresos medios (N3):<\/b>\u00a0Pueden solicitar el subsidio. Comprende a aquellos hogares con ingresos mensuales totales entre $596.823,18 y $2.089.881,13, ajust\u00e1ndose por condiciones particulares como la presencia de personas con discapacidad.<\/li>\n<li data-icon=\"\u2b24\"><b>Segmento de menores ingresos (N2):<\/b>\u00a0Tambi\u00e9n elegibles para el subsidio, este grupo incluye a hogares con ingresos netos inferiores a $495.798,32, con ajustes por condiciones especiales.<\/li>\n<\/ul>\n<div class=\"headline-wrapper\">\n<h2 class=\"header headline-class-h2\">\u00bfC\u00f3mo inscribirse para recibir subsidios?<\/h2>\n<\/div>\n<p class=\"paragraph\" data-mrf-recirculation=\"Links inline\">Mientras tanto, el Gobierno nacional mantiene abierta la inscripci\u00f3n del registro para solicitar el mantenimiento de los\u00a0<b>subsidios\u00a0<\/b>a la\u00a0<b>energ\u00eda el\u00e9ctrica<\/b>\u00a0y el\u00a0<b>gas natural<\/b>, cuya inscripci\u00f3n es obligatoria en caso de que se desee continuar con el beneficio.<\/p>\n<p class=\"paragraph\" data-mrf-recirculation=\"Links inline\">Los interesados deber\u00e1n ingresar al siguiente sitio Web: www.argentina.gob.ar\/subsidios y realizar un tr\u00e1mite que en principio deber\u00eda demorar s\u00f3lo unos minutos.<\/p>\n<p class=\"paragraph\" data-mrf-recirculation=\"Links inline\">Antes de empezar el tr\u00e1mite v\u00eda online desde la Secretar\u00eda de Energ\u00eda de la Naci\u00f3n recomiendan tener a mano la siguiente documentaci\u00f3n:<\/p>\n<ul class=\"list\" data-icon=\"\u2b24\">\n<li data-icon=\"\u2b24\">El n\u00famero de medidor y el n\u00famero de Cliente\/Servicio\/Cuenta\/Contrato o NIS que est\u00e1n en tu factura de energ\u00eda el\u00e9ctrica y gas natural por red. Se puede ingresar al siguiente enlace: https:\/\/www.argentina.gob.ar\/subsidios\/facturas<\/li>\n<li data-icon=\"\u2b24\">El \u00faltimo ejemplar de tu DNI.<\/li>\n<li data-icon=\"\u2b24\">El n\u00famero de CUIL de cada integrante del hogar mayor de 18 a\u00f1os.<\/li>\n<li data-icon=\"\u2b24\">Los ingresos de bolsillo de cada integrante del hogar mayor de 18 a\u00f1os.<\/li>\n<li data-icon=\"\u2b24\">Una direcci\u00f3n de correo electr\u00f3nico.<\/li>\n<li data-icon=\"\u2b24\">Si en el domicilio de los servicios funciona un comedor o merendero comunitario registrado en el ReNaCOM, ten\u00e9 a mano el n\u00famero de registro.<\/li>\n<\/ul>\n<div class=\"visual__image\"><img loading=\"lazy\" decoding=\"async\" class=\" lazyload\" src=\"https:\/\/www.infobae.com\/new-resizer\/kseFP-wYTs8lTe2fYpewBr5hUdM=\/420x236\/filters:format(webp):quality(85)\/cloudfront-us-east-1.images.arcpublishing.com\/infobae\/DHFEQ5IAOJAYHGUY2ZINFDXEJY.jpg%20420w\" sizes=\"auto, (min-width: 1560px) 856px, (min-width: 1000px) calc(74.63vw - 293px), (min-width: 780px) calc(100vw - 376px), (min-width: 580px) calc(100vw - 32px), 100vw\" srcset=\"https:\/\/www.infobae.com\/new-resizer\/kseFP-wYTs8lTe2fYpewBr5hUdM=\/420x236\/filters:format(webp):quality(85)\/cloudfront-us-east-1.images.arcpublishing.com\/infobae\/DHFEQ5IAOJAYHGUY2ZINFDXEJY.jpg 420w,https:\/\/www.infobae.com\/new-resizer\/LpUH9jl32KLeht9DBeDJI4GI8pQ=\/768x432\/filters:format(webp):quality(85)\/cloudfront-us-east-1.images.arcpublishing.com\/infobae\/DHFEQ5IAOJAYHGUY2ZINFDXEJY.jpg 768w,https:\/\/www.infobae.com\/new-resizer\/hurgDdgNV_Lv0K_56ySa6yWWsRM=\/1200x675\/filters:format(webp):quality(85)\/cloudfront-us-east-1.images.arcpublishing.com\/infobae\/DHFEQ5IAOJAYHGUY2ZINFDXEJY.jpg 1200w,https:\/\/www.infobae.com\/new-resizer\/lR6H_HlOl4hA-8pBPOjRis2_coE=\/1440x810\/filters:format(webp):quality(85)\/cloudfront-us-east-1.images.arcpublishing.com\/infobae\/DHFEQ5IAOJAYHGUY2ZINFDXEJY.jpg 1440w\" alt=\"La inscripci\u00f3n al RASE se realiza en www.argentina.gob.ar\/subsidios \" width=\"1920\" height=\"1074\" data-src=\"https:\/\/www.infobae.com\/new-resizer\/kseFP-wYTs8lTe2fYpewBr5hUdM=\/420x236\/filters:format(webp):quality(85)\/cloudfront-us-east-1.images.arcpublishing.com\/infobae\/DHFEQ5IAOJAYHGUY2ZINFDXEJY.jpg 420w\" \/>La inscripci\u00f3n al RASE se realiza en www.argentina.gob.ar\/subsidios<\/div>\n<div class=\"headline-wrapper\">\n<h2 class=\"header headline-class-h2\">\u00bfQu\u00e9 se necesita para iniciar el pedido de subsidios?<\/h2>\n<\/div>\n<p class=\"paragraph\" data-mrf-recirculation=\"Links inline\"><b>Datos personales<\/b>: vas a necesitar tu DNI y el de quienes conviven con vos en el domicilio para el cual vas a solicitar el subsidio. Adem\u00e1s, vamos a requerir informaci\u00f3n sobre tu situaci\u00f3n laboral, ingresos mensuales totales del hogar y tu n\u00famero de CUIT o CUIL.<\/p>\n<p class=\"paragraph\" data-mrf-recirculation=\"Links inline\"><b>Datos de los servicios:<\/b>\u00a0ten\u00e9 a mano los n\u00fameros de medidor, de cliente, cuenta, servicio, contrato y\/o NIS (N\u00famero de Identificaci\u00f3n del Suministro) que est\u00e1n en tus facturas de luz y\/o gas para que podamos asociarlos con tu hogar.<\/p>\n<div class=\"headline-wrapper\">\n<h2 class=\"header headline-class-h2\">\u00bfTengo que inscribirme si recibo una asignaci\u00f3n, una pensi\u00f3n o jubilaci\u00f3n?<\/h2>\n<\/div>\n<p class=\"paragraph\" data-mrf-recirculation=\"Links inline\">S\u00ed, tienen que inscribirse todas las personas, incluyendo las que perciben una jubilaci\u00f3n, pensi\u00f3n y\/o son beneficiarias de programas sociales como la Asignaci\u00f3n Universal por Hijo, Progresar y Potenciar Trabajo.<\/p>\n<div class=\"headline-wrapper\">\n<h2 class=\"header headline-class-h2\">\u00bfPuedo mantener el subsidio si alquilo o resido en la propiedad?<\/h2>\n<\/div>\n<p class=\"paragraph\" data-mrf-recirculation=\"Links inline\">S\u00ed, aunque el beneficiario no sea el propietario del domicilio, va a recibir el subsidio como persona usuaria de los servicios. Si la factura no llega a nombre del inquilino, igual se puede realizar la solicitud como usuario de los servicios indicando que no el beneficiario no es la persona titular.<\/p>\n<div class=\"headline-wrapper\">\n<h2 class=\"header headline-class-h2\">\u00bfQu\u00e9 sucede si tengo m\u00e1s de un servicio de electricidad o gas a mi nombre?<\/h2>\n<\/div>\n<p class=\"paragraph\" data-mrf-recirculation=\"Links inline\">En ese caso, solamente se deber\u00e1n completar los datos del servicio de un solo domicilio.<\/p>\n<\/div>\n<p data-mrf-recirculation=\"Links inline\">\n<p data-mrf-recirculation=\"Links inline\">\n<p data-mrf-recirculation=\"Links inline\"><em><strong>Fuente Infobae<\/strong><\/em><\/p>\n","protected":false},"excerpt":{"rendered":"<p>Con el aumento de la Canasta B\u00e1sica a m\u00e1s de $596.823 se modificaron los segmentos tarifarios y m\u00e1s familias pueden acceder a los subsidios energ\u00e9ticos. C\u00f3mo anotarse en el registro<\/p>\n","protected":false},"author":3,"featured_media":98895,"comment_status":"closed","ping_status":"closed","sticky":false,"template":"","format":"standard","meta":{"footnotes":""},"categories":[36],"tags":[],"class_list":["post-98894","post","type-post","status-publish","format-standard","has-post-thumbnail","hentry","category-economia"],"yoast_head":"<!-- This site is optimized with the Yoast SEO plugin v25.9 - https:\/\/yoast.com\/wordpress\/plugins\/seo\/ -->\n<title>Subsidios a la luz y el gas: volvi\u00f3 a subir el tope de ingresos para poder solicitarlos, \u00bfqui\u00e9nes pueden acceder? - Noticias Radio Reflejos<\/title>\n<meta name=\"robots\" content=\"index, follow, max-snippet:-1, max-image-preview:large, max-video-preview:-1\" \/>\n<link rel=\"canonical\" href=\"https:\/\/www.noticiasradioreflejos.com.ar\/2021\/subsidios-a-la-luz-y-el-gas-volvio-a-subir-el-tope-de-ingresos-para-poder-solicitarlos-quienes-pueden-acceder\/\" \/>\n<meta property=\"og:locale\" content=\"es_ES\" \/>\n<meta property=\"og:type\" content=\"article\" \/>\n<meta property=\"og:title\" content=\"Subsidios a la luz y el gas: volvi\u00f3 a subir el tope de ingresos para poder solicitarlos, \u00bfqui\u00e9nes pueden acceder? - Noticias Radio Reflejos\" \/>\n<meta property=\"og:description\" content=\"Con el aumento de la Canasta B\u00e1sica a m\u00e1s de $596.823 se modificaron los segmentos tarifarios y m\u00e1s familias pueden acceder a los subsidios energ\u00e9ticos. C\u00f3mo anotarse en el registro\" \/>\n<meta property=\"og:url\" content=\"https:\/\/www.noticiasradioreflejos.com.ar\/2021\/subsidios-a-la-luz-y-el-gas-volvio-a-subir-el-tope-de-ingresos-para-poder-solicitarlos-quienes-pueden-acceder\/\" \/>\n<meta property=\"og:site_name\" content=\"Noticias Radio Reflejos\" \/>\n<meta property=\"article:published_time\" content=\"2024-02-15T14:45:28+00:00\" \/>\n<meta property=\"og:image\" content=\"https:\/\/www.noticiasradioreflejos.com.ar\/2021\/wp-content\/uploads\/2024\/02\/Factura-de-Camuzzi.jpeg\" \/>\n\t<meta property=\"og:image:width\" content=\"1206\" \/>\n\t<meta property=\"og:image:height\" content=\"720\" \/>\n\t<meta property=\"og:image:type\" content=\"image\/jpeg\" \/>\n<meta name=\"author\" content=\"Arnaldo Botto\" \/>\n<meta name=\"twitter:card\" content=\"summary_large_image\" \/>\n<script type=\"application\/ld+json\" class=\"yoast-schema-graph\">{\"@context\":\"https:\/\/schema.org\",\"@graph\":[{\"@type\":\"WebPage\",\"@id\":\"https:\/\/www.noticiasradioreflejos.com.ar\/2021\/subsidios-a-la-luz-y-el-gas-volvio-a-subir-el-tope-de-ingresos-para-poder-solicitarlos-quienes-pueden-acceder\/\",\"url\":\"https:\/\/www.noticiasradioreflejos.com.ar\/2021\/subsidios-a-la-luz-y-el-gas-volvio-a-subir-el-tope-de-ingresos-para-poder-solicitarlos-quienes-pueden-acceder\/\",\"name\":\"Subsidios a la luz y el gas: volvi\u00f3 a subir el tope de ingresos para poder solicitarlos, \u00bfqui\u00e9nes pueden acceder? - Noticias Radio Reflejos\",\"isPartOf\":{\"@id\":\"https:\/\/www.noticiasradioreflejos.com.ar\/2021\/#website\"},\"primaryImageOfPage\":{\"@id\":\"https:\/\/www.noticiasradioreflejos.com.ar\/2021\/subsidios-a-la-luz-y-el-gas-volvio-a-subir-el-tope-de-ingresos-para-poder-solicitarlos-quienes-pueden-acceder\/#primaryimage\"},\"image\":{\"@id\":\"https:\/\/www.noticiasradioreflejos.com.ar\/2021\/subsidios-a-la-luz-y-el-gas-volvio-a-subir-el-tope-de-ingresos-para-poder-solicitarlos-quienes-pueden-acceder\/#primaryimage\"},\"thumbnailUrl\":\"https:\/\/www.noticiasradioreflejos.com.ar\/2021\/wp-content\/uploads\/2024\/02\/Factura-de-Camuzzi.jpeg\",\"datePublished\":\"2024-02-15T14:45:28+00:00\",\"author\":{\"@id\":\"https:\/\/www.noticiasradioreflejos.com.ar\/2021\/#\/schema\/person\/ad82545263dcc5ec0996818884fd5fb1\"},\"breadcrumb\":{\"@id\":\"https:\/\/www.noticiasradioreflejos.com.ar\/2021\/subsidios-a-la-luz-y-el-gas-volvio-a-subir-el-tope-de-ingresos-para-poder-solicitarlos-quienes-pueden-acceder\/#breadcrumb\"},\"inLanguage\":\"es\",\"potentialAction\":[{\"@type\":\"ReadAction\",\"target\":[\"https:\/\/www.noticiasradioreflejos.com.ar\/2021\/subsidios-a-la-luz-y-el-gas-volvio-a-subir-el-tope-de-ingresos-para-poder-solicitarlos-quienes-pueden-acceder\/\"]}]},{\"@type\":\"ImageObject\",\"inLanguage\":\"es\",\"@id\":\"https:\/\/www.noticiasradioreflejos.com.ar\/2021\/subsidios-a-la-luz-y-el-gas-volvio-a-subir-el-tope-de-ingresos-para-poder-solicitarlos-quienes-pueden-acceder\/#primaryimage\",\"url\":\"https:\/\/www.noticiasradioreflejos.com.ar\/2021\/wp-content\/uploads\/2024\/02\/Factura-de-Camuzzi.jpeg\",\"contentUrl\":\"https:\/\/www.noticiasradioreflejos.com.ar\/2021\/wp-content\/uploads\/2024\/02\/Factura-de-Camuzzi.jpeg\",\"width\":1206,\"height\":720},{\"@type\":\"BreadcrumbList\",\"@id\":\"https:\/\/www.noticiasradioreflejos.com.ar\/2021\/subsidios-a-la-luz-y-el-gas-volvio-a-subir-el-tope-de-ingresos-para-poder-solicitarlos-quienes-pueden-acceder\/#breadcrumb\",\"itemListElement\":[{\"@type\":\"ListItem\",\"position\":1,\"name\":\"Portada\",\"item\":\"https:\/\/www.noticiasradioreflejos.com.ar\/2021\/\"},{\"@type\":\"ListItem\",\"position\":2,\"name\":\"Subsidios a la luz y el gas: volvi\u00f3 a subir el tope de ingresos para poder solicitarlos, \u00bfqui\u00e9nes pueden acceder?\"}]},{\"@type\":\"WebSite\",\"@id\":\"https:\/\/www.noticiasradioreflejos.com.ar\/2021\/#website\",\"url\":\"https:\/\/www.noticiasradioreflejos.com.ar\/2021\/\",\"name\":\"Noticias Radio Reflejos\",\"description\":\"Las noticias de mi comarca\",\"potentialAction\":[{\"@type\":\"SearchAction\",\"target\":{\"@type\":\"EntryPoint\",\"urlTemplate\":\"https:\/\/www.noticiasradioreflejos.com.ar\/2021\/?s={search_term_string}\"},\"query-input\":{\"@type\":\"PropertyValueSpecification\",\"valueRequired\":true,\"valueName\":\"search_term_string\"}}],\"inLanguage\":\"es\"},{\"@type\":\"Person\",\"@id\":\"https:\/\/www.noticiasradioreflejos.com.ar\/2021\/#\/schema\/person\/ad82545263dcc5ec0996818884fd5fb1\",\"name\":\"Arnaldo Botto\",\"image\":{\"@type\":\"ImageObject\",\"inLanguage\":\"es\",\"@id\":\"https:\/\/www.noticiasradioreflejos.com.ar\/2021\/#\/schema\/person\/image\/\",\"url\":\"https:\/\/secure.gravatar.com\/avatar\/55cb5e37c1efa326397366e6974cb338056df65cb50e7d64d1cf314e87504837?s=96&d=mm&r=g\",\"contentUrl\":\"https:\/\/secure.gravatar.com\/avatar\/55cb5e37c1efa326397366e6974cb338056df65cb50e7d64d1cf314e87504837?s=96&d=mm&r=g\",\"caption\":\"Arnaldo Botto\"},\"url\":\"https:\/\/www.noticiasradioreflejos.com.ar\/2021\/author\/arnaldo\/\"}]}<\/script>\n<!-- \/ Yoast SEO plugin. -->","yoast_head_json":{"title":"Subsidios a la luz y el gas: volvi\u00f3 a subir el tope de ingresos para poder solicitarlos, \u00bfqui\u00e9nes pueden acceder? - Noticias Radio Reflejos","robots":{"index":"index","follow":"follow","max-snippet":"max-snippet:-1","max-image-preview":"max-image-preview:large","max-video-preview":"max-video-preview:-1"},"canonical":"https:\/\/www.noticiasradioreflejos.com.ar\/2021\/subsidios-a-la-luz-y-el-gas-volvio-a-subir-el-tope-de-ingresos-para-poder-solicitarlos-quienes-pueden-acceder\/","og_locale":"es_ES","og_type":"article","og_title":"Subsidios a la luz y el gas: volvi\u00f3 a subir el tope de ingresos para poder solicitarlos, \u00bfqui\u00e9nes pueden acceder? - Noticias Radio Reflejos","og_description":"Con el aumento de la Canasta B\u00e1sica a m\u00e1s de $596.823 se modificaron los segmentos tarifarios y m\u00e1s familias pueden acceder a los subsidios energ\u00e9ticos. C\u00f3mo anotarse en el registro","og_url":"https:\/\/www.noticiasradioreflejos.com.ar\/2021\/subsidios-a-la-luz-y-el-gas-volvio-a-subir-el-tope-de-ingresos-para-poder-solicitarlos-quienes-pueden-acceder\/","og_site_name":"Noticias Radio Reflejos","article_published_time":"2024-02-15T14:45:28+00:00","og_image":[{"width":1206,"height":720,"url":"https:\/\/www.noticiasradioreflejos.com.ar\/2021\/wp-content\/uploads\/2024\/02\/Factura-de-Camuzzi.jpeg","type":"image\/jpeg"}],"author":"Arnaldo Botto","twitter_card":"summary_large_image","schema":{"@context":"https:\/\/schema.org","@graph":[{"@type":"WebPage","@id":"https:\/\/www.noticiasradioreflejos.com.ar\/2021\/subsidios-a-la-luz-y-el-gas-volvio-a-subir-el-tope-de-ingresos-para-poder-solicitarlos-quienes-pueden-acceder\/","url":"https:\/\/www.noticiasradioreflejos.com.ar\/2021\/subsidios-a-la-luz-y-el-gas-volvio-a-subir-el-tope-de-ingresos-para-poder-solicitarlos-quienes-pueden-acceder\/","name":"Subsidios a la luz y el gas: volvi\u00f3 a subir el tope de ingresos para poder solicitarlos, \u00bfqui\u00e9nes pueden acceder? - Noticias Radio Reflejos","isPartOf":{"@id":"https:\/\/www.noticiasradioreflejos.com.ar\/2021\/#website"},"primaryImageOfPage":{"@id":"https:\/\/www.noticiasradioreflejos.com.ar\/2021\/subsidios-a-la-luz-y-el-gas-volvio-a-subir-el-tope-de-ingresos-para-poder-solicitarlos-quienes-pueden-acceder\/#primaryimage"},"image":{"@id":"https:\/\/www.noticiasradioreflejos.com.ar\/2021\/subsidios-a-la-luz-y-el-gas-volvio-a-subir-el-tope-de-ingresos-para-poder-solicitarlos-quienes-pueden-acceder\/#primaryimage"},"thumbnailUrl":"https:\/\/www.noticiasradioreflejos.com.ar\/2021\/wp-content\/uploads\/2024\/02\/Factura-de-Camuzzi.jpeg","datePublished":"2024-02-15T14:45:28+00:00","author":{"@id":"https:\/\/www.noticiasradioreflejos.com.ar\/2021\/#\/schema\/person\/ad82545263dcc5ec0996818884fd5fb1"},"breadcrumb":{"@id":"https:\/\/www.noticiasradioreflejos.com.ar\/2021\/subsidios-a-la-luz-y-el-gas-volvio-a-subir-el-tope-de-ingresos-para-poder-solicitarlos-quienes-pueden-acceder\/#breadcrumb"},"inLanguage":"es","potentialAction":[{"@type":"ReadAction","target":["https:\/\/www.noticiasradioreflejos.com.ar\/2021\/subsidios-a-la-luz-y-el-gas-volvio-a-subir-el-tope-de-ingresos-para-poder-solicitarlos-quienes-pueden-acceder\/"]}]},{"@type":"ImageObject","inLanguage":"es","@id":"https:\/\/www.noticiasradioreflejos.com.ar\/2021\/subsidios-a-la-luz-y-el-gas-volvio-a-subir-el-tope-de-ingresos-para-poder-solicitarlos-quienes-pueden-acceder\/#primaryimage","url":"https:\/\/www.noticiasradioreflejos.com.ar\/2021\/wp-content\/uploads\/2024\/02\/Factura-de-Camuzzi.jpeg","contentUrl":"https:\/\/www.noticiasradioreflejos.com.ar\/2021\/wp-content\/uploads\/2024\/02\/Factura-de-Camuzzi.jpeg","width":1206,"height":720},{"@type":"BreadcrumbList","@id":"https:\/\/www.noticiasradioreflejos.com.ar\/2021\/subsidios-a-la-luz-y-el-gas-volvio-a-subir-el-tope-de-ingresos-para-poder-solicitarlos-quienes-pueden-acceder\/#breadcrumb","itemListElement":[{"@type":"ListItem","position":1,"name":"Portada","item":"https:\/\/www.noticiasradioreflejos.com.ar\/2021\/"},{"@type":"ListItem","position":2,"name":"Subsidios a la luz y el gas: volvi\u00f3 a subir el tope de ingresos para poder solicitarlos, \u00bfqui\u00e9nes pueden acceder?"}]},{"@type":"WebSite","@id":"https:\/\/www.noticiasradioreflejos.com.ar\/2021\/#website","url":"https:\/\/www.noticiasradioreflejos.com.ar\/2021\/","name":"Noticias Radio Reflejos","description":"Las noticias de mi comarca","potentialAction":[{"@type":"SearchAction","target":{"@type":"EntryPoint","urlTemplate":"https:\/\/www.noticiasradioreflejos.com.ar\/2021\/?s={search_term_string}"},"query-input":{"@type":"PropertyValueSpecification","valueRequired":true,"valueName":"search_term_string"}}],"inLanguage":"es"},{"@type":"Person","@id":"https:\/\/www.noticiasradioreflejos.com.ar\/2021\/#\/schema\/person\/ad82545263dcc5ec0996818884fd5fb1","name":"Arnaldo Botto","image":{"@type":"ImageObject","inLanguage":"es","@id":"https:\/\/www.noticiasradioreflejos.com.ar\/2021\/#\/schema\/person\/image\/","url":"https:\/\/secure.gravatar.com\/avatar\/55cb5e37c1efa326397366e6974cb338056df65cb50e7d64d1cf314e87504837?s=96&d=mm&r=g","contentUrl":"https:\/\/secure.gravatar.com\/avatar\/55cb5e37c1efa326397366e6974cb338056df65cb50e7d64d1cf314e87504837?s=96&d=mm&r=g","caption":"Arnaldo Botto"},"url":"https:\/\/www.noticiasradioreflejos.com.ar\/2021\/author\/arnaldo\/"}]}},"_links":{"self":[{"href":"https:\/\/www.noticiasradioreflejos.com.ar\/2021\/wp-json\/wp\/v2\/posts\/98894","targetHints":{"allow":["GET"]}}],"collection":[{"href":"https:\/\/www.noticiasradioreflejos.com.ar\/2021\/wp-json\/wp\/v2\/posts"}],"about":[{"href":"https:\/\/www.noticiasradioreflejos.com.ar\/2021\/wp-json\/wp\/v2\/types\/post"}],"author":[{"embeddable":true,"href":"https:\/\/www.noticiasradioreflejos.com.ar\/2021\/wp-json\/wp\/v2\/users\/3"}],"replies":[{"embeddable":true,"href":"https:\/\/www.noticiasradioreflejos.com.ar\/2021\/wp-json\/wp\/v2\/comments?post=98894"}],"version-history":[{"count":1,"href":"https:\/\/www.noticiasradioreflejos.com.ar\/2021\/wp-json\/wp\/v2\/posts\/98894\/revisions"}],"predecessor-version":[{"id":98896,"href":"https:\/\/www.noticiasradioreflejos.com.ar\/2021\/wp-json\/wp\/v2\/posts\/98894\/revisions\/98896"}],"wp:featuredmedia":[{"embeddable":true,"href":"https:\/\/www.noticiasradioreflejos.com.ar\/2021\/wp-json\/wp\/v2\/media\/98895"}],"wp:attachment":[{"href":"https:\/\/www.noticiasradioreflejos.com.ar\/2021\/wp-json\/wp\/v2\/media?parent=98894"}],"wp:term":[{"taxonomy":"category","embeddable":true,"href":"https:\/\/www.noticiasradioreflejos.com.ar\/2021\/wp-json\/wp\/v2\/categories?post=98894"},{"taxonomy":"post_tag","embeddable":true,"href":"https:\/\/www.noticiasradioreflejos.com.ar\/2021\/wp-json\/wp\/v2\/tags?post=98894"}],"curies":[{"name":"wp","href":"https:\/\/api.w.org\/{rel}","templated":true}]}}