{"id":98873,"date":"2024-02-14T17:35:46","date_gmt":"2024-02-14T20:35:46","guid":{"rendered":"https:\/\/www.noticiasradioreflejos.com.ar\/2021\/?p=98873"},"modified":"2024-02-14T17:35:46","modified_gmt":"2024-02-14T20:35:46","slug":"informe-de-la-oficina-de-violencia-por-razones-de-genero-sobre-situaciones-abordadas-en-2024","status":"publish","type":"post","link":"https:\/\/www.noticiasradioreflejos.com.ar\/2021\/informe-de-la-oficina-de-violencia-por-razones-de-genero-sobre-situaciones-abordadas-en-2024\/","title":{"rendered":"Informe de la oficina de Violencia por Razones de G\u00e9nero sobre situaciones abordadas en 2024"},"content":{"rendered":"<p>La oficina de Violencia por Razones de G\u00e9nero de Tornquist Municipio, comparte el informe detallado de las estad\u00edsticas de las situaciones abordadas en el distrito en lo que va del 2024 y su respectivo an\u00e1lisis.<!--more--><\/p>\n<p><a data-flickr-embed=\"true\" href=\"https:\/\/www.flickr.com\/photos\/182279889@N02\/53529455936\/in\/dateposted-public\/\" title=\"Estad\u00edsticas Enero24 - Estad\u00edsticas Enero 24\"><img loading=\"lazy\" decoding=\"async\" src=\"https:\/\/live.staticflickr.com\/65535\/53529455936_a47d335895.jpg\" width=\"500\" height=\"500\" alt=\"Estad\u00edsticas Enero24 - Estad\u00edsticas Enero 24\"\/><\/a><script async src=\"\/\/embedr.flickr.com\/assets\/client-code.js\" charset=\"utf-8\"><\/script><\/p>\n<p>Adem\u00e1s de registrarse 9 nuevas situaciones de ingreso que nunca hab\u00edan tomado contacto con la oficina, el equipo continu\u00f3 abordando otros casos a modo de seguimiento. De todas las situaciones intervenidas en enero del 2024, el 40 % ya estaban siendo acompa\u00f1adas por el equipo y el 60 % corresponden a nuevos ingresos.<\/p>\n<p><a data-flickr-embed=\"true\" href=\"https:\/\/www.flickr.com\/photos\/182279889@N02\/53529455931\/in\/dateposted-public\/\" title=\"Estad\u00edsticas Enero24 - Estad\u00edsticas Enero 24 (2)\"><img loading=\"lazy\" decoding=\"async\" src=\"https:\/\/live.staticflickr.com\/65535\/53529455931_64b9a08732.jpg\" width=\"500\" height=\"500\" alt=\"Estad\u00edsticas Enero24 - Estad\u00edsticas Enero 24 (2)\"\/><\/a><script async src=\"\/\/embedr.flickr.com\/assets\/client-code.js\" charset=\"utf-8\"><\/script><\/p>\n<p>De estas situaciones abordadas en enero, el 81.3 % cuenta con denuncias radicadas en la Comisar\u00eda de la Mujer y Familia y el 18.8 % pudo exponer su situaci\u00f3n en la oficina, buscando acompa\u00f1amiento, sin exponer lo formalmente como una denuncia en comisar\u00edas.<\/p>\n<p><a data-flickr-embed=\"true\" href=\"https:\/\/www.flickr.com\/photos\/182279889@N02\/53528556167\/in\/dateposted-public\/\" title=\"Estad\u00edsticas Enero24 - Estad\u00edsticas Enero 24 (3)\"><img loading=\"lazy\" decoding=\"async\" src=\"https:\/\/live.staticflickr.com\/65535\/53528556167_240b751b49.jpg\" width=\"500\" height=\"500\" alt=\"Estad\u00edsticas Enero24 - Estad\u00edsticas Enero 24 (3)\"\/><\/a><script async src=\"\/\/embedr.flickr.com\/assets\/client-code.js\" charset=\"utf-8\"><\/script><\/p>\n<p>En relaci\u00f3n al origen de los casos ingresados, el mayor porcentaje proviene de la localidad de Tornquist, registr\u00e1ndose tambi\u00e9n situaciones dadas en Saldungaray, en segundo lugar, y un \u00faltimo porcentaje en Sierra de la Ventana y Villa Ventana.<\/p>\n<p><a data-flickr-embed=\"true\" href=\"https:\/\/www.flickr.com\/photos\/182279889@N02\/53529885660\/in\/dateposted-public\/\" title=\"Estad\u00edsticas Enero24 - Estad\u00edsticas Enero 24 (4)\"><img loading=\"lazy\" decoding=\"async\" src=\"https:\/\/live.staticflickr.com\/65535\/53529885660_40d475277e.jpg\" width=\"500\" height=\"500\" alt=\"Estad\u00edsticas Enero24 - Estad\u00edsticas Enero 24 (4)\"\/><\/a><script async src=\"\/\/embedr.flickr.com\/assets\/client-code.js\" charset=\"utf-8\"><\/script><\/p>\n<p>A continuaci\u00f3n, se detalla un an\u00e1lisis de los tipos de violencia registrados entre las concurrentes a la oficina:<\/p>\n<p>De las mujeres que expusieron las situaciones de violencia sufrida, todas manifestaron haber recibido violencia psicol\u00f3gica. Esto da cuenta de que cualquier situaci\u00f3n de violencia siempre va a acompa\u00f1ada de manipulaci\u00f3n, humillaci\u00f3n, desvalorizaci\u00f3n, etc., que generan en la persona afectada un deterioro de su autoestima y, a veces, impide o dificulta la toma de decisiones y la acci\u00f3n para poder romper el v\u00ednculo con quien la agrede. <\/p>\n<p>El 68.75 % sufri\u00f3 un menoscabo en su econom\u00eda y\/o patrimonio a ra\u00edz de la situaci\u00f3n de violencia, ya sea por la dependencia econ\u00f3mica o, en su defecto, por ser la \u00fanica persona adulta responsable econ\u00f3micamente del hogar, situaci\u00f3n aprovechada por el agresor.<\/p>\n<p>El 68.75 % tambi\u00e9n sufri\u00f3 desvalorizaci\u00f3n y descalificaci\u00f3n dentro del \u00e1mbito familiar por el simple hecho de ser mujeres, llam\u00e1ndose esto Violencia Simb\u00f3lica. Dentro de estas pr\u00e1cticas se destaca el control excesivo de las conductas de la mujer, como si fueran un objeto del hombre. Tambi\u00e9n se considera violencia de tipo simb\u00f3lica la sobrecarga en el cuidado de los menores de la familia y en las tareas dom\u00e9sticas, por ejemplo (por el hecho de pensar que son actividades que deben realizar \u00fanicamente las mujeres).<\/p>\n<p>El 62.5 % de las personas abordadas mencionaron haber sufrido violaci\u00f3n de sus domicilios o simplemente se les ha prohibido la entrada o permanencia en algunos espacios espec\u00edficos de sus propios hogares. Esto se denomina violencia espacial.<\/p>\n<p>La mitad de las concurrentes de la oficina refiri\u00f3 haber sufrido alg\u00fan hecho donde se propiciaron golpes a objetos o paredes o existi\u00f3 la destrucci\u00f3n de objetos de la v\u00edctima. Esto se denomina violencia ambiental, donde las actitudes agresivas no son hacia la mujer de manera directa, sino que se violenta el ambiente a fin de generar temor y sometimiento en la v\u00edctima.<\/p>\n<p>El 43.75 % mencion\u00f3 haber recibido golpes, empujones o cualquier otro tipo de agresi\u00f3n f\u00edsica.<\/p>\n<p>El 25 % refiri\u00f3 haber sufrido abuso sexual dentro de la pareja. Es decir, relaciones sexuales no consensuadas, contacto f\u00edsico sin consentimiento u obligaci\u00f3n a mantener relaciones sexuales a cambio de dinero, alimentos, etc. <\/p>\n<p>Si bien se pueden distinguir diferentes tipos de violencia, no son hechos que ocurren de manera aislada, sino que, generalmente, estos tipos de violencia aparecen yuxtapuestos, ocurriendo de manera simult\u00e1nea en un mismo caso.<\/p>\n<p><a data-flickr-embed=\"true\" href=\"https:\/\/www.flickr.com\/photos\/182279889@N02\/53529771354\/in\/dateposted-public\/\" title=\"Estad\u00edsticas Enero24 - Estad\u00edsticas Enero 24\"><img loading=\"lazy\" decoding=\"async\" src=\"https:\/\/live.staticflickr.com\/65535\/53529771354_1eb1992a24.jpg\" width=\"500\" height=\"500\" alt=\"Estad\u00edsticas Enero24 - Estad\u00edsticas Enero 24\"\/><\/a><script async src=\"\/\/embedr.flickr.com\/assets\/client-code.js\" charset=\"utf-8\"><\/script><\/p>\n<p><a data-flickr-embed=\"true\" href=\"https:\/\/www.flickr.com\/photos\/182279889@N02\/53528556177\/in\/dateposted-public\/\" title=\"Estad\u00edsticas Enero24 - Estad\u00edsticas Enero 24 (2)\"><img loading=\"lazy\" decoding=\"async\" src=\"https:\/\/live.staticflickr.com\/65535\/53528556177_9c48bccdcb.jpg\" width=\"500\" height=\"500\" alt=\"Estad\u00edsticas Enero24 - Estad\u00edsticas Enero 24 (2)\"\/><\/a><script async src=\"\/\/embedr.flickr.com\/assets\/client-code.js\" charset=\"utf-8\"><\/script><\/p>\n<p><a data-flickr-embed=\"true\" href=\"https:\/\/www.flickr.com\/photos\/182279889@N02\/53529885675\/in\/dateposted-public\/\" title=\"Estad\u00edsticas Enero24 - Estad\u00edsticas Enero 24 (3)\"><img loading=\"lazy\" decoding=\"async\" src=\"https:\/\/live.staticflickr.com\/65535\/53529885675_4a3c6c4114.jpg\" width=\"500\" height=\"500\" alt=\"Estad\u00edsticas Enero24 - Estad\u00edsticas Enero 24 (3)\"\/><\/a><script async src=\"\/\/embedr.flickr.com\/assets\/client-code.js\" charset=\"utf-8\"><\/script><\/p>\n<p>El objetivo de socializar el informe estad\u00edstico de los casos abordados es darle visibilidad a las situaciones que ocurren dentro del distrito y hacer un an\u00e1lisis sobre las mismas para pensar nuevas estrategias de intervenci\u00f3n y prevenci\u00f3n. Adem\u00e1s, transmitir a la comunidad la importancia de ver los roles sociales con una perspectiva de g\u00e9nero, es decir, poder vislumbrar las desigualdades que entre los g\u00e9neros existen y pensar pol\u00edticas que acorten esta brecha para as\u00ed conducir a una sociedad m\u00e1s amable para todas\/os.<\/p>\n<p><a data-flickr-embed=\"true\" href=\"https:\/\/www.flickr.com\/photos\/182279889@N02\/53529642318\/in\/dateposted-public\/\" title=\"Estad\u00edsticas Enero24 - Estad\u00edsticas Enero 24 (4)\"><img loading=\"lazy\" decoding=\"async\" src=\"https:\/\/live.staticflickr.com\/65535\/53529642318_9ebe670cdb.jpg\" width=\"500\" height=\"500\" alt=\"Estad\u00edsticas Enero24 - Estad\u00edsticas Enero 24 (4)\"\/><\/a><script async src=\"\/\/embedr.flickr.com\/assets\/client-code.js\" charset=\"utf-8\"><\/script><\/p>\n","protected":false},"excerpt":{"rendered":"<p>La oficina de Violencia por Razones de G\u00e9nero de Tornquist Municipio, comparte el informe detallado de las estad\u00edsticas de las situaciones abordadas en el distrito en lo que va del 2024 y su respectivo an\u00e1lisis.<\/p>\n","protected":false},"author":3,"featured_media":0,"comment_status":"closed","ping_status":"closed","sticky":false,"template":"","format":"standard","meta":{"footnotes":""},"categories":[28,26],"tags":[],"class_list":["post-98873","post","type-post","status-publish","format-standard","hentry","category-municipales","category-sociedad"],"yoast_head":"<!-- This site is optimized with the Yoast SEO plugin v25.9 - https:\/\/yoast.com\/wordpress\/plugins\/seo\/ -->\n<title>Informe de la oficina de Violencia por Razones de G\u00e9nero sobre situaciones abordadas en 2024 - Noticias Radio Reflejos<\/title>\n<meta name=\"robots\" content=\"index, follow, max-snippet:-1, max-image-preview:large, max-video-preview:-1\" \/>\n<link rel=\"canonical\" href=\"https:\/\/www.noticiasradioreflejos.com.ar\/2021\/informe-de-la-oficina-de-violencia-por-razones-de-genero-sobre-situaciones-abordadas-en-2024\/\" \/>\n<meta property=\"og:locale\" content=\"es_ES\" \/>\n<meta property=\"og:type\" content=\"article\" \/>\n<meta property=\"og:title\" content=\"Informe de la oficina de Violencia por Razones de G\u00e9nero sobre situaciones abordadas en 2024 - Noticias Radio Reflejos\" \/>\n<meta property=\"og:description\" content=\"La oficina de Violencia por Razones de G\u00e9nero de Tornquist Municipio, comparte el informe detallado de las estad\u00edsticas de las situaciones abordadas en el distrito en lo que va del 2024 y su respectivo an\u00e1lisis.\" \/>\n<meta property=\"og:url\" content=\"https:\/\/www.noticiasradioreflejos.com.ar\/2021\/informe-de-la-oficina-de-violencia-por-razones-de-genero-sobre-situaciones-abordadas-en-2024\/\" \/>\n<meta property=\"og:site_name\" content=\"Noticias Radio Reflejos\" \/>\n<meta property=\"article:published_time\" content=\"2024-02-14T20:35:46+00:00\" \/>\n<meta property=\"og:image\" content=\"https:\/\/live.staticflickr.com\/65535\/53529455936_a47d335895.jpg\" \/>\n<meta name=\"author\" content=\"Arnaldo Botto\" \/>\n<meta name=\"twitter:card\" content=\"summary_large_image\" \/>\n<script type=\"application\/ld+json\" class=\"yoast-schema-graph\">{\"@context\":\"https:\/\/schema.org\",\"@graph\":[{\"@type\":\"WebPage\",\"@id\":\"https:\/\/www.noticiasradioreflejos.com.ar\/2021\/informe-de-la-oficina-de-violencia-por-razones-de-genero-sobre-situaciones-abordadas-en-2024\/\",\"url\":\"https:\/\/www.noticiasradioreflejos.com.ar\/2021\/informe-de-la-oficina-de-violencia-por-razones-de-genero-sobre-situaciones-abordadas-en-2024\/\",\"name\":\"Informe de la oficina de Violencia por Razones de G\u00e9nero sobre situaciones abordadas en 2024 - Noticias Radio Reflejos\",\"isPartOf\":{\"@id\":\"https:\/\/www.noticiasradioreflejos.com.ar\/2021\/#website\"},\"primaryImageOfPage\":{\"@id\":\"https:\/\/www.noticiasradioreflejos.com.ar\/2021\/informe-de-la-oficina-de-violencia-por-razones-de-genero-sobre-situaciones-abordadas-en-2024\/#primaryimage\"},\"image\":{\"@id\":\"https:\/\/www.noticiasradioreflejos.com.ar\/2021\/informe-de-la-oficina-de-violencia-por-razones-de-genero-sobre-situaciones-abordadas-en-2024\/#primaryimage\"},\"thumbnailUrl\":\"https:\/\/live.staticflickr.com\/65535\/53529455936_a47d335895.jpg\",\"datePublished\":\"2024-02-14T20:35:46+00:00\",\"author\":{\"@id\":\"https:\/\/www.noticiasradioreflejos.com.ar\/2021\/#\/schema\/person\/ad82545263dcc5ec0996818884fd5fb1\"},\"breadcrumb\":{\"@id\":\"https:\/\/www.noticiasradioreflejos.com.ar\/2021\/informe-de-la-oficina-de-violencia-por-razones-de-genero-sobre-situaciones-abordadas-en-2024\/#breadcrumb\"},\"inLanguage\":\"es\",\"potentialAction\":[{\"@type\":\"ReadAction\",\"target\":[\"https:\/\/www.noticiasradioreflejos.com.ar\/2021\/informe-de-la-oficina-de-violencia-por-razones-de-genero-sobre-situaciones-abordadas-en-2024\/\"]}]},{\"@type\":\"ImageObject\",\"inLanguage\":\"es\",\"@id\":\"https:\/\/www.noticiasradioreflejos.com.ar\/2021\/informe-de-la-oficina-de-violencia-por-razones-de-genero-sobre-situaciones-abordadas-en-2024\/#primaryimage\",\"url\":\"https:\/\/live.staticflickr.com\/65535\/53529455936_a47d335895.jpg\",\"contentUrl\":\"https:\/\/live.staticflickr.com\/65535\/53529455936_a47d335895.jpg\"},{\"@type\":\"BreadcrumbList\",\"@id\":\"https:\/\/www.noticiasradioreflejos.com.ar\/2021\/informe-de-la-oficina-de-violencia-por-razones-de-genero-sobre-situaciones-abordadas-en-2024\/#breadcrumb\",\"itemListElement\":[{\"@type\":\"ListItem\",\"position\":1,\"name\":\"Portada\",\"item\":\"https:\/\/www.noticiasradioreflejos.com.ar\/2021\/\"},{\"@type\":\"ListItem\",\"position\":2,\"name\":\"Informe de la oficina de Violencia por Razones de G\u00e9nero sobre situaciones abordadas en 2024\"}]},{\"@type\":\"WebSite\",\"@id\":\"https:\/\/www.noticiasradioreflejos.com.ar\/2021\/#website\",\"url\":\"https:\/\/www.noticiasradioreflejos.com.ar\/2021\/\",\"name\":\"Noticias Radio Reflejos\",\"description\":\"Las noticias de mi comarca\",\"potentialAction\":[{\"@type\":\"SearchAction\",\"target\":{\"@type\":\"EntryPoint\",\"urlTemplate\":\"https:\/\/www.noticiasradioreflejos.com.ar\/2021\/?s={search_term_string}\"},\"query-input\":{\"@type\":\"PropertyValueSpecification\",\"valueRequired\":true,\"valueName\":\"search_term_string\"}}],\"inLanguage\":\"es\"},{\"@type\":\"Person\",\"@id\":\"https:\/\/www.noticiasradioreflejos.com.ar\/2021\/#\/schema\/person\/ad82545263dcc5ec0996818884fd5fb1\",\"name\":\"Arnaldo Botto\",\"image\":{\"@type\":\"ImageObject\",\"inLanguage\":\"es\",\"@id\":\"https:\/\/www.noticiasradioreflejos.com.ar\/2021\/#\/schema\/person\/image\/\",\"url\":\"https:\/\/secure.gravatar.com\/avatar\/55cb5e37c1efa326397366e6974cb338056df65cb50e7d64d1cf314e87504837?s=96&d=mm&r=g\",\"contentUrl\":\"https:\/\/secure.gravatar.com\/avatar\/55cb5e37c1efa326397366e6974cb338056df65cb50e7d64d1cf314e87504837?s=96&d=mm&r=g\",\"caption\":\"Arnaldo Botto\"},\"url\":\"https:\/\/www.noticiasradioreflejos.com.ar\/2021\/author\/arnaldo\/\"}]}<\/script>\n<!-- \/ Yoast SEO plugin. -->","yoast_head_json":{"title":"Informe de la oficina de Violencia por Razones de G\u00e9nero sobre situaciones abordadas en 2024 - Noticias Radio Reflejos","robots":{"index":"index","follow":"follow","max-snippet":"max-snippet:-1","max-image-preview":"max-image-preview:large","max-video-preview":"max-video-preview:-1"},"canonical":"https:\/\/www.noticiasradioreflejos.com.ar\/2021\/informe-de-la-oficina-de-violencia-por-razones-de-genero-sobre-situaciones-abordadas-en-2024\/","og_locale":"es_ES","og_type":"article","og_title":"Informe de la oficina de Violencia por Razones de G\u00e9nero sobre situaciones abordadas en 2024 - Noticias Radio Reflejos","og_description":"La oficina de Violencia por Razones de G\u00e9nero de Tornquist Municipio, comparte el informe detallado de las estad\u00edsticas de las situaciones abordadas en el distrito en lo que va del 2024 y su respectivo an\u00e1lisis.","og_url":"https:\/\/www.noticiasradioreflejos.com.ar\/2021\/informe-de-la-oficina-de-violencia-por-razones-de-genero-sobre-situaciones-abordadas-en-2024\/","og_site_name":"Noticias Radio Reflejos","article_published_time":"2024-02-14T20:35:46+00:00","og_image":[{"url":"https:\/\/live.staticflickr.com\/65535\/53529455936_a47d335895.jpg","type":"","width":"","height":""}],"author":"Arnaldo Botto","twitter_card":"summary_large_image","schema":{"@context":"https:\/\/schema.org","@graph":[{"@type":"WebPage","@id":"https:\/\/www.noticiasradioreflejos.com.ar\/2021\/informe-de-la-oficina-de-violencia-por-razones-de-genero-sobre-situaciones-abordadas-en-2024\/","url":"https:\/\/www.noticiasradioreflejos.com.ar\/2021\/informe-de-la-oficina-de-violencia-por-razones-de-genero-sobre-situaciones-abordadas-en-2024\/","name":"Informe de la oficina de Violencia por Razones de G\u00e9nero sobre situaciones abordadas en 2024 - Noticias Radio Reflejos","isPartOf":{"@id":"https:\/\/www.noticiasradioreflejos.com.ar\/2021\/#website"},"primaryImageOfPage":{"@id":"https:\/\/www.noticiasradioreflejos.com.ar\/2021\/informe-de-la-oficina-de-violencia-por-razones-de-genero-sobre-situaciones-abordadas-en-2024\/#primaryimage"},"image":{"@id":"https:\/\/www.noticiasradioreflejos.com.ar\/2021\/informe-de-la-oficina-de-violencia-por-razones-de-genero-sobre-situaciones-abordadas-en-2024\/#primaryimage"},"thumbnailUrl":"https:\/\/live.staticflickr.com\/65535\/53529455936_a47d335895.jpg","datePublished":"2024-02-14T20:35:46+00:00","author":{"@id":"https:\/\/www.noticiasradioreflejos.com.ar\/2021\/#\/schema\/person\/ad82545263dcc5ec0996818884fd5fb1"},"breadcrumb":{"@id":"https:\/\/www.noticiasradioreflejos.com.ar\/2021\/informe-de-la-oficina-de-violencia-por-razones-de-genero-sobre-situaciones-abordadas-en-2024\/#breadcrumb"},"inLanguage":"es","potentialAction":[{"@type":"ReadAction","target":["https:\/\/www.noticiasradioreflejos.com.ar\/2021\/informe-de-la-oficina-de-violencia-por-razones-de-genero-sobre-situaciones-abordadas-en-2024\/"]}]},{"@type":"ImageObject","inLanguage":"es","@id":"https:\/\/www.noticiasradioreflejos.com.ar\/2021\/informe-de-la-oficina-de-violencia-por-razones-de-genero-sobre-situaciones-abordadas-en-2024\/#primaryimage","url":"https:\/\/live.staticflickr.com\/65535\/53529455936_a47d335895.jpg","contentUrl":"https:\/\/live.staticflickr.com\/65535\/53529455936_a47d335895.jpg"},{"@type":"BreadcrumbList","@id":"https:\/\/www.noticiasradioreflejos.com.ar\/2021\/informe-de-la-oficina-de-violencia-por-razones-de-genero-sobre-situaciones-abordadas-en-2024\/#breadcrumb","itemListElement":[{"@type":"ListItem","position":1,"name":"Portada","item":"https:\/\/www.noticiasradioreflejos.com.ar\/2021\/"},{"@type":"ListItem","position":2,"name":"Informe de la oficina de Violencia por Razones de G\u00e9nero sobre situaciones abordadas en 2024"}]},{"@type":"WebSite","@id":"https:\/\/www.noticiasradioreflejos.com.ar\/2021\/#website","url":"https:\/\/www.noticiasradioreflejos.com.ar\/2021\/","name":"Noticias Radio Reflejos","description":"Las noticias de mi comarca","potentialAction":[{"@type":"SearchAction","target":{"@type":"EntryPoint","urlTemplate":"https:\/\/www.noticiasradioreflejos.com.ar\/2021\/?s={search_term_string}"},"query-input":{"@type":"PropertyValueSpecification","valueRequired":true,"valueName":"search_term_string"}}],"inLanguage":"es"},{"@type":"Person","@id":"https:\/\/www.noticiasradioreflejos.com.ar\/2021\/#\/schema\/person\/ad82545263dcc5ec0996818884fd5fb1","name":"Arnaldo Botto","image":{"@type":"ImageObject","inLanguage":"es","@id":"https:\/\/www.noticiasradioreflejos.com.ar\/2021\/#\/schema\/person\/image\/","url":"https:\/\/secure.gravatar.com\/avatar\/55cb5e37c1efa326397366e6974cb338056df65cb50e7d64d1cf314e87504837?s=96&d=mm&r=g","contentUrl":"https:\/\/secure.gravatar.com\/avatar\/55cb5e37c1efa326397366e6974cb338056df65cb50e7d64d1cf314e87504837?s=96&d=mm&r=g","caption":"Arnaldo Botto"},"url":"https:\/\/www.noticiasradioreflejos.com.ar\/2021\/author\/arnaldo\/"}]}},"_links":{"self":[{"href":"https:\/\/www.noticiasradioreflejos.com.ar\/2021\/wp-json\/wp\/v2\/posts\/98873","targetHints":{"allow":["GET"]}}],"collection":[{"href":"https:\/\/www.noticiasradioreflejos.com.ar\/2021\/wp-json\/wp\/v2\/posts"}],"about":[{"href":"https:\/\/www.noticiasradioreflejos.com.ar\/2021\/wp-json\/wp\/v2\/types\/post"}],"author":[{"embeddable":true,"href":"https:\/\/www.noticiasradioreflejos.com.ar\/2021\/wp-json\/wp\/v2\/users\/3"}],"replies":[{"embeddable":true,"href":"https:\/\/www.noticiasradioreflejos.com.ar\/2021\/wp-json\/wp\/v2\/comments?post=98873"}],"version-history":[{"count":1,"href":"https:\/\/www.noticiasradioreflejos.com.ar\/2021\/wp-json\/wp\/v2\/posts\/98873\/revisions"}],"predecessor-version":[{"id":98875,"href":"https:\/\/www.noticiasradioreflejos.com.ar\/2021\/wp-json\/wp\/v2\/posts\/98873\/revisions\/98875"}],"wp:attachment":[{"href":"https:\/\/www.noticiasradioreflejos.com.ar\/2021\/wp-json\/wp\/v2\/media?parent=98873"}],"wp:term":[{"taxonomy":"category","embeddable":true,"href":"https:\/\/www.noticiasradioreflejos.com.ar\/2021\/wp-json\/wp\/v2\/categories?post=98873"},{"taxonomy":"post_tag","embeddable":true,"href":"https:\/\/www.noticiasradioreflejos.com.ar\/2021\/wp-json\/wp\/v2\/tags?post=98873"}],"curies":[{"name":"wp","href":"https:\/\/api.w.org\/{rel}","templated":true}]}}