{"id":98591,"date":"2024-02-06T17:48:48","date_gmt":"2024-02-06T20:48:48","guid":{"rendered":"https:\/\/www.noticiasradioreflejos.com.ar\/2021\/?p=98591"},"modified":"2024-02-06T17:48:48","modified_gmt":"2024-02-06T20:48:48","slug":"el-mensaje-de-milei-desde-el-muro-de-los-lamentos-estamos-saliendo","status":"publish","type":"post","link":"https:\/\/www.noticiasradioreflejos.com.ar\/2021\/el-mensaje-de-milei-desde-el-muro-de-los-lamentos-estamos-saliendo\/","title":{"rendered":"El mensaje de Milei desde el Muro de los Lamentos: \u00abEstamos saliendo\u00bb"},"content":{"rendered":"<p>En su primera actividad oficial, el Presidente visit\u00f3 el lugar sagrado para el juda\u00edsmo, donde fue recibido por el rabino Shmuel Rabinowitz. Al llegar a Israel, Milei hab\u00eda ratificado que su \u00abplan\u00bb es \u00abmudar la embajada (argentina) a Jerusal\u00e9n occidental\u00bb.<!--more--><\/p>\n<div>\n<div class=\"wrapper-editable-content\">\n<div>\n<div class=\"container-md\">\n<div class=\"row\">\n<div class=\"col-md-12 speak\">\n<div class=\"paragraph\">\n<figure class=\"mb-3\"><img decoding=\"async\" class=\" lazy \" src=\"https:\/\/www.telam.com.ar\/thumbs\/bluesteel\/advf\/imagenes\/2024\/02\/65c261ea4e331_1200.jpg\" alt=\"Foto Prensa Ministerio de Relaciones Exteriores\" width=\"100%\" height=\"100%\" \/><\/figure>\n<\/div>\n<\/div>\n<\/div>\n<\/div>\n<\/div>\n<\/div>\n<\/div>\n<p>Foto: Prensa Ministerio de Relaciones Exteriores<\/p>\n<p>&nbsp;<\/p>\n<p>&nbsp;<\/p>\n<p>En su primera actividad oficial en Israel, el presidente Javier Milei visit\u00f3 este martesel Muro de los Lamentos, lugar sagrado para el juda\u00edsmo, donde\u00a0<strong>fue recibido por el rabino Shmuel Rabinowitz.<\/strong><\/p>\n<p><strong>Milei recorri\u00f3 los T\u00faneles del Kotel<\/strong>, acompa\u00f1ado por la secretaria general de la Presidencia, Karina Milei, la canciller Diana Mondino y el embajador designado en Israel, rabino Axel Wahnish, y particip\u00f3 de una ceremonia en conmemoraci\u00f3n de los asesinados por Hamas en los ataques del 7 de octubre de 2023.<\/p>\n<p><strong>\u00abEstamos saliendo\u00bb, dijo el mandatario ante la consulta de un cronista\u00a0<\/strong>apostado en el lugar, quien le pidi\u00f3 un mensaje para la Argentina.<\/p>\n<figure class=\"mb-3\"><img decoding=\"async\" class=\" lazy \" src=\"https:\/\/www.telam.com.ar\/thumbs\/bluesteel\/advf\/imagenes\/2024\/02\/65c261ea666c5_1200.jpg\" alt=\"Foto Prensa Ministerio de Relaciones Exteriores\" width=\"100%\" height=\"100%\" \/><\/p>\n<div class=\"media-icons\"><\/div><figcaption>Foto: Prensa Ministerio de Relaciones Exteriores<\/figcaption><\/figure>\n<p>Seg\u00fan pudo verse en la transmisi\u00f3n por TV, luego de realizar una plegaria ante el muro, el jefe de Estado -visiblemente emocionado- y el rabino se fundieron en un abrazo.<\/p>\n<p>Milei, que lleg\u00f3 al lugar vestido de traje y cubriendo su cabeza con una kip\u00e1, fue recibido por grupos de personas con banderas argentinas, mientras una persona ejecutaba el shofar, un instrumento de viento que se utiliza en ritos hebreos.<\/p>\n<p><a href=\"https:\/\/www.telam.com.ar\/notas\/202402\/654338-javier-milei-gira-israel-italia-vaticano.html\" target=\"_blank\" rel=\"noopener\">El Presidente aterriz\u00f3 en la ma\u00f1ana del martes en el aeropuerto internacional de Tel Aviv<\/a>, donde fue recibido por el ministro de Asuntos Exteriores israel\u00ed, Israel Katz, y durante los saludos ratific\u00f3 que\u00a0<a href=\"https:\/\/www.telam.com.ar\/notas\/202402\/654338-javier-milei-gira-israel-italia-vaticano.html\" target=\"_blank\" rel=\"noopener\">su \u00abplan\u00bb es \u00abmudar la embajada (argentina) a Jerusal\u00e9n occidental\u00bb.<\/a><\/p>\n<p>Desde la estaci\u00f3n a\u00e9rea, Milei se dirigi\u00f3 al hotel King David y, posteriormente, se traslad\u00f3 al Muro de los Lamentos.<\/p>\n","protected":false},"excerpt":{"rendered":"<p>En su primera actividad oficial, el Presidente visit\u00f3 el lugar sagrado para el juda\u00edsmo, donde fue recibido por el rabino Shmuel Rabinowitz. Al llegar a Israel, Milei hab\u00eda ratificado que su \u00abplan\u00bb es \u00abmudar la embajada (argentina) a Jerusal\u00e9n occidental\u00bb.<\/p>\n","protected":false},"author":3,"featured_media":0,"comment_status":"closed","ping_status":"closed","sticky":false,"template":"","format":"standard","meta":{"footnotes":""},"categories":[24],"tags":[],"class_list":["post-98591","post","type-post","status-publish","format-standard","hentry","category-politica"],"yoast_head":"<!-- This site is optimized with the Yoast SEO plugin v25.9 - https:\/\/yoast.com\/wordpress\/plugins\/seo\/ -->\n<title>El mensaje de Milei desde el Muro de los Lamentos: &quot;Estamos saliendo&quot; - Noticias Radio Reflejos<\/title>\n<meta name=\"robots\" content=\"index, follow, max-snippet:-1, max-image-preview:large, max-video-preview:-1\" \/>\n<link rel=\"canonical\" href=\"https:\/\/www.noticiasradioreflejos.com.ar\/2021\/el-mensaje-de-milei-desde-el-muro-de-los-lamentos-estamos-saliendo\/\" \/>\n<meta property=\"og:locale\" content=\"es_ES\" \/>\n<meta property=\"og:type\" content=\"article\" \/>\n<meta property=\"og:title\" content=\"El mensaje de Milei desde el Muro de los Lamentos: &quot;Estamos saliendo&quot; - Noticias Radio Reflejos\" \/>\n<meta property=\"og:description\" content=\"En su primera actividad oficial, el Presidente visit\u00f3 el lugar sagrado para el juda\u00edsmo, donde fue recibido por el rabino Shmuel Rabinowitz. Al llegar a Israel, Milei hab\u00eda ratificado que su \u00abplan\u00bb es \u00abmudar la embajada (argentina) a Jerusal\u00e9n occidental\u00bb.\" \/>\n<meta property=\"og:url\" content=\"https:\/\/www.noticiasradioreflejos.com.ar\/2021\/el-mensaje-de-milei-desde-el-muro-de-los-lamentos-estamos-saliendo\/\" \/>\n<meta property=\"og:site_name\" content=\"Noticias Radio Reflejos\" \/>\n<meta property=\"article:published_time\" content=\"2024-02-06T20:48:48+00:00\" \/>\n<meta property=\"og:image\" content=\"https:\/\/www.telam.com.ar\/thumbs\/bluesteel\/advf\/imagenes\/2024\/02\/65c261ea4e331_1200.jpg\" \/>\n<meta name=\"author\" content=\"Arnaldo Botto\" \/>\n<meta name=\"twitter:card\" content=\"summary_large_image\" \/>\n<script type=\"application\/ld+json\" class=\"yoast-schema-graph\">{\"@context\":\"https:\/\/schema.org\",\"@graph\":[{\"@type\":\"WebPage\",\"@id\":\"https:\/\/www.noticiasradioreflejos.com.ar\/2021\/el-mensaje-de-milei-desde-el-muro-de-los-lamentos-estamos-saliendo\/\",\"url\":\"https:\/\/www.noticiasradioreflejos.com.ar\/2021\/el-mensaje-de-milei-desde-el-muro-de-los-lamentos-estamos-saliendo\/\",\"name\":\"El mensaje de Milei desde el Muro de los Lamentos: \\\"Estamos saliendo\\\" - Noticias Radio Reflejos\",\"isPartOf\":{\"@id\":\"https:\/\/www.noticiasradioreflejos.com.ar\/2021\/#website\"},\"primaryImageOfPage\":{\"@id\":\"https:\/\/www.noticiasradioreflejos.com.ar\/2021\/el-mensaje-de-milei-desde-el-muro-de-los-lamentos-estamos-saliendo\/#primaryimage\"},\"image\":{\"@id\":\"https:\/\/www.noticiasradioreflejos.com.ar\/2021\/el-mensaje-de-milei-desde-el-muro-de-los-lamentos-estamos-saliendo\/#primaryimage\"},\"thumbnailUrl\":\"https:\/\/www.telam.com.ar\/thumbs\/bluesteel\/advf\/imagenes\/2024\/02\/65c261ea4e331_1200.jpg\",\"datePublished\":\"2024-02-06T20:48:48+00:00\",\"author\":{\"@id\":\"https:\/\/www.noticiasradioreflejos.com.ar\/2021\/#\/schema\/person\/ad82545263dcc5ec0996818884fd5fb1\"},\"breadcrumb\":{\"@id\":\"https:\/\/www.noticiasradioreflejos.com.ar\/2021\/el-mensaje-de-milei-desde-el-muro-de-los-lamentos-estamos-saliendo\/#breadcrumb\"},\"inLanguage\":\"es\",\"potentialAction\":[{\"@type\":\"ReadAction\",\"target\":[\"https:\/\/www.noticiasradioreflejos.com.ar\/2021\/el-mensaje-de-milei-desde-el-muro-de-los-lamentos-estamos-saliendo\/\"]}]},{\"@type\":\"ImageObject\",\"inLanguage\":\"es\",\"@id\":\"https:\/\/www.noticiasradioreflejos.com.ar\/2021\/el-mensaje-de-milei-desde-el-muro-de-los-lamentos-estamos-saliendo\/#primaryimage\",\"url\":\"https:\/\/www.telam.com.ar\/thumbs\/bluesteel\/advf\/imagenes\/2024\/02\/65c261ea4e331_1200.jpg\",\"contentUrl\":\"https:\/\/www.telam.com.ar\/thumbs\/bluesteel\/advf\/imagenes\/2024\/02\/65c261ea4e331_1200.jpg\"},{\"@type\":\"BreadcrumbList\",\"@id\":\"https:\/\/www.noticiasradioreflejos.com.ar\/2021\/el-mensaje-de-milei-desde-el-muro-de-los-lamentos-estamos-saliendo\/#breadcrumb\",\"itemListElement\":[{\"@type\":\"ListItem\",\"position\":1,\"name\":\"Portada\",\"item\":\"https:\/\/www.noticiasradioreflejos.com.ar\/2021\/\"},{\"@type\":\"ListItem\",\"position\":2,\"name\":\"El mensaje de Milei desde el Muro de los Lamentos: \u00abEstamos saliendo\u00bb\"}]},{\"@type\":\"WebSite\",\"@id\":\"https:\/\/www.noticiasradioreflejos.com.ar\/2021\/#website\",\"url\":\"https:\/\/www.noticiasradioreflejos.com.ar\/2021\/\",\"name\":\"Noticias Radio Reflejos\",\"description\":\"Las noticias de mi comarca\",\"potentialAction\":[{\"@type\":\"SearchAction\",\"target\":{\"@type\":\"EntryPoint\",\"urlTemplate\":\"https:\/\/www.noticiasradioreflejos.com.ar\/2021\/?s={search_term_string}\"},\"query-input\":{\"@type\":\"PropertyValueSpecification\",\"valueRequired\":true,\"valueName\":\"search_term_string\"}}],\"inLanguage\":\"es\"},{\"@type\":\"Person\",\"@id\":\"https:\/\/www.noticiasradioreflejos.com.ar\/2021\/#\/schema\/person\/ad82545263dcc5ec0996818884fd5fb1\",\"name\":\"Arnaldo Botto\",\"image\":{\"@type\":\"ImageObject\",\"inLanguage\":\"es\",\"@id\":\"https:\/\/www.noticiasradioreflejos.com.ar\/2021\/#\/schema\/person\/image\/\",\"url\":\"https:\/\/secure.gravatar.com\/avatar\/55cb5e37c1efa326397366e6974cb338056df65cb50e7d64d1cf314e87504837?s=96&d=mm&r=g\",\"contentUrl\":\"https:\/\/secure.gravatar.com\/avatar\/55cb5e37c1efa326397366e6974cb338056df65cb50e7d64d1cf314e87504837?s=96&d=mm&r=g\",\"caption\":\"Arnaldo Botto\"},\"url\":\"https:\/\/www.noticiasradioreflejos.com.ar\/2021\/author\/arnaldo\/\"}]}<\/script>\n<!-- \/ Yoast SEO plugin. -->","yoast_head_json":{"title":"El mensaje de Milei desde el Muro de los Lamentos: \"Estamos saliendo\" - Noticias Radio Reflejos","robots":{"index":"index","follow":"follow","max-snippet":"max-snippet:-1","max-image-preview":"max-image-preview:large","max-video-preview":"max-video-preview:-1"},"canonical":"https:\/\/www.noticiasradioreflejos.com.ar\/2021\/el-mensaje-de-milei-desde-el-muro-de-los-lamentos-estamos-saliendo\/","og_locale":"es_ES","og_type":"article","og_title":"El mensaje de Milei desde el Muro de los Lamentos: \"Estamos saliendo\" - Noticias Radio Reflejos","og_description":"En su primera actividad oficial, el Presidente visit\u00f3 el lugar sagrado para el juda\u00edsmo, donde fue recibido por el rabino Shmuel Rabinowitz. Al llegar a Israel, Milei hab\u00eda ratificado que su \u00abplan\u00bb es \u00abmudar la embajada (argentina) a Jerusal\u00e9n occidental\u00bb.","og_url":"https:\/\/www.noticiasradioreflejos.com.ar\/2021\/el-mensaje-de-milei-desde-el-muro-de-los-lamentos-estamos-saliendo\/","og_site_name":"Noticias Radio Reflejos","article_published_time":"2024-02-06T20:48:48+00:00","og_image":[{"url":"https:\/\/www.telam.com.ar\/thumbs\/bluesteel\/advf\/imagenes\/2024\/02\/65c261ea4e331_1200.jpg","type":"","width":"","height":""}],"author":"Arnaldo Botto","twitter_card":"summary_large_image","schema":{"@context":"https:\/\/schema.org","@graph":[{"@type":"WebPage","@id":"https:\/\/www.noticiasradioreflejos.com.ar\/2021\/el-mensaje-de-milei-desde-el-muro-de-los-lamentos-estamos-saliendo\/","url":"https:\/\/www.noticiasradioreflejos.com.ar\/2021\/el-mensaje-de-milei-desde-el-muro-de-los-lamentos-estamos-saliendo\/","name":"El mensaje de Milei desde el Muro de los Lamentos: \"Estamos saliendo\" - Noticias Radio Reflejos","isPartOf":{"@id":"https:\/\/www.noticiasradioreflejos.com.ar\/2021\/#website"},"primaryImageOfPage":{"@id":"https:\/\/www.noticiasradioreflejos.com.ar\/2021\/el-mensaje-de-milei-desde-el-muro-de-los-lamentos-estamos-saliendo\/#primaryimage"},"image":{"@id":"https:\/\/www.noticiasradioreflejos.com.ar\/2021\/el-mensaje-de-milei-desde-el-muro-de-los-lamentos-estamos-saliendo\/#primaryimage"},"thumbnailUrl":"https:\/\/www.telam.com.ar\/thumbs\/bluesteel\/advf\/imagenes\/2024\/02\/65c261ea4e331_1200.jpg","datePublished":"2024-02-06T20:48:48+00:00","author":{"@id":"https:\/\/www.noticiasradioreflejos.com.ar\/2021\/#\/schema\/person\/ad82545263dcc5ec0996818884fd5fb1"},"breadcrumb":{"@id":"https:\/\/www.noticiasradioreflejos.com.ar\/2021\/el-mensaje-de-milei-desde-el-muro-de-los-lamentos-estamos-saliendo\/#breadcrumb"},"inLanguage":"es","potentialAction":[{"@type":"ReadAction","target":["https:\/\/www.noticiasradioreflejos.com.ar\/2021\/el-mensaje-de-milei-desde-el-muro-de-los-lamentos-estamos-saliendo\/"]}]},{"@type":"ImageObject","inLanguage":"es","@id":"https:\/\/www.noticiasradioreflejos.com.ar\/2021\/el-mensaje-de-milei-desde-el-muro-de-los-lamentos-estamos-saliendo\/#primaryimage","url":"https:\/\/www.telam.com.ar\/thumbs\/bluesteel\/advf\/imagenes\/2024\/02\/65c261ea4e331_1200.jpg","contentUrl":"https:\/\/www.telam.com.ar\/thumbs\/bluesteel\/advf\/imagenes\/2024\/02\/65c261ea4e331_1200.jpg"},{"@type":"BreadcrumbList","@id":"https:\/\/www.noticiasradioreflejos.com.ar\/2021\/el-mensaje-de-milei-desde-el-muro-de-los-lamentos-estamos-saliendo\/#breadcrumb","itemListElement":[{"@type":"ListItem","position":1,"name":"Portada","item":"https:\/\/www.noticiasradioreflejos.com.ar\/2021\/"},{"@type":"ListItem","position":2,"name":"El mensaje de Milei desde el Muro de los Lamentos: \u00abEstamos saliendo\u00bb"}]},{"@type":"WebSite","@id":"https:\/\/www.noticiasradioreflejos.com.ar\/2021\/#website","url":"https:\/\/www.noticiasradioreflejos.com.ar\/2021\/","name":"Noticias Radio Reflejos","description":"Las noticias de mi comarca","potentialAction":[{"@type":"SearchAction","target":{"@type":"EntryPoint","urlTemplate":"https:\/\/www.noticiasradioreflejos.com.ar\/2021\/?s={search_term_string}"},"query-input":{"@type":"PropertyValueSpecification","valueRequired":true,"valueName":"search_term_string"}}],"inLanguage":"es"},{"@type":"Person","@id":"https:\/\/www.noticiasradioreflejos.com.ar\/2021\/#\/schema\/person\/ad82545263dcc5ec0996818884fd5fb1","name":"Arnaldo Botto","image":{"@type":"ImageObject","inLanguage":"es","@id":"https:\/\/www.noticiasradioreflejos.com.ar\/2021\/#\/schema\/person\/image\/","url":"https:\/\/secure.gravatar.com\/avatar\/55cb5e37c1efa326397366e6974cb338056df65cb50e7d64d1cf314e87504837?s=96&d=mm&r=g","contentUrl":"https:\/\/secure.gravatar.com\/avatar\/55cb5e37c1efa326397366e6974cb338056df65cb50e7d64d1cf314e87504837?s=96&d=mm&r=g","caption":"Arnaldo Botto"},"url":"https:\/\/www.noticiasradioreflejos.com.ar\/2021\/author\/arnaldo\/"}]}},"_links":{"self":[{"href":"https:\/\/www.noticiasradioreflejos.com.ar\/2021\/wp-json\/wp\/v2\/posts\/98591","targetHints":{"allow":["GET"]}}],"collection":[{"href":"https:\/\/www.noticiasradioreflejos.com.ar\/2021\/wp-json\/wp\/v2\/posts"}],"about":[{"href":"https:\/\/www.noticiasradioreflejos.com.ar\/2021\/wp-json\/wp\/v2\/types\/post"}],"author":[{"embeddable":true,"href":"https:\/\/www.noticiasradioreflejos.com.ar\/2021\/wp-json\/wp\/v2\/users\/3"}],"replies":[{"embeddable":true,"href":"https:\/\/www.noticiasradioreflejos.com.ar\/2021\/wp-json\/wp\/v2\/comments?post=98591"}],"version-history":[{"count":1,"href":"https:\/\/www.noticiasradioreflejos.com.ar\/2021\/wp-json\/wp\/v2\/posts\/98591\/revisions"}],"predecessor-version":[{"id":98593,"href":"https:\/\/www.noticiasradioreflejos.com.ar\/2021\/wp-json\/wp\/v2\/posts\/98591\/revisions\/98593"}],"wp:attachment":[{"href":"https:\/\/www.noticiasradioreflejos.com.ar\/2021\/wp-json\/wp\/v2\/media?parent=98591"}],"wp:term":[{"taxonomy":"category","embeddable":true,"href":"https:\/\/www.noticiasradioreflejos.com.ar\/2021\/wp-json\/wp\/v2\/categories?post=98591"},{"taxonomy":"post_tag","embeddable":true,"href":"https:\/\/www.noticiasradioreflejos.com.ar\/2021\/wp-json\/wp\/v2\/tags?post=98591"}],"curies":[{"name":"wp","href":"https:\/\/api.w.org\/{rel}","templated":true}]}}