{"id":98588,"date":"2024-02-06T17:44:58","date_gmt":"2024-02-06T20:44:58","guid":{"rendered":"https:\/\/www.noticiasradioreflejos.com.ar\/2021\/?p=98588"},"modified":"2024-02-06T17:44:58","modified_gmt":"2024-02-06T20:44:58","slug":"el-expresidente-chileno-pinera-murio-en-un-accidente-de-helicoptero","status":"publish","type":"post","link":"https:\/\/www.noticiasradioreflejos.com.ar\/2021\/el-expresidente-chileno-pinera-murio-en-un-accidente-de-helicoptero\/","title":{"rendered":"El expresidente chileno Pi\u00f1era muri\u00f3 en un accidente de helic\u00f3ptero"},"content":{"rendered":"<p>El accidente a\u00e9reo se registr\u00f3 la tarde de este martes en el sector de Ilihue, en la localidad sure\u00f1a del Lago Ranco, en la denominada Regi\u00f3n de Los R\u00edos. El fallecimiento del exmandatario fue confirmado por distintas fuentes de su entorno al diario local La Tercera.<!--more--><\/p>\n<div class=\"row\">\n<div class=\"col-md-12 speak\">\n<div class=\"paragraph\">\n<figure class=\"mb-3\"><img decoding=\"async\" class=\" lazy \" src=\"https:\/\/www.telam.com.ar\/thumbs\/bluesteel\/advf\/imagenes\/2024\/02\/65c28530e6f77_1200.jpg\" alt=\"Sebastin Piera Foto Ramiro Gmez\" width=\"100%\" height=\"100%\" \/><\/p>\n<div class=\"media-icons\">Sebasti\u00e1n Pi\u00f1era \/ Foto: Ramiro G\u00f3mez<\/div>\n<\/figure>\n<p>&nbsp;<\/p>\n<p>El expresidente de Chile Sebasti\u00e1n Pi\u00f1era, de 74 a\u00f1os, muri\u00f3 este martes en un accidente de helic\u00f3ptero ocurrido en la comuna de Lago Ranco, Regi\u00f3n de Los R\u00edos, al sur del pa\u00eds, aseguraron medios del pa\u00eds vecino.<\/p>\n<p>El fallecimiento del exmandatario\u00a0<strong>fue confirmado por distintas fuentes de su entorno al diario local La Tercera<\/strong>.<\/p>\n<p>Desde el Gobierno, en tanto, se\u00f1alaron que se har\u00e1\u00a0<strong>el anuncio oficial tras el t\u00e9rmino de las pericias de la Armada<\/strong>.<\/p>\n<p>Sin embargo, confirmaron la desaparici\u00f3n de uno de los cuatro tripulantes y\u00a0<strong>que la aeronave est\u00e1 sumergida a 40 metros de profundidad.<\/strong><\/p>\n<p>El Servicio Nacional de Prevenci\u00f3n y Respuesta ante Desastres (Senapred) emiti\u00f3 un comunicado con el reporte del accidente, en el que se detalla que cerca de las 15 se report\u00f3 \u00abla ca\u00edda de una aeronave de tipo helic\u00f3ptero en el Sector de Iliue de la comuna de Lago Ranco; preliminarmente se registran tres lesionados y un fallecido, personal de emergencia y armada concurren al lugar\u00bb, seg\u00fan recogi\u00f3 el diario digital de El Mercurio.<\/p>\n<h2 class=\"\">La zona del siniestro<\/h2>\n<p><iframe loading=\"lazy\" src=\"https:\/\/www.google.com\/maps\/embed?pb=!1m18!1m12!1m3!1d25128.61193584938!2d-72.48821014293851!3d-40.32284237017586!2m3!1f0!2f0!3f0!3m2!1i1024!2i768!4f13.1!3m3!1m2!1s0x9616dadd3f2481f9%3A0x59b4413c11be38b9!2sLago%20Ranco%2C%20Los%20R%C3%ADos%2C%20Chile!5e0!3m2!1ses-419!2sar!4v1707247994159!5m2!1ses-419!2sar\" width=\"600\" height=\"450\" allowfullscreen=\"allowfullscreen\" data-mce-fragment=\"1\"><\/iframe><\/p>\n<p><em>Personal de Carabineros, Armada y del Servicio de Salud Metropolitano Central se encontraban desplegados en el lugar, cit\u00f3 la cadena de noticias CNN Chile.<\/em><\/p>\n<p>&nbsp;<\/p>\n<p>Reportaron adem\u00e1s que en la zona\u00a0<strong>hab\u00eda mucha lluvia al momento del accidente<\/strong>.<\/p>\n<figure class=\"mb-3\"><img decoding=\"async\" class=\" lazy \" src=\"https:\/\/www.telam.com.ar\/thumbs\/bluesteel\/advf\/imagenes\/2024\/02\/65c28d956060f_1200.jpg\" alt=\"El expresidente piloteando su helicptero en el ao 2006 Foto Archivo Tlam\" width=\"100%\" height=\"100%\" \/><\/p>\n<div class=\"media-icons\"><em>El expresidente piloteando su helic\u00f3ptero en el a\u00f1o 2006 \/ Foto: Archivo T\u00e9lam<\/em><\/div>\n<\/figure>\n<p>&nbsp;<\/p>\n<p>Miguel Juan Sebasti\u00e1n Pi\u00f1era Echenique naci\u00f3 el 1 de diciembre de 1949 en Santiago. De profesi\u00f3n ingeniero comercial, con menci\u00f3n en Econom\u00eda, un M\u00e1ster y un Doctorado en Econom\u00eda en la Universidad de Harvard se cas\u00f3 con Cecilia Moreal, con quien ten\u00eda 4 hijos.<\/p>\n<p>Pi\u00f1era presidi\u00f3 el partido Renovaci\u00f3n Nacional (RN) entre 2001 y 2004 y renunci\u00f3 en 2004 pero fue proclamado candidato presidencial de ese espacio en 2005.<\/p>\n<p>Perdi\u00f3 en segunda vuelta contra Michelle Bachelet con un 46,5% de los votos.<\/p>\n<p>En 2010 result\u00f3 electo presidente, venciendo al expresidente Eduardo Frei con un 51,56% de los votos y termin\u00f3 su mandato en 2014.<\/p>\n<p>Luego de su periodo en La Moneda, retom\u00f3 la presidencia de la Fundaci\u00f3n Futuro y encabez\u00f3 la fundaci\u00f3n Avanza Chile, que cre\u00f3 en 2010.<\/p>\n<p>Volvi\u00f3 a la presidencia de Chile en el per\u00edodo comprendido entre el 11 de marzo de 2018 y 11 de marzo de 2022.<\/p>\n<div class=\"jumbotron pt-4 mt-3\">\n<h3 class=\"module-title\">EL GOBIERNO ARGENTINO LAMENT\u00d3 EL FALLECIMIENTO DEL EXPRESIDENTE CHILENO<\/h3>\n<p>\u00abEn nombre del Estado argentino, enviamos nuestras condolencias a sus familiares, amigos y a todo el pueblo chileno\u00bb, manifest\u00f3 oficialmente la Oficina del Presidente Javier Milei.<\/p>\n<p>El fallecimiento del exmandatario\u00a0<strong>fue confirmado por distintas fuentes de su entorno al diario local La Tercera<\/strong>.<\/p>\n<p>La C\u00e1mara de Diputados de la Naci\u00f3n realiz\u00f3 un minuto de silencio en su homenaje.<\/p>\n<p>El pedido de reconocimiento fue hecho por el presidente del bloque Hacemos Coalici\u00f3n Federal,\u00a0<strong>Miguel \u00c1ngel Pichetto<\/strong>, cuando promediaba el tratamiento en particular del Cap\u00edtulo Dos de la ley \u00abBases\u00bb.<\/p>\n<p>Al finalizar el minuto de silencio, la C\u00e1mara\u00a0<strong>elev\u00f3 un aplauso cerrado y los diputados siguieron con la discusi\u00f3n del proyecto<\/strong>\u00a0impulsado por el Poder Ejecutivo.<\/p>\n<p>En tanto, la Canciller\u00eda argentina expres\u00f3 su \u00abprofundo pesar por el fallecimiento\u00bb de Pi\u00f1era y transmiti\u00f3 sus \u00abcondolencias a su familia, al Gobierno y al pueblo chileno\u00bb.<\/p>\n<p>El Ministerio de Relaciones Exteriores, que conduce Diana Mondino, destac\u00f3 la figura del exmandatario chileno como un \u00abdestacado art\u00edfice y promotor de la relaci\u00f3n estrat\u00e9gica entre nuestros pa\u00edses\u00bb, as\u00ed como un \u00abdefensor de los valores hist\u00f3ricos de amistad y solidaridad compartidos entre ambos pueblos\u00bb.<\/p>\n<\/div>\n<\/div>\n<\/div>\n<\/div>\n","protected":false},"excerpt":{"rendered":"<p>El accidente a\u00e9reo se registr\u00f3 la tarde de este martes en el sector de Ilihue, en la localidad sure\u00f1a del Lago Ranco, en la denominada Regi\u00f3n de Los R\u00edos. El fallecimiento del exmandatario fue confirmado por distintas fuentes de su entorno al diario local La Tercera.<\/p>\n","protected":false},"author":3,"featured_media":98589,"comment_status":"closed","ping_status":"closed","sticky":false,"template":"","format":"standard","meta":{"footnotes":""},"categories":[24,26],"tags":[],"class_list":["post-98588","post","type-post","status-publish","format-standard","has-post-thumbnail","hentry","category-politica","category-sociedad"],"yoast_head":"<!-- This site is optimized with the Yoast SEO plugin v25.9 - https:\/\/yoast.com\/wordpress\/plugins\/seo\/ -->\n<title>El expresidente chileno Pi\u00f1era muri\u00f3 en un accidente de helic\u00f3ptero - Noticias Radio Reflejos<\/title>\n<meta name=\"robots\" content=\"index, follow, max-snippet:-1, max-image-preview:large, max-video-preview:-1\" \/>\n<link rel=\"canonical\" href=\"https:\/\/www.noticiasradioreflejos.com.ar\/2021\/el-expresidente-chileno-pinera-murio-en-un-accidente-de-helicoptero\/\" \/>\n<meta property=\"og:locale\" content=\"es_ES\" \/>\n<meta property=\"og:type\" content=\"article\" \/>\n<meta property=\"og:title\" content=\"El expresidente chileno Pi\u00f1era muri\u00f3 en un accidente de helic\u00f3ptero - Noticias Radio Reflejos\" \/>\n<meta property=\"og:description\" content=\"El accidente a\u00e9reo se registr\u00f3 la tarde de este martes en el sector de Ilihue, en la localidad sure\u00f1a del Lago Ranco, en la denominada Regi\u00f3n de Los R\u00edos. El fallecimiento del exmandatario fue confirmado por distintas fuentes de su entorno al diario local La Tercera.\" \/>\n<meta property=\"og:url\" content=\"https:\/\/www.noticiasradioreflejos.com.ar\/2021\/el-expresidente-chileno-pinera-murio-en-un-accidente-de-helicoptero\/\" \/>\n<meta property=\"og:site_name\" content=\"Noticias Radio Reflejos\" \/>\n<meta property=\"article:published_time\" content=\"2024-02-06T20:44:58+00:00\" \/>\n<meta property=\"og:image\" content=\"https:\/\/www.noticiasradioreflejos.com.ar\/2021\/wp-content\/uploads\/2024\/02\/65c28d956060f_1200.jpg\" \/>\n\t<meta property=\"og:image:width\" content=\"1200\" \/>\n\t<meta property=\"og:image:height\" content=\"675\" \/>\n\t<meta property=\"og:image:type\" content=\"image\/jpeg\" \/>\n<meta name=\"author\" content=\"Arnaldo Botto\" \/>\n<meta name=\"twitter:card\" content=\"summary_large_image\" \/>\n<script type=\"application\/ld+json\" class=\"yoast-schema-graph\">{\"@context\":\"https:\/\/schema.org\",\"@graph\":[{\"@type\":\"WebPage\",\"@id\":\"https:\/\/www.noticiasradioreflejos.com.ar\/2021\/el-expresidente-chileno-pinera-murio-en-un-accidente-de-helicoptero\/\",\"url\":\"https:\/\/www.noticiasradioreflejos.com.ar\/2021\/el-expresidente-chileno-pinera-murio-en-un-accidente-de-helicoptero\/\",\"name\":\"El expresidente chileno Pi\u00f1era muri\u00f3 en un accidente de helic\u00f3ptero - Noticias Radio Reflejos\",\"isPartOf\":{\"@id\":\"https:\/\/www.noticiasradioreflejos.com.ar\/2021\/#website\"},\"primaryImageOfPage\":{\"@id\":\"https:\/\/www.noticiasradioreflejos.com.ar\/2021\/el-expresidente-chileno-pinera-murio-en-un-accidente-de-helicoptero\/#primaryimage\"},\"image\":{\"@id\":\"https:\/\/www.noticiasradioreflejos.com.ar\/2021\/el-expresidente-chileno-pinera-murio-en-un-accidente-de-helicoptero\/#primaryimage\"},\"thumbnailUrl\":\"https:\/\/www.noticiasradioreflejos.com.ar\/2021\/wp-content\/uploads\/2024\/02\/65c28d956060f_1200.jpg\",\"datePublished\":\"2024-02-06T20:44:58+00:00\",\"author\":{\"@id\":\"https:\/\/www.noticiasradioreflejos.com.ar\/2021\/#\/schema\/person\/ad82545263dcc5ec0996818884fd5fb1\"},\"breadcrumb\":{\"@id\":\"https:\/\/www.noticiasradioreflejos.com.ar\/2021\/el-expresidente-chileno-pinera-murio-en-un-accidente-de-helicoptero\/#breadcrumb\"},\"inLanguage\":\"es\",\"potentialAction\":[{\"@type\":\"ReadAction\",\"target\":[\"https:\/\/www.noticiasradioreflejos.com.ar\/2021\/el-expresidente-chileno-pinera-murio-en-un-accidente-de-helicoptero\/\"]}]},{\"@type\":\"ImageObject\",\"inLanguage\":\"es\",\"@id\":\"https:\/\/www.noticiasradioreflejos.com.ar\/2021\/el-expresidente-chileno-pinera-murio-en-un-accidente-de-helicoptero\/#primaryimage\",\"url\":\"https:\/\/www.noticiasradioreflejos.com.ar\/2021\/wp-content\/uploads\/2024\/02\/65c28d956060f_1200.jpg\",\"contentUrl\":\"https:\/\/www.noticiasradioreflejos.com.ar\/2021\/wp-content\/uploads\/2024\/02\/65c28d956060f_1200.jpg\",\"width\":1200,\"height\":675},{\"@type\":\"BreadcrumbList\",\"@id\":\"https:\/\/www.noticiasradioreflejos.com.ar\/2021\/el-expresidente-chileno-pinera-murio-en-un-accidente-de-helicoptero\/#breadcrumb\",\"itemListElement\":[{\"@type\":\"ListItem\",\"position\":1,\"name\":\"Portada\",\"item\":\"https:\/\/www.noticiasradioreflejos.com.ar\/2021\/\"},{\"@type\":\"ListItem\",\"position\":2,\"name\":\"El expresidente chileno Pi\u00f1era muri\u00f3 en un accidente de helic\u00f3ptero\"}]},{\"@type\":\"WebSite\",\"@id\":\"https:\/\/www.noticiasradioreflejos.com.ar\/2021\/#website\",\"url\":\"https:\/\/www.noticiasradioreflejos.com.ar\/2021\/\",\"name\":\"Noticias Radio Reflejos\",\"description\":\"Las noticias de mi comarca\",\"potentialAction\":[{\"@type\":\"SearchAction\",\"target\":{\"@type\":\"EntryPoint\",\"urlTemplate\":\"https:\/\/www.noticiasradioreflejos.com.ar\/2021\/?s={search_term_string}\"},\"query-input\":{\"@type\":\"PropertyValueSpecification\",\"valueRequired\":true,\"valueName\":\"search_term_string\"}}],\"inLanguage\":\"es\"},{\"@type\":\"Person\",\"@id\":\"https:\/\/www.noticiasradioreflejos.com.ar\/2021\/#\/schema\/person\/ad82545263dcc5ec0996818884fd5fb1\",\"name\":\"Arnaldo Botto\",\"image\":{\"@type\":\"ImageObject\",\"inLanguage\":\"es\",\"@id\":\"https:\/\/www.noticiasradioreflejos.com.ar\/2021\/#\/schema\/person\/image\/\",\"url\":\"https:\/\/secure.gravatar.com\/avatar\/55cb5e37c1efa326397366e6974cb338056df65cb50e7d64d1cf314e87504837?s=96&d=mm&r=g\",\"contentUrl\":\"https:\/\/secure.gravatar.com\/avatar\/55cb5e37c1efa326397366e6974cb338056df65cb50e7d64d1cf314e87504837?s=96&d=mm&r=g\",\"caption\":\"Arnaldo Botto\"},\"url\":\"https:\/\/www.noticiasradioreflejos.com.ar\/2021\/author\/arnaldo\/\"}]}<\/script>\n<!-- \/ Yoast SEO plugin. -->","yoast_head_json":{"title":"El expresidente chileno Pi\u00f1era muri\u00f3 en un accidente de helic\u00f3ptero - Noticias Radio Reflejos","robots":{"index":"index","follow":"follow","max-snippet":"max-snippet:-1","max-image-preview":"max-image-preview:large","max-video-preview":"max-video-preview:-1"},"canonical":"https:\/\/www.noticiasradioreflejos.com.ar\/2021\/el-expresidente-chileno-pinera-murio-en-un-accidente-de-helicoptero\/","og_locale":"es_ES","og_type":"article","og_title":"El expresidente chileno Pi\u00f1era muri\u00f3 en un accidente de helic\u00f3ptero - Noticias Radio Reflejos","og_description":"El accidente a\u00e9reo se registr\u00f3 la tarde de este martes en el sector de Ilihue, en la localidad sure\u00f1a del Lago Ranco, en la denominada Regi\u00f3n de Los R\u00edos. El fallecimiento del exmandatario fue confirmado por distintas fuentes de su entorno al diario local La Tercera.","og_url":"https:\/\/www.noticiasradioreflejos.com.ar\/2021\/el-expresidente-chileno-pinera-murio-en-un-accidente-de-helicoptero\/","og_site_name":"Noticias Radio Reflejos","article_published_time":"2024-02-06T20:44:58+00:00","og_image":[{"width":1200,"height":675,"url":"https:\/\/www.noticiasradioreflejos.com.ar\/2021\/wp-content\/uploads\/2024\/02\/65c28d956060f_1200.jpg","type":"image\/jpeg"}],"author":"Arnaldo Botto","twitter_card":"summary_large_image","schema":{"@context":"https:\/\/schema.org","@graph":[{"@type":"WebPage","@id":"https:\/\/www.noticiasradioreflejos.com.ar\/2021\/el-expresidente-chileno-pinera-murio-en-un-accidente-de-helicoptero\/","url":"https:\/\/www.noticiasradioreflejos.com.ar\/2021\/el-expresidente-chileno-pinera-murio-en-un-accidente-de-helicoptero\/","name":"El expresidente chileno Pi\u00f1era muri\u00f3 en un accidente de helic\u00f3ptero - Noticias Radio Reflejos","isPartOf":{"@id":"https:\/\/www.noticiasradioreflejos.com.ar\/2021\/#website"},"primaryImageOfPage":{"@id":"https:\/\/www.noticiasradioreflejos.com.ar\/2021\/el-expresidente-chileno-pinera-murio-en-un-accidente-de-helicoptero\/#primaryimage"},"image":{"@id":"https:\/\/www.noticiasradioreflejos.com.ar\/2021\/el-expresidente-chileno-pinera-murio-en-un-accidente-de-helicoptero\/#primaryimage"},"thumbnailUrl":"https:\/\/www.noticiasradioreflejos.com.ar\/2021\/wp-content\/uploads\/2024\/02\/65c28d956060f_1200.jpg","datePublished":"2024-02-06T20:44:58+00:00","author":{"@id":"https:\/\/www.noticiasradioreflejos.com.ar\/2021\/#\/schema\/person\/ad82545263dcc5ec0996818884fd5fb1"},"breadcrumb":{"@id":"https:\/\/www.noticiasradioreflejos.com.ar\/2021\/el-expresidente-chileno-pinera-murio-en-un-accidente-de-helicoptero\/#breadcrumb"},"inLanguage":"es","potentialAction":[{"@type":"ReadAction","target":["https:\/\/www.noticiasradioreflejos.com.ar\/2021\/el-expresidente-chileno-pinera-murio-en-un-accidente-de-helicoptero\/"]}]},{"@type":"ImageObject","inLanguage":"es","@id":"https:\/\/www.noticiasradioreflejos.com.ar\/2021\/el-expresidente-chileno-pinera-murio-en-un-accidente-de-helicoptero\/#primaryimage","url":"https:\/\/www.noticiasradioreflejos.com.ar\/2021\/wp-content\/uploads\/2024\/02\/65c28d956060f_1200.jpg","contentUrl":"https:\/\/www.noticiasradioreflejos.com.ar\/2021\/wp-content\/uploads\/2024\/02\/65c28d956060f_1200.jpg","width":1200,"height":675},{"@type":"BreadcrumbList","@id":"https:\/\/www.noticiasradioreflejos.com.ar\/2021\/el-expresidente-chileno-pinera-murio-en-un-accidente-de-helicoptero\/#breadcrumb","itemListElement":[{"@type":"ListItem","position":1,"name":"Portada","item":"https:\/\/www.noticiasradioreflejos.com.ar\/2021\/"},{"@type":"ListItem","position":2,"name":"El expresidente chileno Pi\u00f1era muri\u00f3 en un accidente de helic\u00f3ptero"}]},{"@type":"WebSite","@id":"https:\/\/www.noticiasradioreflejos.com.ar\/2021\/#website","url":"https:\/\/www.noticiasradioreflejos.com.ar\/2021\/","name":"Noticias Radio Reflejos","description":"Las noticias de mi comarca","potentialAction":[{"@type":"SearchAction","target":{"@type":"EntryPoint","urlTemplate":"https:\/\/www.noticiasradioreflejos.com.ar\/2021\/?s={search_term_string}"},"query-input":{"@type":"PropertyValueSpecification","valueRequired":true,"valueName":"search_term_string"}}],"inLanguage":"es"},{"@type":"Person","@id":"https:\/\/www.noticiasradioreflejos.com.ar\/2021\/#\/schema\/person\/ad82545263dcc5ec0996818884fd5fb1","name":"Arnaldo Botto","image":{"@type":"ImageObject","inLanguage":"es","@id":"https:\/\/www.noticiasradioreflejos.com.ar\/2021\/#\/schema\/person\/image\/","url":"https:\/\/secure.gravatar.com\/avatar\/55cb5e37c1efa326397366e6974cb338056df65cb50e7d64d1cf314e87504837?s=96&d=mm&r=g","contentUrl":"https:\/\/secure.gravatar.com\/avatar\/55cb5e37c1efa326397366e6974cb338056df65cb50e7d64d1cf314e87504837?s=96&d=mm&r=g","caption":"Arnaldo Botto"},"url":"https:\/\/www.noticiasradioreflejos.com.ar\/2021\/author\/arnaldo\/"}]}},"_links":{"self":[{"href":"https:\/\/www.noticiasradioreflejos.com.ar\/2021\/wp-json\/wp\/v2\/posts\/98588","targetHints":{"allow":["GET"]}}],"collection":[{"href":"https:\/\/www.noticiasradioreflejos.com.ar\/2021\/wp-json\/wp\/v2\/posts"}],"about":[{"href":"https:\/\/www.noticiasradioreflejos.com.ar\/2021\/wp-json\/wp\/v2\/types\/post"}],"author":[{"embeddable":true,"href":"https:\/\/www.noticiasradioreflejos.com.ar\/2021\/wp-json\/wp\/v2\/users\/3"}],"replies":[{"embeddable":true,"href":"https:\/\/www.noticiasradioreflejos.com.ar\/2021\/wp-json\/wp\/v2\/comments?post=98588"}],"version-history":[{"count":1,"href":"https:\/\/www.noticiasradioreflejos.com.ar\/2021\/wp-json\/wp\/v2\/posts\/98588\/revisions"}],"predecessor-version":[{"id":98590,"href":"https:\/\/www.noticiasradioreflejos.com.ar\/2021\/wp-json\/wp\/v2\/posts\/98588\/revisions\/98590"}],"wp:featuredmedia":[{"embeddable":true,"href":"https:\/\/www.noticiasradioreflejos.com.ar\/2021\/wp-json\/wp\/v2\/media\/98589"}],"wp:attachment":[{"href":"https:\/\/www.noticiasradioreflejos.com.ar\/2021\/wp-json\/wp\/v2\/media?parent=98588"}],"wp:term":[{"taxonomy":"category","embeddable":true,"href":"https:\/\/www.noticiasradioreflejos.com.ar\/2021\/wp-json\/wp\/v2\/categories?post=98588"},{"taxonomy":"post_tag","embeddable":true,"href":"https:\/\/www.noticiasradioreflejos.com.ar\/2021\/wp-json\/wp\/v2\/tags?post=98588"}],"curies":[{"name":"wp","href":"https:\/\/api.w.org\/{rel}","templated":true}]}}