{"id":98585,"date":"2024-02-06T17:41:21","date_gmt":"2024-02-06T20:41:21","guid":{"rendered":"https:\/\/www.noticiasradioreflejos.com.ar\/2021\/?p=98585"},"modified":"2024-02-06T17:41:21","modified_gmt":"2024-02-06T20:41:21","slug":"la-camara-de-diputados-aprobo-la-emergencia-economica","status":"publish","type":"post","link":"https:\/\/www.noticiasradioreflejos.com.ar\/2021\/la-camara-de-diputados-aprobo-la-emergencia-economica\/","title":{"rendered":"La C\u00e1mara de Diputados aprob\u00f3 la emergencia econ\u00f3mica"},"content":{"rendered":"<p>Por 134 votos a favor y 121 en contra, se convalid\u00f3 el art\u00edculo que tambi\u00e9n establece la emergencia en materia administrativa, financiera, tarifaria, energ\u00e9tica y de seguridad. La intenci\u00f3n de los legisladores es debatir hasta la medianoche, para pasar a otro cuarto intermedio en caso de ser necesario.<\/p>\n<div>\n<div class=\"wrapper-editable-content\">\n<div class=\"container-md\">\n<div class=\"row\">\n<div class=\"col-md-12 speak\">\n<div class=\"paragraph\">\n<figure class=\"mb-3\"><img decoding=\"async\" class=\" lazy \" src=\"https:\/\/www.telam.com.ar\/thumbs\/bluesteel\/advf\/imagenes\/2024\/02\/65c28981e2cd0_1200.jpg\" alt=\"Foto Eliana Obregn\" width=\"100%\" height=\"100%\" \/><\/p>\n<div class=\"media-icons\"><\/div><figcaption>Foto: Eliana Obreg\u00f3n<\/figcaption><\/figure>\n<p>La C\u00e1mara de Diputados aprob\u00f3 este martes\u00a0<strong>por 134 a 121 votos el art\u00edculo primero de la ley \u00abBases\u00bb\u00a0<\/strong>que establece la declaraci\u00f3n de emergencia en las materias econ\u00f3micas, administrativa, financiera, tarifaria, energ\u00e9tica y de seguridad.<\/p>\n<p>El oficialismo cont\u00f3 con el voto de 37 votos de la Libertad Avanza, 37 del PRO, 13 de Hacemos Coalici\u00f3n Federal, 1 de Creo, 1 de Uni\u00f3n Mendocina, 1 de Avanza Libertad, 28 de la UCR, 9 de Innovaci\u00f3n, 2 de Producci\u00f3n y Trabajo, 2 de Buenos Aires y 3 de Independencia.<\/p>\n<p>Los votos en contra fueron 98 de Uni\u00f3n por la Patria (UxP), 6 de la UCR, 10 de<!--more--><\/p>\n<p>Posteriormente,\u00a0<strong>el plenario legislativo aprob\u00f3 por 140 a 115 el art\u00edculo que establece los principios y objetivos<\/strong>\u00a0de esa emergencia p\u00fablica.<\/p>\n<p>El primer art\u00edculo aprobado establece que la iniciativa \u00abtiene por objeto declarar la emergencia en materia econ\u00f3mica, financiera, de seguridad, tarifaria, energ\u00e9tica y administrativa; y promover la iniciativa privada, as\u00ed como el desarrollo de la industria y del comercio, mediante un r\u00e9gimen jur\u00eddico que asegure los beneficios de la libertad para todos los habitantes de la Naci\u00f3n y l\u00edmite toda intervenci\u00f3n estatal que no sea la necesaria para asegurar el ejercicio efectivo de sus derechos constitucionales\u00bb<\/p>\n<figure class=\"mb-3\"><img decoding=\"async\" class=\" lazy \" src=\"https:\/\/www.telam.com.ar\/thumbs\/bluesteel\/advf\/imagenes\/2024\/02\/65c283a76a899.02.2024%20%20bornoroni%20zago%20foto%20eliana%20obregon_1200.jpg\" alt=\"Foto Eliana Obregn\" width=\"100%\" height=\"100%\" \/><\/p>\n<div class=\"media-icons\">Foto: Eliana Obreg\u00f3n<\/div>\n<\/figure>\n<p>&nbsp;<\/p>\n<p>Por otra parte,\u00a0<strong>el art\u00edculo 2 fija que la meta de la ley es \u00abla promoci\u00f3n del derecho fundamental a la libertad individual<\/strong>. Los habitantes de la Naci\u00f3n tienen derecho a ejercer sus libertades constitucionales sin injerencias indebidas por parte del Estado\u00bb.<\/p>\n<p>Tambi\u00e9n destaca \u00abla protecci\u00f3n de los habitantes y de su propiedad privada. El Estado debe garantizar la seguridad y propiedad de las personas y fomentar un entorno propicio para la inversi\u00f3n y el emprendimiento. Debe asegurar el efectivo ejercicio del derecho a transitar libremente en la v\u00eda p\u00fablica evitando situaciones que pongan en riesgo la vida, la propiedad y la seguridad de los habitantes de la Naci\u00f3n\u00bb.<\/p>\n<p>Adem\u00e1s fija que<strong>\u00a0el Estado \u00abdebe procurarse su concentraci\u00f3n en los sectores esenciales de la sociedad y su ejercicio con criterios objetivos de eficiencia, eficacia y razonabilidad\u00bb<\/strong>\u00a0y la \u00aborganizaci\u00f3n racional y sustentable de la Administraci\u00f3n P\u00fablica Nacional a fin de garantizar una actuaci\u00f3n administrativa de calidad y respetuosa de la dignidad humana\u00bb<\/p>\n<p>Tambi\u00e9n establece como otro de sus principios \u00abla creaci\u00f3n, el fomento y el desarrollo del empleo productivo privado, con la inclusi\u00f3n de quienes enfrentan mayores dificultades de inserci\u00f3n laboral, la protecci\u00f3n de los trabajadores desempleados y la regularizaci\u00f3n de las relaciones laborales existentes\u00bb.<\/p>\n<figure class=\"mb-3\"><img decoding=\"async\" class=\" lazy \" src=\"https:\/\/www.telam.com.ar\/thumbs\/bluesteel\/advf\/imagenes\/2024\/02\/65c283a814bbf.02.2024%20martinez%20foto%20eliana%20obregon_1200.jpg\" alt=\"Foto Eliana Obregn\" width=\"100%\" height=\"100%\" \/><\/p>\n<div class=\"media-icons\"><\/div><figcaption>Foto: Eliana Obreg\u00f3n<\/figcaption><\/figure>\n<h2 class=\"\">La sesi\u00f3n<\/h2>\n<p>La sesi\u00f3n se reinici\u00f3 tras el cuarto intermedio al que se pas\u00f3 el viernes por lo que no requer\u00eda del qu\u00f3rum reglamentario y en el primer tramo, el presidente de la C\u00e1mara baja,\u00a0<strong>Mart\u00edn Menem<\/strong>, dio lugar a planteos de los diputados sobre cuestiones de privilegio.<\/p>\n<p>Los primeros planteos provinieron del bloque de la Izquierda, donde los diputados\u00a0<strong>Nicol\u00e1s Del Ca\u00f1o<\/strong>\u00a0y\u00a0<strong>Romina del Pl\u00e1<\/strong>\u00a0cuestionaron a la ministra de Seguridad,\u00a0<strong>Patricia Bullrich<\/strong>, por el operativo desplegado durante las manifestaciones en contra de la ley registradas la semana pasada.<\/p>\n<p>Luego, fue el turno de las cuestiones de privilegio, oportunidad en la que el\u00a0diputado nacional\u00a0<strong>Pablo Carro<\/strong>, de Uni\u00f3n por la Patria por C\u00f3rdoba,\u00a0<a href=\"https:\/\/www.telam.com.ar\/notas\/202402\/654501-medios-publicos-carro-diputados-privatizacion.html\" target=\"_blank\" rel=\"noopener\">rechazo la decisi\u00f3n de intervenir los medios p\u00fablicos adoptada por el Gobierno nacional en los \u00faltimos d\u00edas<\/a>.<\/p>\n<p>Cuando se comenz\u00f3\u00a0a tratar en particular la Ley \u00abBases\u00bb, se lleg\u00f3 a un acuerdo para que el proyecto sea debatido por cap\u00edtulos y para que\u00a0<strong>cada orador tenga tres minutos por discurso<\/strong>.<\/p>\n<p>En el caso de que no existan modificaciones en particular, los cap\u00edtulos ser\u00e1n votados de manera completa. En cambio, cuando haya discusiones por cap\u00edtulo, y ante la eventualidad de un cambio, los art\u00edculos cuestionados ser\u00e1n votados uno por uno.<\/p>\n<div class=\"jumbotron pt-4 mt-3\">\n<h3 class=\"module-title\">MINUTO DE SILENCIO POR LA MUERTE DE SEBASTI\u00c1N PI\u00d1ERA<\/h3>\n<p>La C\u00e1mara de Diputados de la Naci\u00f3n realiz\u00f3 este martes un minuto de silencio en homenaje al expresidente de Chile Sebasti\u00e1n Pi\u00f1era, quien muri\u00f3 en un accidente de helic\u00f3ptero ocurrido esta tarde en la comuna de Lago Ranco, en la Regi\u00f3n de Los R\u00edos, en la zona sur de la naci\u00f3n trasandina.<\/p>\n<p>El pedido de reconocimiento fue hecho por el presidente del bloque Hacemos Coalici\u00f3n Federal, Miguel \u00c1ngel Pichetto, cuando promediaba el tratamiento en particular del Cap\u00edtulo Dos de la ley \u00abBases\u00bb.<\/p>\n<p>Al finalizar el minuto de silencio, la C\u00e1mara elev\u00f3 un aplauso cerrado y los diputados siguieron con la discusi\u00f3n del proyecto impulsado por el Poder Ejecutivo.<\/p>\n<\/div>\n<figure class=\"mb-3\"><img decoding=\"async\" class=\" lazy \" src=\"https:\/\/www.telam.com.ar\/thumbs\/bluesteel\/advf\/imagenes\/2024\/02\/65c283a7a1598.02.2024%20%20pichetto%20foto%20eliana%20obregon_1200.jpg\" alt=\"Foto Eliana Obregn\" width=\"100%\" height=\"100%\" \/><\/p>\n<div class=\"media-icons\"><\/div><figcaption>Foto: Eliana Obreg\u00f3n<\/figcaption><\/figure>\n<h2 class=\"\">Negociaciones<\/h2>\n<p>Tras reuniones por separado de cada bancada, Mart\u00edn Menem mantuvo este mediod\u00eda un encuentro con los diputados\u00a0<strong>Miguel Pichetto<\/strong>\u00a0(Hacemos Coalici\u00f3n Federal),\u00a0<strong>Cristian Ritondo<\/strong>\u00a0(PRO) y\u00a0<strong>Rodrigo de Loredo<\/strong>\u00a0(UCR) del que tambi\u00e9n participaron el ministro del Interior,\u00a0<strong>Guillermo Francos<\/strong>, y legisladores del oficialismo.<\/p>\n<p>En las \u00faltimas horas, los legisladores -incluso de la oposici\u00f3n m\u00e1s af\u00edn al gobierno- anticiparon que\u00a0<strong>\u00abel tr\u00e1mite va a ser largo\u00bb<\/strong>\u00a0y\u00a0<strong>\u00abpuede extenderse al mi\u00e9rcoles y al jueves\u00bb<\/strong>, ya que se tratar\u00e1 de un extenso debate que demandar\u00eda otras tres jornadas de discusi\u00f3n, como las que se necesitaron para sancionar el dictamen en general.<\/p>\n<figure class=\"mb-3\"><img decoding=\"async\" class=\" lazy \" src=\"https:\/\/www.telam.com.ar\/thumbs\/bluesteel\/advf\/imagenes\/2024\/02\/65c283a7bacf0.02.2024%20%20menem%20foto%20eliana%20obregon_1200.jpg\" alt=\"Foto Eliana Obregn\" width=\"100%\" height=\"100%\" \/><\/p>\n<div class=\"media-icons\"><\/div><figcaption>Foto: Eliana Obreg\u00f3n<\/figcaption><\/figure>\n<p>La C\u00e1mara de Diputados aprob\u00f3 el viernes en general, por 144 a 109 votos, el dictamen de mayor\u00eda con los cambios acordados entre la Libertad Avanza (LLA), la UCR, PRO, Hacemos e Innovaci\u00f3n, pero debi\u00f3 pasar a cuarto intermedio hasta este martes para poder consensuar las discrepancias sobre algunos puntos de esa norma.<\/p>\n<p>De acuerdo con las fuentes, l<strong>a intenci\u00f3n de algunos diputados es desarrollar la sesi\u00f3n, pasar a otro cuatro intermedio a la medianoche y retomar el mi\u00e9rcoles para repetir esa estrategia<\/strong>, aunque no descartan seguir otro d\u00eda m\u00e1s si no agotan las instancias de acuerdos.<\/p>\n<figure class=\"mb-3\"><img decoding=\"async\" class=\" lazy \" src=\"https:\/\/www.telam.com.ar\/thumbs\/bluesteel\/advf\/imagenes\/2024\/02\/65c283a7eee4d.02.2024%20ginocchio%20foto%20eliana%20obregon_1200.jpg\" alt=\"Foto Eliana Obregn\" width=\"100%\" height=\"100%\" \/><\/p>\n<div class=\"media-icons\"><\/div><figcaption>Foto: Eliana Obreg\u00f3n<\/figcaption><\/figure>\n<p>Los bloques cercanos al gobierno esperan una respuesta del Gobierno a sus pedidos de reformulaci\u00f3n un conjunto de art\u00edculos.<\/p>\n<p>El oficialismo necesita alcanzar un acuerdo con las bancadas que apoyaron en la aprobaci\u00f3n del proyecto para votar en particular los 383 art\u00edculos del dictamen, ya que si una veintena de esos legisladores votan en contra y sumados a los 109 que ya rechazaron la iniciativa pueden caer art\u00edculos promovidos por el Gobierno nacional.<\/p>\n<p>Los bloques afines al oficialismo est\u00e1n de acuerdo en votar a favor la declaraci\u00f3n de emergencia que qued\u00f3 limitada a seis materias -administrativa, econ\u00f3mica, financiera, de seguridad, tarifaria y energ\u00e9tica- y sobre biocombustibles y los entes referidos a la cultura.<\/p>\n<p>En cambio, una decena de diputados no quiere votar art\u00edculos sobre facultades delegadas referidos a las facultades administrativas que permite disolver o suprimir organismos p\u00fablicos, con excepci\u00f3n de las Universidades Nacionales, e intervenir todos los entes o empresas p\u00fablicas y las que est\u00e1n vinculados a los fondos fiduciarios provinciales.<\/p>\n<figure class=\"mb-3\"><img decoding=\"async\" class=\" lazy \" src=\"https:\/\/www.telam.com.ar\/thumbs\/bluesteel\/advf\/imagenes\/2024\/02\/65c28981c47a8.02.2024%20aprobacion%20emergencia%20economica%20foto%20eliana%20obregon_1200.jpg\" alt=\"Foto Eliana Obregn\" width=\"100%\" height=\"100%\" \/><\/p>\n<div class=\"media-icons\"><\/div><figcaption>Foto: Eliana Obreg\u00f3n<\/figcaption><\/figure>\n<div class=\"jumbotron pt-4 mt-3\">\n<h3 class=\"module-title\">\u00abCAMARAZO\u00bb DE REPORTEROS GR\u00c1FICOS FRENTE AL CONGRESO<\/h3>\n<p>Reporteros gr\u00e1ficos nucleados en la Asociaci\u00f3n de Reporteros Gr\u00e1ficos de la Rep\u00fablica Argentina (Argra) realizaron este martes un \u00ab<strong>camarazo<\/strong>\u00bb frente al Congreso para denunciar la represi\u00f3n que sufrieron decenas de periodistas por parte de fuerzas de seguridad durante las jornadas de movilizaci\u00f3n contra la ley de &#8216;Bases&#8217; la semana pasada.<\/p>\n<p><strong>Argra<\/strong>, junto a la Federaci\u00f3n Argentina de Trabajadores de Prensa (<strong>Fatpren<\/strong>) y el Sindicato de Prensa de Buenos Aires (<strong>Sipreba<\/strong>), realizaron esta convocatoria bajo la consigna \u00ab\u00a1Basta de balas de goma! \u00a1Basta de gas pimienta! Nuestros ojos miran\u00bb.<\/p>\n<p>Los fotorreporteros, junto a colegas de medios p\u00fablicos y privados, pusieron sus c\u00e1maras en alto hoy frente al Congreso de la Naci\u00f3n en repudio a la represi\u00f3n sufrida durante las coberturas de las manifestaciones del jueves y viernes pasado mientras se trataba en general la ley de &#8216;Bases&#8217;, y para exigir poder trabajar libremente.<\/p>\n<p>\u00abUna vez m\u00e1s, como en 2017, la brutal represi\u00f3n impulsada por la ministra (Patricia) Bullrich es un ataque directo a los trabajadores de prensa. Rechazamos los ataques deliberados de las fuerzas de seguridad a los reporteros gr\u00e1ficos quienes nuevamente recibimos balas de goma, gases lacrim\u00f3genos directo a la cara, golpes\u00bb, expresaron desde Argra en la convocatoria a la actividad.<\/p>\n<p>Seg\u00fan inform\u00f3 el Sipreba, m\u00e1s de 30 comunicadores de medios p\u00fablicos, privados y autogestivos resultaron heridos con impactos de bala de goma, golpes y da\u00f1os provocados por gases lacrim\u00f3genos, muchos de los cuales debieron ser atendidos por personal m\u00e9dico.<\/p>\n<\/div>\n<div class=\"video_repositive\">\n<div id=\"KT7j77ivXt0\" class=\"video_telam\">\n<div class=\"feature_article_inner\">\n<div class=\"feature_article_title\">\n<h2 class=\"text-center\">Camarazo en repudio de la represi\u00f3n<\/h2>\n<\/div>\n<\/div>\n<div class=\"definition\">VER VIDEO\u00a0<i class=\"fas fa-play\"><\/i><\/div>\n<\/div>\n<\/div>\n<\/div>\n<\/div>\n<\/div>\n<\/div>\n<\/div>\n<\/div>\n","protected":false},"excerpt":{"rendered":"<p>Por 134 votos a favor y 121 en contra, se convalid\u00f3 el art\u00edculo que tambi\u00e9n establece la emergencia en materia administrativa, financiera, tarifaria, energ\u00e9tica y de seguridad. La intenci\u00f3n de los legisladores es debatir hasta la medianoche, para pasar a otro cuarto intermedio en caso de ser necesario. Foto: Eliana Obreg\u00f3n La C\u00e1mara de Diputados [&hellip;]<\/p>\n","protected":false},"author":3,"featured_media":0,"comment_status":"closed","ping_status":"closed","sticky":false,"template":"","format":"standard","meta":{"footnotes":""},"categories":[24],"tags":[],"class_list":["post-98585","post","type-post","status-publish","format-standard","hentry","category-politica"],"yoast_head":"<!-- This site is optimized with the Yoast SEO plugin v25.9 - https:\/\/yoast.com\/wordpress\/plugins\/seo\/ -->\n<title>La C\u00e1mara de Diputados aprob\u00f3 la emergencia econ\u00f3mica - Noticias Radio Reflejos<\/title>\n<meta name=\"robots\" content=\"index, follow, max-snippet:-1, max-image-preview:large, max-video-preview:-1\" \/>\n<link rel=\"canonical\" href=\"https:\/\/www.noticiasradioreflejos.com.ar\/2021\/la-camara-de-diputados-aprobo-la-emergencia-economica\/\" \/>\n<meta property=\"og:locale\" content=\"es_ES\" \/>\n<meta property=\"og:type\" content=\"article\" \/>\n<meta property=\"og:title\" content=\"La C\u00e1mara de Diputados aprob\u00f3 la emergencia econ\u00f3mica - Noticias Radio Reflejos\" \/>\n<meta property=\"og:description\" content=\"Por 134 votos a favor y 121 en contra, se convalid\u00f3 el art\u00edculo que tambi\u00e9n establece la emergencia en materia administrativa, financiera, tarifaria, energ\u00e9tica y de seguridad. La intenci\u00f3n de los legisladores es debatir hasta la medianoche, para pasar a otro cuarto intermedio en caso de ser necesario. Foto: Eliana Obreg\u00f3n La C\u00e1mara de Diputados [&hellip;]\" \/>\n<meta property=\"og:url\" content=\"https:\/\/www.noticiasradioreflejos.com.ar\/2021\/la-camara-de-diputados-aprobo-la-emergencia-economica\/\" \/>\n<meta property=\"og:site_name\" content=\"Noticias Radio Reflejos\" \/>\n<meta property=\"article:published_time\" content=\"2024-02-06T20:41:21+00:00\" \/>\n<meta property=\"og:image\" content=\"https:\/\/www.noticiasradioreflejos.com.ar\/2021\/wp-content\/uploads\/2024\/02\/diputados.jpg\" \/>\n\t<meta property=\"og:image:width\" content=\"1200\" \/>\n\t<meta property=\"og:image:height\" content=\"675\" \/>\n\t<meta property=\"og:image:type\" content=\"image\/jpeg\" \/>\n<meta name=\"author\" content=\"Arnaldo Botto\" \/>\n<meta name=\"twitter:card\" content=\"summary_large_image\" \/>\n<script type=\"application\/ld+json\" class=\"yoast-schema-graph\">{\"@context\":\"https:\/\/schema.org\",\"@graph\":[{\"@type\":\"WebPage\",\"@id\":\"https:\/\/www.noticiasradioreflejos.com.ar\/2021\/la-camara-de-diputados-aprobo-la-emergencia-economica\/\",\"url\":\"https:\/\/www.noticiasradioreflejos.com.ar\/2021\/la-camara-de-diputados-aprobo-la-emergencia-economica\/\",\"name\":\"La C\u00e1mara de Diputados aprob\u00f3 la emergencia econ\u00f3mica - Noticias Radio Reflejos\",\"isPartOf\":{\"@id\":\"https:\/\/www.noticiasradioreflejos.com.ar\/2021\/#website\"},\"primaryImageOfPage\":{\"@id\":\"https:\/\/www.noticiasradioreflejos.com.ar\/2021\/la-camara-de-diputados-aprobo-la-emergencia-economica\/#primaryimage\"},\"image\":{\"@id\":\"https:\/\/www.noticiasradioreflejos.com.ar\/2021\/la-camara-de-diputados-aprobo-la-emergencia-economica\/#primaryimage\"},\"thumbnailUrl\":\"https:\/\/www.telam.com.ar\/thumbs\/bluesteel\/advf\/imagenes\/2024\/02\/65c28981e2cd0_1200.jpg\",\"datePublished\":\"2024-02-06T20:41:21+00:00\",\"author\":{\"@id\":\"https:\/\/www.noticiasradioreflejos.com.ar\/2021\/#\/schema\/person\/ad82545263dcc5ec0996818884fd5fb1\"},\"breadcrumb\":{\"@id\":\"https:\/\/www.noticiasradioreflejos.com.ar\/2021\/la-camara-de-diputados-aprobo-la-emergencia-economica\/#breadcrumb\"},\"inLanguage\":\"es\",\"potentialAction\":[{\"@type\":\"ReadAction\",\"target\":[\"https:\/\/www.noticiasradioreflejos.com.ar\/2021\/la-camara-de-diputados-aprobo-la-emergencia-economica\/\"]}]},{\"@type\":\"ImageObject\",\"inLanguage\":\"es\",\"@id\":\"https:\/\/www.noticiasradioreflejos.com.ar\/2021\/la-camara-de-diputados-aprobo-la-emergencia-economica\/#primaryimage\",\"url\":\"https:\/\/www.telam.com.ar\/thumbs\/bluesteel\/advf\/imagenes\/2024\/02\/65c28981e2cd0_1200.jpg\",\"contentUrl\":\"https:\/\/www.telam.com.ar\/thumbs\/bluesteel\/advf\/imagenes\/2024\/02\/65c28981e2cd0_1200.jpg\"},{\"@type\":\"BreadcrumbList\",\"@id\":\"https:\/\/www.noticiasradioreflejos.com.ar\/2021\/la-camara-de-diputados-aprobo-la-emergencia-economica\/#breadcrumb\",\"itemListElement\":[{\"@type\":\"ListItem\",\"position\":1,\"name\":\"Portada\",\"item\":\"https:\/\/www.noticiasradioreflejos.com.ar\/2021\/\"},{\"@type\":\"ListItem\",\"position\":2,\"name\":\"La C\u00e1mara de Diputados aprob\u00f3 la emergencia econ\u00f3mica\"}]},{\"@type\":\"WebSite\",\"@id\":\"https:\/\/www.noticiasradioreflejos.com.ar\/2021\/#website\",\"url\":\"https:\/\/www.noticiasradioreflejos.com.ar\/2021\/\",\"name\":\"Noticias Radio Reflejos\",\"description\":\"Las noticias de mi comarca\",\"potentialAction\":[{\"@type\":\"SearchAction\",\"target\":{\"@type\":\"EntryPoint\",\"urlTemplate\":\"https:\/\/www.noticiasradioreflejos.com.ar\/2021\/?s={search_term_string}\"},\"query-input\":{\"@type\":\"PropertyValueSpecification\",\"valueRequired\":true,\"valueName\":\"search_term_string\"}}],\"inLanguage\":\"es\"},{\"@type\":\"Person\",\"@id\":\"https:\/\/www.noticiasradioreflejos.com.ar\/2021\/#\/schema\/person\/ad82545263dcc5ec0996818884fd5fb1\",\"name\":\"Arnaldo Botto\",\"image\":{\"@type\":\"ImageObject\",\"inLanguage\":\"es\",\"@id\":\"https:\/\/www.noticiasradioreflejos.com.ar\/2021\/#\/schema\/person\/image\/\",\"url\":\"https:\/\/secure.gravatar.com\/avatar\/55cb5e37c1efa326397366e6974cb338056df65cb50e7d64d1cf314e87504837?s=96&d=mm&r=g\",\"contentUrl\":\"https:\/\/secure.gravatar.com\/avatar\/55cb5e37c1efa326397366e6974cb338056df65cb50e7d64d1cf314e87504837?s=96&d=mm&r=g\",\"caption\":\"Arnaldo Botto\"},\"url\":\"https:\/\/www.noticiasradioreflejos.com.ar\/2021\/author\/arnaldo\/\"}]}<\/script>\n<!-- \/ Yoast SEO plugin. -->","yoast_head_json":{"title":"La C\u00e1mara de Diputados aprob\u00f3 la emergencia econ\u00f3mica - Noticias Radio Reflejos","robots":{"index":"index","follow":"follow","max-snippet":"max-snippet:-1","max-image-preview":"max-image-preview:large","max-video-preview":"max-video-preview:-1"},"canonical":"https:\/\/www.noticiasradioreflejos.com.ar\/2021\/la-camara-de-diputados-aprobo-la-emergencia-economica\/","og_locale":"es_ES","og_type":"article","og_title":"La C\u00e1mara de Diputados aprob\u00f3 la emergencia econ\u00f3mica - Noticias Radio Reflejos","og_description":"Por 134 votos a favor y 121 en contra, se convalid\u00f3 el art\u00edculo que tambi\u00e9n establece la emergencia en materia administrativa, financiera, tarifaria, energ\u00e9tica y de seguridad. La intenci\u00f3n de los legisladores es debatir hasta la medianoche, para pasar a otro cuarto intermedio en caso de ser necesario. Foto: Eliana Obreg\u00f3n La C\u00e1mara de Diputados [&hellip;]","og_url":"https:\/\/www.noticiasradioreflejos.com.ar\/2021\/la-camara-de-diputados-aprobo-la-emergencia-economica\/","og_site_name":"Noticias Radio Reflejos","article_published_time":"2024-02-06T20:41:21+00:00","og_image":[{"width":1200,"height":675,"url":"https:\/\/www.noticiasradioreflejos.com.ar\/2021\/wp-content\/uploads\/2024\/02\/diputados.jpg","type":"image\/jpeg"}],"author":"Arnaldo Botto","twitter_card":"summary_large_image","schema":{"@context":"https:\/\/schema.org","@graph":[{"@type":"WebPage","@id":"https:\/\/www.noticiasradioreflejos.com.ar\/2021\/la-camara-de-diputados-aprobo-la-emergencia-economica\/","url":"https:\/\/www.noticiasradioreflejos.com.ar\/2021\/la-camara-de-diputados-aprobo-la-emergencia-economica\/","name":"La C\u00e1mara de Diputados aprob\u00f3 la emergencia econ\u00f3mica - Noticias Radio Reflejos","isPartOf":{"@id":"https:\/\/www.noticiasradioreflejos.com.ar\/2021\/#website"},"primaryImageOfPage":{"@id":"https:\/\/www.noticiasradioreflejos.com.ar\/2021\/la-camara-de-diputados-aprobo-la-emergencia-economica\/#primaryimage"},"image":{"@id":"https:\/\/www.noticiasradioreflejos.com.ar\/2021\/la-camara-de-diputados-aprobo-la-emergencia-economica\/#primaryimage"},"thumbnailUrl":"https:\/\/www.telam.com.ar\/thumbs\/bluesteel\/advf\/imagenes\/2024\/02\/65c28981e2cd0_1200.jpg","datePublished":"2024-02-06T20:41:21+00:00","author":{"@id":"https:\/\/www.noticiasradioreflejos.com.ar\/2021\/#\/schema\/person\/ad82545263dcc5ec0996818884fd5fb1"},"breadcrumb":{"@id":"https:\/\/www.noticiasradioreflejos.com.ar\/2021\/la-camara-de-diputados-aprobo-la-emergencia-economica\/#breadcrumb"},"inLanguage":"es","potentialAction":[{"@type":"ReadAction","target":["https:\/\/www.noticiasradioreflejos.com.ar\/2021\/la-camara-de-diputados-aprobo-la-emergencia-economica\/"]}]},{"@type":"ImageObject","inLanguage":"es","@id":"https:\/\/www.noticiasradioreflejos.com.ar\/2021\/la-camara-de-diputados-aprobo-la-emergencia-economica\/#primaryimage","url":"https:\/\/www.telam.com.ar\/thumbs\/bluesteel\/advf\/imagenes\/2024\/02\/65c28981e2cd0_1200.jpg","contentUrl":"https:\/\/www.telam.com.ar\/thumbs\/bluesteel\/advf\/imagenes\/2024\/02\/65c28981e2cd0_1200.jpg"},{"@type":"BreadcrumbList","@id":"https:\/\/www.noticiasradioreflejos.com.ar\/2021\/la-camara-de-diputados-aprobo-la-emergencia-economica\/#breadcrumb","itemListElement":[{"@type":"ListItem","position":1,"name":"Portada","item":"https:\/\/www.noticiasradioreflejos.com.ar\/2021\/"},{"@type":"ListItem","position":2,"name":"La C\u00e1mara de Diputados aprob\u00f3 la emergencia econ\u00f3mica"}]},{"@type":"WebSite","@id":"https:\/\/www.noticiasradioreflejos.com.ar\/2021\/#website","url":"https:\/\/www.noticiasradioreflejos.com.ar\/2021\/","name":"Noticias Radio Reflejos","description":"Las noticias de mi comarca","potentialAction":[{"@type":"SearchAction","target":{"@type":"EntryPoint","urlTemplate":"https:\/\/www.noticiasradioreflejos.com.ar\/2021\/?s={search_term_string}"},"query-input":{"@type":"PropertyValueSpecification","valueRequired":true,"valueName":"search_term_string"}}],"inLanguage":"es"},{"@type":"Person","@id":"https:\/\/www.noticiasradioreflejos.com.ar\/2021\/#\/schema\/person\/ad82545263dcc5ec0996818884fd5fb1","name":"Arnaldo Botto","image":{"@type":"ImageObject","inLanguage":"es","@id":"https:\/\/www.noticiasradioreflejos.com.ar\/2021\/#\/schema\/person\/image\/","url":"https:\/\/secure.gravatar.com\/avatar\/55cb5e37c1efa326397366e6974cb338056df65cb50e7d64d1cf314e87504837?s=96&d=mm&r=g","contentUrl":"https:\/\/secure.gravatar.com\/avatar\/55cb5e37c1efa326397366e6974cb338056df65cb50e7d64d1cf314e87504837?s=96&d=mm&r=g","caption":"Arnaldo Botto"},"url":"https:\/\/www.noticiasradioreflejos.com.ar\/2021\/author\/arnaldo\/"}]}},"_links":{"self":[{"href":"https:\/\/www.noticiasradioreflejos.com.ar\/2021\/wp-json\/wp\/v2\/posts\/98585","targetHints":{"allow":["GET"]}}],"collection":[{"href":"https:\/\/www.noticiasradioreflejos.com.ar\/2021\/wp-json\/wp\/v2\/posts"}],"about":[{"href":"https:\/\/www.noticiasradioreflejos.com.ar\/2021\/wp-json\/wp\/v2\/types\/post"}],"author":[{"embeddable":true,"href":"https:\/\/www.noticiasradioreflejos.com.ar\/2021\/wp-json\/wp\/v2\/users\/3"}],"replies":[{"embeddable":true,"href":"https:\/\/www.noticiasradioreflejos.com.ar\/2021\/wp-json\/wp\/v2\/comments?post=98585"}],"version-history":[{"count":1,"href":"https:\/\/www.noticiasradioreflejos.com.ar\/2021\/wp-json\/wp\/v2\/posts\/98585\/revisions"}],"predecessor-version":[{"id":98587,"href":"https:\/\/www.noticiasradioreflejos.com.ar\/2021\/wp-json\/wp\/v2\/posts\/98585\/revisions\/98587"}],"wp:attachment":[{"href":"https:\/\/www.noticiasradioreflejos.com.ar\/2021\/wp-json\/wp\/v2\/media?parent=98585"}],"wp:term":[{"taxonomy":"category","embeddable":true,"href":"https:\/\/www.noticiasradioreflejos.com.ar\/2021\/wp-json\/wp\/v2\/categories?post=98585"},{"taxonomy":"post_tag","embeddable":true,"href":"https:\/\/www.noticiasradioreflejos.com.ar\/2021\/wp-json\/wp\/v2\/tags?post=98585"}],"curies":[{"name":"wp","href":"https:\/\/api.w.org\/{rel}","templated":true}]}}