{"id":98553,"date":"2024-02-05T16:51:36","date_gmt":"2024-02-05T19:51:36","guid":{"rendered":"https:\/\/www.noticiasradioreflejos.com.ar\/2021\/?p=98553"},"modified":"2024-02-05T16:52:09","modified_gmt":"2024-02-05T19:52:09","slug":"nuevos-avances-para-la-concrecion-del-geriatrico-municipal-de-saldungaray","status":"publish","type":"post","link":"https:\/\/www.noticiasradioreflejos.com.ar\/2021\/nuevos-avances-para-la-concrecion-del-geriatrico-municipal-de-saldungaray\/","title":{"rendered":"Nuevos avances para la concreci\u00f3n del Geri\u00e1trico Municipal de Saldungaray"},"content":{"rendered":"<p>Con el objetivo de contar por primera vez en Saldungaray con un espacio de cuidados especiales para adultos mayores, Tornquist Municipio avanza con el proyecto de apertura del Geri\u00e1trico Municipal de la localidad.<!--more--><\/p>\n<p>En ese marco, el ultimo viernes <strong>la intendenta interina, Estefania Bordoni, el jefe comunal en uso de licencia, Sergio Bordoni<\/strong>, e integrantes del Departamento Ejecutivo, recibieron a la Inspectora del \u00c1rea de Fiscalizaci\u00f3n Sanitaria de la Regi\u00f3n Sanitaria, Lic. Ana Brandan, para recorrer las instalaciones donde funcionar\u00e1 la dependencia.<\/p>\n<p><a title=\"Geriatrico Saldungaray (4)\" href=\"https:\/\/www.flickr.com\/photos\/182279889@N02\/53511335718\/in\/dateposted-public\/\" data-flickr-embed=\"true\" data-footer=\"true\"><img loading=\"lazy\" decoding=\"async\" src=\"https:\/\/live.staticflickr.com\/65535\/53511335718_06cc541682_c.jpg\" alt=\"Geriatrico Saldungaray (4)\" width=\"800\" height=\"600\" \/><\/a><\/p>\n<p>Se trata del edificio ubicado en Belgrano 36, para lo que la Secretar\u00eda de Obras y Servicios P\u00fablicos se encuentra en el armado del proyecto para readecuar el lugar a fin de habilitarlo conforme a la normativa vigente.<\/p>\n<p>Con un enfoque claro en el bienestar y la calidad de vida de ciudadanos de la tercera edad, el proyecto del Geri\u00e1trico Municipal representa un compromiso continuo con la atenci\u00f3n y el respeto hacia los adultos mayores, buscando garantizar un entorno seguro y acogedor para los residentes.<\/p>\n<p><a title=\"Geriatrico Saldungaray (5)\" href=\"https:\/\/www.flickr.com\/photos\/182279889@N02\/53511601255\/in\/dateposted-public\/\" data-flickr-embed=\"true\" data-footer=\"true\"><img loading=\"lazy\" decoding=\"async\" src=\"https:\/\/live.staticflickr.com\/65535\/53511601255_decf61c206_c.jpg\" alt=\"Geriatrico Saldungaray (5)\" width=\"800\" height=\"600\" \/><\/a><\/p>\n<p>&nbsp;<\/p>\n<p>De la recorrida tambi\u00e9n participaron el Secretario de Obras y Servicios P\u00fablicos, Bruno Paez; la Subsecretaria de Obras P\u00fablicas y Planificaci\u00f3n Urbana, Agustina Peruzzi; la Secretaria de Salud, Noelia Baier; y la Subsecretaria de Gesti\u00f3n de la Salud P\u00fablica, Romanella Bergesio.<\/p>\n<p><a title=\"Geriatrico Saldungaray (2)\" href=\"https:\/\/www.flickr.com\/photos\/182279889@N02\/53511487879\/in\/dateposted-public\/\" data-flickr-embed=\"true\" data-footer=\"true\"><img loading=\"lazy\" decoding=\"async\" src=\"https:\/\/live.staticflickr.com\/65535\/53511487879_d4563f16e4_c.jpg\" alt=\"Geriatrico Saldungaray (2)\" width=\"800\" height=\"600\" \/><\/a><\/p>\n","protected":false},"excerpt":{"rendered":"<p>Con el objetivo de contar por primera vez en Saldungaray con un espacio de cuidados especiales para adultos mayores, Tornquist Municipio avanza con el proyecto de apertura del Geri\u00e1trico Municipal de la localidad.<\/p>\n","protected":false},"author":3,"featured_media":0,"comment_status":"closed","ping_status":"closed","sticky":false,"template":"","format":"standard","meta":{"footnotes":""},"categories":[28],"tags":[],"class_list":["post-98553","post","type-post","status-publish","format-standard","hentry","category-municipales"],"yoast_head":"<!-- This site is optimized with the Yoast SEO plugin v25.9 - https:\/\/yoast.com\/wordpress\/plugins\/seo\/ -->\n<title>Nuevos avances para la concreci\u00f3n del Geri\u00e1trico Municipal de Saldungaray - Noticias Radio Reflejos<\/title>\n<meta name=\"robots\" content=\"index, follow, max-snippet:-1, max-image-preview:large, max-video-preview:-1\" \/>\n<link rel=\"canonical\" href=\"https:\/\/www.noticiasradioreflejos.com.ar\/2021\/nuevos-avances-para-la-concrecion-del-geriatrico-municipal-de-saldungaray\/\" \/>\n<meta property=\"og:locale\" content=\"es_ES\" \/>\n<meta property=\"og:type\" content=\"article\" \/>\n<meta property=\"og:title\" content=\"Nuevos avances para la concreci\u00f3n del Geri\u00e1trico Municipal de Saldungaray - Noticias Radio Reflejos\" \/>\n<meta property=\"og:description\" content=\"Con el objetivo de contar por primera vez en Saldungaray con un espacio de cuidados especiales para adultos mayores, Tornquist Municipio avanza con el proyecto de apertura del Geri\u00e1trico Municipal de la localidad.\" \/>\n<meta property=\"og:url\" content=\"https:\/\/www.noticiasradioreflejos.com.ar\/2021\/nuevos-avances-para-la-concrecion-del-geriatrico-municipal-de-saldungaray\/\" \/>\n<meta property=\"og:site_name\" content=\"Noticias Radio Reflejos\" \/>\n<meta property=\"article:published_time\" content=\"2024-02-05T19:51:36+00:00\" \/>\n<meta property=\"article:modified_time\" content=\"2024-02-05T19:52:09+00:00\" \/>\n<meta property=\"og:image\" content=\"https:\/\/www.noticiasradioreflejos.com.ar\/2021\/wp-content\/uploads\/2024\/02\/Geriatrico-Saldungaray-1.jpg\" \/>\n\t<meta property=\"og:image:width\" content=\"2500\" \/>\n\t<meta property=\"og:image:height\" content=\"1875\" \/>\n\t<meta property=\"og:image:type\" content=\"image\/jpeg\" \/>\n<meta name=\"author\" content=\"Arnaldo Botto\" \/>\n<meta name=\"twitter:card\" content=\"summary_large_image\" \/>\n<script type=\"application\/ld+json\" class=\"yoast-schema-graph\">{\"@context\":\"https:\/\/schema.org\",\"@graph\":[{\"@type\":\"WebPage\",\"@id\":\"https:\/\/www.noticiasradioreflejos.com.ar\/2021\/nuevos-avances-para-la-concrecion-del-geriatrico-municipal-de-saldungaray\/\",\"url\":\"https:\/\/www.noticiasradioreflejos.com.ar\/2021\/nuevos-avances-para-la-concrecion-del-geriatrico-municipal-de-saldungaray\/\",\"name\":\"Nuevos avances para la concreci\u00f3n del Geri\u00e1trico Municipal de Saldungaray - Noticias Radio Reflejos\",\"isPartOf\":{\"@id\":\"https:\/\/www.noticiasradioreflejos.com.ar\/2021\/#website\"},\"primaryImageOfPage\":{\"@id\":\"https:\/\/www.noticiasradioreflejos.com.ar\/2021\/nuevos-avances-para-la-concrecion-del-geriatrico-municipal-de-saldungaray\/#primaryimage\"},\"image\":{\"@id\":\"https:\/\/www.noticiasradioreflejos.com.ar\/2021\/nuevos-avances-para-la-concrecion-del-geriatrico-municipal-de-saldungaray\/#primaryimage\"},\"thumbnailUrl\":\"https:\/\/live.staticflickr.com\/65535\/53511335718_06cc541682_c.jpg\",\"datePublished\":\"2024-02-05T19:51:36+00:00\",\"dateModified\":\"2024-02-05T19:52:09+00:00\",\"author\":{\"@id\":\"https:\/\/www.noticiasradioreflejos.com.ar\/2021\/#\/schema\/person\/ad82545263dcc5ec0996818884fd5fb1\"},\"breadcrumb\":{\"@id\":\"https:\/\/www.noticiasradioreflejos.com.ar\/2021\/nuevos-avances-para-la-concrecion-del-geriatrico-municipal-de-saldungaray\/#breadcrumb\"},\"inLanguage\":\"es\",\"potentialAction\":[{\"@type\":\"ReadAction\",\"target\":[\"https:\/\/www.noticiasradioreflejos.com.ar\/2021\/nuevos-avances-para-la-concrecion-del-geriatrico-municipal-de-saldungaray\/\"]}]},{\"@type\":\"ImageObject\",\"inLanguage\":\"es\",\"@id\":\"https:\/\/www.noticiasradioreflejos.com.ar\/2021\/nuevos-avances-para-la-concrecion-del-geriatrico-municipal-de-saldungaray\/#primaryimage\",\"url\":\"https:\/\/live.staticflickr.com\/65535\/53511335718_06cc541682_c.jpg\",\"contentUrl\":\"https:\/\/live.staticflickr.com\/65535\/53511335718_06cc541682_c.jpg\"},{\"@type\":\"BreadcrumbList\",\"@id\":\"https:\/\/www.noticiasradioreflejos.com.ar\/2021\/nuevos-avances-para-la-concrecion-del-geriatrico-municipal-de-saldungaray\/#breadcrumb\",\"itemListElement\":[{\"@type\":\"ListItem\",\"position\":1,\"name\":\"Portada\",\"item\":\"https:\/\/www.noticiasradioreflejos.com.ar\/2021\/\"},{\"@type\":\"ListItem\",\"position\":2,\"name\":\"Nuevos avances para la concreci\u00f3n del Geri\u00e1trico Municipal de Saldungaray\"}]},{\"@type\":\"WebSite\",\"@id\":\"https:\/\/www.noticiasradioreflejos.com.ar\/2021\/#website\",\"url\":\"https:\/\/www.noticiasradioreflejos.com.ar\/2021\/\",\"name\":\"Noticias Radio Reflejos\",\"description\":\"Las noticias de mi comarca\",\"potentialAction\":[{\"@type\":\"SearchAction\",\"target\":{\"@type\":\"EntryPoint\",\"urlTemplate\":\"https:\/\/www.noticiasradioreflejos.com.ar\/2021\/?s={search_term_string}\"},\"query-input\":{\"@type\":\"PropertyValueSpecification\",\"valueRequired\":true,\"valueName\":\"search_term_string\"}}],\"inLanguage\":\"es\"},{\"@type\":\"Person\",\"@id\":\"https:\/\/www.noticiasradioreflejos.com.ar\/2021\/#\/schema\/person\/ad82545263dcc5ec0996818884fd5fb1\",\"name\":\"Arnaldo Botto\",\"image\":{\"@type\":\"ImageObject\",\"inLanguage\":\"es\",\"@id\":\"https:\/\/www.noticiasradioreflejos.com.ar\/2021\/#\/schema\/person\/image\/\",\"url\":\"https:\/\/secure.gravatar.com\/avatar\/55cb5e37c1efa326397366e6974cb338056df65cb50e7d64d1cf314e87504837?s=96&d=mm&r=g\",\"contentUrl\":\"https:\/\/secure.gravatar.com\/avatar\/55cb5e37c1efa326397366e6974cb338056df65cb50e7d64d1cf314e87504837?s=96&d=mm&r=g\",\"caption\":\"Arnaldo Botto\"},\"url\":\"https:\/\/www.noticiasradioreflejos.com.ar\/2021\/author\/arnaldo\/\"}]}<\/script>\n<!-- \/ Yoast SEO plugin. -->","yoast_head_json":{"title":"Nuevos avances para la concreci\u00f3n del Geri\u00e1trico Municipal de Saldungaray - Noticias Radio Reflejos","robots":{"index":"index","follow":"follow","max-snippet":"max-snippet:-1","max-image-preview":"max-image-preview:large","max-video-preview":"max-video-preview:-1"},"canonical":"https:\/\/www.noticiasradioreflejos.com.ar\/2021\/nuevos-avances-para-la-concrecion-del-geriatrico-municipal-de-saldungaray\/","og_locale":"es_ES","og_type":"article","og_title":"Nuevos avances para la concreci\u00f3n del Geri\u00e1trico Municipal de Saldungaray - Noticias Radio Reflejos","og_description":"Con el objetivo de contar por primera vez en Saldungaray con un espacio de cuidados especiales para adultos mayores, Tornquist Municipio avanza con el proyecto de apertura del Geri\u00e1trico Municipal de la localidad.","og_url":"https:\/\/www.noticiasradioreflejos.com.ar\/2021\/nuevos-avances-para-la-concrecion-del-geriatrico-municipal-de-saldungaray\/","og_site_name":"Noticias Radio Reflejos","article_published_time":"2024-02-05T19:51:36+00:00","article_modified_time":"2024-02-05T19:52:09+00:00","og_image":[{"width":2500,"height":1875,"url":"https:\/\/www.noticiasradioreflejos.com.ar\/2021\/wp-content\/uploads\/2024\/02\/Geriatrico-Saldungaray-1.jpg","type":"image\/jpeg"}],"author":"Arnaldo Botto","twitter_card":"summary_large_image","schema":{"@context":"https:\/\/schema.org","@graph":[{"@type":"WebPage","@id":"https:\/\/www.noticiasradioreflejos.com.ar\/2021\/nuevos-avances-para-la-concrecion-del-geriatrico-municipal-de-saldungaray\/","url":"https:\/\/www.noticiasradioreflejos.com.ar\/2021\/nuevos-avances-para-la-concrecion-del-geriatrico-municipal-de-saldungaray\/","name":"Nuevos avances para la concreci\u00f3n del Geri\u00e1trico Municipal de Saldungaray - Noticias Radio Reflejos","isPartOf":{"@id":"https:\/\/www.noticiasradioreflejos.com.ar\/2021\/#website"},"primaryImageOfPage":{"@id":"https:\/\/www.noticiasradioreflejos.com.ar\/2021\/nuevos-avances-para-la-concrecion-del-geriatrico-municipal-de-saldungaray\/#primaryimage"},"image":{"@id":"https:\/\/www.noticiasradioreflejos.com.ar\/2021\/nuevos-avances-para-la-concrecion-del-geriatrico-municipal-de-saldungaray\/#primaryimage"},"thumbnailUrl":"https:\/\/live.staticflickr.com\/65535\/53511335718_06cc541682_c.jpg","datePublished":"2024-02-05T19:51:36+00:00","dateModified":"2024-02-05T19:52:09+00:00","author":{"@id":"https:\/\/www.noticiasradioreflejos.com.ar\/2021\/#\/schema\/person\/ad82545263dcc5ec0996818884fd5fb1"},"breadcrumb":{"@id":"https:\/\/www.noticiasradioreflejos.com.ar\/2021\/nuevos-avances-para-la-concrecion-del-geriatrico-municipal-de-saldungaray\/#breadcrumb"},"inLanguage":"es","potentialAction":[{"@type":"ReadAction","target":["https:\/\/www.noticiasradioreflejos.com.ar\/2021\/nuevos-avances-para-la-concrecion-del-geriatrico-municipal-de-saldungaray\/"]}]},{"@type":"ImageObject","inLanguage":"es","@id":"https:\/\/www.noticiasradioreflejos.com.ar\/2021\/nuevos-avances-para-la-concrecion-del-geriatrico-municipal-de-saldungaray\/#primaryimage","url":"https:\/\/live.staticflickr.com\/65535\/53511335718_06cc541682_c.jpg","contentUrl":"https:\/\/live.staticflickr.com\/65535\/53511335718_06cc541682_c.jpg"},{"@type":"BreadcrumbList","@id":"https:\/\/www.noticiasradioreflejos.com.ar\/2021\/nuevos-avances-para-la-concrecion-del-geriatrico-municipal-de-saldungaray\/#breadcrumb","itemListElement":[{"@type":"ListItem","position":1,"name":"Portada","item":"https:\/\/www.noticiasradioreflejos.com.ar\/2021\/"},{"@type":"ListItem","position":2,"name":"Nuevos avances para la concreci\u00f3n del Geri\u00e1trico Municipal de Saldungaray"}]},{"@type":"WebSite","@id":"https:\/\/www.noticiasradioreflejos.com.ar\/2021\/#website","url":"https:\/\/www.noticiasradioreflejos.com.ar\/2021\/","name":"Noticias Radio Reflejos","description":"Las noticias de mi comarca","potentialAction":[{"@type":"SearchAction","target":{"@type":"EntryPoint","urlTemplate":"https:\/\/www.noticiasradioreflejos.com.ar\/2021\/?s={search_term_string}"},"query-input":{"@type":"PropertyValueSpecification","valueRequired":true,"valueName":"search_term_string"}}],"inLanguage":"es"},{"@type":"Person","@id":"https:\/\/www.noticiasradioreflejos.com.ar\/2021\/#\/schema\/person\/ad82545263dcc5ec0996818884fd5fb1","name":"Arnaldo Botto","image":{"@type":"ImageObject","inLanguage":"es","@id":"https:\/\/www.noticiasradioreflejos.com.ar\/2021\/#\/schema\/person\/image\/","url":"https:\/\/secure.gravatar.com\/avatar\/55cb5e37c1efa326397366e6974cb338056df65cb50e7d64d1cf314e87504837?s=96&d=mm&r=g","contentUrl":"https:\/\/secure.gravatar.com\/avatar\/55cb5e37c1efa326397366e6974cb338056df65cb50e7d64d1cf314e87504837?s=96&d=mm&r=g","caption":"Arnaldo Botto"},"url":"https:\/\/www.noticiasradioreflejos.com.ar\/2021\/author\/arnaldo\/"}]}},"_links":{"self":[{"href":"https:\/\/www.noticiasradioreflejos.com.ar\/2021\/wp-json\/wp\/v2\/posts\/98553","targetHints":{"allow":["GET"]}}],"collection":[{"href":"https:\/\/www.noticiasradioreflejos.com.ar\/2021\/wp-json\/wp\/v2\/posts"}],"about":[{"href":"https:\/\/www.noticiasradioreflejos.com.ar\/2021\/wp-json\/wp\/v2\/types\/post"}],"author":[{"embeddable":true,"href":"https:\/\/www.noticiasradioreflejos.com.ar\/2021\/wp-json\/wp\/v2\/users\/3"}],"replies":[{"embeddable":true,"href":"https:\/\/www.noticiasradioreflejos.com.ar\/2021\/wp-json\/wp\/v2\/comments?post=98553"}],"version-history":[{"count":1,"href":"https:\/\/www.noticiasradioreflejos.com.ar\/2021\/wp-json\/wp\/v2\/posts\/98553\/revisions"}],"predecessor-version":[{"id":98555,"href":"https:\/\/www.noticiasradioreflejos.com.ar\/2021\/wp-json\/wp\/v2\/posts\/98553\/revisions\/98555"}],"wp:attachment":[{"href":"https:\/\/www.noticiasradioreflejos.com.ar\/2021\/wp-json\/wp\/v2\/media?parent=98553"}],"wp:term":[{"taxonomy":"category","embeddable":true,"href":"https:\/\/www.noticiasradioreflejos.com.ar\/2021\/wp-json\/wp\/v2\/categories?post=98553"},{"taxonomy":"post_tag","embeddable":true,"href":"https:\/\/www.noticiasradioreflejos.com.ar\/2021\/wp-json\/wp\/v2\/tags?post=98553"}],"curies":[{"name":"wp","href":"https:\/\/api.w.org\/{rel}","templated":true}]}}