{"id":98534,"date":"2024-02-05T14:09:07","date_gmt":"2024-02-05T17:09:07","guid":{"rendered":"https:\/\/www.noticiasradioreflejos.com.ar\/2021\/?p=98534"},"modified":"2024-02-05T14:09:07","modified_gmt":"2024-02-05T17:09:07","slug":"los-kinesiologos-suspenderan-la-prestacion-a-galeno-osecac-y-amebpba","status":"publish","type":"post","link":"https:\/\/www.noticiasradioreflejos.com.ar\/2021\/los-kinesiologos-suspenderan-la-prestacion-a-galeno-osecac-y-amebpba\/","title":{"rendered":"Los kinesi\u00f3logos suspender\u00e1n la prestaci\u00f3n a GALENO, OSECAC Y AMEBPBA"},"content":{"rendered":"<p>El Colegio de Kinesi\u00f3logos de la Provincia de Buenos Aires (CoKiBA) resolvi\u00f3 suspender la prestaci\u00f3n de los servicios profesionales a los afiliados a Galeno, OSECAC y AMEBPBA, &#8211; Gerenciadas por Axis Kinesica S.A. &#8211; debido a la falta de acuerdo en el valor prestacional y a los plazos de pago que presentan estas Obras Sociales (OOSS).<!--more--><br \/>\nLa entidad que agrupa a m\u00e1s de 9.000 kinesi\u00f3logos de toda la Provincia explic\u00f3 que el valor prestacional actual de \u00e9stas OOSS y Prepagas en la actualidad oscila entre los $2.700 y $2.800 por sesi\u00f3n de kinesiolog\u00eda. Dado su rol de intermediaci\u00f3n entre el profesional y las OOSS, el Colegio lleva a cabo reuniones con todas ellas a fin de poder incrementar los montos y adaptarlos a la situaci\u00f3n que se est\u00e1 viviendo, adem\u00e1s de achicar la demora en cada uno de los pagos.<br \/>\nDe hecho, las condiciones de liquidaci\u00f3n de esos servicios profesionales se concretan a los dos meses de presentadas la facturaci\u00f3n, por lo que el importe que recibe el profesional se ve directamente mermado por los \u00edndices inflacionarios actuales.<br \/>\n\u201cLos valores prestacionales, que no cubren los costos m\u00ednimos para sostener un consultorio abierto que paga alquileres, secretarias, servicios p\u00fablicos, tasas municipales y provinciales, insumos, aparatolog\u00eda, etc., como los plazos de pagos a dos meses, hacen inviable que un kinesi\u00f3logo pueda sostener el nivel prestacional\u201d, argumentaron las autoridades de CoKiBA.<br \/>\nAdem\u00e1s el CoKiBA mantiene el di\u00e1logo con el IOMA y contin\u00faa en estado de alerta en relaci\u00f3n a esta y a otras OOSS cuyo valores no se acerca a los que fija el Colegio.<br \/>\nLa decisi\u00f3n de analizar montos y tiempos de pago de todas la obras sociales ser\u00e1n materia de an\u00e1lisis en el marco del estado de alerta, pero como las mismas autoridades han sostenido, no se va a ceder un s\u00f3lo paso en la defensa de lo que se considera justo y se van a tomar las medidas que sean necesarias, poniendo por delante de cada negociaci\u00f3n, el bienestar de todos los kinesi\u00f3logos de la provincia.<\/p>\n<div>\n<div><img loading=\"lazy\" decoding=\"async\" class=\"CToWUd\" src=\"https:\/\/mail.google.com\/mail\/u\/0?ui=2&amp;ik=e82560a40d&amp;attid=0.0.1&amp;permmsgid=msg-f:1790068172734179064&amp;th=18d79984d78da6f8&amp;view=fimg&amp;fur=ip&amp;sz=s0-l75-ft&amp;attbid=ANGjdJ-2LHIH6y0rdPhd8Qpwb7GV9OVGplkSlPdhglrZcTO5yzinNeN70WLyX7JMP2KgvR3EFrDh1iK1GBhyvcXR2abOq1GbkOUFJlHAT6DDp8TfaJ45R5Xr3f1xS_8&amp;disp=emb&amp;realattid=ii_lelkllsq0\" alt=\"foto cokiba cuerpo mail.jpg\" width=\"250\" height=\"175\" data-image-whitelisted=\"\" data-bit=\"iit\" \/><\/div>\n<div><\/div>\n<div>Diag. 74 #783 e\/ 3 y 40<\/div>\n<div>La Plata, Prov. de Buenos Aires<\/div>\n<div>Tel. 0800-122-0873<\/div>\n<div><a href=\"https:\/\/www.facebook.com\/cokineba\/\" target=\"_blank\" rel=\"noopener\" data-saferedirecturl=\"https:\/\/www.google.com\/url?q=https:\/\/www.facebook.com\/cokineba\/&amp;source=gmail&amp;ust=1707236174159000&amp;usg=AOvVaw0noah0TmugVSrTcyLoy697\"><img decoding=\"async\" class=\"CToWUd\" src=\"https:\/\/ci3.googleusercontent.com\/meips\/ADKq_NYadaj_VPwWvYib_guHuSLj2KMJHlPSGibedlg77fFu4xhXk9ROb2oPKqASaBYXs2x_FItDJFAOxini7x4Yyp1rhE5vx4XaMpmLagAM=s0-d-e1-ft#https:\/\/autogestion.cokiba.org.ar\/Graficos\/correo\/f.png\" alt=\"\" height=\"22\" data-bit=\"iit\" \/>\/cokineba<\/a>\u00a0<a href=\"https:\/\/twitter.com\/cokibaoficial\" target=\"_blank\" rel=\"noopener\" data-saferedirecturl=\"https:\/\/www.google.com\/url?q=https:\/\/twitter.com\/cokibaoficial&amp;source=gmail&amp;ust=1707236174159000&amp;usg=AOvVaw25_w99haa3WnIZdr_8b66X\"><img decoding=\"async\" class=\"CToWUd\" src=\"https:\/\/ci3.googleusercontent.com\/meips\/ADKq_NYD1zkfR49xdToQjJWKXogSAqnZjBGq5-oxgRsY3N_UDRpbKmjQJNmONf4U3B7PVekiFM53fs6vLupNVdydamCHtxX1uXvGbfHtPGuH=s0-d-e1-ft#https:\/\/autogestion.cokiba.org.ar\/Graficos\/correo\/t.png\" alt=\"\" height=\"22\" data-bit=\"iit\" \/>@cokibaoficial<\/a>\u00a0<a href=\"https:\/\/www.youtube.com\/channel\/UCfLUjdaC3PWJ039123AwMzw\" target=\"_blank\" rel=\"noopener\" data-saferedirecturl=\"https:\/\/www.google.com\/url?q=https:\/\/www.youtube.com\/channel\/UCfLUjdaC3PWJ039123AwMzw&amp;source=gmail&amp;ust=1707236174160000&amp;usg=AOvVaw16dH8G4pxw-QXrlMUeaCF7\"><img decoding=\"async\" class=\"CToWUd\" src=\"https:\/\/ci3.googleusercontent.com\/meips\/ADKq_NYCuiiSo8_P9x6QwrfWyVp775ozXUgS8ttoCd1E4fdspNSilLtvXJ1weuPt-pNaqttZ3srl_v4zHt6C882d04mAHolCA6eSUn_aV25dyQ=s0-d-e1-ft#https:\/\/autogestion.cokiba.org.ar\/Graficos\/correo\/yt.png\" alt=\"\" height=\"22\" data-bit=\"iit\" \/>\/<wbr \/>cokiba<\/a>\u00a0<a href=\"https:\/\/www.instagram.com\/cokibaok\/\" target=\"_blank\" rel=\"noopener\" data-saferedirecturl=\"https:\/\/www.google.com\/url?q=https:\/\/www.instagram.com\/cokibaok\/&amp;source=gmail&amp;ust=1707236174160000&amp;usg=AOvVaw0m43fjORTmFP2DrvtK8-Cn\"><img decoding=\"async\" class=\"CToWUd\" src=\"https:\/\/ci3.googleusercontent.com\/meips\/ADKq_NY76FnAoEQ7GtIDalkx04rHZw9Sna6eLqdG8y0OY8yZixxs48F-J1r90lLwqjdwl4FqvDfgA9rdm204bHsy_rkX6BU1RH57NrTkT4TY=s0-d-e1-ft#https:\/\/autogestion.cokiba.org.ar\/Graficos\/correo\/i.png\" alt=\"\" height=\"22\" data-bit=\"iit\" \/>\/cokibaok<\/a><span style=\"font-family: Times New Roman, serif;\"><span><u><b>\u00a0<\/b><\/u><\/span><\/span><\/div>\n<\/div>\n","protected":false},"excerpt":{"rendered":"<p>El Colegio de Kinesi\u00f3logos de la Provincia de Buenos Aires (CoKiBA) resolvi\u00f3 suspender la prestaci\u00f3n de los servicios profesionales a los afiliados a Galeno, OSECAC y AMEBPBA, &#8211; Gerenciadas por Axis Kinesica S.A. &#8211; debido a la falta de acuerdo en el valor prestacional y a los plazos de pago que presentan estas Obras Sociales [&hellip;]<\/p>\n","protected":false},"author":3,"featured_media":98535,"comment_status":"closed","ping_status":"closed","sticky":false,"template":"","format":"standard","meta":{"footnotes":""},"categories":[30],"tags":[],"class_list":["post-98534","post","type-post","status-publish","format-standard","has-post-thumbnail","hentry","category-salud"],"yoast_head":"<!-- This site is optimized with the Yoast SEO plugin v25.9 - https:\/\/yoast.com\/wordpress\/plugins\/seo\/ -->\n<title>Los kinesi\u00f3logos suspender\u00e1n la prestaci\u00f3n a GALENO, OSECAC Y AMEBPBA - Noticias Radio Reflejos<\/title>\n<meta name=\"robots\" content=\"index, follow, max-snippet:-1, max-image-preview:large, max-video-preview:-1\" \/>\n<link rel=\"canonical\" href=\"https:\/\/www.noticiasradioreflejos.com.ar\/2021\/los-kinesiologos-suspenderan-la-prestacion-a-galeno-osecac-y-amebpba\/\" \/>\n<meta property=\"og:locale\" content=\"es_ES\" \/>\n<meta property=\"og:type\" content=\"article\" \/>\n<meta property=\"og:title\" content=\"Los kinesi\u00f3logos suspender\u00e1n la prestaci\u00f3n a GALENO, OSECAC Y AMEBPBA - Noticias Radio Reflejos\" \/>\n<meta property=\"og:description\" content=\"El Colegio de Kinesi\u00f3logos de la Provincia de Buenos Aires (CoKiBA) resolvi\u00f3 suspender la prestaci\u00f3n de los servicios profesionales a los afiliados a Galeno, OSECAC y AMEBPBA, &#8211; Gerenciadas por Axis Kinesica S.A. &#8211; debido a la falta de acuerdo en el valor prestacional y a los plazos de pago que presentan estas Obras Sociales [&hellip;]\" \/>\n<meta property=\"og:url\" content=\"https:\/\/www.noticiasradioreflejos.com.ar\/2021\/los-kinesiologos-suspenderan-la-prestacion-a-galeno-osecac-y-amebpba\/\" \/>\n<meta property=\"og:site_name\" content=\"Noticias Radio Reflejos\" \/>\n<meta property=\"article:published_time\" content=\"2024-02-05T17:09:07+00:00\" \/>\n<meta property=\"og:image\" content=\"https:\/\/www.noticiasradioreflejos.com.ar\/2021\/wp-content\/uploads\/2024\/02\/cokiba02.jpg\" \/>\n\t<meta property=\"og:image:width\" content=\"947\" \/>\n\t<meta property=\"og:image:height\" content=\"642\" \/>\n\t<meta property=\"og:image:type\" content=\"image\/jpeg\" \/>\n<meta name=\"author\" content=\"Arnaldo Botto\" \/>\n<meta name=\"twitter:card\" content=\"summary_large_image\" \/>\n<script type=\"application\/ld+json\" class=\"yoast-schema-graph\">{\"@context\":\"https:\/\/schema.org\",\"@graph\":[{\"@type\":\"WebPage\",\"@id\":\"https:\/\/www.noticiasradioreflejos.com.ar\/2021\/los-kinesiologos-suspenderan-la-prestacion-a-galeno-osecac-y-amebpba\/\",\"url\":\"https:\/\/www.noticiasradioreflejos.com.ar\/2021\/los-kinesiologos-suspenderan-la-prestacion-a-galeno-osecac-y-amebpba\/\",\"name\":\"Los kinesi\u00f3logos suspender\u00e1n la prestaci\u00f3n a GALENO, OSECAC Y AMEBPBA - Noticias Radio Reflejos\",\"isPartOf\":{\"@id\":\"https:\/\/www.noticiasradioreflejos.com.ar\/2021\/#website\"},\"primaryImageOfPage\":{\"@id\":\"https:\/\/www.noticiasradioreflejos.com.ar\/2021\/los-kinesiologos-suspenderan-la-prestacion-a-galeno-osecac-y-amebpba\/#primaryimage\"},\"image\":{\"@id\":\"https:\/\/www.noticiasradioreflejos.com.ar\/2021\/los-kinesiologos-suspenderan-la-prestacion-a-galeno-osecac-y-amebpba\/#primaryimage\"},\"thumbnailUrl\":\"https:\/\/www.noticiasradioreflejos.com.ar\/2021\/wp-content\/uploads\/2024\/02\/cokiba02.jpg\",\"datePublished\":\"2024-02-05T17:09:07+00:00\",\"author\":{\"@id\":\"https:\/\/www.noticiasradioreflejos.com.ar\/2021\/#\/schema\/person\/ad82545263dcc5ec0996818884fd5fb1\"},\"breadcrumb\":{\"@id\":\"https:\/\/www.noticiasradioreflejos.com.ar\/2021\/los-kinesiologos-suspenderan-la-prestacion-a-galeno-osecac-y-amebpba\/#breadcrumb\"},\"inLanguage\":\"es\",\"potentialAction\":[{\"@type\":\"ReadAction\",\"target\":[\"https:\/\/www.noticiasradioreflejos.com.ar\/2021\/los-kinesiologos-suspenderan-la-prestacion-a-galeno-osecac-y-amebpba\/\"]}]},{\"@type\":\"ImageObject\",\"inLanguage\":\"es\",\"@id\":\"https:\/\/www.noticiasradioreflejos.com.ar\/2021\/los-kinesiologos-suspenderan-la-prestacion-a-galeno-osecac-y-amebpba\/#primaryimage\",\"url\":\"https:\/\/www.noticiasradioreflejos.com.ar\/2021\/wp-content\/uploads\/2024\/02\/cokiba02.jpg\",\"contentUrl\":\"https:\/\/www.noticiasradioreflejos.com.ar\/2021\/wp-content\/uploads\/2024\/02\/cokiba02.jpg\",\"width\":947,\"height\":642},{\"@type\":\"BreadcrumbList\",\"@id\":\"https:\/\/www.noticiasradioreflejos.com.ar\/2021\/los-kinesiologos-suspenderan-la-prestacion-a-galeno-osecac-y-amebpba\/#breadcrumb\",\"itemListElement\":[{\"@type\":\"ListItem\",\"position\":1,\"name\":\"Portada\",\"item\":\"https:\/\/www.noticiasradioreflejos.com.ar\/2021\/\"},{\"@type\":\"ListItem\",\"position\":2,\"name\":\"Los kinesi\u00f3logos suspender\u00e1n la prestaci\u00f3n a GALENO, OSECAC Y AMEBPBA\"}]},{\"@type\":\"WebSite\",\"@id\":\"https:\/\/www.noticiasradioreflejos.com.ar\/2021\/#website\",\"url\":\"https:\/\/www.noticiasradioreflejos.com.ar\/2021\/\",\"name\":\"Noticias Radio Reflejos\",\"description\":\"Las noticias de mi comarca\",\"potentialAction\":[{\"@type\":\"SearchAction\",\"target\":{\"@type\":\"EntryPoint\",\"urlTemplate\":\"https:\/\/www.noticiasradioreflejos.com.ar\/2021\/?s={search_term_string}\"},\"query-input\":{\"@type\":\"PropertyValueSpecification\",\"valueRequired\":true,\"valueName\":\"search_term_string\"}}],\"inLanguage\":\"es\"},{\"@type\":\"Person\",\"@id\":\"https:\/\/www.noticiasradioreflejos.com.ar\/2021\/#\/schema\/person\/ad82545263dcc5ec0996818884fd5fb1\",\"name\":\"Arnaldo Botto\",\"image\":{\"@type\":\"ImageObject\",\"inLanguage\":\"es\",\"@id\":\"https:\/\/www.noticiasradioreflejos.com.ar\/2021\/#\/schema\/person\/image\/\",\"url\":\"https:\/\/secure.gravatar.com\/avatar\/55cb5e37c1efa326397366e6974cb338056df65cb50e7d64d1cf314e87504837?s=96&d=mm&r=g\",\"contentUrl\":\"https:\/\/secure.gravatar.com\/avatar\/55cb5e37c1efa326397366e6974cb338056df65cb50e7d64d1cf314e87504837?s=96&d=mm&r=g\",\"caption\":\"Arnaldo Botto\"},\"url\":\"https:\/\/www.noticiasradioreflejos.com.ar\/2021\/author\/arnaldo\/\"}]}<\/script>\n<!-- \/ Yoast SEO plugin. -->","yoast_head_json":{"title":"Los kinesi\u00f3logos suspender\u00e1n la prestaci\u00f3n a GALENO, OSECAC Y AMEBPBA - Noticias Radio Reflejos","robots":{"index":"index","follow":"follow","max-snippet":"max-snippet:-1","max-image-preview":"max-image-preview:large","max-video-preview":"max-video-preview:-1"},"canonical":"https:\/\/www.noticiasradioreflejos.com.ar\/2021\/los-kinesiologos-suspenderan-la-prestacion-a-galeno-osecac-y-amebpba\/","og_locale":"es_ES","og_type":"article","og_title":"Los kinesi\u00f3logos suspender\u00e1n la prestaci\u00f3n a GALENO, OSECAC Y AMEBPBA - Noticias Radio Reflejos","og_description":"El Colegio de Kinesi\u00f3logos de la Provincia de Buenos Aires (CoKiBA) resolvi\u00f3 suspender la prestaci\u00f3n de los servicios profesionales a los afiliados a Galeno, OSECAC y AMEBPBA, &#8211; Gerenciadas por Axis Kinesica S.A. &#8211; debido a la falta de acuerdo en el valor prestacional y a los plazos de pago que presentan estas Obras Sociales [&hellip;]","og_url":"https:\/\/www.noticiasradioreflejos.com.ar\/2021\/los-kinesiologos-suspenderan-la-prestacion-a-galeno-osecac-y-amebpba\/","og_site_name":"Noticias Radio Reflejos","article_published_time":"2024-02-05T17:09:07+00:00","og_image":[{"width":947,"height":642,"url":"https:\/\/www.noticiasradioreflejos.com.ar\/2021\/wp-content\/uploads\/2024\/02\/cokiba02.jpg","type":"image\/jpeg"}],"author":"Arnaldo Botto","twitter_card":"summary_large_image","schema":{"@context":"https:\/\/schema.org","@graph":[{"@type":"WebPage","@id":"https:\/\/www.noticiasradioreflejos.com.ar\/2021\/los-kinesiologos-suspenderan-la-prestacion-a-galeno-osecac-y-amebpba\/","url":"https:\/\/www.noticiasradioreflejos.com.ar\/2021\/los-kinesiologos-suspenderan-la-prestacion-a-galeno-osecac-y-amebpba\/","name":"Los kinesi\u00f3logos suspender\u00e1n la prestaci\u00f3n a GALENO, OSECAC Y AMEBPBA - Noticias Radio Reflejos","isPartOf":{"@id":"https:\/\/www.noticiasradioreflejos.com.ar\/2021\/#website"},"primaryImageOfPage":{"@id":"https:\/\/www.noticiasradioreflejos.com.ar\/2021\/los-kinesiologos-suspenderan-la-prestacion-a-galeno-osecac-y-amebpba\/#primaryimage"},"image":{"@id":"https:\/\/www.noticiasradioreflejos.com.ar\/2021\/los-kinesiologos-suspenderan-la-prestacion-a-galeno-osecac-y-amebpba\/#primaryimage"},"thumbnailUrl":"https:\/\/www.noticiasradioreflejos.com.ar\/2021\/wp-content\/uploads\/2024\/02\/cokiba02.jpg","datePublished":"2024-02-05T17:09:07+00:00","author":{"@id":"https:\/\/www.noticiasradioreflejos.com.ar\/2021\/#\/schema\/person\/ad82545263dcc5ec0996818884fd5fb1"},"breadcrumb":{"@id":"https:\/\/www.noticiasradioreflejos.com.ar\/2021\/los-kinesiologos-suspenderan-la-prestacion-a-galeno-osecac-y-amebpba\/#breadcrumb"},"inLanguage":"es","potentialAction":[{"@type":"ReadAction","target":["https:\/\/www.noticiasradioreflejos.com.ar\/2021\/los-kinesiologos-suspenderan-la-prestacion-a-galeno-osecac-y-amebpba\/"]}]},{"@type":"ImageObject","inLanguage":"es","@id":"https:\/\/www.noticiasradioreflejos.com.ar\/2021\/los-kinesiologos-suspenderan-la-prestacion-a-galeno-osecac-y-amebpba\/#primaryimage","url":"https:\/\/www.noticiasradioreflejos.com.ar\/2021\/wp-content\/uploads\/2024\/02\/cokiba02.jpg","contentUrl":"https:\/\/www.noticiasradioreflejos.com.ar\/2021\/wp-content\/uploads\/2024\/02\/cokiba02.jpg","width":947,"height":642},{"@type":"BreadcrumbList","@id":"https:\/\/www.noticiasradioreflejos.com.ar\/2021\/los-kinesiologos-suspenderan-la-prestacion-a-galeno-osecac-y-amebpba\/#breadcrumb","itemListElement":[{"@type":"ListItem","position":1,"name":"Portada","item":"https:\/\/www.noticiasradioreflejos.com.ar\/2021\/"},{"@type":"ListItem","position":2,"name":"Los kinesi\u00f3logos suspender\u00e1n la prestaci\u00f3n a GALENO, OSECAC Y AMEBPBA"}]},{"@type":"WebSite","@id":"https:\/\/www.noticiasradioreflejos.com.ar\/2021\/#website","url":"https:\/\/www.noticiasradioreflejos.com.ar\/2021\/","name":"Noticias Radio Reflejos","description":"Las noticias de mi comarca","potentialAction":[{"@type":"SearchAction","target":{"@type":"EntryPoint","urlTemplate":"https:\/\/www.noticiasradioreflejos.com.ar\/2021\/?s={search_term_string}"},"query-input":{"@type":"PropertyValueSpecification","valueRequired":true,"valueName":"search_term_string"}}],"inLanguage":"es"},{"@type":"Person","@id":"https:\/\/www.noticiasradioreflejos.com.ar\/2021\/#\/schema\/person\/ad82545263dcc5ec0996818884fd5fb1","name":"Arnaldo Botto","image":{"@type":"ImageObject","inLanguage":"es","@id":"https:\/\/www.noticiasradioreflejos.com.ar\/2021\/#\/schema\/person\/image\/","url":"https:\/\/secure.gravatar.com\/avatar\/55cb5e37c1efa326397366e6974cb338056df65cb50e7d64d1cf314e87504837?s=96&d=mm&r=g","contentUrl":"https:\/\/secure.gravatar.com\/avatar\/55cb5e37c1efa326397366e6974cb338056df65cb50e7d64d1cf314e87504837?s=96&d=mm&r=g","caption":"Arnaldo Botto"},"url":"https:\/\/www.noticiasradioreflejos.com.ar\/2021\/author\/arnaldo\/"}]}},"_links":{"self":[{"href":"https:\/\/www.noticiasradioreflejos.com.ar\/2021\/wp-json\/wp\/v2\/posts\/98534","targetHints":{"allow":["GET"]}}],"collection":[{"href":"https:\/\/www.noticiasradioreflejos.com.ar\/2021\/wp-json\/wp\/v2\/posts"}],"about":[{"href":"https:\/\/www.noticiasradioreflejos.com.ar\/2021\/wp-json\/wp\/v2\/types\/post"}],"author":[{"embeddable":true,"href":"https:\/\/www.noticiasradioreflejos.com.ar\/2021\/wp-json\/wp\/v2\/users\/3"}],"replies":[{"embeddable":true,"href":"https:\/\/www.noticiasradioreflejos.com.ar\/2021\/wp-json\/wp\/v2\/comments?post=98534"}],"version-history":[{"count":1,"href":"https:\/\/www.noticiasradioreflejos.com.ar\/2021\/wp-json\/wp\/v2\/posts\/98534\/revisions"}],"predecessor-version":[{"id":98536,"href":"https:\/\/www.noticiasradioreflejos.com.ar\/2021\/wp-json\/wp\/v2\/posts\/98534\/revisions\/98536"}],"wp:featuredmedia":[{"embeddable":true,"href":"https:\/\/www.noticiasradioreflejos.com.ar\/2021\/wp-json\/wp\/v2\/media\/98535"}],"wp:attachment":[{"href":"https:\/\/www.noticiasradioreflejos.com.ar\/2021\/wp-json\/wp\/v2\/media?parent=98534"}],"wp:term":[{"taxonomy":"category","embeddable":true,"href":"https:\/\/www.noticiasradioreflejos.com.ar\/2021\/wp-json\/wp\/v2\/categories?post=98534"},{"taxonomy":"post_tag","embeddable":true,"href":"https:\/\/www.noticiasradioreflejos.com.ar\/2021\/wp-json\/wp\/v2\/tags?post=98534"}],"curies":[{"name":"wp","href":"https:\/\/api.w.org\/{rel}","templated":true}]}}