{"id":98325,"date":"2024-01-31T14:14:17","date_gmt":"2024-01-31T17:14:17","guid":{"rendered":"https:\/\/www.noticiasradioreflejos.com.ar\/2021\/?p=98325"},"modified":"2024-01-31T14:14:17","modified_gmt":"2024-01-31T17:14:17","slug":"bomberos-de-la-comarca-viajan-al-sur-a-combatir-el-mega-incendio","status":"publish","type":"post","link":"https:\/\/www.noticiasradioreflejos.com.ar\/2021\/bomberos-de-la-comarca-viajan-al-sur-a-combatir-el-mega-incendio\/","title":{"rendered":"Bomberos de la comarca viajan al sur a combatir el mega incendio"},"content":{"rendered":"<p>As\u00ed lo confirm\u00f3 <strong>Roberto Leguiza<\/strong>, del cuartel de bomberos voluntarios de Saldungaray, como as\u00ed tambi\u00e9n desde su hom\u00f3nimo de Sierra de la Ventana. Trabajar\u00e1n por diez d\u00edas en Chubut.<!--more--><\/p>\n<p>Esta ma\u00f1ana el jefe de bomberos voluntarios de Saldungaray, Roberto Leguiza, confirm\u00f3 que un miembro del cuartel viajar\u00e1 en las pr\u00f3ximas horas a combatir el incendio en el sur del pa\u00eds.<\/p>\n<p><a title=\"DAmian Sala (1)\" href=\"https:\/\/www.flickr.com\/photos\/182279889@N02\/53500448836\/in\/dateposted-public\/\" data-flickr-embed=\"true\" data-footer=\"true\"><img loading=\"lazy\" decoding=\"async\" class=\"alignleft\" src=\"https:\/\/live.staticflickr.com\/65535\/53500448836_199369d7c0_z.jpg\" alt=\"DAmian Sala (1)\" width=\"159\" height=\"550\" \/><\/a>Al respecto afirm\u00f3 que \u201chubo una convocatoria a partir de Defensa Civil de la Provincia de Buenos Aires, entonces se convoca por intermedio de las federaciones, y de la nuestra, de la regi\u00f3n Sur, est\u00e1 yendo Coronel Su\u00e1rez, Pringles, Saldungaray y bomberos de Copetonas. Se concentran en Bah\u00eda Blanca. Esto ocurrir\u00e1 a las 17\u201d.<\/p>\n<p>Dando m\u00e1s detalles explic\u00f3 que \u201calrededor de las 15 a nuestro <strong>ayudante de primera Dami\u00e1n Salas<\/strong> lo buscan en Fra-Pal los muchachos de Pringles, y ah\u00ed concuerdan con los de Copetonas y viajan en un mismo m\u00f3vil. Al ser tan distante tendr\u00e1n un d\u00eda de viaje y ser\u00e1n unos diez d\u00edas en total. No muchos pod\u00edan tomar el compromiso\u201d.<\/p>\n<p>Por \u00faltimo mencion\u00f3 que \u201cvan con unidades livianas, camionetas con kit forestal. Al menos de nuestra regi\u00f3n van as\u00ed. No s\u00e9 c\u00f3mo ir\u00e1n los de Centro Sur. Los \u00faltimos informes que nos pasaron es que los aviones no pod\u00edan trabajar por el humo. M\u00e1s del 70% del incendio est\u00e1 en el parque\u201d.<\/p>\n<h3>Sierra tambi\u00e9n dir\u00e1 presente<\/h3>\n<p>A trav\u00e9s de un comunicado de prensa los bomberos voluntarios anunciaron que tanto el ayudante mayor<strong> Jos\u00e9 Romero como el bombero Franco Casales<\/strong> tambi\u00e9n dir\u00e1n presente en esta cruzada que tendr\u00e1 foco en lo que est\u00e1 ocurriendo dentro del parque \u201cLos Alerces\u201d.<\/p>\n<p>&nbsp;<\/p>\n<p>&nbsp;<\/p>\n<p>&nbsp;<\/p>\n<p><iframe loading=\"lazy\" src=\"https:\/\/w.soundcloud.com\/player\/?url=https%3A\/\/api.soundcloud.com\/tracks\/1733284542&amp;color=%23ff5500&amp;auto_play=false&amp;hide_related=false&amp;show_comments=true&amp;show_user=true&amp;show_reposts=false&amp;show_teaser=true\" width=\"100%\" height=\"166\" frameborder=\"no\" scrolling=\"no\"><\/iframe><\/p>\n<div style=\"font-size: 10px; color: #cccccc; line-break: anywhere; word-break: normal; overflow: hidden; white-space: nowrap; text-overflow: ellipsis; font-family: Interstate,Lucida Grande,Lucida Sans Unicode,Lucida Sans,Garuda,Verdana,Tahoma,sans-serif; font-weight: 100;\"><a style=\"color: #cccccc; text-decoration: none;\" title=\"fmreflejos 103.7\" href=\"https:\/\/soundcloud.com\/fmreflejos-103-7\" target=\"_blank\" rel=\"noopener\">fmreflejos 103.7<\/a> \u00b7 <a style=\"color: #cccccc; text-decoration: none;\" title=\"Roberto Leguiza 31 - 1\" href=\"https:\/\/soundcloud.com\/fmreflejos-103-7\/roberto-leguiza-31-1\" target=\"_blank\" rel=\"noopener\">Roberto Leguiza 31 &#8211; 1<\/a><\/div>\n","protected":false},"excerpt":{"rendered":"<p>As\u00ed lo confirm\u00f3 Roberto Leguiza, del cuartel de bomberos voluntarios de Saldungaray, como as\u00ed tambi\u00e9n desde su hom\u00f3nimo de Sierra de la Ventana. Trabajar\u00e1n por diez d\u00edas en Chubut.<\/p>\n","protected":false},"author":3,"featured_media":98329,"comment_status":"closed","ping_status":"closed","sticky":false,"template":"","format":"standard","meta":{"footnotes":""},"categories":[26],"tags":[48],"class_list":["post-98325","post","type-post","status-publish","format-standard","has-post-thumbnail","hentry","category-sociedad","tag-destacada"],"yoast_head":"<!-- This site is optimized with the Yoast SEO plugin v25.9 - https:\/\/yoast.com\/wordpress\/plugins\/seo\/ -->\n<title>Bomberos de la comarca viajan al sur a combatir el mega incendio - Noticias Radio Reflejos<\/title>\n<meta name=\"robots\" content=\"index, follow, max-snippet:-1, max-image-preview:large, max-video-preview:-1\" \/>\n<link rel=\"canonical\" href=\"https:\/\/www.noticiasradioreflejos.com.ar\/2021\/bomberos-de-la-comarca-viajan-al-sur-a-combatir-el-mega-incendio\/\" \/>\n<meta property=\"og:locale\" content=\"es_ES\" \/>\n<meta property=\"og:type\" content=\"article\" \/>\n<meta property=\"og:title\" content=\"Bomberos de la comarca viajan al sur a combatir el mega incendio - Noticias Radio Reflejos\" \/>\n<meta property=\"og:description\" content=\"As\u00ed lo confirm\u00f3 Roberto Leguiza, del cuartel de bomberos voluntarios de Saldungaray, como as\u00ed tambi\u00e9n desde su hom\u00f3nimo de Sierra de la Ventana. Trabajar\u00e1n por diez d\u00edas en Chubut.\" \/>\n<meta property=\"og:url\" content=\"https:\/\/www.noticiasradioreflejos.com.ar\/2021\/bomberos-de-la-comarca-viajan-al-sur-a-combatir-el-mega-incendio\/\" \/>\n<meta property=\"og:site_name\" content=\"Noticias Radio Reflejos\" \/>\n<meta property=\"article:published_time\" content=\"2024-01-31T17:14:17+00:00\" \/>\n<meta property=\"og:image\" content=\"https:\/\/www.noticiasradioreflejos.com.ar\/2021\/wp-content\/uploads\/2024\/01\/PN-Los-Alerces.jpg\" \/>\n\t<meta property=\"og:image:width\" content=\"610\" \/>\n\t<meta property=\"og:image:height\" content=\"354\" \/>\n\t<meta property=\"og:image:type\" content=\"image\/jpeg\" \/>\n<meta name=\"author\" content=\"Arnaldo Botto\" \/>\n<meta name=\"twitter:card\" content=\"summary_large_image\" \/>\n<script type=\"application\/ld+json\" class=\"yoast-schema-graph\">{\"@context\":\"https:\/\/schema.org\",\"@graph\":[{\"@type\":\"WebPage\",\"@id\":\"https:\/\/www.noticiasradioreflejos.com.ar\/2021\/bomberos-de-la-comarca-viajan-al-sur-a-combatir-el-mega-incendio\/\",\"url\":\"https:\/\/www.noticiasradioreflejos.com.ar\/2021\/bomberos-de-la-comarca-viajan-al-sur-a-combatir-el-mega-incendio\/\",\"name\":\"Bomberos de la comarca viajan al sur a combatir el mega incendio - Noticias Radio Reflejos\",\"isPartOf\":{\"@id\":\"https:\/\/www.noticiasradioreflejos.com.ar\/2021\/#website\"},\"primaryImageOfPage\":{\"@id\":\"https:\/\/www.noticiasradioreflejos.com.ar\/2021\/bomberos-de-la-comarca-viajan-al-sur-a-combatir-el-mega-incendio\/#primaryimage\"},\"image\":{\"@id\":\"https:\/\/www.noticiasradioreflejos.com.ar\/2021\/bomberos-de-la-comarca-viajan-al-sur-a-combatir-el-mega-incendio\/#primaryimage\"},\"thumbnailUrl\":\"https:\/\/www.noticiasradioreflejos.com.ar\/2021\/wp-content\/uploads\/2024\/01\/PN-Los-Alerces.jpg\",\"datePublished\":\"2024-01-31T17:14:17+00:00\",\"author\":{\"@id\":\"https:\/\/www.noticiasradioreflejos.com.ar\/2021\/#\/schema\/person\/ad82545263dcc5ec0996818884fd5fb1\"},\"breadcrumb\":{\"@id\":\"https:\/\/www.noticiasradioreflejos.com.ar\/2021\/bomberos-de-la-comarca-viajan-al-sur-a-combatir-el-mega-incendio\/#breadcrumb\"},\"inLanguage\":\"es\",\"potentialAction\":[{\"@type\":\"ReadAction\",\"target\":[\"https:\/\/www.noticiasradioreflejos.com.ar\/2021\/bomberos-de-la-comarca-viajan-al-sur-a-combatir-el-mega-incendio\/\"]}]},{\"@type\":\"ImageObject\",\"inLanguage\":\"es\",\"@id\":\"https:\/\/www.noticiasradioreflejos.com.ar\/2021\/bomberos-de-la-comarca-viajan-al-sur-a-combatir-el-mega-incendio\/#primaryimage\",\"url\":\"https:\/\/www.noticiasradioreflejos.com.ar\/2021\/wp-content\/uploads\/2024\/01\/PN-Los-Alerces.jpg\",\"contentUrl\":\"https:\/\/www.noticiasradioreflejos.com.ar\/2021\/wp-content\/uploads\/2024\/01\/PN-Los-Alerces.jpg\",\"width\":610,\"height\":354},{\"@type\":\"BreadcrumbList\",\"@id\":\"https:\/\/www.noticiasradioreflejos.com.ar\/2021\/bomberos-de-la-comarca-viajan-al-sur-a-combatir-el-mega-incendio\/#breadcrumb\",\"itemListElement\":[{\"@type\":\"ListItem\",\"position\":1,\"name\":\"Portada\",\"item\":\"https:\/\/www.noticiasradioreflejos.com.ar\/2021\/\"},{\"@type\":\"ListItem\",\"position\":2,\"name\":\"Bomberos de la comarca viajan al sur a combatir el mega incendio\"}]},{\"@type\":\"WebSite\",\"@id\":\"https:\/\/www.noticiasradioreflejos.com.ar\/2021\/#website\",\"url\":\"https:\/\/www.noticiasradioreflejos.com.ar\/2021\/\",\"name\":\"Noticias Radio Reflejos\",\"description\":\"Las noticias de mi comarca\",\"potentialAction\":[{\"@type\":\"SearchAction\",\"target\":{\"@type\":\"EntryPoint\",\"urlTemplate\":\"https:\/\/www.noticiasradioreflejos.com.ar\/2021\/?s={search_term_string}\"},\"query-input\":{\"@type\":\"PropertyValueSpecification\",\"valueRequired\":true,\"valueName\":\"search_term_string\"}}],\"inLanguage\":\"es\"},{\"@type\":\"Person\",\"@id\":\"https:\/\/www.noticiasradioreflejos.com.ar\/2021\/#\/schema\/person\/ad82545263dcc5ec0996818884fd5fb1\",\"name\":\"Arnaldo Botto\",\"image\":{\"@type\":\"ImageObject\",\"inLanguage\":\"es\",\"@id\":\"https:\/\/www.noticiasradioreflejos.com.ar\/2021\/#\/schema\/person\/image\/\",\"url\":\"https:\/\/secure.gravatar.com\/avatar\/55cb5e37c1efa326397366e6974cb338056df65cb50e7d64d1cf314e87504837?s=96&d=mm&r=g\",\"contentUrl\":\"https:\/\/secure.gravatar.com\/avatar\/55cb5e37c1efa326397366e6974cb338056df65cb50e7d64d1cf314e87504837?s=96&d=mm&r=g\",\"caption\":\"Arnaldo Botto\"},\"url\":\"https:\/\/www.noticiasradioreflejos.com.ar\/2021\/author\/arnaldo\/\"}]}<\/script>\n<!-- \/ Yoast SEO plugin. -->","yoast_head_json":{"title":"Bomberos de la comarca viajan al sur a combatir el mega incendio - Noticias Radio Reflejos","robots":{"index":"index","follow":"follow","max-snippet":"max-snippet:-1","max-image-preview":"max-image-preview:large","max-video-preview":"max-video-preview:-1"},"canonical":"https:\/\/www.noticiasradioreflejos.com.ar\/2021\/bomberos-de-la-comarca-viajan-al-sur-a-combatir-el-mega-incendio\/","og_locale":"es_ES","og_type":"article","og_title":"Bomberos de la comarca viajan al sur a combatir el mega incendio - Noticias Radio Reflejos","og_description":"As\u00ed lo confirm\u00f3 Roberto Leguiza, del cuartel de bomberos voluntarios de Saldungaray, como as\u00ed tambi\u00e9n desde su hom\u00f3nimo de Sierra de la Ventana. Trabajar\u00e1n por diez d\u00edas en Chubut.","og_url":"https:\/\/www.noticiasradioreflejos.com.ar\/2021\/bomberos-de-la-comarca-viajan-al-sur-a-combatir-el-mega-incendio\/","og_site_name":"Noticias Radio Reflejos","article_published_time":"2024-01-31T17:14:17+00:00","og_image":[{"width":610,"height":354,"url":"https:\/\/www.noticiasradioreflejos.com.ar\/2021\/wp-content\/uploads\/2024\/01\/PN-Los-Alerces.jpg","type":"image\/jpeg"}],"author":"Arnaldo Botto","twitter_card":"summary_large_image","schema":{"@context":"https:\/\/schema.org","@graph":[{"@type":"WebPage","@id":"https:\/\/www.noticiasradioreflejos.com.ar\/2021\/bomberos-de-la-comarca-viajan-al-sur-a-combatir-el-mega-incendio\/","url":"https:\/\/www.noticiasradioreflejos.com.ar\/2021\/bomberos-de-la-comarca-viajan-al-sur-a-combatir-el-mega-incendio\/","name":"Bomberos de la comarca viajan al sur a combatir el mega incendio - Noticias Radio Reflejos","isPartOf":{"@id":"https:\/\/www.noticiasradioreflejos.com.ar\/2021\/#website"},"primaryImageOfPage":{"@id":"https:\/\/www.noticiasradioreflejos.com.ar\/2021\/bomberos-de-la-comarca-viajan-al-sur-a-combatir-el-mega-incendio\/#primaryimage"},"image":{"@id":"https:\/\/www.noticiasradioreflejos.com.ar\/2021\/bomberos-de-la-comarca-viajan-al-sur-a-combatir-el-mega-incendio\/#primaryimage"},"thumbnailUrl":"https:\/\/www.noticiasradioreflejos.com.ar\/2021\/wp-content\/uploads\/2024\/01\/PN-Los-Alerces.jpg","datePublished":"2024-01-31T17:14:17+00:00","author":{"@id":"https:\/\/www.noticiasradioreflejos.com.ar\/2021\/#\/schema\/person\/ad82545263dcc5ec0996818884fd5fb1"},"breadcrumb":{"@id":"https:\/\/www.noticiasradioreflejos.com.ar\/2021\/bomberos-de-la-comarca-viajan-al-sur-a-combatir-el-mega-incendio\/#breadcrumb"},"inLanguage":"es","potentialAction":[{"@type":"ReadAction","target":["https:\/\/www.noticiasradioreflejos.com.ar\/2021\/bomberos-de-la-comarca-viajan-al-sur-a-combatir-el-mega-incendio\/"]}]},{"@type":"ImageObject","inLanguage":"es","@id":"https:\/\/www.noticiasradioreflejos.com.ar\/2021\/bomberos-de-la-comarca-viajan-al-sur-a-combatir-el-mega-incendio\/#primaryimage","url":"https:\/\/www.noticiasradioreflejos.com.ar\/2021\/wp-content\/uploads\/2024\/01\/PN-Los-Alerces.jpg","contentUrl":"https:\/\/www.noticiasradioreflejos.com.ar\/2021\/wp-content\/uploads\/2024\/01\/PN-Los-Alerces.jpg","width":610,"height":354},{"@type":"BreadcrumbList","@id":"https:\/\/www.noticiasradioreflejos.com.ar\/2021\/bomberos-de-la-comarca-viajan-al-sur-a-combatir-el-mega-incendio\/#breadcrumb","itemListElement":[{"@type":"ListItem","position":1,"name":"Portada","item":"https:\/\/www.noticiasradioreflejos.com.ar\/2021\/"},{"@type":"ListItem","position":2,"name":"Bomberos de la comarca viajan al sur a combatir el mega incendio"}]},{"@type":"WebSite","@id":"https:\/\/www.noticiasradioreflejos.com.ar\/2021\/#website","url":"https:\/\/www.noticiasradioreflejos.com.ar\/2021\/","name":"Noticias Radio Reflejos","description":"Las noticias de mi comarca","potentialAction":[{"@type":"SearchAction","target":{"@type":"EntryPoint","urlTemplate":"https:\/\/www.noticiasradioreflejos.com.ar\/2021\/?s={search_term_string}"},"query-input":{"@type":"PropertyValueSpecification","valueRequired":true,"valueName":"search_term_string"}}],"inLanguage":"es"},{"@type":"Person","@id":"https:\/\/www.noticiasradioreflejos.com.ar\/2021\/#\/schema\/person\/ad82545263dcc5ec0996818884fd5fb1","name":"Arnaldo Botto","image":{"@type":"ImageObject","inLanguage":"es","@id":"https:\/\/www.noticiasradioreflejos.com.ar\/2021\/#\/schema\/person\/image\/","url":"https:\/\/secure.gravatar.com\/avatar\/55cb5e37c1efa326397366e6974cb338056df65cb50e7d64d1cf314e87504837?s=96&d=mm&r=g","contentUrl":"https:\/\/secure.gravatar.com\/avatar\/55cb5e37c1efa326397366e6974cb338056df65cb50e7d64d1cf314e87504837?s=96&d=mm&r=g","caption":"Arnaldo Botto"},"url":"https:\/\/www.noticiasradioreflejos.com.ar\/2021\/author\/arnaldo\/"}]}},"_links":{"self":[{"href":"https:\/\/www.noticiasradioreflejos.com.ar\/2021\/wp-json\/wp\/v2\/posts\/98325","targetHints":{"allow":["GET"]}}],"collection":[{"href":"https:\/\/www.noticiasradioreflejos.com.ar\/2021\/wp-json\/wp\/v2\/posts"}],"about":[{"href":"https:\/\/www.noticiasradioreflejos.com.ar\/2021\/wp-json\/wp\/v2\/types\/post"}],"author":[{"embeddable":true,"href":"https:\/\/www.noticiasradioreflejos.com.ar\/2021\/wp-json\/wp\/v2\/users\/3"}],"replies":[{"embeddable":true,"href":"https:\/\/www.noticiasradioreflejos.com.ar\/2021\/wp-json\/wp\/v2\/comments?post=98325"}],"version-history":[{"count":2,"href":"https:\/\/www.noticiasradioreflejos.com.ar\/2021\/wp-json\/wp\/v2\/posts\/98325\/revisions"}],"predecessor-version":[{"id":98330,"href":"https:\/\/www.noticiasradioreflejos.com.ar\/2021\/wp-json\/wp\/v2\/posts\/98325\/revisions\/98330"}],"wp:featuredmedia":[{"embeddable":true,"href":"https:\/\/www.noticiasradioreflejos.com.ar\/2021\/wp-json\/wp\/v2\/media\/98329"}],"wp:attachment":[{"href":"https:\/\/www.noticiasradioreflejos.com.ar\/2021\/wp-json\/wp\/v2\/media?parent=98325"}],"wp:term":[{"taxonomy":"category","embeddable":true,"href":"https:\/\/www.noticiasradioreflejos.com.ar\/2021\/wp-json\/wp\/v2\/categories?post=98325"},{"taxonomy":"post_tag","embeddable":true,"href":"https:\/\/www.noticiasradioreflejos.com.ar\/2021\/wp-json\/wp\/v2\/tags?post=98325"}],"curies":[{"name":"wp","href":"https:\/\/api.w.org\/{rel}","templated":true}]}}