{"id":98319,"date":"2024-01-31T14:02:07","date_gmt":"2024-01-31T17:02:07","guid":{"rendered":"https:\/\/www.noticiasradioreflejos.com.ar\/2021\/?p=98319"},"modified":"2024-01-31T14:02:07","modified_gmt":"2024-01-31T17:02:07","slug":"luz-en-la-comarca-si-le-pasa-algo-a-la-linea-de-tornquist-no-hay-otra-posibilidad-de-abastecimiento","status":"publish","type":"post","link":"https:\/\/www.noticiasradioreflejos.com.ar\/2021\/luz-en-la-comarca-si-le-pasa-algo-a-la-linea-de-tornquist-no-hay-otra-posibilidad-de-abastecimiento\/","title":{"rendered":"Luz en la comarca: \u201cSi le pasa algo a la l\u00ednea de Tornquist no hay otra posibilidad de abastecimiento\u201d"},"content":{"rendered":"<p>Los m\u00e1ximos responsables de Coopersive brindaron detalles de la reuni\u00f3n mantenida ayer en Bah\u00eda Blanca, y al mismo tiempo, de lo ocurrido en la jornada donde se dieron varios cortes de energ\u00eda.<!--more--><\/p>\n<p>Para la comarca el martes fue un d\u00eda sumamente complejo, ya que varios cortes de energ\u00eda interrumpieron el normal funcionamiento de las distintas localidades. Al mismo tiempo, y por la ma\u00f1ana, fue la fecha en la cual varios funcionarios se dirigieron a Bah\u00eda Blanca a dialogar con Edes.<\/p>\n<p>Al respecto Luis Shmidt y Fabi\u00e1n Delgado, m\u00e1ximos responsables de Coopersive, sostuvieron que en ese encuentro \u201cestuvimos con el intendente interino Mart\u00edn Olhaberry, que nos acompa\u00f1\u00f3 a las tres cooperativas del distrito que se ven afectadas; Tornquist, Saldungaray y nosotros, adem\u00e1s del asesor t\u00e9cnico de la cooperativa de Cabildo, que tambi\u00e9n se ve afectada por esta situaci\u00f3n\u201d.<\/p>\n<p>Resumiendo un poco de lo hablado all\u00ed, explicaron que \u201cdespu\u00e9s del temporal de Bah\u00eda Blanca hay una l\u00ednea que nace en Punta Alta, pasa por Gr\u00fcmbein, Calder\u00f3n, Cabildo, Paso de las Piedras y llega a Saldungaray, que es la alternativa. En un sector del primer tramo que est\u00e1 en el piso. Son 40 postes y sus cables en el piso. Esto implica que a Calder\u00f3n y Cabildo no los pod\u00edan abastecer, y ten\u00edan que hacerlo desde Tornquist\u201d.<\/p>\n<p>Ante esa situaci\u00f3n \u201cla reparaci\u00f3n de esa l\u00ednea llevar\u00e1 unos cuatro meses. Ellos tienen que pedir los postes, se los tienen que fabricar, y por su conformaci\u00f3n, son 120 kil\u00f3metros de cables entre Punta Alta y Gr\u00fcmbein\u201d.<\/p>\n<p>Por todo esto \u201cEdes defini\u00f3 que luego de poner operativa a Bah\u00eda se iban a ocupar de este tema, por lo que ahora comenzar\u00e1n, y por eso Cabildo se est\u00e1 abasteciendo hasta ahora v\u00eda Tornquist. Con esto hoy no tenemos l\u00ednea alternativa. Si hoy le pasa algo a esa l\u00ednea no tenemos otra posibilidad de abastecernos\u201d.<\/p>\n<p>M\u00e1s adelante en la charla confirmaron que la falta de suministro vivida \u201cayer fue por exceso de consumo. Fue una conjunci\u00f3n de altas temperaturas m\u00e1s exceso de consumo. Eso hizo que la l\u00ednea salga de consumo. Nosotros recomendamos utilizar fuentes de energ\u00eda con el mayor criterio posible\u201d.<\/p>\n<p>Llevando de la mano el cuidado del agua, ya que \u201cde acuerdo a lo que pudimos hablar con los funcionarios municipales, un corte de energ\u00eda de una hora baja los niveles de agua de modo tal que cuesta 48 horas recuperarlos. Entendemos que la gente tiene que utilizar sus artefactos, pero la idea es que lo haga de forma racional\u201d.<\/p>\n<p>Por \u00faltimo deslizaron que \u201cEdes va a poner un generador en Cabildo. A nosotros no nos lleg\u00f3 de forma oficial, pero por redes vimos que les pondr\u00edan un generador y de esa manera acompa\u00f1ar los grandes consumos que se vienen dando\u201d.<\/p>\n<p>Asegurando que \u201cnosotros con el cambio del transformador en Tornquist no debi\u00e9ramos tener problemas. El tema es que ese transformador y la l\u00ednea est\u00e1 abasteciendo a otra localidad. Con este generador en Cabildo no deber\u00eda haber mayores inconvenientes\u201d.<\/p>\n<p>&nbsp;<\/p>\n<p><iframe loading=\"lazy\" src=\"https:\/\/w.soundcloud.com\/player\/?url=https%3A\/\/api.soundcloud.com\/tracks\/1733217138&amp;color=%23ff5500&amp;auto_play=false&amp;hide_related=false&amp;show_comments=true&amp;show_user=true&amp;show_reposts=false&amp;show_teaser=true\" width=\"100%\" height=\"166\" frameborder=\"no\" scrolling=\"no\"><\/iframe><\/p>\n<div style=\"font-size: 10px; color: #cccccc; line-break: anywhere; word-break: normal; overflow: hidden; white-space: nowrap; text-overflow: ellipsis; font-family: Interstate,Lucida Grande,Lucida Sans Unicode,Lucida Sans,Garuda,Verdana,Tahoma,sans-serif; font-weight: 100;\"><a style=\"color: #cccccc; text-decoration: none;\" title=\"fmreflejos 103.7\" href=\"https:\/\/soundcloud.com\/fmreflejos-103-7\" target=\"_blank\" rel=\"noopener\">fmreflejos 103.7<\/a> \u00b7 <a style=\"color: #cccccc; text-decoration: none;\" title=\"Luis Shmidt Y Fabian Delgado 31 - 1\" href=\"https:\/\/soundcloud.com\/fmreflejos-103-7\/luis-shmidt-y-fabian-delgado-31-1\" target=\"_blank\" rel=\"noopener\">Luis Shmidt Y Fabian Delgado 31 &#8211; 1<\/a><\/div>\n","protected":false},"excerpt":{"rendered":"<p>Los m\u00e1ximos responsables de Coopersive brindaron detalles de la reuni\u00f3n mantenida ayer en Bah\u00eda Blanca, y al mismo tiempo, de lo ocurrido en la jornada donde se dieron varios cortes de energ\u00eda.<\/p>\n","protected":false},"author":3,"featured_media":98217,"comment_status":"closed","ping_status":"closed","sticky":false,"template":"","format":"standard","meta":{"footnotes":""},"categories":[26],"tags":[48],"class_list":["post-98319","post","type-post","status-publish","format-standard","has-post-thumbnail","hentry","category-sociedad","tag-destacada"],"yoast_head":"<!-- This site is optimized with the Yoast SEO plugin v25.9 - https:\/\/yoast.com\/wordpress\/plugins\/seo\/ -->\n<title>Luz en la comarca: \u201cSi le pasa algo a la l\u00ednea de Tornquist no hay otra posibilidad de abastecimiento\u201d - Noticias Radio Reflejos<\/title>\n<meta name=\"robots\" content=\"index, follow, max-snippet:-1, max-image-preview:large, max-video-preview:-1\" \/>\n<link rel=\"canonical\" href=\"https:\/\/www.noticiasradioreflejos.com.ar\/2021\/luz-en-la-comarca-si-le-pasa-algo-a-la-linea-de-tornquist-no-hay-otra-posibilidad-de-abastecimiento\/\" \/>\n<meta property=\"og:locale\" content=\"es_ES\" \/>\n<meta property=\"og:type\" content=\"article\" \/>\n<meta property=\"og:title\" content=\"Luz en la comarca: \u201cSi le pasa algo a la l\u00ednea de Tornquist no hay otra posibilidad de abastecimiento\u201d - Noticias Radio Reflejos\" \/>\n<meta property=\"og:description\" content=\"Los m\u00e1ximos responsables de Coopersive brindaron detalles de la reuni\u00f3n mantenida ayer en Bah\u00eda Blanca, y al mismo tiempo, de lo ocurrido en la jornada donde se dieron varios cortes de energ\u00eda.\" \/>\n<meta property=\"og:url\" content=\"https:\/\/www.noticiasradioreflejos.com.ar\/2021\/luz-en-la-comarca-si-le-pasa-algo-a-la-linea-de-tornquist-no-hay-otra-posibilidad-de-abastecimiento\/\" \/>\n<meta property=\"og:site_name\" content=\"Noticias Radio Reflejos\" \/>\n<meta property=\"article:published_time\" content=\"2024-01-31T17:02:07+00:00\" \/>\n<meta property=\"og:image\" content=\"https:\/\/www.noticiasradioreflejos.com.ar\/2021\/wp-content\/uploads\/2024\/01\/energia-redes-tension.jpg\" \/>\n\t<meta property=\"og:image:width\" content=\"1004\" \/>\n\t<meta property=\"og:image:height\" content=\"565\" \/>\n\t<meta property=\"og:image:type\" content=\"image\/jpeg\" \/>\n<meta name=\"author\" content=\"Arnaldo Botto\" \/>\n<meta name=\"twitter:card\" content=\"summary_large_image\" \/>\n<script type=\"application\/ld+json\" class=\"yoast-schema-graph\">{\"@context\":\"https:\/\/schema.org\",\"@graph\":[{\"@type\":\"WebPage\",\"@id\":\"https:\/\/www.noticiasradioreflejos.com.ar\/2021\/luz-en-la-comarca-si-le-pasa-algo-a-la-linea-de-tornquist-no-hay-otra-posibilidad-de-abastecimiento\/\",\"url\":\"https:\/\/www.noticiasradioreflejos.com.ar\/2021\/luz-en-la-comarca-si-le-pasa-algo-a-la-linea-de-tornquist-no-hay-otra-posibilidad-de-abastecimiento\/\",\"name\":\"Luz en la comarca: \u201cSi le pasa algo a la l\u00ednea de Tornquist no hay otra posibilidad de abastecimiento\u201d - Noticias Radio Reflejos\",\"isPartOf\":{\"@id\":\"https:\/\/www.noticiasradioreflejos.com.ar\/2021\/#website\"},\"primaryImageOfPage\":{\"@id\":\"https:\/\/www.noticiasradioreflejos.com.ar\/2021\/luz-en-la-comarca-si-le-pasa-algo-a-la-linea-de-tornquist-no-hay-otra-posibilidad-de-abastecimiento\/#primaryimage\"},\"image\":{\"@id\":\"https:\/\/www.noticiasradioreflejos.com.ar\/2021\/luz-en-la-comarca-si-le-pasa-algo-a-la-linea-de-tornquist-no-hay-otra-posibilidad-de-abastecimiento\/#primaryimage\"},\"thumbnailUrl\":\"https:\/\/www.noticiasradioreflejos.com.ar\/2021\/wp-content\/uploads\/2024\/01\/energia-redes-tension.jpg\",\"datePublished\":\"2024-01-31T17:02:07+00:00\",\"author\":{\"@id\":\"https:\/\/www.noticiasradioreflejos.com.ar\/2021\/#\/schema\/person\/ad82545263dcc5ec0996818884fd5fb1\"},\"breadcrumb\":{\"@id\":\"https:\/\/www.noticiasradioreflejos.com.ar\/2021\/luz-en-la-comarca-si-le-pasa-algo-a-la-linea-de-tornquist-no-hay-otra-posibilidad-de-abastecimiento\/#breadcrumb\"},\"inLanguage\":\"es\",\"potentialAction\":[{\"@type\":\"ReadAction\",\"target\":[\"https:\/\/www.noticiasradioreflejos.com.ar\/2021\/luz-en-la-comarca-si-le-pasa-algo-a-la-linea-de-tornquist-no-hay-otra-posibilidad-de-abastecimiento\/\"]}]},{\"@type\":\"ImageObject\",\"inLanguage\":\"es\",\"@id\":\"https:\/\/www.noticiasradioreflejos.com.ar\/2021\/luz-en-la-comarca-si-le-pasa-algo-a-la-linea-de-tornquist-no-hay-otra-posibilidad-de-abastecimiento\/#primaryimage\",\"url\":\"https:\/\/www.noticiasradioreflejos.com.ar\/2021\/wp-content\/uploads\/2024\/01\/energia-redes-tension.jpg\",\"contentUrl\":\"https:\/\/www.noticiasradioreflejos.com.ar\/2021\/wp-content\/uploads\/2024\/01\/energia-redes-tension.jpg\",\"width\":1004,\"height\":565},{\"@type\":\"BreadcrumbList\",\"@id\":\"https:\/\/www.noticiasradioreflejos.com.ar\/2021\/luz-en-la-comarca-si-le-pasa-algo-a-la-linea-de-tornquist-no-hay-otra-posibilidad-de-abastecimiento\/#breadcrumb\",\"itemListElement\":[{\"@type\":\"ListItem\",\"position\":1,\"name\":\"Portada\",\"item\":\"https:\/\/www.noticiasradioreflejos.com.ar\/2021\/\"},{\"@type\":\"ListItem\",\"position\":2,\"name\":\"Luz en la comarca: \u201cSi le pasa algo a la l\u00ednea de Tornquist no hay otra posibilidad de abastecimiento\u201d\"}]},{\"@type\":\"WebSite\",\"@id\":\"https:\/\/www.noticiasradioreflejos.com.ar\/2021\/#website\",\"url\":\"https:\/\/www.noticiasradioreflejos.com.ar\/2021\/\",\"name\":\"Noticias Radio Reflejos\",\"description\":\"Las noticias de mi comarca\",\"potentialAction\":[{\"@type\":\"SearchAction\",\"target\":{\"@type\":\"EntryPoint\",\"urlTemplate\":\"https:\/\/www.noticiasradioreflejos.com.ar\/2021\/?s={search_term_string}\"},\"query-input\":{\"@type\":\"PropertyValueSpecification\",\"valueRequired\":true,\"valueName\":\"search_term_string\"}}],\"inLanguage\":\"es\"},{\"@type\":\"Person\",\"@id\":\"https:\/\/www.noticiasradioreflejos.com.ar\/2021\/#\/schema\/person\/ad82545263dcc5ec0996818884fd5fb1\",\"name\":\"Arnaldo Botto\",\"image\":{\"@type\":\"ImageObject\",\"inLanguage\":\"es\",\"@id\":\"https:\/\/www.noticiasradioreflejos.com.ar\/2021\/#\/schema\/person\/image\/\",\"url\":\"https:\/\/secure.gravatar.com\/avatar\/55cb5e37c1efa326397366e6974cb338056df65cb50e7d64d1cf314e87504837?s=96&d=mm&r=g\",\"contentUrl\":\"https:\/\/secure.gravatar.com\/avatar\/55cb5e37c1efa326397366e6974cb338056df65cb50e7d64d1cf314e87504837?s=96&d=mm&r=g\",\"caption\":\"Arnaldo Botto\"},\"url\":\"https:\/\/www.noticiasradioreflejos.com.ar\/2021\/author\/arnaldo\/\"}]}<\/script>\n<!-- \/ Yoast SEO plugin. -->","yoast_head_json":{"title":"Luz en la comarca: \u201cSi le pasa algo a la l\u00ednea de Tornquist no hay otra posibilidad de abastecimiento\u201d - Noticias Radio Reflejos","robots":{"index":"index","follow":"follow","max-snippet":"max-snippet:-1","max-image-preview":"max-image-preview:large","max-video-preview":"max-video-preview:-1"},"canonical":"https:\/\/www.noticiasradioreflejos.com.ar\/2021\/luz-en-la-comarca-si-le-pasa-algo-a-la-linea-de-tornquist-no-hay-otra-posibilidad-de-abastecimiento\/","og_locale":"es_ES","og_type":"article","og_title":"Luz en la comarca: \u201cSi le pasa algo a la l\u00ednea de Tornquist no hay otra posibilidad de abastecimiento\u201d - Noticias Radio Reflejos","og_description":"Los m\u00e1ximos responsables de Coopersive brindaron detalles de la reuni\u00f3n mantenida ayer en Bah\u00eda Blanca, y al mismo tiempo, de lo ocurrido en la jornada donde se dieron varios cortes de energ\u00eda.","og_url":"https:\/\/www.noticiasradioreflejos.com.ar\/2021\/luz-en-la-comarca-si-le-pasa-algo-a-la-linea-de-tornquist-no-hay-otra-posibilidad-de-abastecimiento\/","og_site_name":"Noticias Radio Reflejos","article_published_time":"2024-01-31T17:02:07+00:00","og_image":[{"width":1004,"height":565,"url":"https:\/\/www.noticiasradioreflejos.com.ar\/2021\/wp-content\/uploads\/2024\/01\/energia-redes-tension.jpg","type":"image\/jpeg"}],"author":"Arnaldo Botto","twitter_card":"summary_large_image","schema":{"@context":"https:\/\/schema.org","@graph":[{"@type":"WebPage","@id":"https:\/\/www.noticiasradioreflejos.com.ar\/2021\/luz-en-la-comarca-si-le-pasa-algo-a-la-linea-de-tornquist-no-hay-otra-posibilidad-de-abastecimiento\/","url":"https:\/\/www.noticiasradioreflejos.com.ar\/2021\/luz-en-la-comarca-si-le-pasa-algo-a-la-linea-de-tornquist-no-hay-otra-posibilidad-de-abastecimiento\/","name":"Luz en la comarca: \u201cSi le pasa algo a la l\u00ednea de Tornquist no hay otra posibilidad de abastecimiento\u201d - Noticias Radio Reflejos","isPartOf":{"@id":"https:\/\/www.noticiasradioreflejos.com.ar\/2021\/#website"},"primaryImageOfPage":{"@id":"https:\/\/www.noticiasradioreflejos.com.ar\/2021\/luz-en-la-comarca-si-le-pasa-algo-a-la-linea-de-tornquist-no-hay-otra-posibilidad-de-abastecimiento\/#primaryimage"},"image":{"@id":"https:\/\/www.noticiasradioreflejos.com.ar\/2021\/luz-en-la-comarca-si-le-pasa-algo-a-la-linea-de-tornquist-no-hay-otra-posibilidad-de-abastecimiento\/#primaryimage"},"thumbnailUrl":"https:\/\/www.noticiasradioreflejos.com.ar\/2021\/wp-content\/uploads\/2024\/01\/energia-redes-tension.jpg","datePublished":"2024-01-31T17:02:07+00:00","author":{"@id":"https:\/\/www.noticiasradioreflejos.com.ar\/2021\/#\/schema\/person\/ad82545263dcc5ec0996818884fd5fb1"},"breadcrumb":{"@id":"https:\/\/www.noticiasradioreflejos.com.ar\/2021\/luz-en-la-comarca-si-le-pasa-algo-a-la-linea-de-tornquist-no-hay-otra-posibilidad-de-abastecimiento\/#breadcrumb"},"inLanguage":"es","potentialAction":[{"@type":"ReadAction","target":["https:\/\/www.noticiasradioreflejos.com.ar\/2021\/luz-en-la-comarca-si-le-pasa-algo-a-la-linea-de-tornquist-no-hay-otra-posibilidad-de-abastecimiento\/"]}]},{"@type":"ImageObject","inLanguage":"es","@id":"https:\/\/www.noticiasradioreflejos.com.ar\/2021\/luz-en-la-comarca-si-le-pasa-algo-a-la-linea-de-tornquist-no-hay-otra-posibilidad-de-abastecimiento\/#primaryimage","url":"https:\/\/www.noticiasradioreflejos.com.ar\/2021\/wp-content\/uploads\/2024\/01\/energia-redes-tension.jpg","contentUrl":"https:\/\/www.noticiasradioreflejos.com.ar\/2021\/wp-content\/uploads\/2024\/01\/energia-redes-tension.jpg","width":1004,"height":565},{"@type":"BreadcrumbList","@id":"https:\/\/www.noticiasradioreflejos.com.ar\/2021\/luz-en-la-comarca-si-le-pasa-algo-a-la-linea-de-tornquist-no-hay-otra-posibilidad-de-abastecimiento\/#breadcrumb","itemListElement":[{"@type":"ListItem","position":1,"name":"Portada","item":"https:\/\/www.noticiasradioreflejos.com.ar\/2021\/"},{"@type":"ListItem","position":2,"name":"Luz en la comarca: \u201cSi le pasa algo a la l\u00ednea de Tornquist no hay otra posibilidad de abastecimiento\u201d"}]},{"@type":"WebSite","@id":"https:\/\/www.noticiasradioreflejos.com.ar\/2021\/#website","url":"https:\/\/www.noticiasradioreflejos.com.ar\/2021\/","name":"Noticias Radio Reflejos","description":"Las noticias de mi comarca","potentialAction":[{"@type":"SearchAction","target":{"@type":"EntryPoint","urlTemplate":"https:\/\/www.noticiasradioreflejos.com.ar\/2021\/?s={search_term_string}"},"query-input":{"@type":"PropertyValueSpecification","valueRequired":true,"valueName":"search_term_string"}}],"inLanguage":"es"},{"@type":"Person","@id":"https:\/\/www.noticiasradioreflejos.com.ar\/2021\/#\/schema\/person\/ad82545263dcc5ec0996818884fd5fb1","name":"Arnaldo Botto","image":{"@type":"ImageObject","inLanguage":"es","@id":"https:\/\/www.noticiasradioreflejos.com.ar\/2021\/#\/schema\/person\/image\/","url":"https:\/\/secure.gravatar.com\/avatar\/55cb5e37c1efa326397366e6974cb338056df65cb50e7d64d1cf314e87504837?s=96&d=mm&r=g","contentUrl":"https:\/\/secure.gravatar.com\/avatar\/55cb5e37c1efa326397366e6974cb338056df65cb50e7d64d1cf314e87504837?s=96&d=mm&r=g","caption":"Arnaldo Botto"},"url":"https:\/\/www.noticiasradioreflejos.com.ar\/2021\/author\/arnaldo\/"}]}},"_links":{"self":[{"href":"https:\/\/www.noticiasradioreflejos.com.ar\/2021\/wp-json\/wp\/v2\/posts\/98319","targetHints":{"allow":["GET"]}}],"collection":[{"href":"https:\/\/www.noticiasradioreflejos.com.ar\/2021\/wp-json\/wp\/v2\/posts"}],"about":[{"href":"https:\/\/www.noticiasradioreflejos.com.ar\/2021\/wp-json\/wp\/v2\/types\/post"}],"author":[{"embeddable":true,"href":"https:\/\/www.noticiasradioreflejos.com.ar\/2021\/wp-json\/wp\/v2\/users\/3"}],"replies":[{"embeddable":true,"href":"https:\/\/www.noticiasradioreflejos.com.ar\/2021\/wp-json\/wp\/v2\/comments?post=98319"}],"version-history":[{"count":2,"href":"https:\/\/www.noticiasradioreflejos.com.ar\/2021\/wp-json\/wp\/v2\/posts\/98319\/revisions"}],"predecessor-version":[{"id":98328,"href":"https:\/\/www.noticiasradioreflejos.com.ar\/2021\/wp-json\/wp\/v2\/posts\/98319\/revisions\/98328"}],"wp:featuredmedia":[{"embeddable":true,"href":"https:\/\/www.noticiasradioreflejos.com.ar\/2021\/wp-json\/wp\/v2\/media\/98217"}],"wp:attachment":[{"href":"https:\/\/www.noticiasradioreflejos.com.ar\/2021\/wp-json\/wp\/v2\/media?parent=98319"}],"wp:term":[{"taxonomy":"category","embeddable":true,"href":"https:\/\/www.noticiasradioreflejos.com.ar\/2021\/wp-json\/wp\/v2\/categories?post=98319"},{"taxonomy":"post_tag","embeddable":true,"href":"https:\/\/www.noticiasradioreflejos.com.ar\/2021\/wp-json\/wp\/v2\/tags?post=98319"}],"curies":[{"name":"wp","href":"https:\/\/api.w.org\/{rel}","templated":true}]}}