{"id":98294,"date":"2024-01-30T19:10:38","date_gmt":"2024-01-30T22:10:38","guid":{"rendered":"https:\/\/www.noticiasradioreflejos.com.ar\/2021\/?p=98294"},"modified":"2024-01-30T19:11:53","modified_gmt":"2024-01-30T22:11:53","slug":"sociedades-anonimas-deportivas-la-justicia-freno-los-deseos-de-javier-milei-y-mauricio-macri","status":"publish","type":"post","link":"https:\/\/www.noticiasradioreflejos.com.ar\/2021\/sociedades-anonimas-deportivas-la-justicia-freno-los-deseos-de-javier-milei-y-mauricio-macri\/","title":{"rendered":"Sociedades An\u00f3nimas Deportivas: La Justicia fren\u00f3 los deseos de Javier Milei (y Mauricio Macri)"},"content":{"rendered":"<p>Un juez de Mercedes dict\u00f3 una medida cautelar que suspende la parte del DNU 70\/23 que autorizaba a los clubes a convertirse en sociedades an\u00f3nimas deportivas (SAD). La noticia la difundi\u00f3 la Asociaci\u00f3n del F\u00fatbol Argentino a trav\u00e9s de un comunicado oficial desde sus redes sociales.<!--more--><\/p>\n<p>El juez el juez federal Elpidio Portocarrero Tezanos Pinto resolvi\u00f3 \u00abhacer lugar a la medida cautelar solicitada por la Liga de Futbol de Salto Asociaci\u00f3n Civil, previa cauci\u00f3n juratoria, ordenando al Estado Nacional la suspensi\u00f3n de los art\u00edculos 335\u00b0 y 345\u00b0 del Decreto de Necesidad y Urgencia Nro. 70\/2023, publicado en el Bolet\u00edn Oficial de la Rep\u00fablica Argentina con fecha 20 de Diciembre de 2023 cuya entrada en vigencia oper\u00f3 el 29 de diciembre del pasado a\u00f1o, hasta tanto sea dictada la sentencia definitiva\u201d.<\/p>\n<div id=\"talkFireEvent\"><\/div>\n<div id=\"ad-slot-inline1\" class=\"ad-slot-inline1 ad-slot\" data-adzonerun=\"1\" data-adtype=\"inline1\"><\/div>\n<p>La medida regir\u00e1 \u00abhasta tanto sea dictada la sentencia definitiva, comunic\u00e1ndose lo resuelto por la presente por intermedio de la Jefatura de Gabinete de Ministros de la Presidencia de la Naci\u00f3n\u00bb, a\u00f1ade la parte resolutiva.<\/p>\n<p>El juez hizo lugar al planteo de Alejandro Higa, dirigente de la Liga de Futbol de Salto Asociaci\u00f3n Civil, quien hab\u00eda promovido una \u00abuna acci\u00f3n declarativa de certeza de inconstitucionalidad contra el Estado Nacional a fin de que se decrete la inconstitucionalidad de los art\u00edculos 335 y 345 del Decreto de Necesidad y Urgencia\u00bb.<\/p>\n<div class=\"teads-inread sm-screen\">\n<div><\/div>\n<\/div>\n<div id=\"ad-slot-video_inread\" class=\"ad-slot-video_inread ad-slot\" data-adzonerun=\"1\" data-adtype=\"video_inread\" data-google-query-id=\"CPj8x7-PhoQDFauSlQIdPaEMRw\">\n<div id=\"google_ads_iframe_\/349353471\/p12\/nota_video_inread_0__container__\">Esos art\u00edculos establec\u00edan que \u00abno podr\u00e1 impedirse, dificultarse, privarse o menoscabarse cualquier derecho a una organizaci\u00f3n deportiva, incluyendo su derecho de afiliaci\u00f3n a una confederaci\u00f3n, federaci\u00f3n, asociaci\u00f3n, liga o uni\u00f3n, con fundamento en su forma jur\u00eddica, si la misma est\u00e1 reconocida en esta ley y normas complementarias\u00bb.<\/div>\n<\/div>\n<p>Adem\u00e1s, determinaba una cl\u00e1usula transitoria seg\u00fan la cual \u00ablas asociaciones, federaciones y confederaciones deportivas dispondr\u00e1n de un a\u00f1o, contado a partir de la reglamentaci\u00f3n del presente, para modificar sus estatutos a efectos de adecuarse a los t\u00e9rminos previstos por aquel, lo que deber\u00e1 ser aplicado sin perjuicio del cumplimiento de los mandatos preexistentes\u00bb.<\/p>\n<div id=\"ad-slot-inline2\" class=\"ad-slot-inline_grande ad-slot\" data-adzonerun=\"1\" data-adtype=\"inline_grande\"><\/div>\n<p>\u00abLa modificaci\u00f3n que se impulsa (obligaci\u00f3n de incluir una forma societaria hoy prohibida) urge ser suspendida, pues resultar\u00eda irreparable el da\u00f1o ocasionado por el transcurso del tiempo desde el inicio de la presente acci\u00f3n y la sentencia definitiva\u00bb, sostuvo el juez.<\/p>\n<p>\u00abPor lo tanto para asegurar la eficacia pr\u00e1ctica de la decisi\u00f3n final, puedo tener por acreditado los presupuestos de admisibilidad del remedio cautelar, sin perjuicio de lo que las pruebas puedan llegar a demostrar en el transcurso del proceso\u00bb, resumi\u00f3 al suspender ese cap\u00edtulo del decreto.<\/p>\n<p>&nbsp;<\/p>\n<p>&nbsp;<\/p>\n<p><span style=\"color: #000080;\"><em><strong>Fuente P\u00e1gina 12<\/strong><\/em><\/span><\/p>\n","protected":false},"excerpt":{"rendered":"<p>Un juez de Mercedes dict\u00f3 una medida cautelar que suspende la parte del DNU 70\/23 que autorizaba a los clubes a convertirse en sociedades an\u00f3nimas deportivas (SAD). La noticia la difundi\u00f3 la Asociaci\u00f3n del F\u00fatbol Argentino a trav\u00e9s de un comunicado oficial desde sus redes sociales.<\/p>\n","protected":false},"author":3,"featured_media":98295,"comment_status":"closed","ping_status":"closed","sticky":false,"template":"","format":"standard","meta":{"footnotes":""},"categories":[57],"tags":[],"class_list":["post-98294","post","type-post","status-publish","format-standard","has-post-thumbnail","hentry","category-judiciales"],"yoast_head":"<!-- This site is optimized with the Yoast SEO plugin v25.9 - https:\/\/yoast.com\/wordpress\/plugins\/seo\/ -->\n<title>Sociedades An\u00f3nimas Deportivas: La Justicia fren\u00f3 los deseos de Javier Milei (y Mauricio Macri) - Noticias Radio Reflejos<\/title>\n<meta name=\"robots\" content=\"index, follow, max-snippet:-1, max-image-preview:large, max-video-preview:-1\" \/>\n<link rel=\"canonical\" href=\"https:\/\/www.noticiasradioreflejos.com.ar\/2021\/sociedades-anonimas-deportivas-la-justicia-freno-los-deseos-de-javier-milei-y-mauricio-macri\/\" \/>\n<meta property=\"og:locale\" content=\"es_ES\" \/>\n<meta property=\"og:type\" content=\"article\" \/>\n<meta property=\"og:title\" content=\"Sociedades An\u00f3nimas Deportivas: La Justicia fren\u00f3 los deseos de Javier Milei (y Mauricio Macri) - Noticias Radio Reflejos\" \/>\n<meta property=\"og:description\" content=\"Un juez de Mercedes dict\u00f3 una medida cautelar que suspende la parte del DNU 70\/23 que autorizaba a los clubes a convertirse en sociedades an\u00f3nimas deportivas (SAD). La noticia la difundi\u00f3 la Asociaci\u00f3n del F\u00fatbol Argentino a trav\u00e9s de un comunicado oficial desde sus redes sociales.\" \/>\n<meta property=\"og:url\" content=\"https:\/\/www.noticiasradioreflejos.com.ar\/2021\/sociedades-anonimas-deportivas-la-justicia-freno-los-deseos-de-javier-milei-y-mauricio-macri\/\" \/>\n<meta property=\"og:site_name\" content=\"Noticias Radio Reflejos\" \/>\n<meta property=\"article:published_time\" content=\"2024-01-30T22:10:38+00:00\" \/>\n<meta property=\"article:modified_time\" content=\"2024-01-30T22:11:53+00:00\" \/>\n<meta property=\"og:image\" content=\"https:\/\/www.noticiasradioreflejos.com.ar\/2021\/wp-content\/uploads\/2024\/01\/pelota.jpeg\" \/>\n\t<meta property=\"og:image:width\" content=\"960\" \/>\n\t<meta property=\"og:image:height\" content=\"640\" \/>\n\t<meta property=\"og:image:type\" content=\"image\/jpeg\" \/>\n<meta name=\"author\" content=\"Arnaldo Botto\" \/>\n<meta name=\"twitter:card\" content=\"summary_large_image\" \/>\n<script type=\"application\/ld+json\" class=\"yoast-schema-graph\">{\"@context\":\"https:\/\/schema.org\",\"@graph\":[{\"@type\":\"WebPage\",\"@id\":\"https:\/\/www.noticiasradioreflejos.com.ar\/2021\/sociedades-anonimas-deportivas-la-justicia-freno-los-deseos-de-javier-milei-y-mauricio-macri\/\",\"url\":\"https:\/\/www.noticiasradioreflejos.com.ar\/2021\/sociedades-anonimas-deportivas-la-justicia-freno-los-deseos-de-javier-milei-y-mauricio-macri\/\",\"name\":\"Sociedades An\u00f3nimas Deportivas: La Justicia fren\u00f3 los deseos de Javier Milei (y Mauricio Macri) - Noticias Radio Reflejos\",\"isPartOf\":{\"@id\":\"https:\/\/www.noticiasradioreflejos.com.ar\/2021\/#website\"},\"primaryImageOfPage\":{\"@id\":\"https:\/\/www.noticiasradioreflejos.com.ar\/2021\/sociedades-anonimas-deportivas-la-justicia-freno-los-deseos-de-javier-milei-y-mauricio-macri\/#primaryimage\"},\"image\":{\"@id\":\"https:\/\/www.noticiasradioreflejos.com.ar\/2021\/sociedades-anonimas-deportivas-la-justicia-freno-los-deseos-de-javier-milei-y-mauricio-macri\/#primaryimage\"},\"thumbnailUrl\":\"https:\/\/www.noticiasradioreflejos.com.ar\/2021\/wp-content\/uploads\/2024\/01\/pelota.jpeg\",\"datePublished\":\"2024-01-30T22:10:38+00:00\",\"dateModified\":\"2024-01-30T22:11:53+00:00\",\"author\":{\"@id\":\"https:\/\/www.noticiasradioreflejos.com.ar\/2021\/#\/schema\/person\/ad82545263dcc5ec0996818884fd5fb1\"},\"breadcrumb\":{\"@id\":\"https:\/\/www.noticiasradioreflejos.com.ar\/2021\/sociedades-anonimas-deportivas-la-justicia-freno-los-deseos-de-javier-milei-y-mauricio-macri\/#breadcrumb\"},\"inLanguage\":\"es\",\"potentialAction\":[{\"@type\":\"ReadAction\",\"target\":[\"https:\/\/www.noticiasradioreflejos.com.ar\/2021\/sociedades-anonimas-deportivas-la-justicia-freno-los-deseos-de-javier-milei-y-mauricio-macri\/\"]}]},{\"@type\":\"ImageObject\",\"inLanguage\":\"es\",\"@id\":\"https:\/\/www.noticiasradioreflejos.com.ar\/2021\/sociedades-anonimas-deportivas-la-justicia-freno-los-deseos-de-javier-milei-y-mauricio-macri\/#primaryimage\",\"url\":\"https:\/\/www.noticiasradioreflejos.com.ar\/2021\/wp-content\/uploads\/2024\/01\/pelota.jpeg\",\"contentUrl\":\"https:\/\/www.noticiasradioreflejos.com.ar\/2021\/wp-content\/uploads\/2024\/01\/pelota.jpeg\",\"width\":960,\"height\":640},{\"@type\":\"BreadcrumbList\",\"@id\":\"https:\/\/www.noticiasradioreflejos.com.ar\/2021\/sociedades-anonimas-deportivas-la-justicia-freno-los-deseos-de-javier-milei-y-mauricio-macri\/#breadcrumb\",\"itemListElement\":[{\"@type\":\"ListItem\",\"position\":1,\"name\":\"Portada\",\"item\":\"https:\/\/www.noticiasradioreflejos.com.ar\/2021\/\"},{\"@type\":\"ListItem\",\"position\":2,\"name\":\"Sociedades An\u00f3nimas Deportivas: La Justicia fren\u00f3 los deseos de Javier Milei (y Mauricio Macri)\"}]},{\"@type\":\"WebSite\",\"@id\":\"https:\/\/www.noticiasradioreflejos.com.ar\/2021\/#website\",\"url\":\"https:\/\/www.noticiasradioreflejos.com.ar\/2021\/\",\"name\":\"Noticias Radio Reflejos\",\"description\":\"Las noticias de mi comarca\",\"potentialAction\":[{\"@type\":\"SearchAction\",\"target\":{\"@type\":\"EntryPoint\",\"urlTemplate\":\"https:\/\/www.noticiasradioreflejos.com.ar\/2021\/?s={search_term_string}\"},\"query-input\":{\"@type\":\"PropertyValueSpecification\",\"valueRequired\":true,\"valueName\":\"search_term_string\"}}],\"inLanguage\":\"es\"},{\"@type\":\"Person\",\"@id\":\"https:\/\/www.noticiasradioreflejos.com.ar\/2021\/#\/schema\/person\/ad82545263dcc5ec0996818884fd5fb1\",\"name\":\"Arnaldo Botto\",\"image\":{\"@type\":\"ImageObject\",\"inLanguage\":\"es\",\"@id\":\"https:\/\/www.noticiasradioreflejos.com.ar\/2021\/#\/schema\/person\/image\/\",\"url\":\"https:\/\/secure.gravatar.com\/avatar\/55cb5e37c1efa326397366e6974cb338056df65cb50e7d64d1cf314e87504837?s=96&d=mm&r=g\",\"contentUrl\":\"https:\/\/secure.gravatar.com\/avatar\/55cb5e37c1efa326397366e6974cb338056df65cb50e7d64d1cf314e87504837?s=96&d=mm&r=g\",\"caption\":\"Arnaldo Botto\"},\"url\":\"https:\/\/www.noticiasradioreflejos.com.ar\/2021\/author\/arnaldo\/\"}]}<\/script>\n<!-- \/ Yoast SEO plugin. -->","yoast_head_json":{"title":"Sociedades An\u00f3nimas Deportivas: La Justicia fren\u00f3 los deseos de Javier Milei (y Mauricio Macri) - Noticias Radio Reflejos","robots":{"index":"index","follow":"follow","max-snippet":"max-snippet:-1","max-image-preview":"max-image-preview:large","max-video-preview":"max-video-preview:-1"},"canonical":"https:\/\/www.noticiasradioreflejos.com.ar\/2021\/sociedades-anonimas-deportivas-la-justicia-freno-los-deseos-de-javier-milei-y-mauricio-macri\/","og_locale":"es_ES","og_type":"article","og_title":"Sociedades An\u00f3nimas Deportivas: La Justicia fren\u00f3 los deseos de Javier Milei (y Mauricio Macri) - Noticias Radio Reflejos","og_description":"Un juez de Mercedes dict\u00f3 una medida cautelar que suspende la parte del DNU 70\/23 que autorizaba a los clubes a convertirse en sociedades an\u00f3nimas deportivas (SAD). La noticia la difundi\u00f3 la Asociaci\u00f3n del F\u00fatbol Argentino a trav\u00e9s de un comunicado oficial desde sus redes sociales.","og_url":"https:\/\/www.noticiasradioreflejos.com.ar\/2021\/sociedades-anonimas-deportivas-la-justicia-freno-los-deseos-de-javier-milei-y-mauricio-macri\/","og_site_name":"Noticias Radio Reflejos","article_published_time":"2024-01-30T22:10:38+00:00","article_modified_time":"2024-01-30T22:11:53+00:00","og_image":[{"width":960,"height":640,"url":"https:\/\/www.noticiasradioreflejos.com.ar\/2021\/wp-content\/uploads\/2024\/01\/pelota.jpeg","type":"image\/jpeg"}],"author":"Arnaldo Botto","twitter_card":"summary_large_image","schema":{"@context":"https:\/\/schema.org","@graph":[{"@type":"WebPage","@id":"https:\/\/www.noticiasradioreflejos.com.ar\/2021\/sociedades-anonimas-deportivas-la-justicia-freno-los-deseos-de-javier-milei-y-mauricio-macri\/","url":"https:\/\/www.noticiasradioreflejos.com.ar\/2021\/sociedades-anonimas-deportivas-la-justicia-freno-los-deseos-de-javier-milei-y-mauricio-macri\/","name":"Sociedades An\u00f3nimas Deportivas: La Justicia fren\u00f3 los deseos de Javier Milei (y Mauricio Macri) - Noticias Radio Reflejos","isPartOf":{"@id":"https:\/\/www.noticiasradioreflejos.com.ar\/2021\/#website"},"primaryImageOfPage":{"@id":"https:\/\/www.noticiasradioreflejos.com.ar\/2021\/sociedades-anonimas-deportivas-la-justicia-freno-los-deseos-de-javier-milei-y-mauricio-macri\/#primaryimage"},"image":{"@id":"https:\/\/www.noticiasradioreflejos.com.ar\/2021\/sociedades-anonimas-deportivas-la-justicia-freno-los-deseos-de-javier-milei-y-mauricio-macri\/#primaryimage"},"thumbnailUrl":"https:\/\/www.noticiasradioreflejos.com.ar\/2021\/wp-content\/uploads\/2024\/01\/pelota.jpeg","datePublished":"2024-01-30T22:10:38+00:00","dateModified":"2024-01-30T22:11:53+00:00","author":{"@id":"https:\/\/www.noticiasradioreflejos.com.ar\/2021\/#\/schema\/person\/ad82545263dcc5ec0996818884fd5fb1"},"breadcrumb":{"@id":"https:\/\/www.noticiasradioreflejos.com.ar\/2021\/sociedades-anonimas-deportivas-la-justicia-freno-los-deseos-de-javier-milei-y-mauricio-macri\/#breadcrumb"},"inLanguage":"es","potentialAction":[{"@type":"ReadAction","target":["https:\/\/www.noticiasradioreflejos.com.ar\/2021\/sociedades-anonimas-deportivas-la-justicia-freno-los-deseos-de-javier-milei-y-mauricio-macri\/"]}]},{"@type":"ImageObject","inLanguage":"es","@id":"https:\/\/www.noticiasradioreflejos.com.ar\/2021\/sociedades-anonimas-deportivas-la-justicia-freno-los-deseos-de-javier-milei-y-mauricio-macri\/#primaryimage","url":"https:\/\/www.noticiasradioreflejos.com.ar\/2021\/wp-content\/uploads\/2024\/01\/pelota.jpeg","contentUrl":"https:\/\/www.noticiasradioreflejos.com.ar\/2021\/wp-content\/uploads\/2024\/01\/pelota.jpeg","width":960,"height":640},{"@type":"BreadcrumbList","@id":"https:\/\/www.noticiasradioreflejos.com.ar\/2021\/sociedades-anonimas-deportivas-la-justicia-freno-los-deseos-de-javier-milei-y-mauricio-macri\/#breadcrumb","itemListElement":[{"@type":"ListItem","position":1,"name":"Portada","item":"https:\/\/www.noticiasradioreflejos.com.ar\/2021\/"},{"@type":"ListItem","position":2,"name":"Sociedades An\u00f3nimas Deportivas: La Justicia fren\u00f3 los deseos de Javier Milei (y Mauricio Macri)"}]},{"@type":"WebSite","@id":"https:\/\/www.noticiasradioreflejos.com.ar\/2021\/#website","url":"https:\/\/www.noticiasradioreflejos.com.ar\/2021\/","name":"Noticias Radio Reflejos","description":"Las noticias de mi comarca","potentialAction":[{"@type":"SearchAction","target":{"@type":"EntryPoint","urlTemplate":"https:\/\/www.noticiasradioreflejos.com.ar\/2021\/?s={search_term_string}"},"query-input":{"@type":"PropertyValueSpecification","valueRequired":true,"valueName":"search_term_string"}}],"inLanguage":"es"},{"@type":"Person","@id":"https:\/\/www.noticiasradioreflejos.com.ar\/2021\/#\/schema\/person\/ad82545263dcc5ec0996818884fd5fb1","name":"Arnaldo Botto","image":{"@type":"ImageObject","inLanguage":"es","@id":"https:\/\/www.noticiasradioreflejos.com.ar\/2021\/#\/schema\/person\/image\/","url":"https:\/\/secure.gravatar.com\/avatar\/55cb5e37c1efa326397366e6974cb338056df65cb50e7d64d1cf314e87504837?s=96&d=mm&r=g","contentUrl":"https:\/\/secure.gravatar.com\/avatar\/55cb5e37c1efa326397366e6974cb338056df65cb50e7d64d1cf314e87504837?s=96&d=mm&r=g","caption":"Arnaldo Botto"},"url":"https:\/\/www.noticiasradioreflejos.com.ar\/2021\/author\/arnaldo\/"}]}},"_links":{"self":[{"href":"https:\/\/www.noticiasradioreflejos.com.ar\/2021\/wp-json\/wp\/v2\/posts\/98294","targetHints":{"allow":["GET"]}}],"collection":[{"href":"https:\/\/www.noticiasradioreflejos.com.ar\/2021\/wp-json\/wp\/v2\/posts"}],"about":[{"href":"https:\/\/www.noticiasradioreflejos.com.ar\/2021\/wp-json\/wp\/v2\/types\/post"}],"author":[{"embeddable":true,"href":"https:\/\/www.noticiasradioreflejos.com.ar\/2021\/wp-json\/wp\/v2\/users\/3"}],"replies":[{"embeddable":true,"href":"https:\/\/www.noticiasradioreflejos.com.ar\/2021\/wp-json\/wp\/v2\/comments?post=98294"}],"version-history":[{"count":2,"href":"https:\/\/www.noticiasradioreflejos.com.ar\/2021\/wp-json\/wp\/v2\/posts\/98294\/revisions"}],"predecessor-version":[{"id":98297,"href":"https:\/\/www.noticiasradioreflejos.com.ar\/2021\/wp-json\/wp\/v2\/posts\/98294\/revisions\/98297"}],"wp:featuredmedia":[{"embeddable":true,"href":"https:\/\/www.noticiasradioreflejos.com.ar\/2021\/wp-json\/wp\/v2\/media\/98295"}],"wp:attachment":[{"href":"https:\/\/www.noticiasradioreflejos.com.ar\/2021\/wp-json\/wp\/v2\/media?parent=98294"}],"wp:term":[{"taxonomy":"category","embeddable":true,"href":"https:\/\/www.noticiasradioreflejos.com.ar\/2021\/wp-json\/wp\/v2\/categories?post=98294"},{"taxonomy":"post_tag","embeddable":true,"href":"https:\/\/www.noticiasradioreflejos.com.ar\/2021\/wp-json\/wp\/v2\/tags?post=98294"}],"curies":[{"name":"wp","href":"https:\/\/api.w.org\/{rel}","templated":true}]}}