{"id":98291,"date":"2024-01-30T19:06:33","date_gmt":"2024-01-30T22:06:33","guid":{"rendered":"https:\/\/www.noticiasradioreflejos.com.ar\/2021\/?p=98291"},"modified":"2024-01-30T19:06:33","modified_gmt":"2024-01-30T22:06:33","slug":"alerta-ya-son-mas-de-2-000-las-hectareas-quemadas-en-el-parque-nacional-los-alerces","status":"publish","type":"post","link":"https:\/\/www.noticiasradioreflejos.com.ar\/2021\/alerta-ya-son-mas-de-2-000-las-hectareas-quemadas-en-el-parque-nacional-los-alerces\/","title":{"rendered":"Alerta: ya son m\u00e1s de 2.000 las hect\u00e1reas quemadas en el Parque Nacional Los Alerces"},"content":{"rendered":"<p>\u00abEl fuego est\u00e1 activo\u00bb y avanza tanto dentro del parque como en otras jurisdicciones provinciales, por lo que ya se movilizaron alrededor de 200 bomberos y combatientes, seg\u00fan precis\u00f3 a T\u00e9lam Radio el intendente del lugar, Danilo Hern\u00e1ndez Ota\u00f1o. Los gobiernos de las provincias de Buenos Aires, R\u00edo Negro y Neuqu\u00e9n pusieron a disposici\u00f3n brigadistas y helic\u00f3pteros.<!--more--><\/p>\n<div>\n<div class=\"wrapper-editable-content\">\n<div>\n<div class=\"container-md\">\n<div class=\"row\">\n<div class=\"col-md-12 speak\">\n<div class=\"paragraph\">\n<figure class=\"mb-3\"><img decoding=\"async\" class=\" lazy \" src=\"https:\/\/www.telam.com.ar\/thumbs\/bluesteel\/advf\/imagenes\/2024\/01\/65b437284e0f7_1200.jpg\" alt=\"Foto Prensa\" width=\"100%\" height=\"100%\" \/>Foto: Prensa.<\/figure>\n<\/div>\n<\/div>\n<\/div>\n<\/div>\n<\/div>\n<\/div>\n<\/div>\n<p>&nbsp;<\/p>\n<p><strong>El intendente del Parque Nacional Los Alerces, Danilo Hern\u00e1ndez Ota\u00f1o, asegur\u00f3 que el incendio en ese predio y cercan\u00edas \u00abtiene ya una extensi\u00f3n de m\u00e1s de dos mil hect\u00e1reas\u00bb<\/strong>, donde trabajan alrededor de 200 combatientes con herramientas manuales y l\u00edneas de agua para controlar el fuego, que contin\u00faa activo desde hace cinco d\u00edas.<\/p>\n<p>\u00abEl incendio tiene ya una extensi\u00f3n de m\u00e1s de dos mil hect\u00e1reas, tanto dentro del Parque Nacional Los Alerces como en jurisdicci\u00f3n de la provincia de Chubut\u00bb, dijo a T\u00e9lam Radio Ota\u00f1o, y aclar\u00f3 que se trata de un \u00ab70 por ciento dentro del parque, un 30 por ciento en provincia\u00bb.<\/p>\n<div class=\"wrapper-audio\">\n<p><span class=\"mejs__offscreen\">Audio Player<\/span><\/p>\n<div id=\"mep_0\" class=\"mejs__container mejs__container-keyboard-inactive mejs__audio\" tabindex=\"0\" role=\"application\" aria-label=\"Audio Player\">\n<div class=\"mejs__inner\">\n<div class=\"mejs__mediaelement\">\n<div id=\"mejs_852370808130902\"><\/div>\n<\/div>\n<div class=\"mejs__layers\"><\/div>\n<div class=\"mejs__controls\">\n<div class=\"mejs__button mejs__playpause-button mejs__play\"><\/div>\n<div class=\"mejs__time mejs__currenttime-container\" role=\"timer\" aria-live=\"off\"><span class=\"mejs__currenttime\">00:00<\/span><\/div>\n<div class=\"mejs__time-rail\"><\/div>\n<div class=\"mejs__time mejs__duration-container\"><span class=\"mejs__duration\">00:00<\/span><\/div>\n<\/div>\n<\/div>\n<\/div>\n<\/div>\n<p><sup><strong>(Entrevista a Danilo Hern\u00e1ndez Ota\u00f1o)<\/strong><\/sup><\/p>\n<p>Adem\u00e1s, record\u00f3 que \u00abel fuego est\u00e1 activo\u00bb y \u00abhay peligro\u00bb ya que \u00abse est\u00e1 propagando\u00bb.<\/p>\n<p>En este sentido,\u00a0<strong>detall\u00f3 que el incendio \u00abtiene dos flancos, derecho e izquierdo, y un desarrollo longitudinal que ya supera los 8 kil\u00f3metros\u00bb, mientras \u00abel frente de avance es variable seg\u00fan la geograf\u00eda entre 800 y 1200 metros\u00bb<\/strong>.<\/p>\n<p>Para combatirlo, \u00abdesde primera hora\u00bb trabajan \u00abintensamente en el flanco derecho, que es el m\u00e1s activo\u00bb aproximadamente 200 combatientes de l\u00ednea, 2 aviones hidrantes y 3 helic\u00f3pteros con helibalde.<\/p>\n<p>Adem\u00e1s, se cuenta con la operaci\u00f3n de un avi\u00f3n de observaci\u00f3n y un equipo de drones para monitorear el comportamiento del fuego y eventuales zonas peligrosas, agreg\u00f3 el intendente.<\/p>\n<figure class=\"mb-3\"><img decoding=\"async\" class=\" lazy \" src=\"https:\/\/www.telam.com.ar\/thumbs\/bluesteel\/advf\/imagenes\/2024\/01\/65b6bb6a6b024_1200.jpg\" alt=\"Foto Martin Levicoy\" width=\"100%\" height=\"100%\" \/><\/p>\n<div class=\"media-icons\"><\/div><figcaption>Foto: Martin Levicoy.<\/figcaption><\/figure>\n<p>De acuerdo con el \u00faltimo parte emitido anoche por Parques Nacionales, durante esta jornada se desplegar\u00e1 una mayor cantidad de personal disponible para el operativo de combate del incendio, \u00abtotalizando 131 Brigadistas de Incendios Forestales, con un total de 230 agentes trabajando en el sistema de contenci\u00f3n\u00bb.<\/p>\n<p>Actualmente trabajan en colaboraci\u00f3n para controlar el fuego agentes del Parque Nacional Los Alerces, de otros parques nacionales, brigadas del Servicio Provincial de Manejo del Fuego de la provincia de Chubut y del Servicio Nacional de Manejo de Fuego, adem\u00e1s de bomberos voluntarios de Esquel y de Trevelin.<\/p>\n<p>Por otra parte, la meteorolog\u00eda \u00abno es favorable\u00bb para controlar el incendio, sostuvo Ota\u00f1o.<\/p>\n<p>\u00abEs un momento de \u00edndice de peligro de incendios extremo\u00bb, dijo y agreg\u00f3 que \u00abel combustible constituido por la vegetaci\u00f3n que est\u00e1 en la zona del incendio tiene un muy bajo contenido de humedad por la alta temperatura, por la baja humedad atmosf\u00e9rica y la cantidad de d\u00edas sin precipitaciones, que ya llevan aproximadamente dos meses\u00bb.<\/p>\n<div class=\"twitter-tweet twitter-tweet-rendered\"><iframe id=\"twitter-widget-0\" class=\"\" title=\"X Post\" src=\"https:\/\/platform.twitter.com\/embed\/Tweet.html?creatorScreenName=agenciatelam&amp;dnt=false&amp;embedId=twitter-widget-0&amp;features=eyJ0ZndfdGltZWxpbmVfbGlzdCI6eyJidWNrZXQiOltdLCJ2ZXJzaW9uIjpudWxsfSwidGZ3X2ZvbGxvd2VyX2NvdW50X3N1bnNldCI6eyJidWNrZXQiOnRydWUsInZlcnNpb24iOm51bGx9LCJ0ZndfdHdlZXRfZWRpdF9iYWNrZW5kIjp7ImJ1Y2tldCI6Im9uIiwidmVyc2lvbiI6bnVsbH0sInRmd19yZWZzcmNfc2Vzc2lvbiI6eyJidWNrZXQiOiJvbiIsInZlcnNpb24iOm51bGx9LCJ0ZndfZm9zbnJfc29mdF9pbnRlcnZlbnRpb25zX2VuYWJsZWQiOnsiYnVja2V0Ijoib24iLCJ2ZXJzaW9uIjpudWxsfSwidGZ3X21peGVkX21lZGlhXzE1ODk3Ijp7ImJ1Y2tldCI6InRyZWF0bWVudCIsInZlcnNpb24iOm51bGx9LCJ0ZndfZXhwZXJpbWVudHNfY29va2llX2V4cGlyYXRpb24iOnsiYnVja2V0IjoxMjA5NjAwLCJ2ZXJzaW9uIjpudWxsfSwidGZ3X3Nob3dfYmlyZHdhdGNoX3Bpdm90c19lbmFibGVkIjp7ImJ1Y2tldCI6Im9uIiwidmVyc2lvbiI6bnVsbH0sInRmd19kdXBsaWNhdGVfc2NyaWJlc190b19zZXR0aW5ncyI6eyJidWNrZXQiOiJvbiIsInZlcnNpb24iOm51bGx9LCJ0ZndfdXNlX3Byb2ZpbGVfaW1hZ2Vfc2hhcGVfZW5hYmxlZCI6eyJidWNrZXQiOiJvbiIsInZlcnNpb24iOm51bGx9LCJ0ZndfdmlkZW9faGxzX2R5bmFtaWNfbWFuaWZlc3RzXzE1MDgyIjp7ImJ1Y2tldCI6InRydWVfYml0cmF0ZSIsInZlcnNpb24iOm51bGx9LCJ0ZndfbGVnYWN5X3RpbWVsaW5lX3N1bnNldCI6eyJidWNrZXQiOnRydWUsInZlcnNpb24iOm51bGx9LCJ0ZndfdHdlZXRfZWRpdF9mcm9udGVuZCI6eyJidWNrZXQiOiJvbiIsInZlcnNpb24iOm51bGx9fQ%3D%3D&amp;frame=false&amp;hideCard=false&amp;hideThread=false&amp;id=1751973209530921331&amp;lang=es&amp;origin=https%3A%2F%2Fwww.telam.com.ar%2Fnotas%2F202401%2F653867-incendio-parque-los-alerces-chubut.html&amp;sessionId=6019b3556e1c1f28c9b97ed0cc368c3c8a2b76da&amp;siteScreenName=agenciatelam&amp;theme=light&amp;widgetsVersion=2615f7e52b7e0%3A1702314776716&amp;width=550px\" frameborder=\"0\" scrolling=\"no\" allowfullscreen=\"allowfullscreen\" data-tweet-id=\"1751973209530921331\" data-mce-fragment=\"1\"><\/iframe><\/div>\n<p>En cuanto a las causas del incendio, el intendente asegur\u00f3, en di\u00e1logo con C5N, que \u00abes intencional\u00bb, pero \u00abno tenemos un nombre, un responsable\u00bb.<\/p>\n<p>\u00abSe inici\u00f3 en dos focos que tuvieron lugar simult\u00e1neamente a una distancia uno del otro, lo que hizo pr\u00e1cticamente imposible controlarlo r\u00e1pidamente, como si hubiera sido un foco solo. Se unieron en un frente muy dif\u00edcil de controlar en horas de la noche justamente para que sea m\u00e1s compleja la tarea de control y de extinci\u00f3n\u00bb, explic\u00f3.<\/p>\n<p>Adem\u00e1s de quemar bosque nativo, las llamas afectaron a especies como \u00f1ire, laura, ca\u00f1a cohiue, lenga, \u00abque adquieren su corte m\u00e1ximo entre 80 y 150 a\u00f1os de edad\u00bb, indic\u00f3 Ota\u00f1o.<\/p>\n<p>\u00abNinguna persona que est\u00e9 viva hoy en este planeta va a ver este bosque en el estado que estaba hace una semana\u00bb, subray\u00f3.<\/p>\n<p>Los distintos sectores del incendio presentan focos simult\u00e1neos, por lo que los organismos y jurisdicciones que intervienen integran el Comando Unificado para coordinar en ese espacio las estrategias en cada uno de los frentes.<\/p>\n<figure class=\"mb-3\"><img decoding=\"async\" class=\" lazy \" src=\"https:\/\/www.telam.com.ar\/thumbs\/bluesteel\/advf\/imagenes\/2024\/01\/65b810b998db1.01.2024%20foto%20martin%20levicoy_1200.jpg\" alt=\"Foto Martin Levicoy\" width=\"100%\" height=\"100%\" \/><\/p>\n<div class=\"media-icons\"><\/div><figcaption>Foto: Martin Levicoy.<\/figcaption><\/figure>\n<p>\u00abEst\u00e1n prioriz\u00e1ndose las tareas preventivas en \u00e1reas con pobladores rurales\u00bb, seg\u00fan el ultimo reporte t\u00e9cnico brindado por el Comando Unificado.<\/p>\n<p>Tal como lo hab\u00edan pronosticado, se produjo un ascenso de temperatura y en el viento del sector oeste, lo que dificulta la tarea de los agentes que se encuentran trabajando en el sistema de contenci\u00f3n de este incendio.<\/p>\n<p>Sobre las actividades de la jornada, Hern\u00e1ndez Ota\u00f1o dijo a T\u00e9lam: \u00abMantenemos el avi\u00f3n de observaci\u00f3n y el equipo de drones para detectar \u00e1reas peligrosas y monitorear el comportamiento del incendio\u00bb.<\/p>\n<p>\u00abEl incendio contin\u00faa en dos jurisdicciones, contin\u00faa quemando dentro del parque nacional y fuera del \u00e1rea, en jurisdicci\u00f3n de la provincia de Chubut\u00bb, indic\u00f3 Hern\u00e1ndez Ota\u00f1o.<\/p>\n<p>\u00abLa condici\u00f3n meteorol\u00f3gica no ayuda, llevamos dos meses sin precipitaciones de consideraci\u00f3n, est\u00e1 anunciada una llovizna tenue para la tarde pero nada que pueda apagar el incendio\u00bb, dijo el guardaparques, quien subray\u00f3 que insisten con la \u00abintencionalidad\u00bb de este incendio y de los anteriores que sufre el parque desde 2015.<\/p>\n<p>Actualmente se dispone de cinco medios a\u00e9reos del Servicio Nacional de Manejo del Fuego (SNMF), con la operaci\u00f3n de tres helic\u00f3pteros; dos aviones hidrantes; un avi\u00f3n de observaci\u00f3n; maquinaria vial y drones de observaci\u00f3n de puntos calientes.<\/p>\n<div class=\"video_repositive\">\n<div id=\"Ev0xDvAxzXM\" class=\"video_telam\">\n<div class=\"feature_article_inner\">\n<div class=\"feature_article_title\">\n<h2 class=\"text-center\">El gobernador de Chubut destac\u00f3 el apoyo del Estado para combatir el incendio en Los Alerces<\/h2>\n<\/div>\n<\/div>\n<div class=\"definition\">VER VIDEO\u00a0<i class=\"fas fa-play\"><\/i><\/div>\n<\/div>\n<\/div>\n<p>\u00abVamos a ir hasta el final en la justicia para que haya una medida ejemplificadora. Han habido muchas denuncias, hay causas en este momento en el Tribunal Oral Federal de muchos a\u00f1os con procesamiento por incendios, tomas en el parque nacional. Lamentablemente los tiempo en la justicia no son los mismos que necesitamos todos\u00bb, dijo este martes a Radio Rivadavia el gobernador de Chubut, Agust\u00edn Torres.<\/p>\n<p>En este sentido, explic\u00f3 que \u00abhay caracter\u00edsticas de c\u00f3mo inicia el fuego que dan muestra de la intencionalidad\u00bb ya que \u00abson dos focos paralelos que se terminan uniendo, se da en lugares de muy dif\u00edcil acceso a altas horas de la noche donde el patrullaje de las brigadas no est\u00e1 tan activo\u00bb.<\/p>\n<p>\u00abEsta gente tiene que estar presa y la justicia tiene que actuar con la mayor celeridad posible\u00bb, subray\u00f3.<\/p>\n<p>Sin embargo, dijo que la \u00abbuena noticia en medio de esta tragedia\u00bb es que \u00abno est\u00e1n comprometidos los pobladores del Parque Nacional Los Alerces ni tampoco la zona urbana de Esquel\u00bb.<\/p>\n<p>El mandatario provincial tambi\u00e9n comparti\u00f3 que los gobiernos de las provincias de Buenos Aires, R\u00edo Negro y Neuqu\u00e9n pusieron a disposici\u00f3n brigadistas o helic\u00f3pteros, pero que \u00aben este momento no son necesarios\u00bb.<\/p>\n<figure class=\"mb-3\"><img decoding=\"async\" class=\" lazy \" src=\"https:\/\/www.telam.com.ar\/thumbs\/bluesteel\/advf\/imagenes\/2024\/01\/65b6bb6a862b7_1200.jpg\" alt=\"Foto Martin Levicoy\" width=\"100%\" height=\"100%\" \/><\/p>\n<div class=\"media-icons\"><\/div><figcaption>Foto: Martin Levicoy.<\/figcaption><\/figure>\n<p>En ese sentido, el titular de Defensa Civil bonaerense, Fabi\u00e1n Garc\u00eda, afirm\u00f3 a T\u00e9lam que la provincia de Buenos aires est\u00e1 \u00ababsolutamente a disposici\u00f3n del llamado de las autoridades de Chubut para ayudar a combatir el fuego\u00bb que afecta el Parque Nacional Los Alerces (ver recuadro).<\/p>\n<p>Adem\u00e1s de quemar bosque nativo, las llamas afectaron a especies como \u00f1ire, laura, ca\u00f1a cohiue y lenga, \u00abque adquieren su corte m\u00e1ximo entre 80 y 150 a\u00f1os de edad\u201d, indic\u00f3 Ota\u00f1o.<\/p>\n<p>\u201cNinguna persona que est\u00e9 viva hoy en este planeta va a ver este bosque en el estado que estaba hace una semana\u201d, subray\u00f3 el intendente.<\/p>\n","protected":false},"excerpt":{"rendered":"<p>\u00abEl fuego est\u00e1 activo\u00bb y avanza tanto dentro del parque como en otras jurisdicciones provinciales, por lo que ya se movilizaron alrededor de 200 bomberos y combatientes, seg\u00fan precis\u00f3 a T\u00e9lam Radio el intendente del lugar, Danilo Hern\u00e1ndez Ota\u00f1o. Los gobiernos de las provincias de Buenos Aires, R\u00edo Negro y Neuqu\u00e9n pusieron a disposici\u00f3n brigadistas [&hellip;]<\/p>\n","protected":false},"author":3,"featured_media":98292,"comment_status":"closed","ping_status":"closed","sticky":false,"template":"","format":"standard","meta":{"footnotes":""},"categories":[26],"tags":[48],"class_list":["post-98291","post","type-post","status-publish","format-standard","has-post-thumbnail","hentry","category-sociedad","tag-destacada"],"yoast_head":"<!-- This site is optimized with the Yoast SEO plugin v25.9 - https:\/\/yoast.com\/wordpress\/plugins\/seo\/ -->\n<title>Alerta: ya son m\u00e1s de 2.000 las hect\u00e1reas quemadas en el Parque Nacional Los Alerces - Noticias Radio Reflejos<\/title>\n<meta name=\"robots\" content=\"index, follow, max-snippet:-1, max-image-preview:large, max-video-preview:-1\" \/>\n<link rel=\"canonical\" href=\"https:\/\/www.noticiasradioreflejos.com.ar\/2021\/alerta-ya-son-mas-de-2-000-las-hectareas-quemadas-en-el-parque-nacional-los-alerces\/\" \/>\n<meta property=\"og:locale\" content=\"es_ES\" \/>\n<meta property=\"og:type\" content=\"article\" \/>\n<meta property=\"og:title\" content=\"Alerta: ya son m\u00e1s de 2.000 las hect\u00e1reas quemadas en el Parque Nacional Los Alerces - Noticias Radio Reflejos\" \/>\n<meta property=\"og:description\" content=\"\u00abEl fuego est\u00e1 activo\u00bb y avanza tanto dentro del parque como en otras jurisdicciones provinciales, por lo que ya se movilizaron alrededor de 200 bomberos y combatientes, seg\u00fan precis\u00f3 a T\u00e9lam Radio el intendente del lugar, Danilo Hern\u00e1ndez Ota\u00f1o. Los gobiernos de las provincias de Buenos Aires, R\u00edo Negro y Neuqu\u00e9n pusieron a disposici\u00f3n brigadistas [&hellip;]\" \/>\n<meta property=\"og:url\" content=\"https:\/\/www.noticiasradioreflejos.com.ar\/2021\/alerta-ya-son-mas-de-2-000-las-hectareas-quemadas-en-el-parque-nacional-los-alerces\/\" \/>\n<meta property=\"og:site_name\" content=\"Noticias Radio Reflejos\" \/>\n<meta property=\"article:published_time\" content=\"2024-01-30T22:06:33+00:00\" \/>\n<meta property=\"og:image\" content=\"https:\/\/www.noticiasradioreflejos.com.ar\/2021\/wp-content\/uploads\/2024\/01\/incendio-Los-alerces.jpg\" \/>\n\t<meta property=\"og:image:width\" content=\"1200\" \/>\n\t<meta property=\"og:image:height\" content=\"675\" \/>\n\t<meta property=\"og:image:type\" content=\"image\/jpeg\" \/>\n<meta name=\"author\" content=\"Arnaldo Botto\" \/>\n<meta name=\"twitter:card\" content=\"summary_large_image\" \/>\n<script type=\"application\/ld+json\" class=\"yoast-schema-graph\">{\"@context\":\"https:\/\/schema.org\",\"@graph\":[{\"@type\":\"WebPage\",\"@id\":\"https:\/\/www.noticiasradioreflejos.com.ar\/2021\/alerta-ya-son-mas-de-2-000-las-hectareas-quemadas-en-el-parque-nacional-los-alerces\/\",\"url\":\"https:\/\/www.noticiasradioreflejos.com.ar\/2021\/alerta-ya-son-mas-de-2-000-las-hectareas-quemadas-en-el-parque-nacional-los-alerces\/\",\"name\":\"Alerta: ya son m\u00e1s de 2.000 las hect\u00e1reas quemadas en el Parque Nacional Los Alerces - Noticias Radio Reflejos\",\"isPartOf\":{\"@id\":\"https:\/\/www.noticiasradioreflejos.com.ar\/2021\/#website\"},\"primaryImageOfPage\":{\"@id\":\"https:\/\/www.noticiasradioreflejos.com.ar\/2021\/alerta-ya-son-mas-de-2-000-las-hectareas-quemadas-en-el-parque-nacional-los-alerces\/#primaryimage\"},\"image\":{\"@id\":\"https:\/\/www.noticiasradioreflejos.com.ar\/2021\/alerta-ya-son-mas-de-2-000-las-hectareas-quemadas-en-el-parque-nacional-los-alerces\/#primaryimage\"},\"thumbnailUrl\":\"https:\/\/www.noticiasradioreflejos.com.ar\/2021\/wp-content\/uploads\/2024\/01\/incendio-Los-alerces.jpg\",\"datePublished\":\"2024-01-30T22:06:33+00:00\",\"author\":{\"@id\":\"https:\/\/www.noticiasradioreflejos.com.ar\/2021\/#\/schema\/person\/ad82545263dcc5ec0996818884fd5fb1\"},\"breadcrumb\":{\"@id\":\"https:\/\/www.noticiasradioreflejos.com.ar\/2021\/alerta-ya-son-mas-de-2-000-las-hectareas-quemadas-en-el-parque-nacional-los-alerces\/#breadcrumb\"},\"inLanguage\":\"es\",\"potentialAction\":[{\"@type\":\"ReadAction\",\"target\":[\"https:\/\/www.noticiasradioreflejos.com.ar\/2021\/alerta-ya-son-mas-de-2-000-las-hectareas-quemadas-en-el-parque-nacional-los-alerces\/\"]}]},{\"@type\":\"ImageObject\",\"inLanguage\":\"es\",\"@id\":\"https:\/\/www.noticiasradioreflejos.com.ar\/2021\/alerta-ya-son-mas-de-2-000-las-hectareas-quemadas-en-el-parque-nacional-los-alerces\/#primaryimage\",\"url\":\"https:\/\/www.noticiasradioreflejos.com.ar\/2021\/wp-content\/uploads\/2024\/01\/incendio-Los-alerces.jpg\",\"contentUrl\":\"https:\/\/www.noticiasradioreflejos.com.ar\/2021\/wp-content\/uploads\/2024\/01\/incendio-Los-alerces.jpg\",\"width\":1200,\"height\":675},{\"@type\":\"BreadcrumbList\",\"@id\":\"https:\/\/www.noticiasradioreflejos.com.ar\/2021\/alerta-ya-son-mas-de-2-000-las-hectareas-quemadas-en-el-parque-nacional-los-alerces\/#breadcrumb\",\"itemListElement\":[{\"@type\":\"ListItem\",\"position\":1,\"name\":\"Portada\",\"item\":\"https:\/\/www.noticiasradioreflejos.com.ar\/2021\/\"},{\"@type\":\"ListItem\",\"position\":2,\"name\":\"Alerta: ya son m\u00e1s de 2.000 las hect\u00e1reas quemadas en el Parque Nacional Los Alerces\"}]},{\"@type\":\"WebSite\",\"@id\":\"https:\/\/www.noticiasradioreflejos.com.ar\/2021\/#website\",\"url\":\"https:\/\/www.noticiasradioreflejos.com.ar\/2021\/\",\"name\":\"Noticias Radio Reflejos\",\"description\":\"Las noticias de mi comarca\",\"potentialAction\":[{\"@type\":\"SearchAction\",\"target\":{\"@type\":\"EntryPoint\",\"urlTemplate\":\"https:\/\/www.noticiasradioreflejos.com.ar\/2021\/?s={search_term_string}\"},\"query-input\":{\"@type\":\"PropertyValueSpecification\",\"valueRequired\":true,\"valueName\":\"search_term_string\"}}],\"inLanguage\":\"es\"},{\"@type\":\"Person\",\"@id\":\"https:\/\/www.noticiasradioreflejos.com.ar\/2021\/#\/schema\/person\/ad82545263dcc5ec0996818884fd5fb1\",\"name\":\"Arnaldo Botto\",\"image\":{\"@type\":\"ImageObject\",\"inLanguage\":\"es\",\"@id\":\"https:\/\/www.noticiasradioreflejos.com.ar\/2021\/#\/schema\/person\/image\/\",\"url\":\"https:\/\/secure.gravatar.com\/avatar\/55cb5e37c1efa326397366e6974cb338056df65cb50e7d64d1cf314e87504837?s=96&d=mm&r=g\",\"contentUrl\":\"https:\/\/secure.gravatar.com\/avatar\/55cb5e37c1efa326397366e6974cb338056df65cb50e7d64d1cf314e87504837?s=96&d=mm&r=g\",\"caption\":\"Arnaldo Botto\"},\"url\":\"https:\/\/www.noticiasradioreflejos.com.ar\/2021\/author\/arnaldo\/\"}]}<\/script>\n<!-- \/ Yoast SEO plugin. -->","yoast_head_json":{"title":"Alerta: ya son m\u00e1s de 2.000 las hect\u00e1reas quemadas en el Parque Nacional Los Alerces - Noticias Radio Reflejos","robots":{"index":"index","follow":"follow","max-snippet":"max-snippet:-1","max-image-preview":"max-image-preview:large","max-video-preview":"max-video-preview:-1"},"canonical":"https:\/\/www.noticiasradioreflejos.com.ar\/2021\/alerta-ya-son-mas-de-2-000-las-hectareas-quemadas-en-el-parque-nacional-los-alerces\/","og_locale":"es_ES","og_type":"article","og_title":"Alerta: ya son m\u00e1s de 2.000 las hect\u00e1reas quemadas en el Parque Nacional Los Alerces - Noticias Radio Reflejos","og_description":"\u00abEl fuego est\u00e1 activo\u00bb y avanza tanto dentro del parque como en otras jurisdicciones provinciales, por lo que ya se movilizaron alrededor de 200 bomberos y combatientes, seg\u00fan precis\u00f3 a T\u00e9lam Radio el intendente del lugar, Danilo Hern\u00e1ndez Ota\u00f1o. Los gobiernos de las provincias de Buenos Aires, R\u00edo Negro y Neuqu\u00e9n pusieron a disposici\u00f3n brigadistas [&hellip;]","og_url":"https:\/\/www.noticiasradioreflejos.com.ar\/2021\/alerta-ya-son-mas-de-2-000-las-hectareas-quemadas-en-el-parque-nacional-los-alerces\/","og_site_name":"Noticias Radio Reflejos","article_published_time":"2024-01-30T22:06:33+00:00","og_image":[{"width":1200,"height":675,"url":"https:\/\/www.noticiasradioreflejos.com.ar\/2021\/wp-content\/uploads\/2024\/01\/incendio-Los-alerces.jpg","type":"image\/jpeg"}],"author":"Arnaldo Botto","twitter_card":"summary_large_image","schema":{"@context":"https:\/\/schema.org","@graph":[{"@type":"WebPage","@id":"https:\/\/www.noticiasradioreflejos.com.ar\/2021\/alerta-ya-son-mas-de-2-000-las-hectareas-quemadas-en-el-parque-nacional-los-alerces\/","url":"https:\/\/www.noticiasradioreflejos.com.ar\/2021\/alerta-ya-son-mas-de-2-000-las-hectareas-quemadas-en-el-parque-nacional-los-alerces\/","name":"Alerta: ya son m\u00e1s de 2.000 las hect\u00e1reas quemadas en el Parque Nacional Los Alerces - Noticias Radio Reflejos","isPartOf":{"@id":"https:\/\/www.noticiasradioreflejos.com.ar\/2021\/#website"},"primaryImageOfPage":{"@id":"https:\/\/www.noticiasradioreflejos.com.ar\/2021\/alerta-ya-son-mas-de-2-000-las-hectareas-quemadas-en-el-parque-nacional-los-alerces\/#primaryimage"},"image":{"@id":"https:\/\/www.noticiasradioreflejos.com.ar\/2021\/alerta-ya-son-mas-de-2-000-las-hectareas-quemadas-en-el-parque-nacional-los-alerces\/#primaryimage"},"thumbnailUrl":"https:\/\/www.noticiasradioreflejos.com.ar\/2021\/wp-content\/uploads\/2024\/01\/incendio-Los-alerces.jpg","datePublished":"2024-01-30T22:06:33+00:00","author":{"@id":"https:\/\/www.noticiasradioreflejos.com.ar\/2021\/#\/schema\/person\/ad82545263dcc5ec0996818884fd5fb1"},"breadcrumb":{"@id":"https:\/\/www.noticiasradioreflejos.com.ar\/2021\/alerta-ya-son-mas-de-2-000-las-hectareas-quemadas-en-el-parque-nacional-los-alerces\/#breadcrumb"},"inLanguage":"es","potentialAction":[{"@type":"ReadAction","target":["https:\/\/www.noticiasradioreflejos.com.ar\/2021\/alerta-ya-son-mas-de-2-000-las-hectareas-quemadas-en-el-parque-nacional-los-alerces\/"]}]},{"@type":"ImageObject","inLanguage":"es","@id":"https:\/\/www.noticiasradioreflejos.com.ar\/2021\/alerta-ya-son-mas-de-2-000-las-hectareas-quemadas-en-el-parque-nacional-los-alerces\/#primaryimage","url":"https:\/\/www.noticiasradioreflejos.com.ar\/2021\/wp-content\/uploads\/2024\/01\/incendio-Los-alerces.jpg","contentUrl":"https:\/\/www.noticiasradioreflejos.com.ar\/2021\/wp-content\/uploads\/2024\/01\/incendio-Los-alerces.jpg","width":1200,"height":675},{"@type":"BreadcrumbList","@id":"https:\/\/www.noticiasradioreflejos.com.ar\/2021\/alerta-ya-son-mas-de-2-000-las-hectareas-quemadas-en-el-parque-nacional-los-alerces\/#breadcrumb","itemListElement":[{"@type":"ListItem","position":1,"name":"Portada","item":"https:\/\/www.noticiasradioreflejos.com.ar\/2021\/"},{"@type":"ListItem","position":2,"name":"Alerta: ya son m\u00e1s de 2.000 las hect\u00e1reas quemadas en el Parque Nacional Los Alerces"}]},{"@type":"WebSite","@id":"https:\/\/www.noticiasradioreflejos.com.ar\/2021\/#website","url":"https:\/\/www.noticiasradioreflejos.com.ar\/2021\/","name":"Noticias Radio Reflejos","description":"Las noticias de mi comarca","potentialAction":[{"@type":"SearchAction","target":{"@type":"EntryPoint","urlTemplate":"https:\/\/www.noticiasradioreflejos.com.ar\/2021\/?s={search_term_string}"},"query-input":{"@type":"PropertyValueSpecification","valueRequired":true,"valueName":"search_term_string"}}],"inLanguage":"es"},{"@type":"Person","@id":"https:\/\/www.noticiasradioreflejos.com.ar\/2021\/#\/schema\/person\/ad82545263dcc5ec0996818884fd5fb1","name":"Arnaldo Botto","image":{"@type":"ImageObject","inLanguage":"es","@id":"https:\/\/www.noticiasradioreflejos.com.ar\/2021\/#\/schema\/person\/image\/","url":"https:\/\/secure.gravatar.com\/avatar\/55cb5e37c1efa326397366e6974cb338056df65cb50e7d64d1cf314e87504837?s=96&d=mm&r=g","contentUrl":"https:\/\/secure.gravatar.com\/avatar\/55cb5e37c1efa326397366e6974cb338056df65cb50e7d64d1cf314e87504837?s=96&d=mm&r=g","caption":"Arnaldo Botto"},"url":"https:\/\/www.noticiasradioreflejos.com.ar\/2021\/author\/arnaldo\/"}]}},"_links":{"self":[{"href":"https:\/\/www.noticiasradioreflejos.com.ar\/2021\/wp-json\/wp\/v2\/posts\/98291","targetHints":{"allow":["GET"]}}],"collection":[{"href":"https:\/\/www.noticiasradioreflejos.com.ar\/2021\/wp-json\/wp\/v2\/posts"}],"about":[{"href":"https:\/\/www.noticiasradioreflejos.com.ar\/2021\/wp-json\/wp\/v2\/types\/post"}],"author":[{"embeddable":true,"href":"https:\/\/www.noticiasradioreflejos.com.ar\/2021\/wp-json\/wp\/v2\/users\/3"}],"replies":[{"embeddable":true,"href":"https:\/\/www.noticiasradioreflejos.com.ar\/2021\/wp-json\/wp\/v2\/comments?post=98291"}],"version-history":[{"count":1,"href":"https:\/\/www.noticiasradioreflejos.com.ar\/2021\/wp-json\/wp\/v2\/posts\/98291\/revisions"}],"predecessor-version":[{"id":98293,"href":"https:\/\/www.noticiasradioreflejos.com.ar\/2021\/wp-json\/wp\/v2\/posts\/98291\/revisions\/98293"}],"wp:featuredmedia":[{"embeddable":true,"href":"https:\/\/www.noticiasradioreflejos.com.ar\/2021\/wp-json\/wp\/v2\/media\/98292"}],"wp:attachment":[{"href":"https:\/\/www.noticiasradioreflejos.com.ar\/2021\/wp-json\/wp\/v2\/media?parent=98291"}],"wp:term":[{"taxonomy":"category","embeddable":true,"href":"https:\/\/www.noticiasradioreflejos.com.ar\/2021\/wp-json\/wp\/v2\/categories?post=98291"},{"taxonomy":"post_tag","embeddable":true,"href":"https:\/\/www.noticiasradioreflejos.com.ar\/2021\/wp-json\/wp\/v2\/tags?post=98291"}],"curies":[{"name":"wp","href":"https:\/\/api.w.org\/{rel}","templated":true}]}}