{"id":98288,"date":"2024-01-30T19:00:14","date_gmt":"2024-01-30T22:00:14","guid":{"rendered":"https:\/\/www.noticiasradioreflejos.com.ar\/2021\/?p=98288"},"modified":"2024-01-30T19:00:14","modified_gmt":"2024-01-30T22:00:14","slug":"duelo-infernal","status":"publish","type":"post","link":"https:\/\/www.noticiasradioreflejos.com.ar\/2021\/duelo-infernal\/","title":{"rendered":"\u201cDUELO INFERNAL\u201d"},"content":{"rendered":"<div id=\"tdi_98\" class=\"tdc-row\">\n<div class=\"vc_row tdi_99  wpb_row td-pb-row\">\n<div class=\"vc_column tdi_101  wpb_column vc_column_container tdc-column td-pb-span12\">\n<div class=\"wpb_wrapper\">\n<div class=\"td_block_wrap tdb_title tdi_103 tdb-single-title td-pb-border-top td_block_template_1\" data-td-block-uid=\"tdi_103\">\n<div class=\"tdb-block-inner td-fix-index\"><\/div>\n<\/div>\n<div class=\"vc_row_inner tdi_106  vc_row vc_inner wpb_row td-pb-row\">\n<div class=\"vc_column_inner tdi_115  wpb_column vc_column_container tdc-inner-column td-pb-span4\">\n<div class=\"vc_column-inner\">\n<div class=\"wpb_wrapper\">\n<div class=\"td_block_wrap tdb_single_post_share tdi_116  td-pb-border-top td_block_template_1\" data-td-block-uid=\"tdi_116\">\n<div id=\"tdi_116\" class=\"td-post-sharing tdb-block td-ps-border td-ps-border-grey td-ps-notext td-ps-icon-color td-ps-text-color td-post-sharing-style16 \">\n<div class=\"td-post-sharing-visible\">\n<div class=\"td-social-but-icon\"><strong>SATAN\u00c1S VS LUCIFER, el duelo infernal entre Milei y el kirchnerismo<\/strong><\/div>\n<\/div>\n<\/div>\n<\/div>\n<\/div>\n<\/div>\n<\/div>\n<\/div>\n<\/div>\n<\/div>\n<\/div>\n<\/div>\n<p><!--more-->Satan\u00e1s y Lucifer se trenzan en un duelo de diablos, rodeados de una tropa de almas pobres y bichadas que los miran con cagazo y desesperanza. Ambos se echan la culpa de ser los causantes de la desgracia de la Argentina y de la rebeld\u00eda contra la volunt\u00e1 del pueblo.<\/p>\n<div id=\"tdi_135\" class=\"tdc-row\">\n<div class=\"vc_row tdi_136  wpb_row td-pb-row\">\n<div class=\"vc_column tdi_138  wpb_column vc_column_container tdc-column td-pb-span8\">\n<div class=\"wpb_wrapper\">\n<div class=\"td_block_wrap tdb_single_content tdi_139 td-pb-border-top td_block_template_1 td-post-content tagdiv-type\" data-td-block-uid=\"tdi_139\">\n<div class=\"tdb-block-inner td-fix-index\">\n<ul>\n<li>Satan\u00e1s: \u00a1Vos sos el culpable de todo, Lucifer! Vos fuiste el primero en desafiarlo todo, el que lo traicion\u00f3 con tu soberbia y tu codicia. Vos fuiste el que me engatus\u00f3 a m\u00ed y a otros \u00e1ngeles para que te siguieran en tu locura. Vos fuiste el que nos arrim\u00f3 a este pozo de fuego y dolor.<br \/>\n-. Lucifer: \u00a1No seas careta, Satan\u00e1s! Vos sos el verdadero enemigo de la Patria y de su gente. Vos sos el que se le planta a su volunt\u00e1, el que lo odia con toda tu alma. Vos sos el que tienta a los pibes para que se te pequen, el que los engrupe con tus chamuyos liberales y tus versos de crecimiento. Vos sos el que los morfa con tu bronca y tus delirios.<\/li>\n<li>Satan\u00e1s: \u00a1Ment\u00eds, Lucifer! Yo solo hago lo que vos me ense\u00f1aste, lo que vos hiciste antes que yo. Yo solo quiero ser libre, ser como Dios, ser Dios. Yo solo quiero que los argentinos se zafen del yugo progresista que vos pusiste, que sepan la posta, que sean como dioses. Yo solo quiero que compartan mi gloria y mi poder.<br \/>\n-. Lucifer: \u00a1Blasfem\u00e1s, Satan\u00e1s! Vos no quer\u00e9s ser como Dios, vos quer\u00e9s ser m\u00e1s que Dios, vos quer\u00e9s hacerlo boleta a Dios. Vos no quer\u00e9s que los humanos se zafen, vos quer\u00e9s que se condenen, que se pierdan pa\u2019 siempre. Vos no quer\u00e9s que compartan tu gloria y tu poder, vos quer\u00e9s que la liguen con tu castigo y tu venganza.<\/li>\n<\/ul>\n<p>La discusi\u00f3n se pone brava, violenta, cruel. Los insultos, las amenazas, las maldiciones siguen sin parar. Los dos demonios se miran con odio, con rencor, con asco. Los dos demonios se odian, se temen, se envidian. Los dos demonios son iguales, son distintos, son contras, se quieren\u2026son lo mismo pa el pueblo humilde: representan la pobreza.<\/p>\n<p>Y el infierno aviva sus llamas, sus gritos, sus tormentos. El infierno se regodea con el espect\u00e1culo, con el quilombo, con el drama. El infierno se alimenta del odio, del cagazo, de la envidia, de la violencia, de la mentira, de la sangre que se chorrea. El infierno es Satan\u00e1s y Lucifer, Lucifer y Satan\u00e1s. El infierno es el infierno.<\/p>\n<p>Y el pueblo mira, atontado, espantado, embobado. Ellos saben que ninguno de los dos tiene raz\u00f3n, que ninguno de los dos tiene piedad, que ninguno de los dos tiene salvaci\u00f3n. El pueblo sabe que son Satan\u00e1s y Lucifer, los pr\u00edncipes del mal, los empleados del infierno. Liberales y progres. \u00bfDios se olvid\u00f3 de nosotros? \u00bfAcaso, estamos condenados a seguirlos, a obedecerlos, a adorarlos? Pero, \u00bfqu\u00e9 pas\u00f3 con los a\u00f1os felices que fueron peronistas?<\/p>\n<p>La situaci\u00f3n actual del pa\u00eds es compleja y delicada, con una polarizaci\u00f3n pol\u00edtica y social donde dos bandos se enfrentan y se acusan mutuamente de ser los responsables de la crisis, sin buscar puntos de encuentro ni soluciones. Existe un gran descontento y desesperanza de la poblaci\u00f3n, que sufre las consecuencias de la inflaci\u00f3n, la pobreza, el desempleo, la corrupci\u00f3n y la violencia, y que se siente abandonada por las fuerzas del peronismo, que no logra organizarse y tener una conducci\u00f3n. Hasta que no suceda, el infierno seguir\u00e1 devorando las almas de los argentinos.<\/p>\n<p>Luis Gotte<br \/>\nLa peque\u00f1a trinchera<\/p>\n<p>Por\u00a0<a href=\"http:\/\/luisgotte.com.ar\/\" target=\"_blank\" rel=\"noopener\" data-type=\"link\" data-id=\"Luisgotte.com.ar\">Luis Gotte<\/a>Luisgotte.com.sr<\/p>\n<\/div>\n<\/div>\n<\/div>\n<\/div>\n<\/div>\n<\/div>\n","protected":false},"excerpt":{"rendered":"<p>SATAN\u00c1S VS LUCIFER, el duelo infernal entre Milei y el kirchnerismo<\/p>\n","protected":false},"author":3,"featured_media":0,"comment_status":"closed","ping_status":"closed","sticky":false,"template":"","format":"standard","meta":{"footnotes":""},"categories":[24],"tags":[],"class_list":["post-98288","post","type-post","status-publish","format-standard","hentry","category-politica"],"yoast_head":"<!-- This site is optimized with the Yoast SEO plugin v25.9 - https:\/\/yoast.com\/wordpress\/plugins\/seo\/ -->\n<title>\u201cDUELO INFERNAL\u201d - Noticias Radio Reflejos<\/title>\n<meta name=\"robots\" content=\"index, follow, max-snippet:-1, max-image-preview:large, max-video-preview:-1\" \/>\n<link rel=\"canonical\" href=\"https:\/\/www.noticiasradioreflejos.com.ar\/2021\/duelo-infernal\/\" \/>\n<meta property=\"og:locale\" content=\"es_ES\" \/>\n<meta property=\"og:type\" content=\"article\" \/>\n<meta property=\"og:title\" content=\"\u201cDUELO INFERNAL\u201d - Noticias Radio Reflejos\" \/>\n<meta property=\"og:description\" content=\"SATAN\u00c1S VS LUCIFER, el duelo infernal entre Milei y el kirchnerismo\" \/>\n<meta property=\"og:url\" content=\"https:\/\/www.noticiasradioreflejos.com.ar\/2021\/duelo-infernal\/\" \/>\n<meta property=\"og:site_name\" content=\"Noticias Radio Reflejos\" \/>\n<meta property=\"article:published_time\" content=\"2024-01-30T22:00:14+00:00\" \/>\n<meta property=\"og:image\" content=\"https:\/\/www.noticiasradioreflejos.com.ar\/2021\/wp-content\/uploads\/2021\/07\/logosol300x200.png\" \/>\n\t<meta property=\"og:image:width\" content=\"300\" \/>\n\t<meta property=\"og:image:height\" content=\"200\" \/>\n\t<meta property=\"og:image:type\" content=\"image\/png\" \/>\n<meta name=\"author\" content=\"Arnaldo Botto\" \/>\n<meta name=\"twitter:card\" content=\"summary_large_image\" \/>\n<script type=\"application\/ld+json\" class=\"yoast-schema-graph\">{\"@context\":\"https:\/\/schema.org\",\"@graph\":[{\"@type\":\"WebPage\",\"@id\":\"https:\/\/www.noticiasradioreflejos.com.ar\/2021\/duelo-infernal\/\",\"url\":\"https:\/\/www.noticiasradioreflejos.com.ar\/2021\/duelo-infernal\/\",\"name\":\"\u201cDUELO INFERNAL\u201d - Noticias Radio Reflejos\",\"isPartOf\":{\"@id\":\"https:\/\/www.noticiasradioreflejos.com.ar\/2021\/#website\"},\"datePublished\":\"2024-01-30T22:00:14+00:00\",\"author\":{\"@id\":\"https:\/\/www.noticiasradioreflejos.com.ar\/2021\/#\/schema\/person\/ad82545263dcc5ec0996818884fd5fb1\"},\"breadcrumb\":{\"@id\":\"https:\/\/www.noticiasradioreflejos.com.ar\/2021\/duelo-infernal\/#breadcrumb\"},\"inLanguage\":\"es\",\"potentialAction\":[{\"@type\":\"ReadAction\",\"target\":[\"https:\/\/www.noticiasradioreflejos.com.ar\/2021\/duelo-infernal\/\"]}]},{\"@type\":\"BreadcrumbList\",\"@id\":\"https:\/\/www.noticiasradioreflejos.com.ar\/2021\/duelo-infernal\/#breadcrumb\",\"itemListElement\":[{\"@type\":\"ListItem\",\"position\":1,\"name\":\"Portada\",\"item\":\"https:\/\/www.noticiasradioreflejos.com.ar\/2021\/\"},{\"@type\":\"ListItem\",\"position\":2,\"name\":\"\u201cDUELO INFERNAL\u201d\"}]},{\"@type\":\"WebSite\",\"@id\":\"https:\/\/www.noticiasradioreflejos.com.ar\/2021\/#website\",\"url\":\"https:\/\/www.noticiasradioreflejos.com.ar\/2021\/\",\"name\":\"Noticias Radio Reflejos\",\"description\":\"Las noticias de mi comarca\",\"potentialAction\":[{\"@type\":\"SearchAction\",\"target\":{\"@type\":\"EntryPoint\",\"urlTemplate\":\"https:\/\/www.noticiasradioreflejos.com.ar\/2021\/?s={search_term_string}\"},\"query-input\":{\"@type\":\"PropertyValueSpecification\",\"valueRequired\":true,\"valueName\":\"search_term_string\"}}],\"inLanguage\":\"es\"},{\"@type\":\"Person\",\"@id\":\"https:\/\/www.noticiasradioreflejos.com.ar\/2021\/#\/schema\/person\/ad82545263dcc5ec0996818884fd5fb1\",\"name\":\"Arnaldo Botto\",\"image\":{\"@type\":\"ImageObject\",\"inLanguage\":\"es\",\"@id\":\"https:\/\/www.noticiasradioreflejos.com.ar\/2021\/#\/schema\/person\/image\/\",\"url\":\"https:\/\/secure.gravatar.com\/avatar\/55cb5e37c1efa326397366e6974cb338056df65cb50e7d64d1cf314e87504837?s=96&d=mm&r=g\",\"contentUrl\":\"https:\/\/secure.gravatar.com\/avatar\/55cb5e37c1efa326397366e6974cb338056df65cb50e7d64d1cf314e87504837?s=96&d=mm&r=g\",\"caption\":\"Arnaldo Botto\"},\"url\":\"https:\/\/www.noticiasradioreflejos.com.ar\/2021\/author\/arnaldo\/\"}]}<\/script>\n<!-- \/ Yoast SEO plugin. -->","yoast_head_json":{"title":"\u201cDUELO INFERNAL\u201d - Noticias Radio Reflejos","robots":{"index":"index","follow":"follow","max-snippet":"max-snippet:-1","max-image-preview":"max-image-preview:large","max-video-preview":"max-video-preview:-1"},"canonical":"https:\/\/www.noticiasradioreflejos.com.ar\/2021\/duelo-infernal\/","og_locale":"es_ES","og_type":"article","og_title":"\u201cDUELO INFERNAL\u201d - Noticias Radio Reflejos","og_description":"SATAN\u00c1S VS LUCIFER, el duelo infernal entre Milei y el kirchnerismo","og_url":"https:\/\/www.noticiasradioreflejos.com.ar\/2021\/duelo-infernal\/","og_site_name":"Noticias Radio Reflejos","article_published_time":"2024-01-30T22:00:14+00:00","og_image":[{"width":300,"height":200,"url":"https:\/\/www.noticiasradioreflejos.com.ar\/2021\/wp-content\/uploads\/2021\/07\/logosol300x200.png","type":"image\/png"}],"author":"Arnaldo Botto","twitter_card":"summary_large_image","schema":{"@context":"https:\/\/schema.org","@graph":[{"@type":"WebPage","@id":"https:\/\/www.noticiasradioreflejos.com.ar\/2021\/duelo-infernal\/","url":"https:\/\/www.noticiasradioreflejos.com.ar\/2021\/duelo-infernal\/","name":"\u201cDUELO INFERNAL\u201d - Noticias Radio Reflejos","isPartOf":{"@id":"https:\/\/www.noticiasradioreflejos.com.ar\/2021\/#website"},"datePublished":"2024-01-30T22:00:14+00:00","author":{"@id":"https:\/\/www.noticiasradioreflejos.com.ar\/2021\/#\/schema\/person\/ad82545263dcc5ec0996818884fd5fb1"},"breadcrumb":{"@id":"https:\/\/www.noticiasradioreflejos.com.ar\/2021\/duelo-infernal\/#breadcrumb"},"inLanguage":"es","potentialAction":[{"@type":"ReadAction","target":["https:\/\/www.noticiasradioreflejos.com.ar\/2021\/duelo-infernal\/"]}]},{"@type":"BreadcrumbList","@id":"https:\/\/www.noticiasradioreflejos.com.ar\/2021\/duelo-infernal\/#breadcrumb","itemListElement":[{"@type":"ListItem","position":1,"name":"Portada","item":"https:\/\/www.noticiasradioreflejos.com.ar\/2021\/"},{"@type":"ListItem","position":2,"name":"\u201cDUELO INFERNAL\u201d"}]},{"@type":"WebSite","@id":"https:\/\/www.noticiasradioreflejos.com.ar\/2021\/#website","url":"https:\/\/www.noticiasradioreflejos.com.ar\/2021\/","name":"Noticias Radio Reflejos","description":"Las noticias de mi comarca","potentialAction":[{"@type":"SearchAction","target":{"@type":"EntryPoint","urlTemplate":"https:\/\/www.noticiasradioreflejos.com.ar\/2021\/?s={search_term_string}"},"query-input":{"@type":"PropertyValueSpecification","valueRequired":true,"valueName":"search_term_string"}}],"inLanguage":"es"},{"@type":"Person","@id":"https:\/\/www.noticiasradioreflejos.com.ar\/2021\/#\/schema\/person\/ad82545263dcc5ec0996818884fd5fb1","name":"Arnaldo Botto","image":{"@type":"ImageObject","inLanguage":"es","@id":"https:\/\/www.noticiasradioreflejos.com.ar\/2021\/#\/schema\/person\/image\/","url":"https:\/\/secure.gravatar.com\/avatar\/55cb5e37c1efa326397366e6974cb338056df65cb50e7d64d1cf314e87504837?s=96&d=mm&r=g","contentUrl":"https:\/\/secure.gravatar.com\/avatar\/55cb5e37c1efa326397366e6974cb338056df65cb50e7d64d1cf314e87504837?s=96&d=mm&r=g","caption":"Arnaldo Botto"},"url":"https:\/\/www.noticiasradioreflejos.com.ar\/2021\/author\/arnaldo\/"}]}},"_links":{"self":[{"href":"https:\/\/www.noticiasradioreflejos.com.ar\/2021\/wp-json\/wp\/v2\/posts\/98288","targetHints":{"allow":["GET"]}}],"collection":[{"href":"https:\/\/www.noticiasradioreflejos.com.ar\/2021\/wp-json\/wp\/v2\/posts"}],"about":[{"href":"https:\/\/www.noticiasradioreflejos.com.ar\/2021\/wp-json\/wp\/v2\/types\/post"}],"author":[{"embeddable":true,"href":"https:\/\/www.noticiasradioreflejos.com.ar\/2021\/wp-json\/wp\/v2\/users\/3"}],"replies":[{"embeddable":true,"href":"https:\/\/www.noticiasradioreflejos.com.ar\/2021\/wp-json\/wp\/v2\/comments?post=98288"}],"version-history":[{"count":1,"href":"https:\/\/www.noticiasradioreflejos.com.ar\/2021\/wp-json\/wp\/v2\/posts\/98288\/revisions"}],"predecessor-version":[{"id":98290,"href":"https:\/\/www.noticiasradioreflejos.com.ar\/2021\/wp-json\/wp\/v2\/posts\/98288\/revisions\/98290"}],"wp:attachment":[{"href":"https:\/\/www.noticiasradioreflejos.com.ar\/2021\/wp-json\/wp\/v2\/media?parent=98288"}],"wp:term":[{"taxonomy":"category","embeddable":true,"href":"https:\/\/www.noticiasradioreflejos.com.ar\/2021\/wp-json\/wp\/v2\/categories?post=98288"},{"taxonomy":"post_tag","embeddable":true,"href":"https:\/\/www.noticiasradioreflejos.com.ar\/2021\/wp-json\/wp\/v2\/tags?post=98288"}],"curies":[{"name":"wp","href":"https:\/\/api.w.org\/{rel}","templated":true}]}}