{"id":98285,"date":"2024-01-30T17:53:31","date_gmt":"2024-01-30T20:53:31","guid":{"rendered":"https:\/\/www.noticiasradioreflejos.com.ar\/2021\/?p=98285"},"modified":"2024-01-30T17:53:31","modified_gmt":"2024-01-30T20:53:31","slug":"alerta-amarilla-por-posibles-tormentas-fuertes-rafagas-y-caida-de-granizo-en-nuestra-comarca-serrana","status":"publish","type":"post","link":"https:\/\/www.noticiasradioreflejos.com.ar\/2021\/alerta-amarilla-por-posibles-tormentas-fuertes-rafagas-y-caida-de-granizo-en-nuestra-comarca-serrana\/","title":{"rendered":"Alerta amarilla por posibles tormentas fuertes, r\u00e1fagas y ca\u00edda de granizo en nuestra comarca serrana"},"content":{"rendered":"<header id=\"mvp-post-head\" class=\"left relative\">El Servicio Meteorol\u00f3gico Nacional inform\u00f3 que el \u00e1rea de influencia incluye a otros partidos de la regi\u00f3n.<\/p>\n<div class=\"mvp-author-info-wrap left relative\">\n<div class=\"mvp-author-info-text left relative\">\n<div class=\"mvp-author-info-date left relative\"><\/div>\n<\/div>\n<\/div>\n<\/header>\n<p><!--more--><\/p>\n<div class=\"mvp-post-main-out left relative\">\n<div class=\"mvp-post-main-in\">\n<div id=\"mvp-post-content\" class=\"left relative\">\n<div id=\"mvp-post-feat-img\" class=\"left relative mvp-post-feat-img-wide2\"><\/div>\n<div id=\"mvp-content-wrap\" class=\"left relative\">\n<div class=\"mvp-post-soc-out right relative\">\n<div class=\"mvp-post-soc-in\">\n<div id=\"mvp-content-body\" class=\"left relative\">\n<div id=\"mvp-content-body-top\" class=\"left relative\">\n<div id=\"mvp-content-main\" class=\"left relative\">\n<div id=\"textbody\">\n<p>El Servicio Meteorol\u00f3gico Nacional emiti\u00f3 un alerta amarilla por posibles tormentas fuertes, r\u00e1fagas y ocasional ca\u00edda de granizo para Bah\u00eda Blanca y distritos de la zona.<\/p>\n<figure class=\"wp-block-image size-full\"><img loading=\"lazy\" decoding=\"async\" class=\"wp-image-348580\" src=\"https:\/\/www.labrujula24.com\/wp-content\/uploads\/2024\/01\/aviso.jpg\" sizes=\"auto, (max-width: 1200px) 100vw, 1200px\" srcset=\"https:\/\/www.labrujula24.com\/wp-content\/uploads\/2024\/01\/aviso.jpg 1200w, https:\/\/www.labrujula24.com\/wp-content\/uploads\/2024\/01\/aviso-768x781.jpg 768w, https:\/\/www.labrujula24.com\/wp-content\/uploads\/2024\/01\/aviso-80x80.jpg 80w\" alt=\"\" width=\"1200\" height=\"1221\" \/><\/figure>\n<p class=\" aBigClassNameToAvoidCollisionInText\">Seg\u00fan el parte de prensa que dio a conocer la Municipalidad, el aviso es \u201cpor ocurrencia de tormentas fuertes con lluvias intensas, r\u00e1fagas y ocasional ca\u00edda de granizo\u201d y afecta \u201cparcialmente a los partidos de Bah\u00eda Blanca, Coronel Dorrego, Coronel Su\u00e1rez, Coronel Rosales, Coronel Pringles, Puan, Tornquist y Villarino\u201d.<\/p>\n<\/div>\n<\/div>\n<\/div>\n<\/div>\n<\/div>\n<\/div>\n<\/div>\n<\/div>\n<\/div>\n<\/div>\n","protected":false},"excerpt":{"rendered":"<p>El Servicio Meteorol\u00f3gico Nacional inform\u00f3 que el \u00e1rea de influencia incluye a otros partidos de la regi\u00f3n.<\/p>\n","protected":false},"author":3,"featured_media":96525,"comment_status":"closed","ping_status":"closed","sticky":false,"template":"","format":"standard","meta":{"footnotes":""},"categories":[46,28],"tags":[],"class_list":["post-98285","post","type-post","status-publish","format-standard","has-post-thumbnail","hentry","category-ciencia-y-tecnologia","category-municipales"],"yoast_head":"<!-- This site is optimized with the Yoast SEO plugin v25.9 - https:\/\/yoast.com\/wordpress\/plugins\/seo\/ -->\n<title>Alerta amarilla por posibles tormentas fuertes, r\u00e1fagas y ca\u00edda de granizo en nuestra comarca serrana - Noticias Radio Reflejos<\/title>\n<meta name=\"robots\" content=\"index, follow, max-snippet:-1, max-image-preview:large, max-video-preview:-1\" \/>\n<link rel=\"canonical\" href=\"https:\/\/www.noticiasradioreflejos.com.ar\/2021\/alerta-amarilla-por-posibles-tormentas-fuertes-rafagas-y-caida-de-granizo-en-nuestra-comarca-serrana\/\" \/>\n<meta property=\"og:locale\" content=\"es_ES\" \/>\n<meta property=\"og:type\" content=\"article\" \/>\n<meta property=\"og:title\" content=\"Alerta amarilla por posibles tormentas fuertes, r\u00e1fagas y ca\u00edda de granizo en nuestra comarca serrana - Noticias Radio Reflejos\" \/>\n<meta property=\"og:description\" content=\"El Servicio Meteorol\u00f3gico Nacional inform\u00f3 que el \u00e1rea de influencia incluye a otros partidos de la regi\u00f3n.\" \/>\n<meta property=\"og:url\" content=\"https:\/\/www.noticiasradioreflejos.com.ar\/2021\/alerta-amarilla-por-posibles-tormentas-fuertes-rafagas-y-caida-de-granizo-en-nuestra-comarca-serrana\/\" \/>\n<meta property=\"og:site_name\" content=\"Noticias Radio Reflejos\" \/>\n<meta property=\"article:published_time\" content=\"2024-01-30T20:53:31+00:00\" \/>\n<meta property=\"og:image\" content=\"https:\/\/www.noticiasradioreflejos.com.ar\/2021\/wp-content\/uploads\/2023\/12\/tormenta-abra-de-la-ventana-1.jpeg\" \/>\n\t<meta property=\"og:image:width\" content=\"1600\" \/>\n\t<meta property=\"og:image:height\" content=\"900\" \/>\n\t<meta property=\"og:image:type\" content=\"image\/jpeg\" \/>\n<meta name=\"author\" content=\"Arnaldo Botto\" \/>\n<meta name=\"twitter:card\" content=\"summary_large_image\" \/>\n<script type=\"application\/ld+json\" class=\"yoast-schema-graph\">{\"@context\":\"https:\/\/schema.org\",\"@graph\":[{\"@type\":\"WebPage\",\"@id\":\"https:\/\/www.noticiasradioreflejos.com.ar\/2021\/alerta-amarilla-por-posibles-tormentas-fuertes-rafagas-y-caida-de-granizo-en-nuestra-comarca-serrana\/\",\"url\":\"https:\/\/www.noticiasradioreflejos.com.ar\/2021\/alerta-amarilla-por-posibles-tormentas-fuertes-rafagas-y-caida-de-granizo-en-nuestra-comarca-serrana\/\",\"name\":\"Alerta amarilla por posibles tormentas fuertes, r\u00e1fagas y ca\u00edda de granizo en nuestra comarca serrana - Noticias Radio Reflejos\",\"isPartOf\":{\"@id\":\"https:\/\/www.noticiasradioreflejos.com.ar\/2021\/#website\"},\"primaryImageOfPage\":{\"@id\":\"https:\/\/www.noticiasradioreflejos.com.ar\/2021\/alerta-amarilla-por-posibles-tormentas-fuertes-rafagas-y-caida-de-granizo-en-nuestra-comarca-serrana\/#primaryimage\"},\"image\":{\"@id\":\"https:\/\/www.noticiasradioreflejos.com.ar\/2021\/alerta-amarilla-por-posibles-tormentas-fuertes-rafagas-y-caida-de-granizo-en-nuestra-comarca-serrana\/#primaryimage\"},\"thumbnailUrl\":\"https:\/\/www.noticiasradioreflejos.com.ar\/2021\/wp-content\/uploads\/2023\/12\/tormenta-abra-de-la-ventana-1.jpeg\",\"datePublished\":\"2024-01-30T20:53:31+00:00\",\"author\":{\"@id\":\"https:\/\/www.noticiasradioreflejos.com.ar\/2021\/#\/schema\/person\/ad82545263dcc5ec0996818884fd5fb1\"},\"breadcrumb\":{\"@id\":\"https:\/\/www.noticiasradioreflejos.com.ar\/2021\/alerta-amarilla-por-posibles-tormentas-fuertes-rafagas-y-caida-de-granizo-en-nuestra-comarca-serrana\/#breadcrumb\"},\"inLanguage\":\"es\",\"potentialAction\":[{\"@type\":\"ReadAction\",\"target\":[\"https:\/\/www.noticiasradioreflejos.com.ar\/2021\/alerta-amarilla-por-posibles-tormentas-fuertes-rafagas-y-caida-de-granizo-en-nuestra-comarca-serrana\/\"]}]},{\"@type\":\"ImageObject\",\"inLanguage\":\"es\",\"@id\":\"https:\/\/www.noticiasradioreflejos.com.ar\/2021\/alerta-amarilla-por-posibles-tormentas-fuertes-rafagas-y-caida-de-granizo-en-nuestra-comarca-serrana\/#primaryimage\",\"url\":\"https:\/\/www.noticiasradioreflejos.com.ar\/2021\/wp-content\/uploads\/2023\/12\/tormenta-abra-de-la-ventana-1.jpeg\",\"contentUrl\":\"https:\/\/www.noticiasradioreflejos.com.ar\/2021\/wp-content\/uploads\/2023\/12\/tormenta-abra-de-la-ventana-1.jpeg\",\"width\":1600,\"height\":900},{\"@type\":\"BreadcrumbList\",\"@id\":\"https:\/\/www.noticiasradioreflejos.com.ar\/2021\/alerta-amarilla-por-posibles-tormentas-fuertes-rafagas-y-caida-de-granizo-en-nuestra-comarca-serrana\/#breadcrumb\",\"itemListElement\":[{\"@type\":\"ListItem\",\"position\":1,\"name\":\"Portada\",\"item\":\"https:\/\/www.noticiasradioreflejos.com.ar\/2021\/\"},{\"@type\":\"ListItem\",\"position\":2,\"name\":\"Alerta amarilla por posibles tormentas fuertes, r\u00e1fagas y ca\u00edda de granizo en nuestra comarca serrana\"}]},{\"@type\":\"WebSite\",\"@id\":\"https:\/\/www.noticiasradioreflejos.com.ar\/2021\/#website\",\"url\":\"https:\/\/www.noticiasradioreflejos.com.ar\/2021\/\",\"name\":\"Noticias Radio Reflejos\",\"description\":\"Las noticias de mi comarca\",\"potentialAction\":[{\"@type\":\"SearchAction\",\"target\":{\"@type\":\"EntryPoint\",\"urlTemplate\":\"https:\/\/www.noticiasradioreflejos.com.ar\/2021\/?s={search_term_string}\"},\"query-input\":{\"@type\":\"PropertyValueSpecification\",\"valueRequired\":true,\"valueName\":\"search_term_string\"}}],\"inLanguage\":\"es\"},{\"@type\":\"Person\",\"@id\":\"https:\/\/www.noticiasradioreflejos.com.ar\/2021\/#\/schema\/person\/ad82545263dcc5ec0996818884fd5fb1\",\"name\":\"Arnaldo Botto\",\"image\":{\"@type\":\"ImageObject\",\"inLanguage\":\"es\",\"@id\":\"https:\/\/www.noticiasradioreflejos.com.ar\/2021\/#\/schema\/person\/image\/\",\"url\":\"https:\/\/secure.gravatar.com\/avatar\/55cb5e37c1efa326397366e6974cb338056df65cb50e7d64d1cf314e87504837?s=96&d=mm&r=g\",\"contentUrl\":\"https:\/\/secure.gravatar.com\/avatar\/55cb5e37c1efa326397366e6974cb338056df65cb50e7d64d1cf314e87504837?s=96&d=mm&r=g\",\"caption\":\"Arnaldo Botto\"},\"url\":\"https:\/\/www.noticiasradioreflejos.com.ar\/2021\/author\/arnaldo\/\"}]}<\/script>\n<!-- \/ Yoast SEO plugin. -->","yoast_head_json":{"title":"Alerta amarilla por posibles tormentas fuertes, r\u00e1fagas y ca\u00edda de granizo en nuestra comarca serrana - Noticias Radio Reflejos","robots":{"index":"index","follow":"follow","max-snippet":"max-snippet:-1","max-image-preview":"max-image-preview:large","max-video-preview":"max-video-preview:-1"},"canonical":"https:\/\/www.noticiasradioreflejos.com.ar\/2021\/alerta-amarilla-por-posibles-tormentas-fuertes-rafagas-y-caida-de-granizo-en-nuestra-comarca-serrana\/","og_locale":"es_ES","og_type":"article","og_title":"Alerta amarilla por posibles tormentas fuertes, r\u00e1fagas y ca\u00edda de granizo en nuestra comarca serrana - Noticias Radio Reflejos","og_description":"El Servicio Meteorol\u00f3gico Nacional inform\u00f3 que el \u00e1rea de influencia incluye a otros partidos de la regi\u00f3n.","og_url":"https:\/\/www.noticiasradioreflejos.com.ar\/2021\/alerta-amarilla-por-posibles-tormentas-fuertes-rafagas-y-caida-de-granizo-en-nuestra-comarca-serrana\/","og_site_name":"Noticias Radio Reflejos","article_published_time":"2024-01-30T20:53:31+00:00","og_image":[{"width":1600,"height":900,"url":"https:\/\/www.noticiasradioreflejos.com.ar\/2021\/wp-content\/uploads\/2023\/12\/tormenta-abra-de-la-ventana-1.jpeg","type":"image\/jpeg"}],"author":"Arnaldo Botto","twitter_card":"summary_large_image","schema":{"@context":"https:\/\/schema.org","@graph":[{"@type":"WebPage","@id":"https:\/\/www.noticiasradioreflejos.com.ar\/2021\/alerta-amarilla-por-posibles-tormentas-fuertes-rafagas-y-caida-de-granizo-en-nuestra-comarca-serrana\/","url":"https:\/\/www.noticiasradioreflejos.com.ar\/2021\/alerta-amarilla-por-posibles-tormentas-fuertes-rafagas-y-caida-de-granizo-en-nuestra-comarca-serrana\/","name":"Alerta amarilla por posibles tormentas fuertes, r\u00e1fagas y ca\u00edda de granizo en nuestra comarca serrana - Noticias Radio Reflejos","isPartOf":{"@id":"https:\/\/www.noticiasradioreflejos.com.ar\/2021\/#website"},"primaryImageOfPage":{"@id":"https:\/\/www.noticiasradioreflejos.com.ar\/2021\/alerta-amarilla-por-posibles-tormentas-fuertes-rafagas-y-caida-de-granizo-en-nuestra-comarca-serrana\/#primaryimage"},"image":{"@id":"https:\/\/www.noticiasradioreflejos.com.ar\/2021\/alerta-amarilla-por-posibles-tormentas-fuertes-rafagas-y-caida-de-granizo-en-nuestra-comarca-serrana\/#primaryimage"},"thumbnailUrl":"https:\/\/www.noticiasradioreflejos.com.ar\/2021\/wp-content\/uploads\/2023\/12\/tormenta-abra-de-la-ventana-1.jpeg","datePublished":"2024-01-30T20:53:31+00:00","author":{"@id":"https:\/\/www.noticiasradioreflejos.com.ar\/2021\/#\/schema\/person\/ad82545263dcc5ec0996818884fd5fb1"},"breadcrumb":{"@id":"https:\/\/www.noticiasradioreflejos.com.ar\/2021\/alerta-amarilla-por-posibles-tormentas-fuertes-rafagas-y-caida-de-granizo-en-nuestra-comarca-serrana\/#breadcrumb"},"inLanguage":"es","potentialAction":[{"@type":"ReadAction","target":["https:\/\/www.noticiasradioreflejos.com.ar\/2021\/alerta-amarilla-por-posibles-tormentas-fuertes-rafagas-y-caida-de-granizo-en-nuestra-comarca-serrana\/"]}]},{"@type":"ImageObject","inLanguage":"es","@id":"https:\/\/www.noticiasradioreflejos.com.ar\/2021\/alerta-amarilla-por-posibles-tormentas-fuertes-rafagas-y-caida-de-granizo-en-nuestra-comarca-serrana\/#primaryimage","url":"https:\/\/www.noticiasradioreflejos.com.ar\/2021\/wp-content\/uploads\/2023\/12\/tormenta-abra-de-la-ventana-1.jpeg","contentUrl":"https:\/\/www.noticiasradioreflejos.com.ar\/2021\/wp-content\/uploads\/2023\/12\/tormenta-abra-de-la-ventana-1.jpeg","width":1600,"height":900},{"@type":"BreadcrumbList","@id":"https:\/\/www.noticiasradioreflejos.com.ar\/2021\/alerta-amarilla-por-posibles-tormentas-fuertes-rafagas-y-caida-de-granizo-en-nuestra-comarca-serrana\/#breadcrumb","itemListElement":[{"@type":"ListItem","position":1,"name":"Portada","item":"https:\/\/www.noticiasradioreflejos.com.ar\/2021\/"},{"@type":"ListItem","position":2,"name":"Alerta amarilla por posibles tormentas fuertes, r\u00e1fagas y ca\u00edda de granizo en nuestra comarca serrana"}]},{"@type":"WebSite","@id":"https:\/\/www.noticiasradioreflejos.com.ar\/2021\/#website","url":"https:\/\/www.noticiasradioreflejos.com.ar\/2021\/","name":"Noticias Radio Reflejos","description":"Las noticias de mi comarca","potentialAction":[{"@type":"SearchAction","target":{"@type":"EntryPoint","urlTemplate":"https:\/\/www.noticiasradioreflejos.com.ar\/2021\/?s={search_term_string}"},"query-input":{"@type":"PropertyValueSpecification","valueRequired":true,"valueName":"search_term_string"}}],"inLanguage":"es"},{"@type":"Person","@id":"https:\/\/www.noticiasradioreflejos.com.ar\/2021\/#\/schema\/person\/ad82545263dcc5ec0996818884fd5fb1","name":"Arnaldo Botto","image":{"@type":"ImageObject","inLanguage":"es","@id":"https:\/\/www.noticiasradioreflejos.com.ar\/2021\/#\/schema\/person\/image\/","url":"https:\/\/secure.gravatar.com\/avatar\/55cb5e37c1efa326397366e6974cb338056df65cb50e7d64d1cf314e87504837?s=96&d=mm&r=g","contentUrl":"https:\/\/secure.gravatar.com\/avatar\/55cb5e37c1efa326397366e6974cb338056df65cb50e7d64d1cf314e87504837?s=96&d=mm&r=g","caption":"Arnaldo Botto"},"url":"https:\/\/www.noticiasradioreflejos.com.ar\/2021\/author\/arnaldo\/"}]}},"_links":{"self":[{"href":"https:\/\/www.noticiasradioreflejos.com.ar\/2021\/wp-json\/wp\/v2\/posts\/98285","targetHints":{"allow":["GET"]}}],"collection":[{"href":"https:\/\/www.noticiasradioreflejos.com.ar\/2021\/wp-json\/wp\/v2\/posts"}],"about":[{"href":"https:\/\/www.noticiasradioreflejos.com.ar\/2021\/wp-json\/wp\/v2\/types\/post"}],"author":[{"embeddable":true,"href":"https:\/\/www.noticiasradioreflejos.com.ar\/2021\/wp-json\/wp\/v2\/users\/3"}],"replies":[{"embeddable":true,"href":"https:\/\/www.noticiasradioreflejos.com.ar\/2021\/wp-json\/wp\/v2\/comments?post=98285"}],"version-history":[{"count":1,"href":"https:\/\/www.noticiasradioreflejos.com.ar\/2021\/wp-json\/wp\/v2\/posts\/98285\/revisions"}],"predecessor-version":[{"id":98286,"href":"https:\/\/www.noticiasradioreflejos.com.ar\/2021\/wp-json\/wp\/v2\/posts\/98285\/revisions\/98286"}],"wp:featuredmedia":[{"embeddable":true,"href":"https:\/\/www.noticiasradioreflejos.com.ar\/2021\/wp-json\/wp\/v2\/media\/96525"}],"wp:attachment":[{"href":"https:\/\/www.noticiasradioreflejos.com.ar\/2021\/wp-json\/wp\/v2\/media?parent=98285"}],"wp:term":[{"taxonomy":"category","embeddable":true,"href":"https:\/\/www.noticiasradioreflejos.com.ar\/2021\/wp-json\/wp\/v2\/categories?post=98285"},{"taxonomy":"post_tag","embeddable":true,"href":"https:\/\/www.noticiasradioreflejos.com.ar\/2021\/wp-json\/wp\/v2\/tags?post=98285"}],"curies":[{"name":"wp","href":"https:\/\/api.w.org\/{rel}","templated":true}]}}