{"id":98276,"date":"2024-01-30T17:26:47","date_gmt":"2024-01-30T20:26:47","guid":{"rendered":"https:\/\/www.noticiasradioreflejos.com.ar\/2021\/?p=98276"},"modified":"2024-01-30T17:26:47","modified_gmt":"2024-01-30T20:26:47","slug":"upso-inscripciones-abiertas-para-la-diplomatura-universitaria-en-gestion-administrativa-2","status":"publish","type":"post","link":"https:\/\/www.noticiasradioreflejos.com.ar\/2021\/upso-inscripciones-abiertas-para-la-diplomatura-universitaria-en-gestion-administrativa-2\/","title":{"rendered":"UPSO: Inscripciones abiertas para la Diplomatura Universitaria en Gesti\u00f3n Administrativa"},"content":{"rendered":"<p>La Secretar\u00eda de Ambiente y Desarrollo Productivo de Tornquist Municipio, informa que se encuentra abierta, hasta el 23 de febrero, la inscripci\u00f3n para la Diplomatura Universitaria en Gesti\u00f3n Administrativa que la Universidad Provincial del Sudoeste (UPSO), dictar\u00e1 a partir de este a\u00f1o en la localidad cabecera distrito.<!--more--><\/p>\n<p>La inscripci\u00f3n se inicia de manera online en el siguiente link: <a href=\"https:\/\/www.upso.edu.ar\/diplomatura-universitaria-en-gestion-administrativa\/\">https:\/\/www.upso.edu.ar\/diplomatura-universitaria-en-gestion-administrativa\/<\/a>.<\/p>\n<p>Documentaci\u00f3n de ingreso requerida:<\/p>\n<ol>\n<li>Planilla de preinscripci\u00f3n;<\/li>\n<li>DNI vigente (anverso y reverso de la credencial);<\/li>\n<li>Constancia del secundario:<\/li>\n<\/ol>\n<p>-Certificado anal\u00edtico o t\u00edtulo del secundario<\/p>\n<p>-Certificado de t\u00edtulo en tr\u00e1mite del secundario sin adeudar materias<\/p>\n<p>-Certificado de alumno regular del secundario<\/p>\n<ol start=\"4\">\n<li>Requisito de salud o sanidad (Encuesta se salud que se completa online y tambi\u00e9n un certificado m\u00e9dico de estado de salud, que se carga en pdf como el resto de la<br \/>\ndocumentaci\u00f3n);<\/li>\n<li>T\u00edtulo previo requerido para algunas propuestas formativas, junto con la resoluci\u00f3n de carga horaria.<\/li>\n<\/ol>\n<p>Por consultas, comunicarse al (0291) 4940435, por mail a <a href=\"mailto:tornquist@upso.gba.gob.ar\">tornquist@upso.gba.gob.ar<\/a>, o personalmente en la Secretar\u00eda de Ambiente y Desarrollo Productivo, San Mart\u00edn 268, de lunes a viernes de 8 a 13 hs.<\/p>\n<p>&nbsp;<\/p>\n<p><a title=\"Inscripupso (1)\" href=\"https:\/\/www.flickr.com\/photos\/182279889@N02\/53498619146\/in\/dateposted-public\/\" data-flickr-embed=\"true\" data-footer=\"true\"><img loading=\"lazy\" decoding=\"async\" class=\"aligncenter\" src=\"https:\/\/live.staticflickr.com\/65535\/53498619146_b7ddf67abe_c.jpg\" alt=\"Inscripupso (1)\" width=\"566\" height=\"800\" \/><\/a><\/p>\n","protected":false},"excerpt":{"rendered":"<p>La Secretar\u00eda de Ambiente y Desarrollo Productivo de Tornquist Municipio, informa que se encuentra abierta, hasta el 23 de febrero, la inscripci\u00f3n para la Diplomatura Universitaria en Gesti\u00f3n Administrativa que la Universidad Provincial del Sudoeste (UPSO), dictar\u00e1 a partir de este a\u00f1o en la localidad cabecera distrito.<\/p>\n","protected":false},"author":3,"featured_media":0,"comment_status":"closed","ping_status":"closed","sticky":false,"template":"","format":"standard","meta":{"footnotes":""},"categories":[34,28],"tags":[],"class_list":["post-98276","post","type-post","status-publish","format-standard","hentry","category-educacion","category-municipales"],"yoast_head":"<!-- This site is optimized with the Yoast SEO plugin v25.9 - https:\/\/yoast.com\/wordpress\/plugins\/seo\/ -->\n<title>UPSO: Inscripciones abiertas para la Diplomatura Universitaria en Gesti\u00f3n Administrativa - Noticias Radio Reflejos<\/title>\n<meta name=\"robots\" content=\"index, follow, max-snippet:-1, max-image-preview:large, max-video-preview:-1\" \/>\n<link rel=\"canonical\" href=\"https:\/\/www.noticiasradioreflejos.com.ar\/2021\/upso-inscripciones-abiertas-para-la-diplomatura-universitaria-en-gestion-administrativa-2\/\" \/>\n<meta property=\"og:locale\" content=\"es_ES\" \/>\n<meta property=\"og:type\" content=\"article\" \/>\n<meta property=\"og:title\" content=\"UPSO: Inscripciones abiertas para la Diplomatura Universitaria en Gesti\u00f3n Administrativa - Noticias Radio Reflejos\" \/>\n<meta property=\"og:description\" content=\"La Secretar\u00eda de Ambiente y Desarrollo Productivo de Tornquist Municipio, informa que se encuentra abierta, hasta el 23 de febrero, la inscripci\u00f3n para la Diplomatura Universitaria en Gesti\u00f3n Administrativa que la Universidad Provincial del Sudoeste (UPSO), dictar\u00e1 a partir de este a\u00f1o en la localidad cabecera distrito.\" \/>\n<meta property=\"og:url\" content=\"https:\/\/www.noticiasradioreflejos.com.ar\/2021\/upso-inscripciones-abiertas-para-la-diplomatura-universitaria-en-gestion-administrativa-2\/\" \/>\n<meta property=\"og:site_name\" content=\"Noticias Radio Reflejos\" \/>\n<meta property=\"article:published_time\" content=\"2024-01-30T20:26:47+00:00\" \/>\n<meta property=\"og:image\" content=\"https:\/\/live.staticflickr.com\/65535\/53498619146_b7ddf67abe_c.jpg\" \/>\n<meta name=\"author\" content=\"Arnaldo Botto\" \/>\n<meta name=\"twitter:card\" content=\"summary_large_image\" \/>\n<script type=\"application\/ld+json\" class=\"yoast-schema-graph\">{\"@context\":\"https:\/\/schema.org\",\"@graph\":[{\"@type\":\"WebPage\",\"@id\":\"https:\/\/www.noticiasradioreflejos.com.ar\/2021\/upso-inscripciones-abiertas-para-la-diplomatura-universitaria-en-gestion-administrativa-2\/\",\"url\":\"https:\/\/www.noticiasradioreflejos.com.ar\/2021\/upso-inscripciones-abiertas-para-la-diplomatura-universitaria-en-gestion-administrativa-2\/\",\"name\":\"UPSO: Inscripciones abiertas para la Diplomatura Universitaria en Gesti\u00f3n Administrativa - Noticias Radio Reflejos\",\"isPartOf\":{\"@id\":\"https:\/\/www.noticiasradioreflejos.com.ar\/2021\/#website\"},\"primaryImageOfPage\":{\"@id\":\"https:\/\/www.noticiasradioreflejos.com.ar\/2021\/upso-inscripciones-abiertas-para-la-diplomatura-universitaria-en-gestion-administrativa-2\/#primaryimage\"},\"image\":{\"@id\":\"https:\/\/www.noticiasradioreflejos.com.ar\/2021\/upso-inscripciones-abiertas-para-la-diplomatura-universitaria-en-gestion-administrativa-2\/#primaryimage\"},\"thumbnailUrl\":\"https:\/\/live.staticflickr.com\/65535\/53498619146_b7ddf67abe_c.jpg\",\"datePublished\":\"2024-01-30T20:26:47+00:00\",\"author\":{\"@id\":\"https:\/\/www.noticiasradioreflejos.com.ar\/2021\/#\/schema\/person\/ad82545263dcc5ec0996818884fd5fb1\"},\"breadcrumb\":{\"@id\":\"https:\/\/www.noticiasradioreflejos.com.ar\/2021\/upso-inscripciones-abiertas-para-la-diplomatura-universitaria-en-gestion-administrativa-2\/#breadcrumb\"},\"inLanguage\":\"es\",\"potentialAction\":[{\"@type\":\"ReadAction\",\"target\":[\"https:\/\/www.noticiasradioreflejos.com.ar\/2021\/upso-inscripciones-abiertas-para-la-diplomatura-universitaria-en-gestion-administrativa-2\/\"]}]},{\"@type\":\"ImageObject\",\"inLanguage\":\"es\",\"@id\":\"https:\/\/www.noticiasradioreflejos.com.ar\/2021\/upso-inscripciones-abiertas-para-la-diplomatura-universitaria-en-gestion-administrativa-2\/#primaryimage\",\"url\":\"https:\/\/live.staticflickr.com\/65535\/53498619146_b7ddf67abe_c.jpg\",\"contentUrl\":\"https:\/\/live.staticflickr.com\/65535\/53498619146_b7ddf67abe_c.jpg\"},{\"@type\":\"BreadcrumbList\",\"@id\":\"https:\/\/www.noticiasradioreflejos.com.ar\/2021\/upso-inscripciones-abiertas-para-la-diplomatura-universitaria-en-gestion-administrativa-2\/#breadcrumb\",\"itemListElement\":[{\"@type\":\"ListItem\",\"position\":1,\"name\":\"Portada\",\"item\":\"https:\/\/www.noticiasradioreflejos.com.ar\/2021\/\"},{\"@type\":\"ListItem\",\"position\":2,\"name\":\"UPSO: Inscripciones abiertas para la Diplomatura Universitaria en Gesti\u00f3n Administrativa\"}]},{\"@type\":\"WebSite\",\"@id\":\"https:\/\/www.noticiasradioreflejos.com.ar\/2021\/#website\",\"url\":\"https:\/\/www.noticiasradioreflejos.com.ar\/2021\/\",\"name\":\"Noticias Radio Reflejos\",\"description\":\"Las noticias de mi comarca\",\"potentialAction\":[{\"@type\":\"SearchAction\",\"target\":{\"@type\":\"EntryPoint\",\"urlTemplate\":\"https:\/\/www.noticiasradioreflejos.com.ar\/2021\/?s={search_term_string}\"},\"query-input\":{\"@type\":\"PropertyValueSpecification\",\"valueRequired\":true,\"valueName\":\"search_term_string\"}}],\"inLanguage\":\"es\"},{\"@type\":\"Person\",\"@id\":\"https:\/\/www.noticiasradioreflejos.com.ar\/2021\/#\/schema\/person\/ad82545263dcc5ec0996818884fd5fb1\",\"name\":\"Arnaldo Botto\",\"image\":{\"@type\":\"ImageObject\",\"inLanguage\":\"es\",\"@id\":\"https:\/\/www.noticiasradioreflejos.com.ar\/2021\/#\/schema\/person\/image\/\",\"url\":\"https:\/\/secure.gravatar.com\/avatar\/55cb5e37c1efa326397366e6974cb338056df65cb50e7d64d1cf314e87504837?s=96&d=mm&r=g\",\"contentUrl\":\"https:\/\/secure.gravatar.com\/avatar\/55cb5e37c1efa326397366e6974cb338056df65cb50e7d64d1cf314e87504837?s=96&d=mm&r=g\",\"caption\":\"Arnaldo Botto\"},\"url\":\"https:\/\/www.noticiasradioreflejos.com.ar\/2021\/author\/arnaldo\/\"}]}<\/script>\n<!-- \/ Yoast SEO plugin. -->","yoast_head_json":{"title":"UPSO: Inscripciones abiertas para la Diplomatura Universitaria en Gesti\u00f3n Administrativa - Noticias Radio Reflejos","robots":{"index":"index","follow":"follow","max-snippet":"max-snippet:-1","max-image-preview":"max-image-preview:large","max-video-preview":"max-video-preview:-1"},"canonical":"https:\/\/www.noticiasradioreflejos.com.ar\/2021\/upso-inscripciones-abiertas-para-la-diplomatura-universitaria-en-gestion-administrativa-2\/","og_locale":"es_ES","og_type":"article","og_title":"UPSO: Inscripciones abiertas para la Diplomatura Universitaria en Gesti\u00f3n Administrativa - Noticias Radio Reflejos","og_description":"La Secretar\u00eda de Ambiente y Desarrollo Productivo de Tornquist Municipio, informa que se encuentra abierta, hasta el 23 de febrero, la inscripci\u00f3n para la Diplomatura Universitaria en Gesti\u00f3n Administrativa que la Universidad Provincial del Sudoeste (UPSO), dictar\u00e1 a partir de este a\u00f1o en la localidad cabecera distrito.","og_url":"https:\/\/www.noticiasradioreflejos.com.ar\/2021\/upso-inscripciones-abiertas-para-la-diplomatura-universitaria-en-gestion-administrativa-2\/","og_site_name":"Noticias Radio Reflejos","article_published_time":"2024-01-30T20:26:47+00:00","og_image":[{"url":"https:\/\/live.staticflickr.com\/65535\/53498619146_b7ddf67abe_c.jpg","type":"","width":"","height":""}],"author":"Arnaldo Botto","twitter_card":"summary_large_image","schema":{"@context":"https:\/\/schema.org","@graph":[{"@type":"WebPage","@id":"https:\/\/www.noticiasradioreflejos.com.ar\/2021\/upso-inscripciones-abiertas-para-la-diplomatura-universitaria-en-gestion-administrativa-2\/","url":"https:\/\/www.noticiasradioreflejos.com.ar\/2021\/upso-inscripciones-abiertas-para-la-diplomatura-universitaria-en-gestion-administrativa-2\/","name":"UPSO: Inscripciones abiertas para la Diplomatura Universitaria en Gesti\u00f3n Administrativa - Noticias Radio Reflejos","isPartOf":{"@id":"https:\/\/www.noticiasradioreflejos.com.ar\/2021\/#website"},"primaryImageOfPage":{"@id":"https:\/\/www.noticiasradioreflejos.com.ar\/2021\/upso-inscripciones-abiertas-para-la-diplomatura-universitaria-en-gestion-administrativa-2\/#primaryimage"},"image":{"@id":"https:\/\/www.noticiasradioreflejos.com.ar\/2021\/upso-inscripciones-abiertas-para-la-diplomatura-universitaria-en-gestion-administrativa-2\/#primaryimage"},"thumbnailUrl":"https:\/\/live.staticflickr.com\/65535\/53498619146_b7ddf67abe_c.jpg","datePublished":"2024-01-30T20:26:47+00:00","author":{"@id":"https:\/\/www.noticiasradioreflejos.com.ar\/2021\/#\/schema\/person\/ad82545263dcc5ec0996818884fd5fb1"},"breadcrumb":{"@id":"https:\/\/www.noticiasradioreflejos.com.ar\/2021\/upso-inscripciones-abiertas-para-la-diplomatura-universitaria-en-gestion-administrativa-2\/#breadcrumb"},"inLanguage":"es","potentialAction":[{"@type":"ReadAction","target":["https:\/\/www.noticiasradioreflejos.com.ar\/2021\/upso-inscripciones-abiertas-para-la-diplomatura-universitaria-en-gestion-administrativa-2\/"]}]},{"@type":"ImageObject","inLanguage":"es","@id":"https:\/\/www.noticiasradioreflejos.com.ar\/2021\/upso-inscripciones-abiertas-para-la-diplomatura-universitaria-en-gestion-administrativa-2\/#primaryimage","url":"https:\/\/live.staticflickr.com\/65535\/53498619146_b7ddf67abe_c.jpg","contentUrl":"https:\/\/live.staticflickr.com\/65535\/53498619146_b7ddf67abe_c.jpg"},{"@type":"BreadcrumbList","@id":"https:\/\/www.noticiasradioreflejos.com.ar\/2021\/upso-inscripciones-abiertas-para-la-diplomatura-universitaria-en-gestion-administrativa-2\/#breadcrumb","itemListElement":[{"@type":"ListItem","position":1,"name":"Portada","item":"https:\/\/www.noticiasradioreflejos.com.ar\/2021\/"},{"@type":"ListItem","position":2,"name":"UPSO: Inscripciones abiertas para la Diplomatura Universitaria en Gesti\u00f3n Administrativa"}]},{"@type":"WebSite","@id":"https:\/\/www.noticiasradioreflejos.com.ar\/2021\/#website","url":"https:\/\/www.noticiasradioreflejos.com.ar\/2021\/","name":"Noticias Radio Reflejos","description":"Las noticias de mi comarca","potentialAction":[{"@type":"SearchAction","target":{"@type":"EntryPoint","urlTemplate":"https:\/\/www.noticiasradioreflejos.com.ar\/2021\/?s={search_term_string}"},"query-input":{"@type":"PropertyValueSpecification","valueRequired":true,"valueName":"search_term_string"}}],"inLanguage":"es"},{"@type":"Person","@id":"https:\/\/www.noticiasradioreflejos.com.ar\/2021\/#\/schema\/person\/ad82545263dcc5ec0996818884fd5fb1","name":"Arnaldo Botto","image":{"@type":"ImageObject","inLanguage":"es","@id":"https:\/\/www.noticiasradioreflejos.com.ar\/2021\/#\/schema\/person\/image\/","url":"https:\/\/secure.gravatar.com\/avatar\/55cb5e37c1efa326397366e6974cb338056df65cb50e7d64d1cf314e87504837?s=96&d=mm&r=g","contentUrl":"https:\/\/secure.gravatar.com\/avatar\/55cb5e37c1efa326397366e6974cb338056df65cb50e7d64d1cf314e87504837?s=96&d=mm&r=g","caption":"Arnaldo Botto"},"url":"https:\/\/www.noticiasradioreflejos.com.ar\/2021\/author\/arnaldo\/"}]}},"_links":{"self":[{"href":"https:\/\/www.noticiasradioreflejos.com.ar\/2021\/wp-json\/wp\/v2\/posts\/98276","targetHints":{"allow":["GET"]}}],"collection":[{"href":"https:\/\/www.noticiasradioreflejos.com.ar\/2021\/wp-json\/wp\/v2\/posts"}],"about":[{"href":"https:\/\/www.noticiasradioreflejos.com.ar\/2021\/wp-json\/wp\/v2\/types\/post"}],"author":[{"embeddable":true,"href":"https:\/\/www.noticiasradioreflejos.com.ar\/2021\/wp-json\/wp\/v2\/users\/3"}],"replies":[{"embeddable":true,"href":"https:\/\/www.noticiasradioreflejos.com.ar\/2021\/wp-json\/wp\/v2\/comments?post=98276"}],"version-history":[{"count":1,"href":"https:\/\/www.noticiasradioreflejos.com.ar\/2021\/wp-json\/wp\/v2\/posts\/98276\/revisions"}],"predecessor-version":[{"id":98278,"href":"https:\/\/www.noticiasradioreflejos.com.ar\/2021\/wp-json\/wp\/v2\/posts\/98276\/revisions\/98278"}],"wp:attachment":[{"href":"https:\/\/www.noticiasradioreflejos.com.ar\/2021\/wp-json\/wp\/v2\/media?parent=98276"}],"wp:term":[{"taxonomy":"category","embeddable":true,"href":"https:\/\/www.noticiasradioreflejos.com.ar\/2021\/wp-json\/wp\/v2\/categories?post=98276"},{"taxonomy":"post_tag","embeddable":true,"href":"https:\/\/www.noticiasradioreflejos.com.ar\/2021\/wp-json\/wp\/v2\/tags?post=98276"}],"curies":[{"name":"wp","href":"https:\/\/api.w.org\/{rel}","templated":true}]}}