{"id":98267,"date":"2024-01-30T18:03:56","date_gmt":"2024-01-30T21:03:56","guid":{"rendered":"https:\/\/www.noticiasradioreflejos.com.ar\/2021\/?p=98267"},"modified":"2024-01-30T18:55:00","modified_gmt":"2024-01-30T21:55:00","slug":"sol-waimann-se-vienen-dos-talleres-en-febrero","status":"publish","type":"post","link":"https:\/\/www.noticiasradioreflejos.com.ar\/2021\/sol-waimann-se-vienen-dos-talleres-en-febrero\/","title":{"rendered":"Sol Waimann: \u201cSe vienen dos talleres en febrero\u201d"},"content":{"rendered":"<p>Una de las caras visibles de la Biblioteca Mariano Moreno anunci\u00f3 el lanzamiento de dos acciones para todo el mes, que apuntan a chicos desde los 4 a\u00f1os hasta los 12. \u201cEs un espacio abierto as\u00ed que los esperamos a todos\u201d asegur\u00f3.<!--more--><\/p>\n<p>Tras la \u00e9poca de colonia de vacaciones desde la Biblioteca Mariano Moreno pondr\u00e1n manos a la obra y llevar\u00e1n adelante dos talleres durante el mes de febrero, los cuales est\u00e1n enfocados en los m\u00e1s chicos.<\/p>\n<p>De todas maneras Sol Waimann, una de las responsables de la instituci\u00f3n, inici\u00f3 la charla recordando que \u201ceste s\u00e1bado a las 21 se presentar\u00e1 el d\u00fao Sanares. Es un d\u00fao de m\u00fasica y poes\u00eda de Pig\u00fc\u00e9. Ser\u00e1 una noche de m\u00fasica y un taller de poes\u00eda. La biblio crea un ambiente hermoso de noche, ser\u00e1 muy lindo para que disfruten. Es un espect\u00e1culo a la gorra\u201d.<\/p>\n<p><a data-flickr-embed=\"true\" data-footer=\"true\" href=\"https:\/\/www.flickr.com\/photos\/182279889@N02\/53498689171\/in\/dateposted-public\/\" title=\"Biblio MM (1)\"><img loading=\"lazy\" decoding=\"async\" src=\"https:\/\/live.staticflickr.com\/65535\/53498689171_a5b94295eb_z.jpg\" width=\"640\" height=\"640\" alt=\"Biblio MM (1)\"\/><\/a><script async src=\"\/\/embedr.flickr.com\/assets\/client-code.js\" charset=\"utf-8\"><\/script><\/p>\n<p>Luego s\u00ed, ya de lleno en lo que se vendr\u00e1 dentro de unos d\u00edas, explic\u00f3 que \u201cteniendo en cuenta que ya se termina la colonia, pensamos en dos talleres. Uno es un club de lectura, todos los viernes de febrero, de 10:30 a 11:30. Es para chicos y chicas de 8 a 12 a\u00f1os. Nos juntaremos a leer, a pensar alguna actividad de comprensi\u00f3n lectora, de creaci\u00f3n de personajes, de dibujo\u201d.<\/p>\n<p>Sumando que \u201cel segundo taller ser\u00e1 todos los mi\u00e9rcoles, de 10:30 a 11:30, haremos un taller de cuentos y arte, para los m\u00e1s chiquitos, de 4 a 6 a\u00f1os. Pueden acercarse los que quieran, siempre est\u00e1 bueno que se asocien, pero no es obligaci\u00f3n. Es un espacio abierto, as\u00ed que los esperamos\u201d.<\/p>\n<p>Haciendo un balance cont\u00f3 que \u201cenero fue un mes muy movido. Se acercaron ex residentes, mucho turismo, muchas personas interesadas en conocer el espacio, en conversar sobre Sierra y los or\u00edgenes de la comarca. La biblio fue muy visitada. No hicimos talleres por el hecho de que estaba la colonia, por eso los pensamos en febrero\u201d.<\/p>\n<p>Agregando por \u00faltimo que \u201ctuvimos muchas visitas, donaciones de libros. Tener a Ruido Gaucho gener\u00f3 mucho movimiento antes que los nominen para los Gardel como folklore alternativo\u201d.<\/p>\n<p><iframe loading=\"lazy\" src=\"https:\/\/w.soundcloud.com\/player\/?url=https%3A\/\/api.soundcloud.com\/tracks\/1732073001&amp;color=%23ff5500&amp;auto_play=false&amp;hide_related=false&amp;show_comments=true&amp;show_user=true&amp;show_reposts=false&amp;show_teaser=true\" width=\"100%\" height=\"166\" frameborder=\"no\" scrolling=\"no\"><\/iframe><\/p>\n<div style=\"font-size: 10px; color: #cccccc; line-break: anywhere; word-break: normal; overflow: hidden; white-space: nowrap; text-overflow: ellipsis; font-family: Interstate,Lucida Grande,Lucida Sans Unicode,Lucida Sans,Garuda,Verdana,Tahoma,sans-serif; font-weight: 100;\"><a style=\"color: #cccccc; text-decoration: none;\" title=\"fmreflejos 103.7\" href=\"https:\/\/soundcloud.com\/fmreflejos-103-7\" target=\"_blank\" rel=\"noopener\">fmreflejos 103.7<\/a> \u00b7 <a style=\"color: #cccccc; text-decoration: none;\" title=\"Sol Waimann 30 - 1\" href=\"https:\/\/soundcloud.com\/fmreflejos-103-7\/sol-waimann-30-1\" target=\"_blank\" rel=\"noopener\">Sol Waimann 30 &#8211; 1<\/a><\/div>\n<p>&nbsp;<\/p>\n<p><a data-flickr-embed=\"true\" data-footer=\"true\" href=\"https:\/\/www.flickr.com\/photos\/182279889@N02\/53498993989\/in\/dateposted-public\/\" title=\"Biblio MM (2)\"><img loading=\"lazy\" decoding=\"async\" src=\"https:\/\/live.staticflickr.com\/65535\/53498993989_dbe64d2349_z.jpg\" width=\"640\" height=\"640\" alt=\"Biblio MM (2)\"\/><\/a><script async src=\"\/\/embedr.flickr.com\/assets\/client-code.js\" charset=\"utf-8\"><\/script><\/p>\n<p><a data-flickr-embed=\"true\" data-footer=\"true\" href=\"https:\/\/www.flickr.com\/photos\/182279889@N02\/53498993994\/in\/dateposted-public\/\" title=\"Biblio MM (3)\"><img loading=\"lazy\" decoding=\"async\" src=\"https:\/\/live.staticflickr.com\/65535\/53498993994_3368f76d28_z.jpg\" width=\"640\" height=\"640\" alt=\"Biblio MM (3)\"\/><\/a><script async src=\"\/\/embedr.flickr.com\/assets\/client-code.js\" charset=\"utf-8\"><\/script><\/p>\n","protected":false},"excerpt":{"rendered":"<p>Una de las caras visibles de la Biblioteca Mariano Moreno anunci\u00f3 el lanzamiento de dos acciones para todo el mes, que apuntan a chicos desde los 4 a\u00f1os hasta los 12. \u201cEs un espacio abierto as\u00ed que los esperamos a todos\u201d asegur\u00f3.<\/p>\n","protected":false},"author":3,"featured_media":79418,"comment_status":"closed","ping_status":"closed","sticky":false,"template":"","format":"standard","meta":{"footnotes":""},"categories":[35],"tags":[48],"class_list":["post-98267","post","type-post","status-publish","format-standard","has-post-thumbnail","hentry","category-cultura","tag-destacada"],"yoast_head":"<!-- This site is optimized with the Yoast SEO plugin v25.9 - https:\/\/yoast.com\/wordpress\/plugins\/seo\/ -->\n<title>Sol Waimann: \u201cSe vienen dos talleres en febrero\u201d - Noticias Radio Reflejos<\/title>\n<meta name=\"robots\" content=\"index, follow, max-snippet:-1, max-image-preview:large, max-video-preview:-1\" \/>\n<link rel=\"canonical\" href=\"https:\/\/www.noticiasradioreflejos.com.ar\/2021\/sol-waimann-se-vienen-dos-talleres-en-febrero\/\" \/>\n<meta property=\"og:locale\" content=\"es_ES\" \/>\n<meta property=\"og:type\" content=\"article\" \/>\n<meta property=\"og:title\" content=\"Sol Waimann: \u201cSe vienen dos talleres en febrero\u201d - Noticias Radio Reflejos\" \/>\n<meta property=\"og:description\" content=\"Una de las caras visibles de la Biblioteca Mariano Moreno anunci\u00f3 el lanzamiento de dos acciones para todo el mes, que apuntan a chicos desde los 4 a\u00f1os hasta los 12. \u201cEs un espacio abierto as\u00ed que los esperamos a todos\u201d asegur\u00f3.\" \/>\n<meta property=\"og:url\" content=\"https:\/\/www.noticiasradioreflejos.com.ar\/2021\/sol-waimann-se-vienen-dos-talleres-en-febrero\/\" \/>\n<meta property=\"og:site_name\" content=\"Noticias Radio Reflejos\" \/>\n<meta property=\"article:published_time\" content=\"2024-01-30T21:03:56+00:00\" \/>\n<meta property=\"article:modified_time\" content=\"2024-01-30T21:55:00+00:00\" \/>\n<meta property=\"og:image\" content=\"https:\/\/www.noticiasradioreflejos.com.ar\/2021\/wp-content\/uploads\/2022\/10\/biblioteca.jpg\" \/>\n\t<meta property=\"og:image:width\" content=\"1152\" \/>\n\t<meta property=\"og:image:height\" content=\"1152\" \/>\n\t<meta property=\"og:image:type\" content=\"image\/jpeg\" \/>\n<meta name=\"author\" content=\"Arnaldo Botto\" \/>\n<meta name=\"twitter:card\" content=\"summary_large_image\" \/>\n<script type=\"application\/ld+json\" class=\"yoast-schema-graph\">{\"@context\":\"https:\/\/schema.org\",\"@graph\":[{\"@type\":\"WebPage\",\"@id\":\"https:\/\/www.noticiasradioreflejos.com.ar\/2021\/sol-waimann-se-vienen-dos-talleres-en-febrero\/\",\"url\":\"https:\/\/www.noticiasradioreflejos.com.ar\/2021\/sol-waimann-se-vienen-dos-talleres-en-febrero\/\",\"name\":\"Sol Waimann: \u201cSe vienen dos talleres en febrero\u201d - Noticias Radio Reflejos\",\"isPartOf\":{\"@id\":\"https:\/\/www.noticiasradioreflejos.com.ar\/2021\/#website\"},\"primaryImageOfPage\":{\"@id\":\"https:\/\/www.noticiasradioreflejos.com.ar\/2021\/sol-waimann-se-vienen-dos-talleres-en-febrero\/#primaryimage\"},\"image\":{\"@id\":\"https:\/\/www.noticiasradioreflejos.com.ar\/2021\/sol-waimann-se-vienen-dos-talleres-en-febrero\/#primaryimage\"},\"thumbnailUrl\":\"https:\/\/www.noticiasradioreflejos.com.ar\/2021\/wp-content\/uploads\/2022\/10\/biblioteca.jpg\",\"datePublished\":\"2024-01-30T21:03:56+00:00\",\"dateModified\":\"2024-01-30T21:55:00+00:00\",\"author\":{\"@id\":\"https:\/\/www.noticiasradioreflejos.com.ar\/2021\/#\/schema\/person\/ad82545263dcc5ec0996818884fd5fb1\"},\"breadcrumb\":{\"@id\":\"https:\/\/www.noticiasradioreflejos.com.ar\/2021\/sol-waimann-se-vienen-dos-talleres-en-febrero\/#breadcrumb\"},\"inLanguage\":\"es\",\"potentialAction\":[{\"@type\":\"ReadAction\",\"target\":[\"https:\/\/www.noticiasradioreflejos.com.ar\/2021\/sol-waimann-se-vienen-dos-talleres-en-febrero\/\"]}]},{\"@type\":\"ImageObject\",\"inLanguage\":\"es\",\"@id\":\"https:\/\/www.noticiasradioreflejos.com.ar\/2021\/sol-waimann-se-vienen-dos-talleres-en-febrero\/#primaryimage\",\"url\":\"https:\/\/www.noticiasradioreflejos.com.ar\/2021\/wp-content\/uploads\/2022\/10\/biblioteca.jpg\",\"contentUrl\":\"https:\/\/www.noticiasradioreflejos.com.ar\/2021\/wp-content\/uploads\/2022\/10\/biblioteca.jpg\",\"width\":1152,\"height\":1152},{\"@type\":\"BreadcrumbList\",\"@id\":\"https:\/\/www.noticiasradioreflejos.com.ar\/2021\/sol-waimann-se-vienen-dos-talleres-en-febrero\/#breadcrumb\",\"itemListElement\":[{\"@type\":\"ListItem\",\"position\":1,\"name\":\"Portada\",\"item\":\"https:\/\/www.noticiasradioreflejos.com.ar\/2021\/\"},{\"@type\":\"ListItem\",\"position\":2,\"name\":\"Sol Waimann: \u201cSe vienen dos talleres en febrero\u201d\"}]},{\"@type\":\"WebSite\",\"@id\":\"https:\/\/www.noticiasradioreflejos.com.ar\/2021\/#website\",\"url\":\"https:\/\/www.noticiasradioreflejos.com.ar\/2021\/\",\"name\":\"Noticias Radio Reflejos\",\"description\":\"Las noticias de mi comarca\",\"potentialAction\":[{\"@type\":\"SearchAction\",\"target\":{\"@type\":\"EntryPoint\",\"urlTemplate\":\"https:\/\/www.noticiasradioreflejos.com.ar\/2021\/?s={search_term_string}\"},\"query-input\":{\"@type\":\"PropertyValueSpecification\",\"valueRequired\":true,\"valueName\":\"search_term_string\"}}],\"inLanguage\":\"es\"},{\"@type\":\"Person\",\"@id\":\"https:\/\/www.noticiasradioreflejos.com.ar\/2021\/#\/schema\/person\/ad82545263dcc5ec0996818884fd5fb1\",\"name\":\"Arnaldo Botto\",\"image\":{\"@type\":\"ImageObject\",\"inLanguage\":\"es\",\"@id\":\"https:\/\/www.noticiasradioreflejos.com.ar\/2021\/#\/schema\/person\/image\/\",\"url\":\"https:\/\/secure.gravatar.com\/avatar\/55cb5e37c1efa326397366e6974cb338056df65cb50e7d64d1cf314e87504837?s=96&d=mm&r=g\",\"contentUrl\":\"https:\/\/secure.gravatar.com\/avatar\/55cb5e37c1efa326397366e6974cb338056df65cb50e7d64d1cf314e87504837?s=96&d=mm&r=g\",\"caption\":\"Arnaldo Botto\"},\"url\":\"https:\/\/www.noticiasradioreflejos.com.ar\/2021\/author\/arnaldo\/\"}]}<\/script>\n<!-- \/ Yoast SEO plugin. -->","yoast_head_json":{"title":"Sol Waimann: \u201cSe vienen dos talleres en febrero\u201d - Noticias Radio Reflejos","robots":{"index":"index","follow":"follow","max-snippet":"max-snippet:-1","max-image-preview":"max-image-preview:large","max-video-preview":"max-video-preview:-1"},"canonical":"https:\/\/www.noticiasradioreflejos.com.ar\/2021\/sol-waimann-se-vienen-dos-talleres-en-febrero\/","og_locale":"es_ES","og_type":"article","og_title":"Sol Waimann: \u201cSe vienen dos talleres en febrero\u201d - Noticias Radio Reflejos","og_description":"Una de las caras visibles de la Biblioteca Mariano Moreno anunci\u00f3 el lanzamiento de dos acciones para todo el mes, que apuntan a chicos desde los 4 a\u00f1os hasta los 12. \u201cEs un espacio abierto as\u00ed que los esperamos a todos\u201d asegur\u00f3.","og_url":"https:\/\/www.noticiasradioreflejos.com.ar\/2021\/sol-waimann-se-vienen-dos-talleres-en-febrero\/","og_site_name":"Noticias Radio Reflejos","article_published_time":"2024-01-30T21:03:56+00:00","article_modified_time":"2024-01-30T21:55:00+00:00","og_image":[{"width":1152,"height":1152,"url":"https:\/\/www.noticiasradioreflejos.com.ar\/2021\/wp-content\/uploads\/2022\/10\/biblioteca.jpg","type":"image\/jpeg"}],"author":"Arnaldo Botto","twitter_card":"summary_large_image","schema":{"@context":"https:\/\/schema.org","@graph":[{"@type":"WebPage","@id":"https:\/\/www.noticiasradioreflejos.com.ar\/2021\/sol-waimann-se-vienen-dos-talleres-en-febrero\/","url":"https:\/\/www.noticiasradioreflejos.com.ar\/2021\/sol-waimann-se-vienen-dos-talleres-en-febrero\/","name":"Sol Waimann: \u201cSe vienen dos talleres en febrero\u201d - Noticias Radio Reflejos","isPartOf":{"@id":"https:\/\/www.noticiasradioreflejos.com.ar\/2021\/#website"},"primaryImageOfPage":{"@id":"https:\/\/www.noticiasradioreflejos.com.ar\/2021\/sol-waimann-se-vienen-dos-talleres-en-febrero\/#primaryimage"},"image":{"@id":"https:\/\/www.noticiasradioreflejos.com.ar\/2021\/sol-waimann-se-vienen-dos-talleres-en-febrero\/#primaryimage"},"thumbnailUrl":"https:\/\/www.noticiasradioreflejos.com.ar\/2021\/wp-content\/uploads\/2022\/10\/biblioteca.jpg","datePublished":"2024-01-30T21:03:56+00:00","dateModified":"2024-01-30T21:55:00+00:00","author":{"@id":"https:\/\/www.noticiasradioreflejos.com.ar\/2021\/#\/schema\/person\/ad82545263dcc5ec0996818884fd5fb1"},"breadcrumb":{"@id":"https:\/\/www.noticiasradioreflejos.com.ar\/2021\/sol-waimann-se-vienen-dos-talleres-en-febrero\/#breadcrumb"},"inLanguage":"es","potentialAction":[{"@type":"ReadAction","target":["https:\/\/www.noticiasradioreflejos.com.ar\/2021\/sol-waimann-se-vienen-dos-talleres-en-febrero\/"]}]},{"@type":"ImageObject","inLanguage":"es","@id":"https:\/\/www.noticiasradioreflejos.com.ar\/2021\/sol-waimann-se-vienen-dos-talleres-en-febrero\/#primaryimage","url":"https:\/\/www.noticiasradioreflejos.com.ar\/2021\/wp-content\/uploads\/2022\/10\/biblioteca.jpg","contentUrl":"https:\/\/www.noticiasradioreflejos.com.ar\/2021\/wp-content\/uploads\/2022\/10\/biblioteca.jpg","width":1152,"height":1152},{"@type":"BreadcrumbList","@id":"https:\/\/www.noticiasradioreflejos.com.ar\/2021\/sol-waimann-se-vienen-dos-talleres-en-febrero\/#breadcrumb","itemListElement":[{"@type":"ListItem","position":1,"name":"Portada","item":"https:\/\/www.noticiasradioreflejos.com.ar\/2021\/"},{"@type":"ListItem","position":2,"name":"Sol Waimann: \u201cSe vienen dos talleres en febrero\u201d"}]},{"@type":"WebSite","@id":"https:\/\/www.noticiasradioreflejos.com.ar\/2021\/#website","url":"https:\/\/www.noticiasradioreflejos.com.ar\/2021\/","name":"Noticias Radio Reflejos","description":"Las noticias de mi comarca","potentialAction":[{"@type":"SearchAction","target":{"@type":"EntryPoint","urlTemplate":"https:\/\/www.noticiasradioreflejos.com.ar\/2021\/?s={search_term_string}"},"query-input":{"@type":"PropertyValueSpecification","valueRequired":true,"valueName":"search_term_string"}}],"inLanguage":"es"},{"@type":"Person","@id":"https:\/\/www.noticiasradioreflejos.com.ar\/2021\/#\/schema\/person\/ad82545263dcc5ec0996818884fd5fb1","name":"Arnaldo Botto","image":{"@type":"ImageObject","inLanguage":"es","@id":"https:\/\/www.noticiasradioreflejos.com.ar\/2021\/#\/schema\/person\/image\/","url":"https:\/\/secure.gravatar.com\/avatar\/55cb5e37c1efa326397366e6974cb338056df65cb50e7d64d1cf314e87504837?s=96&d=mm&r=g","contentUrl":"https:\/\/secure.gravatar.com\/avatar\/55cb5e37c1efa326397366e6974cb338056df65cb50e7d64d1cf314e87504837?s=96&d=mm&r=g","caption":"Arnaldo Botto"},"url":"https:\/\/www.noticiasradioreflejos.com.ar\/2021\/author\/arnaldo\/"}]}},"_links":{"self":[{"href":"https:\/\/www.noticiasradioreflejos.com.ar\/2021\/wp-json\/wp\/v2\/posts\/98267","targetHints":{"allow":["GET"]}}],"collection":[{"href":"https:\/\/www.noticiasradioreflejos.com.ar\/2021\/wp-json\/wp\/v2\/posts"}],"about":[{"href":"https:\/\/www.noticiasradioreflejos.com.ar\/2021\/wp-json\/wp\/v2\/types\/post"}],"author":[{"embeddable":true,"href":"https:\/\/www.noticiasradioreflejos.com.ar\/2021\/wp-json\/wp\/v2\/users\/3"}],"replies":[{"embeddable":true,"href":"https:\/\/www.noticiasradioreflejos.com.ar\/2021\/wp-json\/wp\/v2\/comments?post=98267"}],"version-history":[{"count":2,"href":"https:\/\/www.noticiasradioreflejos.com.ar\/2021\/wp-json\/wp\/v2\/posts\/98267\/revisions"}],"predecessor-version":[{"id":98287,"href":"https:\/\/www.noticiasradioreflejos.com.ar\/2021\/wp-json\/wp\/v2\/posts\/98267\/revisions\/98287"}],"wp:featuredmedia":[{"embeddable":true,"href":"https:\/\/www.noticiasradioreflejos.com.ar\/2021\/wp-json\/wp\/v2\/media\/79418"}],"wp:attachment":[{"href":"https:\/\/www.noticiasradioreflejos.com.ar\/2021\/wp-json\/wp\/v2\/media?parent=98267"}],"wp:term":[{"taxonomy":"category","embeddable":true,"href":"https:\/\/www.noticiasradioreflejos.com.ar\/2021\/wp-json\/wp\/v2\/categories?post=98267"},{"taxonomy":"post_tag","embeddable":true,"href":"https:\/\/www.noticiasradioreflejos.com.ar\/2021\/wp-json\/wp\/v2\/tags?post=98267"}],"curies":[{"name":"wp","href":"https:\/\/api.w.org\/{rel}","templated":true}]}}