{"id":98262,"date":"2024-01-30T10:40:34","date_gmt":"2024-01-30T13:40:34","guid":{"rendered":"https:\/\/www.noticiasradioreflejos.com.ar\/2021\/?p=98262"},"modified":"2024-01-30T10:40:34","modified_gmt":"2024-01-30T13:40:34","slug":"la-onu-confirmo-un-record-de-temperatura-de-488c-en-europa-es-alarmante","status":"publish","type":"post","link":"https:\/\/www.noticiasradioreflejos.com.ar\/2021\/la-onu-confirmo-un-record-de-temperatura-de-488c-en-europa-es-alarmante\/","title":{"rendered":"La ONU confirm\u00f3 un r\u00e9cord de temperatura de 48,8\u00b0C en Europa: \u201cEs alarmante\u201d"},"content":{"rendered":"<p>Tras m\u00e1s de dos a\u00f1os de estudio, un panel de cient\u00edficos concluy\u00f3 en que la medici\u00f3n que se tom\u00f3 en la isla de Sicilia es la nueva marca m\u00e1s alta del continente<!--more--><\/p>\n<div class=\"body-article\">\n<div class=\"visual__image\"><img loading=\"lazy\" decoding=\"async\" class=\" lazyload\" src=\"https:\/\/www.infobae.com\/new-resizer\/WBmp-xZbDI7ZXg5fSHy7yM675Yw=\/420x236\/filters:format(webp):quality(85)\/cloudfront-us-east-1.images.arcpublishing.com\/infobae\/FRKXGP652NDWZEFR65B7SWGMJI.png%20420w\" sizes=\"auto, (min-width: 1560px) 856px, (min-width: 1000px) calc(74.63vw - 293px), (min-width: 780px) calc(100vw - 376px), (min-width: 580px) calc(100vw - 32px), 100vw\" srcset=\"https:\/\/www.infobae.com\/new-resizer\/WBmp-xZbDI7ZXg5fSHy7yM675Yw=\/420x236\/filters:format(webp):quality(85)\/cloudfront-us-east-1.images.arcpublishing.com\/infobae\/FRKXGP652NDWZEFR65B7SWGMJI.png 420w,https:\/\/www.infobae.com\/new-resizer\/QveHImZZaV19062w8Me-LS44TpU=\/768x432\/filters:format(webp):quality(85)\/cloudfront-us-east-1.images.arcpublishing.com\/infobae\/FRKXGP652NDWZEFR65B7SWGMJI.png 768w,https:\/\/www.infobae.com\/new-resizer\/bnYu6H5Bd3FnFePiRtY24QUToGs=\/992x558\/filters:format(webp):quality(85)\/cloudfront-us-east-1.images.arcpublishing.com\/infobae\/FRKXGP652NDWZEFR65B7SWGMJI.png 992w,https:\/\/www.infobae.com\/new-resizer\/6DHoYUaP-n2FbYEzr2STX1-QHXU=\/1200x675\/filters:format(webp):quality(85)\/cloudfront-us-east-1.images.arcpublishing.com\/infobae\/FRKXGP652NDWZEFR65B7SWGMJI.png 1200w,https:\/\/www.infobae.com\/new-resizer\/BBxSx4HTg2-cR8C6enHsgead50c=\/1440x810\/filters:format(webp):quality(85)\/cloudfront-us-east-1.images.arcpublishing.com\/infobae\/FRKXGP652NDWZEFR65B7SWGMJI.png 1440w\" alt=\"La Organizaci\u00f3n Meteorol\u00f3gica Mundial (OMM) confirm\u00f3 que se alcanz\u00f3 un nuevo r\u00e9cord de temperatura en Europa - cr\u00e9dito Andina\" width=\"1920\" height=\"1080\" data-src=\"https:\/\/www.infobae.com\/new-resizer\/WBmp-xZbDI7ZXg5fSHy7yM675Yw=\/420x236\/filters:format(webp):quality(85)\/cloudfront-us-east-1.images.arcpublishing.com\/infobae\/FRKXGP652NDWZEFR65B7SWGMJI.png 420w\" \/><em>La Organizaci\u00f3n Meteorol\u00f3gica Mundial (OMM) confirm\u00f3 que se alcanz\u00f3 un nuevo r\u00e9cord de temperatura en Europa &#8211; cr\u00e9dito Andina<\/em><\/div>\n<p data-mrf-recirculation=\"Links inline\">\n<p class=\"paragraph\" data-mrf-recirculation=\"Links inline\">La\u00a0<b>Organizaci\u00f3n Meteorol\u00f3gica Mundial<\/b>\u00a0(OMM) confirm\u00f3 este martes el r\u00e9cord de temperatura de<b>\u00a048,8 \u00b0C\u00a0<\/b>alcanzado el 11 de agosto de 2021 en la isla italiana de\u00a0<b>Sicilia<\/b>.<\/p>\n<p class=\"paragraph\" data-mrf-recirculation=\"Links inline\"><b>\u201cUn panel internacional de cient\u00edficos atmosf\u00e9ricos verific\u00f3 la temperatura registrada por una estaci\u00f3n meteorol\u00f3gica automatizada en Siracusa, en la isla italiana de Sicilia\u201d<\/b>, indic\u00f3 esta agencia de la ONU en un comunicado.<\/p>\n<p class=\"paragraph\" data-mrf-recirculation=\"Links inline\">La OMM suele verificar con mucha precisi\u00f3n los datos as\u00ed como los instrumentos y las condiciones en que se recogen. El procedimiento explica la raz\u00f3n por la que el nuevo r\u00e9cord se valida solo dos a\u00f1os y medio m\u00e1s tarde.<\/p>\n<p class=\"paragraph\" data-mrf-recirculation=\"Links inline\"><b>\u201cUn examen tan minucioso nos da la certeza de que nuestros r\u00e9cord mundiales de temperaturas son medidos de manera adecuada\u201d<\/b>, explic\u00f3 el ge\u00f3grafo estadounidense Randall Cerveny, relator de la OMM para el clima y los fen\u00f3menos meteorol\u00f3gicos extremos.<\/p>\n<p class=\"paragraph\" data-mrf-recirculation=\"Links inline\"><b>\u201cM\u00e1s all\u00e1 de eso, el estudio demuestra la alarmante tendencia a la persistencia de temperaturas r\u00e9cord en determinadas regiones del mundo\u201d<\/b>, subray\u00f3.<\/p>\n<p class=\"paragraph\" data-mrf-recirculation=\"Links inline\">Los resultados de la investigaci\u00f3n realizada por el panel de cient\u00edficos fueron publicados en la revista International\u00a0<i>Journal of Climatology<\/i>.<\/p>\n<p class=\"paragraph\" data-mrf-recirculation=\"Links inline\">Los posibles r\u00e9cord presentados a la OMM son im\u00e1genes \u201cinstant\u00e1neas de nuestro clima actual\u201d y \u201ces posible, incluso probable, que en el futuro se produzcan en Europa fen\u00f3menos extremos a\u00fan m\u00e1s graves\u201d, a\u00f1adi\u00f3 Cerveny.<\/p>\n<p class=\"paragraph\" data-mrf-recirculation=\"Links inline\">Este r\u00e9cord ha sido corroborado de forma independiente por un panel especial de cient\u00edficos de la OMM especializados en la atm\u00f3sfera, tras el an\u00e1lisis minucioso de una multitud de informaciones y elementos.<\/p>\n<div class=\"visual__image\"><img loading=\"lazy\" decoding=\"async\" class=\" lazyload\" src=\"https:\/\/www.infobae.com\/new-resizer\/UUyhFXoNXxnKOhP3DKYICAHaYOk=\/420x280\/filters:format(webp):quality(85)\/cloudfront-us-east-1.images.arcpublishing.com\/infobae\/6FMPG76DOASVRZETYNDRL4667M.jpg%20420w\" sizes=\"auto, (min-width: 1560px) 856px, (min-width: 1000px) calc(74.63vw - 293px), (min-width: 780px) calc(100vw - 376px), (min-width: 580px) calc(100vw - 32px), 100vw\" srcset=\"https:\/\/www.infobae.com\/new-resizer\/UUyhFXoNXxnKOhP3DKYICAHaYOk=\/420x280\/filters:format(webp):quality(85)\/cloudfront-us-east-1.images.arcpublishing.com\/infobae\/6FMPG76DOASVRZETYNDRL4667M.jpg 420w,https:\/\/www.infobae.com\/new-resizer\/nXdwQ0zK6ZHpT7pvjEvxBweukjI=\/768x512\/filters:format(webp):quality(85)\/cloudfront-us-east-1.images.arcpublishing.com\/infobae\/6FMPG76DOASVRZETYNDRL4667M.jpg 768w,https:\/\/www.infobae.com\/new-resizer\/t30bvfiIr5QQuetFTpKADGaLc6s=\/992x661\/filters:format(webp):quality(85)\/cloudfront-us-east-1.images.arcpublishing.com\/infobae\/6FMPG76DOASVRZETYNDRL4667M.jpg 992w,https:\/\/www.infobae.com\/new-resizer\/3fREOQ2zUsTktNudrXDVoLs_mbc=\/1200x800\/filters:format(webp):quality(85)\/cloudfront-us-east-1.images.arcpublishing.com\/infobae\/6FMPG76DOASVRZETYNDRL4667M.jpg 1200w,https:\/\/www.infobae.com\/new-resizer\/0EvOFLo-WtdLtxTGyn2p9zKRRY0=\/1440x960\/filters:format(webp):quality(85)\/cloudfront-us-east-1.images.arcpublishing.com\/infobae\/6FMPG76DOASVRZETYNDRL4667M.jpg 1440w\" alt=\"Ba\u00f1istas disfrutan de un d\u00eda de playa en Aci Trezza, cerca de Catania, Sicilia, Italia. (AP Foto\/Salvatore Cavalli, archivo)\" width=\"5568\" height=\"3712\" data-src=\"https:\/\/www.infobae.com\/new-resizer\/UUyhFXoNXxnKOhP3DKYICAHaYOk=\/420x280\/filters:format(webp):quality(85)\/cloudfront-us-east-1.images.arcpublishing.com\/infobae\/6FMPG76DOASVRZETYNDRL4667M.jpg 420w\" \/>Ba\u00f1istas disfrutan de un d\u00eda de playa en Aci Trezza, cerca de Catania, Sicilia, Italia. (AP Foto\/Salvatore Cavalli, archivo)<\/div>\n<p class=\"paragraph\" data-mrf-recirculation=\"Links inline\"><b>El r\u00e9cord anterior, de 48 \u00baC, se hab\u00eda establecido el 10 de julio de 1977<\/b>, en las ciudades griegas de\u00a0<b>Atenas y Elefsina<\/b>, aunque en esa ocasi\u00f3n la \u00fanica fuente fueron las mediciones de entidades oficiales de Grecia y no hubo evaluaci\u00f3n independiente, como en el r\u00e9cord anunciado hoy.<\/p>\n<p class=\"paragraph\" data-mrf-recirculation=\"Links inline\">Dado que la Regi\u00f3n Europa de la OMM contiene partes de Asia (por ejemplo,<b>\u00a0Israel, Turqu\u00eda y Siria<\/b>) y\u00a0<b>Groenlandia<\/b>, los extremos establecidos por la organizaci\u00f3n comprenden tanto el conjunto de la regi\u00f3n como la denominada \u201cEuropa Continental\u201d, precis\u00f3.<\/p>\n<p class=\"paragraph\" data-mrf-recirculation=\"Links inline\">\u201cEste resultado es un indicio m\u00e1s de\u00a0<b>la alarmante tendencia a que se sigan estableciendo r\u00e9cords de altas temperaturas\u00a0<\/b>en regiones concretas del mundo\u201d, se\u00f1al\u00f3 el profesor Randall Cerveny, experto en Extremos Clim\u00e1ticos y Meteorol\u00f3gicos de la OMM.<\/p>\n<p class=\"paragraph\" data-mrf-recirculation=\"Links inline\">La organizaci\u00f3n, que funciona como el brazo cient\u00edfico de Naciones Unidas, indic\u00f3 que este tipo de informaci\u00f3n ofrece \u2018instant\u00e1neas\u2019 del estado actual clima y que \u201ces posible, e incluso probable, que en el futuro se produzcan en Europa fen\u00f3menos m\u00e1s extremos\u201d.<\/p>\n<p class=\"paragraph\" data-mrf-recirculation=\"Links inline\">Cuando eso ocurra, la OMM volver\u00e1 a formar nuevos comit\u00e9s de evaluaci\u00f3n y a realizar evaluaciones que toman un tiempo considerable hasta llegar a conclusiones definitivas.<\/p>\n<p class=\"paragraph\" data-mrf-recirculation=\"Links inline\">\u201cSe trata de procedimientos largos debido al cuidado que pone la OMM en la certificaci\u00f3n de las observaciones meteorol\u00f3gicas. Esta minuciosa evaluaci\u00f3n proporciona la confianza de que nuestros registros mundiales de temperaturas se est\u00e1n midiendo correctamente\u201d, explic\u00f3 Cerveny.<\/p>\n<p class=\"paragraph\" data-mrf-recirculation=\"Links inline\">La evaluaci\u00f3n del r\u00e9cord en Sicilia incluy\u00f3 un an\u00e1lisis y calibraci\u00f3n de los instrumentos del organismo meteorol\u00f3gico de Italia que registraron los 48,8 grados.<\/p>\n<p class=\"paragraph\" data-mrf-recirculation=\"Links inline\">Actualmente, la OMM est\u00e1 realizando otras investigaciones relacionadas con el hurac\u00e1n Freddy para establecer si -como se cree- fue el de mayor duraci\u00f3n que se haya registrado.<\/p>\n<p class=\"paragraph\" data-mrf-recirculation=\"Links inline\"><i>(Con informaci\u00f3n de AFP y EFE)<\/i><\/p>\n<\/div>\n","protected":false},"excerpt":{"rendered":"<p>Tras m\u00e1s de dos a\u00f1os de estudio, un panel de cient\u00edficos concluy\u00f3 en que la medici\u00f3n que se tom\u00f3 en la isla de Sicilia es la nueva marca m\u00e1s alta del continente<\/p>\n","protected":false},"author":3,"featured_media":0,"comment_status":"closed","ping_status":"closed","sticky":false,"template":"","format":"standard","meta":{"footnotes":""},"categories":[46],"tags":[],"class_list":["post-98262","post","type-post","status-publish","format-standard","hentry","category-ciencia-y-tecnologia"],"yoast_head":"<!-- This site is optimized with the Yoast SEO plugin v25.9 - https:\/\/yoast.com\/wordpress\/plugins\/seo\/ -->\n<title>La ONU confirm\u00f3 un r\u00e9cord de temperatura de 48,8\u00b0C en Europa: \u201cEs alarmante\u201d - Noticias Radio Reflejos<\/title>\n<meta name=\"robots\" content=\"index, follow, max-snippet:-1, max-image-preview:large, max-video-preview:-1\" \/>\n<link rel=\"canonical\" href=\"https:\/\/www.noticiasradioreflejos.com.ar\/2021\/la-onu-confirmo-un-record-de-temperatura-de-488c-en-europa-es-alarmante\/\" \/>\n<meta property=\"og:locale\" content=\"es_ES\" \/>\n<meta property=\"og:type\" content=\"article\" \/>\n<meta property=\"og:title\" content=\"La ONU confirm\u00f3 un r\u00e9cord de temperatura de 48,8\u00b0C en Europa: \u201cEs alarmante\u201d - Noticias Radio Reflejos\" \/>\n<meta property=\"og:description\" content=\"Tras m\u00e1s de dos a\u00f1os de estudio, un panel de cient\u00edficos concluy\u00f3 en que la medici\u00f3n que se tom\u00f3 en la isla de Sicilia es la nueva marca m\u00e1s alta del continente\" \/>\n<meta property=\"og:url\" content=\"https:\/\/www.noticiasradioreflejos.com.ar\/2021\/la-onu-confirmo-un-record-de-temperatura-de-488c-en-europa-es-alarmante\/\" \/>\n<meta property=\"og:site_name\" content=\"Noticias Radio Reflejos\" \/>\n<meta property=\"article:published_time\" content=\"2024-01-30T13:40:34+00:00\" \/>\n<meta property=\"og:image\" content=\"https:\/\/www.noticiasradioreflejos.com.ar\/2021\/wp-content\/uploads\/2023\/08\/ola-de-calor.jpg\" \/>\n\t<meta property=\"og:image:width\" content=\"1024\" \/>\n\t<meta property=\"og:image:height\" content=\"742\" \/>\n\t<meta property=\"og:image:type\" content=\"image\/jpeg\" \/>\n<meta name=\"author\" content=\"Arnaldo Botto\" \/>\n<meta name=\"twitter:card\" content=\"summary_large_image\" \/>\n<script type=\"application\/ld+json\" class=\"yoast-schema-graph\">{\"@context\":\"https:\/\/schema.org\",\"@graph\":[{\"@type\":\"WebPage\",\"@id\":\"https:\/\/www.noticiasradioreflejos.com.ar\/2021\/la-onu-confirmo-un-record-de-temperatura-de-488c-en-europa-es-alarmante\/\",\"url\":\"https:\/\/www.noticiasradioreflejos.com.ar\/2021\/la-onu-confirmo-un-record-de-temperatura-de-488c-en-europa-es-alarmante\/\",\"name\":\"La ONU confirm\u00f3 un r\u00e9cord de temperatura de 48,8\u00b0C en Europa: \u201cEs alarmante\u201d - Noticias Radio Reflejos\",\"isPartOf\":{\"@id\":\"https:\/\/www.noticiasradioreflejos.com.ar\/2021\/#website\"},\"primaryImageOfPage\":{\"@id\":\"https:\/\/www.noticiasradioreflejos.com.ar\/2021\/la-onu-confirmo-un-record-de-temperatura-de-488c-en-europa-es-alarmante\/#primaryimage\"},\"image\":{\"@id\":\"https:\/\/www.noticiasradioreflejos.com.ar\/2021\/la-onu-confirmo-un-record-de-temperatura-de-488c-en-europa-es-alarmante\/#primaryimage\"},\"thumbnailUrl\":\"https:\/\/www.infobae.com\/new-resizer\/WBmp-xZbDI7ZXg5fSHy7yM675Yw=\/420x236\/filters:format(webp):quality(85)\/cloudfront-us-east-1.images.arcpublishing.com\/infobae\/FRKXGP652NDWZEFR65B7SWGMJI.png%20420w\",\"datePublished\":\"2024-01-30T13:40:34+00:00\",\"author\":{\"@id\":\"https:\/\/www.noticiasradioreflejos.com.ar\/2021\/#\/schema\/person\/ad82545263dcc5ec0996818884fd5fb1\"},\"breadcrumb\":{\"@id\":\"https:\/\/www.noticiasradioreflejos.com.ar\/2021\/la-onu-confirmo-un-record-de-temperatura-de-488c-en-europa-es-alarmante\/#breadcrumb\"},\"inLanguage\":\"es\",\"potentialAction\":[{\"@type\":\"ReadAction\",\"target\":[\"https:\/\/www.noticiasradioreflejos.com.ar\/2021\/la-onu-confirmo-un-record-de-temperatura-de-488c-en-europa-es-alarmante\/\"]}]},{\"@type\":\"ImageObject\",\"inLanguage\":\"es\",\"@id\":\"https:\/\/www.noticiasradioreflejos.com.ar\/2021\/la-onu-confirmo-un-record-de-temperatura-de-488c-en-europa-es-alarmante\/#primaryimage\",\"url\":\"https:\/\/www.infobae.com\/new-resizer\/WBmp-xZbDI7ZXg5fSHy7yM675Yw=\/420x236\/filters:format(webp):quality(85)\/cloudfront-us-east-1.images.arcpublishing.com\/infobae\/FRKXGP652NDWZEFR65B7SWGMJI.png%20420w\",\"contentUrl\":\"https:\/\/www.infobae.com\/new-resizer\/WBmp-xZbDI7ZXg5fSHy7yM675Yw=\/420x236\/filters:format(webp):quality(85)\/cloudfront-us-east-1.images.arcpublishing.com\/infobae\/FRKXGP652NDWZEFR65B7SWGMJI.png%20420w\"},{\"@type\":\"BreadcrumbList\",\"@id\":\"https:\/\/www.noticiasradioreflejos.com.ar\/2021\/la-onu-confirmo-un-record-de-temperatura-de-488c-en-europa-es-alarmante\/#breadcrumb\",\"itemListElement\":[{\"@type\":\"ListItem\",\"position\":1,\"name\":\"Portada\",\"item\":\"https:\/\/www.noticiasradioreflejos.com.ar\/2021\/\"},{\"@type\":\"ListItem\",\"position\":2,\"name\":\"La ONU confirm\u00f3 un r\u00e9cord de temperatura de 48,8\u00b0C en Europa: \u201cEs alarmante\u201d\"}]},{\"@type\":\"WebSite\",\"@id\":\"https:\/\/www.noticiasradioreflejos.com.ar\/2021\/#website\",\"url\":\"https:\/\/www.noticiasradioreflejos.com.ar\/2021\/\",\"name\":\"Noticias Radio Reflejos\",\"description\":\"Las noticias de mi comarca\",\"potentialAction\":[{\"@type\":\"SearchAction\",\"target\":{\"@type\":\"EntryPoint\",\"urlTemplate\":\"https:\/\/www.noticiasradioreflejos.com.ar\/2021\/?s={search_term_string}\"},\"query-input\":{\"@type\":\"PropertyValueSpecification\",\"valueRequired\":true,\"valueName\":\"search_term_string\"}}],\"inLanguage\":\"es\"},{\"@type\":\"Person\",\"@id\":\"https:\/\/www.noticiasradioreflejos.com.ar\/2021\/#\/schema\/person\/ad82545263dcc5ec0996818884fd5fb1\",\"name\":\"Arnaldo Botto\",\"image\":{\"@type\":\"ImageObject\",\"inLanguage\":\"es\",\"@id\":\"https:\/\/www.noticiasradioreflejos.com.ar\/2021\/#\/schema\/person\/image\/\",\"url\":\"https:\/\/secure.gravatar.com\/avatar\/55cb5e37c1efa326397366e6974cb338056df65cb50e7d64d1cf314e87504837?s=96&d=mm&r=g\",\"contentUrl\":\"https:\/\/secure.gravatar.com\/avatar\/55cb5e37c1efa326397366e6974cb338056df65cb50e7d64d1cf314e87504837?s=96&d=mm&r=g\",\"caption\":\"Arnaldo Botto\"},\"url\":\"https:\/\/www.noticiasradioreflejos.com.ar\/2021\/author\/arnaldo\/\"}]}<\/script>\n<!-- \/ Yoast SEO plugin. -->","yoast_head_json":{"title":"La ONU confirm\u00f3 un r\u00e9cord de temperatura de 48,8\u00b0C en Europa: \u201cEs alarmante\u201d - Noticias Radio Reflejos","robots":{"index":"index","follow":"follow","max-snippet":"max-snippet:-1","max-image-preview":"max-image-preview:large","max-video-preview":"max-video-preview:-1"},"canonical":"https:\/\/www.noticiasradioreflejos.com.ar\/2021\/la-onu-confirmo-un-record-de-temperatura-de-488c-en-europa-es-alarmante\/","og_locale":"es_ES","og_type":"article","og_title":"La ONU confirm\u00f3 un r\u00e9cord de temperatura de 48,8\u00b0C en Europa: \u201cEs alarmante\u201d - Noticias Radio Reflejos","og_description":"Tras m\u00e1s de dos a\u00f1os de estudio, un panel de cient\u00edficos concluy\u00f3 en que la medici\u00f3n que se tom\u00f3 en la isla de Sicilia es la nueva marca m\u00e1s alta del continente","og_url":"https:\/\/www.noticiasradioreflejos.com.ar\/2021\/la-onu-confirmo-un-record-de-temperatura-de-488c-en-europa-es-alarmante\/","og_site_name":"Noticias Radio Reflejos","article_published_time":"2024-01-30T13:40:34+00:00","og_image":[{"width":1024,"height":742,"url":"https:\/\/www.noticiasradioreflejos.com.ar\/2021\/wp-content\/uploads\/2023\/08\/ola-de-calor.jpg","type":"image\/jpeg"}],"author":"Arnaldo Botto","twitter_card":"summary_large_image","schema":{"@context":"https:\/\/schema.org","@graph":[{"@type":"WebPage","@id":"https:\/\/www.noticiasradioreflejos.com.ar\/2021\/la-onu-confirmo-un-record-de-temperatura-de-488c-en-europa-es-alarmante\/","url":"https:\/\/www.noticiasradioreflejos.com.ar\/2021\/la-onu-confirmo-un-record-de-temperatura-de-488c-en-europa-es-alarmante\/","name":"La ONU confirm\u00f3 un r\u00e9cord de temperatura de 48,8\u00b0C en Europa: \u201cEs alarmante\u201d - Noticias Radio Reflejos","isPartOf":{"@id":"https:\/\/www.noticiasradioreflejos.com.ar\/2021\/#website"},"primaryImageOfPage":{"@id":"https:\/\/www.noticiasradioreflejos.com.ar\/2021\/la-onu-confirmo-un-record-de-temperatura-de-488c-en-europa-es-alarmante\/#primaryimage"},"image":{"@id":"https:\/\/www.noticiasradioreflejos.com.ar\/2021\/la-onu-confirmo-un-record-de-temperatura-de-488c-en-europa-es-alarmante\/#primaryimage"},"thumbnailUrl":"https:\/\/www.infobae.com\/new-resizer\/WBmp-xZbDI7ZXg5fSHy7yM675Yw=\/420x236\/filters:format(webp):quality(85)\/cloudfront-us-east-1.images.arcpublishing.com\/infobae\/FRKXGP652NDWZEFR65B7SWGMJI.png%20420w","datePublished":"2024-01-30T13:40:34+00:00","author":{"@id":"https:\/\/www.noticiasradioreflejos.com.ar\/2021\/#\/schema\/person\/ad82545263dcc5ec0996818884fd5fb1"},"breadcrumb":{"@id":"https:\/\/www.noticiasradioreflejos.com.ar\/2021\/la-onu-confirmo-un-record-de-temperatura-de-488c-en-europa-es-alarmante\/#breadcrumb"},"inLanguage":"es","potentialAction":[{"@type":"ReadAction","target":["https:\/\/www.noticiasradioreflejos.com.ar\/2021\/la-onu-confirmo-un-record-de-temperatura-de-488c-en-europa-es-alarmante\/"]}]},{"@type":"ImageObject","inLanguage":"es","@id":"https:\/\/www.noticiasradioreflejos.com.ar\/2021\/la-onu-confirmo-un-record-de-temperatura-de-488c-en-europa-es-alarmante\/#primaryimage","url":"https:\/\/www.infobae.com\/new-resizer\/WBmp-xZbDI7ZXg5fSHy7yM675Yw=\/420x236\/filters:format(webp):quality(85)\/cloudfront-us-east-1.images.arcpublishing.com\/infobae\/FRKXGP652NDWZEFR65B7SWGMJI.png%20420w","contentUrl":"https:\/\/www.infobae.com\/new-resizer\/WBmp-xZbDI7ZXg5fSHy7yM675Yw=\/420x236\/filters:format(webp):quality(85)\/cloudfront-us-east-1.images.arcpublishing.com\/infobae\/FRKXGP652NDWZEFR65B7SWGMJI.png%20420w"},{"@type":"BreadcrumbList","@id":"https:\/\/www.noticiasradioreflejos.com.ar\/2021\/la-onu-confirmo-un-record-de-temperatura-de-488c-en-europa-es-alarmante\/#breadcrumb","itemListElement":[{"@type":"ListItem","position":1,"name":"Portada","item":"https:\/\/www.noticiasradioreflejos.com.ar\/2021\/"},{"@type":"ListItem","position":2,"name":"La ONU confirm\u00f3 un r\u00e9cord de temperatura de 48,8\u00b0C en Europa: \u201cEs alarmante\u201d"}]},{"@type":"WebSite","@id":"https:\/\/www.noticiasradioreflejos.com.ar\/2021\/#website","url":"https:\/\/www.noticiasradioreflejos.com.ar\/2021\/","name":"Noticias Radio Reflejos","description":"Las noticias de mi comarca","potentialAction":[{"@type":"SearchAction","target":{"@type":"EntryPoint","urlTemplate":"https:\/\/www.noticiasradioreflejos.com.ar\/2021\/?s={search_term_string}"},"query-input":{"@type":"PropertyValueSpecification","valueRequired":true,"valueName":"search_term_string"}}],"inLanguage":"es"},{"@type":"Person","@id":"https:\/\/www.noticiasradioreflejos.com.ar\/2021\/#\/schema\/person\/ad82545263dcc5ec0996818884fd5fb1","name":"Arnaldo Botto","image":{"@type":"ImageObject","inLanguage":"es","@id":"https:\/\/www.noticiasradioreflejos.com.ar\/2021\/#\/schema\/person\/image\/","url":"https:\/\/secure.gravatar.com\/avatar\/55cb5e37c1efa326397366e6974cb338056df65cb50e7d64d1cf314e87504837?s=96&d=mm&r=g","contentUrl":"https:\/\/secure.gravatar.com\/avatar\/55cb5e37c1efa326397366e6974cb338056df65cb50e7d64d1cf314e87504837?s=96&d=mm&r=g","caption":"Arnaldo Botto"},"url":"https:\/\/www.noticiasradioreflejos.com.ar\/2021\/author\/arnaldo\/"}]}},"_links":{"self":[{"href":"https:\/\/www.noticiasradioreflejos.com.ar\/2021\/wp-json\/wp\/v2\/posts\/98262","targetHints":{"allow":["GET"]}}],"collection":[{"href":"https:\/\/www.noticiasradioreflejos.com.ar\/2021\/wp-json\/wp\/v2\/posts"}],"about":[{"href":"https:\/\/www.noticiasradioreflejos.com.ar\/2021\/wp-json\/wp\/v2\/types\/post"}],"author":[{"embeddable":true,"href":"https:\/\/www.noticiasradioreflejos.com.ar\/2021\/wp-json\/wp\/v2\/users\/3"}],"replies":[{"embeddable":true,"href":"https:\/\/www.noticiasradioreflejos.com.ar\/2021\/wp-json\/wp\/v2\/comments?post=98262"}],"version-history":[{"count":1,"href":"https:\/\/www.noticiasradioreflejos.com.ar\/2021\/wp-json\/wp\/v2\/posts\/98262\/revisions"}],"predecessor-version":[{"id":98263,"href":"https:\/\/www.noticiasradioreflejos.com.ar\/2021\/wp-json\/wp\/v2\/posts\/98262\/revisions\/98263"}],"wp:attachment":[{"href":"https:\/\/www.noticiasradioreflejos.com.ar\/2021\/wp-json\/wp\/v2\/media?parent=98262"}],"wp:term":[{"taxonomy":"category","embeddable":true,"href":"https:\/\/www.noticiasradioreflejos.com.ar\/2021\/wp-json\/wp\/v2\/categories?post=98262"},{"taxonomy":"post_tag","embeddable":true,"href":"https:\/\/www.noticiasradioreflejos.com.ar\/2021\/wp-json\/wp\/v2\/tags?post=98262"}],"curies":[{"name":"wp","href":"https:\/\/api.w.org\/{rel}","templated":true}]}}