{"id":98255,"date":"2024-01-30T09:40:55","date_gmt":"2024-01-30T12:40:55","guid":{"rendered":"https:\/\/www.noticiasradioreflejos.com.ar\/2021\/?p=98255"},"modified":"2024-01-30T09:40:55","modified_gmt":"2024-01-30T12:40:55","slug":"cinco-enfermedades-tropicales-con-consecuencias-devastadoras-sobre-las-que-advirtio-la-oms-y-preocupan-en-la-argentina","status":"publish","type":"post","link":"https:\/\/www.noticiasradioreflejos.com.ar\/2021\/cinco-enfermedades-tropicales-con-consecuencias-devastadoras-sobre-las-que-advirtio-la-oms-y-preocupan-en-la-argentina\/","title":{"rendered":"Cinco enfermedades tropicales con consecuencias devastadoras sobre las que advirti\u00f3 la OMS y preocupan en la Argentina"},"content":{"rendered":"<p>Se trata de un grupo de patolog\u00edas causadas por virus, bacterias, par\u00e1sitos y hongos, entre otros pat\u00f3genos, y afectan principalmente a personas de pa\u00edses en desarrollo<!--more--><\/p>\n<div class=\"body-article\">\n<div class=\"visual__image\"><img loading=\"lazy\" decoding=\"async\" class=\" lazyload\" src=\"https:\/\/www.infobae.com\/new-resizer\/UMDXtyv68x0empmSydAKuyOmZTg=\/420x280\/filters:format(webp):quality(85)\/cloudfront-us-east-1.images.arcpublishing.com\/infobae\/RC77Z3VDH5BVTKT3JI7B3HUHHA.jpg%20420w\" sizes=\"auto, (min-width: 1560px) 856px, (min-width: 1000px) calc(74.63vw - 293px), (min-width: 780px) calc(100vw - 376px), (min-width: 580px) calc(100vw - 32px), 100vw\" srcset=\"https:\/\/www.infobae.com\/new-resizer\/UMDXtyv68x0empmSydAKuyOmZTg=\/420x280\/filters:format(webp):quality(85)\/cloudfront-us-east-1.images.arcpublishing.com\/infobae\/RC77Z3VDH5BVTKT3JI7B3HUHHA.jpg 420w,https:\/\/www.infobae.com\/new-resizer\/9-3zu8kpYzpa6K67DP7-ibVJMpw=\/768x512\/filters:format(webp):quality(85)\/cloudfront-us-east-1.images.arcpublishing.com\/infobae\/RC77Z3VDH5BVTKT3JI7B3HUHHA.jpg 768w,https:\/\/www.infobae.com\/new-resizer\/CEyPx0RnO0BOTV_zYFZkDl4us08=\/992x661\/filters:format(webp):quality(85)\/cloudfront-us-east-1.images.arcpublishing.com\/infobae\/RC77Z3VDH5BVTKT3JI7B3HUHHA.jpg 992w,https:\/\/www.infobae.com\/new-resizer\/eH0ITIeSgfMwzsf3vKcWHysOml0=\/1200x800\/filters:format(webp):quality(85)\/cloudfront-us-east-1.images.arcpublishing.com\/infobae\/RC77Z3VDH5BVTKT3JI7B3HUHHA.jpg 1200w,https:\/\/www.infobae.com\/new-resizer\/J0I7N0mRNoHVX5mtLfCQ_fmxHso=\/1440x960\/filters:format(webp):quality(85)\/cloudfront-us-east-1.images.arcpublishing.com\/infobae\/RC77Z3VDH5BVTKT3JI7B3HUHHA.jpg 1440w\" alt=\"Junto con la movilidad global y la urbanizaci\u00f3n, el cambio clim\u00e1tico es el mayor responsable del aumento de las infecciones de dengue (Freepik)\" width=\"1920\" height=\"1280\" data-src=\"https:\/\/www.infobae.com\/new-resizer\/UMDXtyv68x0empmSydAKuyOmZTg=\/420x280\/filters:format(webp):quality(85)\/cloudfront-us-east-1.images.arcpublishing.com\/infobae\/RC77Z3VDH5BVTKT3JI7B3HUHHA.jpg 420w\" \/>Junto con la movilidad global y la urbanizaci\u00f3n, el cambio clim\u00e1tico es el mayor responsable del aumento de las infecciones de dengue (Freepik)<\/div>\n<p data-mrf-recirculation=\"Links inline\">\n<p class=\"paragraph\" data-mrf-recirculation=\"Links inline\">Las<b>\u00a0enfermedades tropicales desatendidas\u00a0<\/b>(ETD) son un grupo heterog\u00e9neo de 20 patolog\u00edas prevalentes, principalmente, en \u00e1reas tropicales, que afectan a m\u00e1s de mil millones de personas pertenecientes a comunidades empobrecidas en todo el mundo.<\/p>\n<\/div>\n<div class=\"body-article\">\n<p class=\"paragraph\" data-mrf-recirculation=\"Links inline\">Causadas por diversos agentes pat\u00f3genos, como virus, bacterias, par\u00e1sitos, hongos y toxinas, la Organizaci\u00f3n Mundial de la Salud (OMS) estableci\u00f3 el 30 de enero como el\u00a0<b>D\u00eda Mundial de las Enfermedades Tropicales Desatendidas\u00a0<\/b>para concientizar sobre las consecuencias devastadoras que \u00e9stas generan en el \u00e1mbito social, econ\u00f3mico y de salud a nivel global.<\/p>\n<p class=\"paragraph\" data-mrf-recirculation=\"Links inline\"><em><strong>De las ETD que lista la OMS, muchas de ellas se encuentran presentes en Argentina.<\/strong><\/em><\/p>\n<p class=\"paragraph\" data-mrf-recirculation=\"Links inline\">\u201cLas enfermedades tropicales negligenciadas u olvidadas tienen un m\u00e1ximo de expresi\u00f3n, por morbilidad, mortalidad, incidencia y prevalencia, en los tr\u00f3picos y subtr\u00f3picos, pero en muchas partes del mundo se derraman sobre las regiones templadas\u201d, analiz\u00f3 el m\u00e9dico infect\u00f3logo tropicalista, ex Jefe de Medicina Tropical y Medicina del Viajero del Hospital Mu\u00f1iz y miembro del Comit\u00e9 Cient\u00edfico de la Fundaci\u00f3n Mundo Sano,\u00a0<b>Tom\u00e1s Orduna<\/b>, para quien \u201cpese a que hace unos 25 a\u00f1os comenz\u00f3 a hablarse de este grupo de enfermedades, para muchas de ellas no se han tenido avances para combatirlas, en t\u00e9rminos de m\u00e9todos de prevenci\u00f3n o tratamientos\u201d.<\/p>\n<div class=\"visual__image\"><img loading=\"lazy\" decoding=\"async\" class=\" lazyload\" src=\"https:\/\/www.infobae.com\/new-resizer\/Vr_NkonnkKEAbntOiIRKDOLI4kw=\/420x315\/filters:format(webp):quality(85)\/cloudfront-us-east-1.images.arcpublishing.com\/infobae\/KCH4HQ52EZF6LPKWWUMHLOD56A.jpg%20420w\" sizes=\"auto, (min-width: 1560px) 856px, (min-width: 1000px) calc(74.63vw - 293px), (min-width: 780px) calc(100vw - 376px), (min-width: 580px) calc(100vw - 32px), 100vw\" srcset=\"https:\/\/www.infobae.com\/new-resizer\/Vr_NkonnkKEAbntOiIRKDOLI4kw=\/420x315\/filters:format(webp):quality(85)\/cloudfront-us-east-1.images.arcpublishing.com\/infobae\/KCH4HQ52EZF6LPKWWUMHLOD56A.jpg 420w,https:\/\/www.infobae.com\/new-resizer\/a42APawa6nuUOVVtL2uYyH1zCl0=\/768x576\/filters:format(webp):quality(85)\/cloudfront-us-east-1.images.arcpublishing.com\/infobae\/KCH4HQ52EZF6LPKWWUMHLOD56A.jpg 768w,https:\/\/www.infobae.com\/new-resizer\/IW5HRJlqljptniPg7cGhLQKF8bM=\/992x744\/filters:format(webp):quality(85)\/cloudfront-us-east-1.images.arcpublishing.com\/infobae\/KCH4HQ52EZF6LPKWWUMHLOD56A.jpg 992w,https:\/\/www.infobae.com\/new-resizer\/HEo5zSzWb_d95ZWBNg3XWoWyKGk=\/1200x900\/filters:format(webp):quality(85)\/cloudfront-us-east-1.images.arcpublishing.com\/infobae\/KCH4HQ52EZF6LPKWWUMHLOD56A.jpg 1200w,https:\/\/www.infobae.com\/new-resizer\/uoVI3kgKyCp36jxPQulyWCxTres=\/1440x1080\/filters:format(webp):quality(85)\/cloudfront-us-east-1.images.arcpublishing.com\/infobae\/KCH4HQ52EZF6LPKWWUMHLOD56A.jpg 1440w\" alt=\"Desde noviembre pasado se encuentra disponible en Argentina la vacuna tetravalente contra el dengue (Getty)\" width=\"612\" height=\"459\" data-src=\"https:\/\/www.infobae.com\/new-resizer\/Vr_NkonnkKEAbntOiIRKDOLI4kw=\/420x315\/filters:format(webp):quality(85)\/cloudfront-us-east-1.images.arcpublishing.com\/infobae\/KCH4HQ52EZF6LPKWWUMHLOD56A.jpg 420w\" \/>Desde noviembre pasado se encuentra disponible en Argentina la vacuna tetravalente contra el dengue (Getty)<\/div>\n<p class=\"paragraph\" data-mrf-recirculation=\"Links inline\">Bien sabidas son las consecuencias del\u00a0<b>cambio clim\u00e1tico\u00a0<\/b>en lo que estrictamente al clima se refiere: las olas de calor y de fr\u00edo, los deshielos y los incendios forestales producto del calentamiento global son moneda corriente en todo el mundo.<\/p>\n<p class=\"paragraph\" data-mrf-recirculation=\"Links inline\">Sin embargo, ahora los expertos alertan acerca de que los efectos ya no s\u00f3lo se limitar\u00e1n a los fen\u00f3menos extremos sino que, adem\u00e1s, se producir\u00e1 un<b>\u00a0agravamiento en m\u00e1s de la mitad de las enfermedades<\/b>\u00a0pat\u00f3genas humanas conocidas hasta el momento, entre ellas muchas de las llamadas \u201ctropicales desatendidas\u201d.<\/p>\n<h2 class=\"header headline-class-h2\">Cu\u00e1les son las cinco que preocupan en Argentina<\/h2>\n<div class=\"visual__image\"><img loading=\"lazy\" decoding=\"async\" class=\" lazyload\" src=\"https:\/\/www.infobae.com\/new-resizer\/f8PFUmFC4CMCZGv-RUypKDk7J8c=\/420x236\/filters:format(webp):quality(85)\/cloudfront-us-east-1.images.arcpublishing.com\/infobae\/AFYAND26RBE5JPM57C2HJUVTPE.jpg%20420w\" sizes=\"auto, (min-width: 1560px) 856px, (min-width: 1000px) calc(74.63vw - 293px), (min-width: 780px) calc(100vw - 376px), (min-width: 580px) calc(100vw - 32px), 100vw\" srcset=\"https:\/\/www.infobae.com\/new-resizer\/f8PFUmFC4CMCZGv-RUypKDk7J8c=\/420x236\/filters:format(webp):quality(85)\/cloudfront-us-east-1.images.arcpublishing.com\/infobae\/AFYAND26RBE5JPM57C2HJUVTPE.jpg 420w,https:\/\/www.infobae.com\/new-resizer\/JSwSRz13pjvaBAQncHJqDtf8cG0=\/768x432\/filters:format(webp):quality(85)\/cloudfront-us-east-1.images.arcpublishing.com\/infobae\/AFYAND26RBE5JPM57C2HJUVTPE.jpg 768w,https:\/\/www.infobae.com\/new-resizer\/U3IceV0R62KyZjV9ZZXCqYqlF2U=\/992x558\/filters:format(webp):quality(85)\/cloudfront-us-east-1.images.arcpublishing.com\/infobae\/AFYAND26RBE5JPM57C2HJUVTPE.jpg 992w,https:\/\/www.infobae.com\/new-resizer\/2M_iMui06hIGi5O6g6qbGl7kkpA=\/1200x675\/filters:format(webp):quality(85)\/cloudfront-us-east-1.images.arcpublishing.com\/infobae\/AFYAND26RBE5JPM57C2HJUVTPE.jpg 1200w,https:\/\/www.infobae.com\/new-resizer\/JWhBlXVRJLXO3Cy5K0KjRGJhrKw=\/1440x810\/filters:format(webp):quality(85)\/cloudfront-us-east-1.images.arcpublishing.com\/infobae\/AFYAND26RBE5JPM57C2HJUVTPE.jpg 1440w\" alt=\"La OMS estableci\u00f3 el 30 de enero como el D\u00eda Mundial de las Enfermedades Tropicales Desatendidas (Getty)\" width=\"1920\" height=\"1080\" data-src=\"https:\/\/www.infobae.com\/new-resizer\/f8PFUmFC4CMCZGv-RUypKDk7J8c=\/420x236\/filters:format(webp):quality(85)\/cloudfront-us-east-1.images.arcpublishing.com\/infobae\/AFYAND26RBE5JPM57C2HJUVTPE.jpg 420w\" \/><em>La OMS estableci\u00f3 el 30 de enero como el D\u00eda Mundial de las Enfermedades Tropicales Desatendidas (Getty)<\/em><\/div>\n<div><\/div>\n<ul class=\"list\" data-icon=\"\u2b24\">\n<li data-icon=\"\u2b24\"><b>Dengue<\/b><\/li>\n<\/ul>\n<p class=\"paragraph\" data-mrf-recirculation=\"Links inline\">Si bien desde noviembre del a\u00f1o pasado se encuentra disponible en Argentina la vacuna tetravalente contra el dengue, que est\u00e1 indicada para personas a partir de los cuatro a\u00f1os, de acuerdo con el Bolet\u00edn Epidemiol\u00f3gico Nacional del Ministerio de Salud, en 2023 se registraron en el pa\u00eds 139.946 casos de dengue y en 18 provincias hubo casos aut\u00f3ctonos.<\/p>\n<p class=\"paragraph\" data-mrf-recirculation=\"Links inline\">\u201cJunto con la movilidad global y la urbanizaci\u00f3n, el cambio clim\u00e1tico es el mayor responsable del aumento de las infecciones de dengue\u201d, se\u00f1al\u00f3<a href=\"https:\/\/www.infobae.com\/america\/ciencia-america\/2023\/08\/26\/dengue-por-que-el-cambio-climatico-alargo-la-temporada-de-contagios-y-la-llevo-a-paises-nuevos\/#:~:text=El%20cambio%20clim%C3%A1tico%20es%20responsable&amp;text=%E2%80%9CLas%20tasas%20de%20dengue%20est%C3%A1n,organismo%20sanitario%20de%20la%20ONU.\" target=\"_blank\" rel=\"noopener noreferrer\" data-mrf-link=\"https:\/\/www.infobae.com\/america\/ciencia-america\/2023\/08\/26\/dengue-por-que-el-cambio-climatico-alargo-la-temporada-de-contagios-y-la-llevo-a-paises-nuevos\/\">\u00a0un reciente reporte\u00a0<\/a>publicado en\u00a0<i>The Lancet.<\/i><\/p>\n<p class=\"paragraph\" data-mrf-recirculation=\"Links inline\">Al respecto, Orduna se\u00f1al\u00f3 que entre las \u201cdos \u00faltimas semanas del 2023 y las dos primeras del 2024, ya hay en Argentina 11.000 casos de dengue en el noroeste, casi la mitad de ellos en Chaco y el resto distribuido entre Formosa, Corrientes y Misiones\u201d.<\/p>\n<p class=\"paragraph\" data-mrf-recirculation=\"Links inline\">Y tras agregar que \u201cno hay tratamientos farmacol\u00f3gicos contra el dengue, lo cual es un nicho que debe ser investigado\u201d, explic\u00f3 que a los pacientes que tienen esta enfermedad y presentan s\u00edntomas, s\u00f3lo se les pueden dar \u201cmedidas de soporte\u201d.<\/p>\n<div class=\"visual__image\"><img loading=\"lazy\" decoding=\"async\" class=\" lazyload\" src=\"https:\/\/www.infobae.com\/new-resizer\/zA1tz7LC5-WokMJXBlqwN-kgv4Y=\/420x236\/filters:format(webp):quality(85)\/cloudfront-us-east-1.images.arcpublishing.com\/infobae\/KNFZYR73RVHDHBLHSFPFAADLYY.jpg%20420w\" sizes=\"auto, (min-width: 1560px) 856px, (min-width: 1000px) calc(74.63vw - 293px), (min-width: 780px) calc(100vw - 376px), (min-width: 580px) calc(100vw - 32px), 100vw\" srcset=\"https:\/\/www.infobae.com\/new-resizer\/zA1tz7LC5-WokMJXBlqwN-kgv4Y=\/420x236\/filters:format(webp):quality(85)\/cloudfront-us-east-1.images.arcpublishing.com\/infobae\/KNFZYR73RVHDHBLHSFPFAADLYY.jpg 420w,https:\/\/www.infobae.com\/new-resizer\/HID6SYQEUbNAZ4XN_kns0banjbA=\/768x432\/filters:format(webp):quality(85)\/cloudfront-us-east-1.images.arcpublishing.com\/infobae\/KNFZYR73RVHDHBLHSFPFAADLYY.jpg 768w,https:\/\/www.infobae.com\/new-resizer\/Mjrues3JSLcjwXk-_08XSfgcRRk=\/992x558\/filters:format(webp):quality(85)\/cloudfront-us-east-1.images.arcpublishing.com\/infobae\/KNFZYR73RVHDHBLHSFPFAADLYY.jpg 992w,https:\/\/www.infobae.com\/new-resizer\/dR7lGdDbR0AaK3EBuuhyGfi3MQM=\/1200x675\/filters:format(webp):quality(85)\/cloudfront-us-east-1.images.arcpublishing.com\/infobae\/KNFZYR73RVHDHBLHSFPFAADLYY.jpg 1200w,https:\/\/www.infobae.com\/new-resizer\/1BUY-iAgA-bW3LXrf73xO34gju0=\/1440x810\/filters:format(webp):quality(85)\/cloudfront-us-east-1.images.arcpublishing.com\/infobae\/KNFZYR73RVHDHBLHSFPFAADLYY.jpg 1440w\" alt=\"Los cuatro serotipos de dengue (DENV-1, DENV-2, DENV-3 y DEN-V 4) circulan a lo largo de las Am\u00e9ricas y en algunos casos circulan simult\u00e1neamente (Imagen Ilustrativa Infobae)\" width=\"1456\" height=\"816\" data-src=\"https:\/\/www.infobae.com\/new-resizer\/zA1tz7LC5-WokMJXBlqwN-kgv4Y=\/420x236\/filters:format(webp):quality(85)\/cloudfront-us-east-1.images.arcpublishing.com\/infobae\/KNFZYR73RVHDHBLHSFPFAADLYY.jpg 420w\" \/><em>Los cuatro serotipos de dengue (DENV-1, DENV-2, DENV-3 y DEN-V 4) circulan a lo largo de las Am\u00e9ricas y en algunos casos circulan simult\u00e1neamente (Imagen Ilustrativa Infobae)<\/em><\/div>\n<div><\/div>\n<ul class=\"list\" data-icon=\"\u2b24\">\n<li data-icon=\"\u2b24\"><b>Chikungunya<\/b><\/li>\n<\/ul>\n<p class=\"paragraph\" data-mrf-recirculation=\"Links inline\">Argentina y toda la regi\u00f3n de las Am\u00e9ricas no s\u00f3lo ha sido golpeada dram\u00e1ticamente por el dengue. Otro pat\u00f3geno, que tambi\u00e9n se transmite por la picaduras de hembras de mosquitos de la especie Aedes aegypti, se ha expandido territorialmente: el virus que causa la fiebre chikungunya.<\/p>\n<p class=\"paragraph\" data-mrf-recirculation=\"Links inline\">Seg\u00fan explic\u00f3 en\u00a0<a href=\"https:\/\/www.infobae.com\/salud\/ciencia\/2024\/01\/27\/chikungunya-la-epidemia-oculta-que-tambien-transmite-el-mosquito-y-avanza-en-america\/\" target=\"_blank\" rel=\"noopener noreferrer\" data-mrf-link=\"https:\/\/www.infobae.com\/salud\/ciencia\/2024\/01\/27\/chikungunya-la-epidemia-oculta-que-tambien-transmite-el-mosquito-y-avanza-en-america\/\">un reciente art\u00edculo\u00a0<\/a>el doctor William de Souza, de la Universidad de Kentucky, en los Estados Unidos, el cambio clim\u00e1tico tambi\u00e9n influy\u00f3 en que haya m\u00e1s \u00e1reas con presencia de los mosquitos que pueden transmitir el virus.<\/p>\n<p class=\"paragraph\" data-mrf-recirculation=\"Links inline\">\u201cLa epidemia en la Argentina, como en el resto de Am\u00e9rica, probablemente ocurri\u00f3 porque los viajeros infectados que regresaban a casa iniciaron brotes al transmitir el virus a personas susceptibles. Adem\u00e1s, el aumento de las temperaturas debido al cambio clim\u00e1tico, como el del a\u00f1o pasado, puede crear condiciones a\u00fan m\u00e1s adecuadas para los vectores y la transmisi\u00f3n viral\u201d, remarc\u00f3 el cient\u00edfico.<\/p>\n<div class=\"visual__image\"><img loading=\"lazy\" decoding=\"async\" class=\" lazyload\" src=\"https:\/\/www.infobae.com\/new-resizer\/arM_24AyyX5GKV2gDzLf8aSWhbw=\/420x236\/filters:format(webp):quality(85)\/cloudfront-us-east-1.images.arcpublishing.com\/infobae\/2T5F442LSVEFZBCS564DTMQA3U.jpg%20420w\" sizes=\"auto, (min-width: 1560px) 856px, (min-width: 1000px) calc(74.63vw - 293px), (min-width: 780px) calc(100vw - 376px), (min-width: 580px) calc(100vw - 32px), 100vw\" srcset=\"https:\/\/www.infobae.com\/new-resizer\/arM_24AyyX5GKV2gDzLf8aSWhbw=\/420x236\/filters:format(webp):quality(85)\/cloudfront-us-east-1.images.arcpublishing.com\/infobae\/2T5F442LSVEFZBCS564DTMQA3U.jpg 420w,https:\/\/www.infobae.com\/new-resizer\/zvoDV-2exkJOGO25_Vck12I7LtI=\/768x432\/filters:format(webp):quality(85)\/cloudfront-us-east-1.images.arcpublishing.com\/infobae\/2T5F442LSVEFZBCS564DTMQA3U.jpg 768w,https:\/\/www.infobae.com\/new-resizer\/mOuHTaIfwep8bqaWSGy1BaMIXfk=\/992x558\/filters:format(webp):quality(85)\/cloudfront-us-east-1.images.arcpublishing.com\/infobae\/2T5F442LSVEFZBCS564DTMQA3U.jpg 992w,https:\/\/www.infobae.com\/new-resizer\/xMDGoYF_U_S71odhPLWr6TybvdE=\/1200x675\/filters:format(webp):quality(85)\/cloudfront-us-east-1.images.arcpublishing.com\/infobae\/2T5F442LSVEFZBCS564DTMQA3U.jpg 1200w,https:\/\/www.infobae.com\/new-resizer\/eRtn3bufev9ch39l6XFpwuz3x88=\/1440x810\/filters:format(webp):quality(85)\/cloudfront-us-east-1.images.arcpublishing.com\/infobae\/2T5F442LSVEFZBCS564DTMQA3U.jpg 1440w\" alt=\"El mal de Chagas es una patolog\u00eda infecciosa causada por el par\u00e1sito Trypanosoma cruzi, el cual habita en las vinchucas (Efe) \" width=\"1920\" height=\"1080\" data-src=\"https:\/\/www.infobae.com\/new-resizer\/arM_24AyyX5GKV2gDzLf8aSWhbw=\/420x236\/filters:format(webp):quality(85)\/cloudfront-us-east-1.images.arcpublishing.com\/infobae\/2T5F442LSVEFZBCS564DTMQA3U.jpg 420w\" \/><em>El mal de Chagas es una patolog\u00eda infecciosa causada por el par\u00e1sito Trypanosoma cruzi, el cual habita en las vinchucas (Efe)<\/em><\/div>\n<div><\/div>\n<ul class=\"list\" data-icon=\"\u2b24\">\n<li data-icon=\"\u2b24\"><b>Enfermedad de Chagas<\/b><\/li>\n<\/ul>\n<p class=\"paragraph\" data-mrf-recirculation=\"Links inline\">Se trata de una patolog\u00eda presente\u00a0<a href=\"https:\/\/www.infobae.com\/america\/ciencia-america\/2023\/12\/06\/como-es-el-nuevo-estudio-clinico-contra-el-chagas-que-se-realizara-en-la-argentina\/\" target=\"_blank\" rel=\"noopener noreferrer\" data-mrf-link=\"https:\/\/www.infobae.com\/america\/ciencia-america\/2023\/12\/06\/como-es-el-nuevo-estudio-clinico-contra-el-chagas-que-se-realizara-en-la-argentina\/\">en Argentina<\/a>, principalmente en zonas rurales. La vinchuca, insecto transmisor de la enfermedad, encuentra en las viviendas precarias un \u00e1mbito que facilita su desarrollo.<\/p>\n<p class=\"paragraph\" data-mrf-recirculation=\"Links inline\">\u201cAsociada a la pobreza extrema y end\u00e9mica en 21 pa\u00edses de Am\u00e9rica Latina, la enfermedad de Chagas afecta aproximadamente a 8 millones de personas en el mundo, de las cuales 1,2 millones son mujeres en edad f\u00e9rtil\u201d, indican desde la\u00a0<b>Fundaci\u00f3n Mundo Sano<\/b>. Seg\u00fan la OMS, m\u00e1s del 95% de ellos desconocen su estado.<\/p>\n<p class=\"paragraph\" data-mrf-recirculation=\"Links inline\">En el pa\u00eds existen alrededor de 1.500.000 habitantes cr\u00f3nicamente infectados. Adem\u00e1s, existen 7 millones de personas en riesgo de estarlo y se estima que 1300 beb\u00e9s nacen con la enfermedad anualmente.<\/p>\n<p class=\"paragraph\" data-mrf-recirculation=\"Links inline\">Y si bien una persona puede contagiarse en cualquier momento, el grupo de mayor riesgo es el de ni\u00f1os menores de 10 a\u00f1os que habitan en zonas no tratadas con insecticidas. \u201cTambi\u00e9n resulta preocupante que muchas provincias con presencia hist\u00f3rica del vector tengan porcentajes bajos de estudios a las mujeres gestantes\u201d, hab\u00eda advertido a\u00a0<a href=\"https:\/\/www.infobae.com\/salud\/2023\/04\/14\/enfermedad-de-chagas-los-menores-de-10-anos-de-zonas-no-tratadas-con-insecticidas-corren-mayor-riesgo-de-contagio\/\" target=\"_blank\" rel=\"noopener noreferrer\" data-mrf-link=\"https:\/\/www.infobae.com\/salud\/2023\/04\/14\/enfermedad-de-chagas-los-menores-de-10-anos-de-zonas-no-tratadas-con-insecticidas-corren-mayor-riesgo-de-contagio\/\"><b>Infobae\u00a0<\/b><\/a>la doctora Cristina Freuler (MN 58098), Jefa del Departamento de Medicina Interna, Hospital Alem\u00e1n.<\/p>\n<div class=\"visual__image\"><img loading=\"lazy\" decoding=\"async\" class=\"lazyload aligncenter\" src=\"https:\/\/www.infobae.com\/new-resizer\/D3mQaE951vkJkpYCusHVgs5NVv0=\/420x420\/filters:format(webp):quality(85)\/cloudfront-us-east-1.images.arcpublishing.com\/infobae\/QRQXUSQPERCLRDU5BN5RQNTNUE.jpg%20420w\" sizes=\"auto, (min-width: 1560px) 856px, (min-width: 1000px) calc(74.63vw - 293px), (min-width: 780px) calc(100vw - 376px), (min-width: 580px) calc(100vw - 32px), 100vw\" srcset=\"https:\/\/www.infobae.com\/new-resizer\/D3mQaE951vkJkpYCusHVgs5NVv0=\/420x420\/filters:format(webp):quality(85)\/cloudfront-us-east-1.images.arcpublishing.com\/infobae\/QRQXUSQPERCLRDU5BN5RQNTNUE.jpg 420w,https:\/\/www.infobae.com\/new-resizer\/zkgOMZh8z-Sjk3Luqi7V7pg84CM=\/768x768\/filters:format(webp):quality(85)\/cloudfront-us-east-1.images.arcpublishing.com\/infobae\/QRQXUSQPERCLRDU5BN5RQNTNUE.jpg 768w,https:\/\/www.infobae.com\/new-resizer\/Px035SVplXpQEhEQiZ9nG4WsvUE=\/992x992\/filters:format(webp):quality(85)\/cloudfront-us-east-1.images.arcpublishing.com\/infobae\/QRQXUSQPERCLRDU5BN5RQNTNUE.jpg 992w,https:\/\/www.infobae.com\/new-resizer\/fg0QQtpP8uJXQLsadQHg1f_0LR8=\/1200x1200\/filters:format(webp):quality(85)\/cloudfront-us-east-1.images.arcpublishing.com\/infobae\/QRQXUSQPERCLRDU5BN5RQNTNUE.jpg 1200w,https:\/\/www.infobae.com\/new-resizer\/3wgjaXMaYPRSmgNibWLOZRRmaIs=\/1440x1440\/filters:format(webp):quality(85)\/cloudfront-us-east-1.images.arcpublishing.com\/infobae\/QRQXUSQPERCLRDU5BN5RQNTNUE.jpg 1440w\" alt=\"La lepra es una enfermedad infecciosa causada por la bacteria Mycobacterium leprae, tambi\u00e9n conocida como bacilo de Hansen (CDC, Wikimedia Commons)\" width=\"543\" height=\"543\" data-src=\"https:\/\/www.infobae.com\/new-resizer\/D3mQaE951vkJkpYCusHVgs5NVv0=\/420x420\/filters:format(webp):quality(85)\/cloudfront-us-east-1.images.arcpublishing.com\/infobae\/QRQXUSQPERCLRDU5BN5RQNTNUE.jpg 420w\" \/><em>La lepra es una enfermedad infecciosa causada por la bacteria Mycobacterium leprae, tambi\u00e9n conocida como bacilo de Hansen (CDC, Wikimedia Commons)<\/em><\/div>\n<\/div>\n<div><\/div>\n<div><\/div>\n<div class=\"body-article\">\n<ul class=\"list\" data-icon=\"\u2b24\">\n<li data-icon=\"\u2b24\"><b>Lepra<\/b><\/li>\n<\/ul>\n<p class=\"paragraph\" data-mrf-recirculation=\"Links inline\">Es otra de las ETD presentes en Argentina. Se trata de una de las enfermedades infecciosas m\u00e1s antiguas, y si bien existe un tratamiento efectivo que mata a la bacteria que causa la infecci\u00f3n, cura al paciente y detiene la transmisi\u00f3n, m\u00e1s de 174.000 personas\u00a0<a href=\"https:\/\/www.infobae.com\/salud\/2024\/01\/28\/dia-mundial-contra-la-lepra-por-que-es-una-enfermedad-que-persiste-en-el-mundo-si-hay-una-terapia-que-la-cura\/#:~:text=En%20la%20Argentina%2C%20durante%20el,caso%20por%2010%20mil%20habitantes).\" target=\"_blank\" rel=\"noopener noreferrer\" data-mrf-link=\"https:\/\/www.infobae.com\/salud\/2024\/01\/28\/dia-mundial-contra-la-lepra-por-que-es-una-enfermedad-que-persiste-en-el-mundo-si-hay-una-terapia-que-la-cura\/\">en el mundo\u00a0<\/a>fueron diagnosticadas con la infecci\u00f3n causada por la bacteria Mycobacterium leprae o Bacilo de Hansen, durante 2022.<\/p>\n<p class=\"paragraph\" data-mrf-recirculation=\"Links inline\">Seg\u00fan el \u00faltimo reporte anual de la OMS, dentro de ese total, m\u00e1s de 21.000 residen en Am\u00e9rica. Esa cifra de 2022 implic\u00f3 un aumento del 23,8% de los casos en relaci\u00f3n al a\u00f1o anterior. Significa que hay 21 casos de lepra por cada mill\u00f3n de habitantes en el mundo.<\/p>\n<p class=\"paragraph\" data-mrf-recirculation=\"Links inline\">En la Argentina, durante 2021, se registraron 357 personas en tratamiento por lepra, de los cuales 143 casos eran nuevos, representando una tasa de detecci\u00f3n de 0,07 por 10.000 habitantes. Con estos datos se alcanz\u00f3 la meta de eliminaci\u00f3n a nivel nacional (menos de 1 caso por 10 mil habitantes).<\/p>\n<p class=\"paragraph\" data-mrf-recirculation=\"Links inline\">Sin embargo, a\u00fan existen bolsones epidemiol\u00f3gicos en los que esa meta no se alcanza todos los a\u00f1os. \u201cTenemos \u00e1reas end\u00e9micas donde es menester el trabajo activo de b\u00fasqueda de pacientes para detectar casos de lepra y ofrecer tratamiento para la misma, principalmente en el Nordeste: Chaco, Corrientes, Formosa y Misiones, porque la lepra se cura\u201d, afirm\u00f3 Orduna.<\/p>\n<div class=\"visual__image\"><img loading=\"lazy\" decoding=\"async\" class=\" lazyload\" src=\"https:\/\/www.infobae.com\/new-resizer\/kVoyDYzsVbz8qQQbkAzYDMJFTSo=\/420x280\/filters:format(webp):quality(85)\/cloudfront-us-east-1.images.arcpublishing.com\/infobae\/OUA347TJJRDYLLY4TWLVF3X54U.jpg%20420w\" sizes=\"auto, (min-width: 1560px) 856px, (min-width: 1000px) calc(74.63vw - 293px), (min-width: 780px) calc(100vw - 376px), (min-width: 580px) calc(100vw - 32px), 100vw\" srcset=\"https:\/\/www.infobae.com\/new-resizer\/kVoyDYzsVbz8qQQbkAzYDMJFTSo=\/420x280\/filters:format(webp):quality(85)\/cloudfront-us-east-1.images.arcpublishing.com\/infobae\/OUA347TJJRDYLLY4TWLVF3X54U.jpg 420w,https:\/\/www.infobae.com\/new-resizer\/Kj3DUUfjEOr80ls5jI00g6a5SKA=\/768x512\/filters:format(webp):quality(85)\/cloudfront-us-east-1.images.arcpublishing.com\/infobae\/OUA347TJJRDYLLY4TWLVF3X54U.jpg 768w,https:\/\/www.infobae.com\/new-resizer\/Q_BtMvOMwN_HWaCQmnJtk-pHtDc=\/992x661\/filters:format(webp):quality(85)\/cloudfront-us-east-1.images.arcpublishing.com\/infobae\/OUA347TJJRDYLLY4TWLVF3X54U.jpg 992w,https:\/\/www.infobae.com\/new-resizer\/0_bR596mA_7UNTbma02h6YQlVHw=\/1200x800\/filters:format(webp):quality(85)\/cloudfront-us-east-1.images.arcpublishing.com\/infobae\/OUA347TJJRDYLLY4TWLVF3X54U.jpg 1200w,https:\/\/www.infobae.com\/new-resizer\/zFw75uTPPdU_e7CCD6YDqzMlkDU=\/1440x960\/filters:format(webp):quality(85)\/cloudfront-us-east-1.images.arcpublishing.com\/infobae\/OUA347TJJRDYLLY4TWLVF3X54U.jpg 1440w\" alt=\"La rabia en perros y gatos est\u00e1 erradicada en Argentina (Europa Press) \" width=\"1000\" height=\"667\" data-src=\"https:\/\/www.infobae.com\/new-resizer\/kVoyDYzsVbz8qQQbkAzYDMJFTSo=\/420x280\/filters:format(webp):quality(85)\/cloudfront-us-east-1.images.arcpublishing.com\/infobae\/OUA347TJJRDYLLY4TWLVF3X54U.jpg 420w\" \/><em>La rabia en perros y gatos est\u00e1 erradicada en Argentina (Europa Press)<\/em><\/div>\n<\/div>\n<div><\/div>\n<div><\/div>\n<div class=\"body-article\">\n<ul class=\"list\" data-icon=\"\u2b24\">\n<li data-icon=\"\u2b24\"><b>Rabia<\/b><\/li>\n<\/ul>\n<p class=\"paragraph\" data-mrf-recirculation=\"Links inline\">La enfermedad v\u00edrica prevenible que se transmite al ser humano por la mordedura de un animal infectado, por lo general un perro, \u201c<b>es mortal\u00a0<\/b>una vez que aparecen los s\u00edntomas\u201d, seg\u00fan Orduna.<\/p>\n<p class=\"paragraph\" data-mrf-recirculation=\"Links inline\">Y pese a que se conoc\u00eda desde la Antig\u00fcedad, a\u00fan existe y causa 59.000 muertes de seres humanos al a\u00f1o en m\u00e1s de 150 pa\u00edses. Aunque por falta de notificaci\u00f3n y la incertidumbre de las estimaciones, la OMS reconoce que esa cifra puede estar muy por debajo de la realidad.<\/p>\n<p class=\"paragraph\" data-mrf-recirculation=\"Links inline\"><a href=\"https:\/\/www.infobae.com\/america\/ciencia-america\/2023\/11\/16\/la-rabia-hoy-en-america-latina-cual-es-la-situacion-y-como-podria-controlarse-en-2030\/\" target=\"_blank\" rel=\"noopener noreferrer\" data-mrf-link=\"https:\/\/www.infobae.com\/america\/ciencia-america\/2023\/11\/16\/la-rabia-hoy-en-america-latina-cual-es-la-situacion-y-como-podria-controlarse-en-2030\/\">En Am\u00e9rica Latina<\/a>\u00a0hubo 17 muertes por rabia entre el a\u00f1o pasado y los meses transcurridos en 2023, seg\u00fan la Organizaci\u00f3n Panamericana de la Salud (OPS). Pero hay esperanza en que la situaci\u00f3n podr\u00eda mejorar.<\/p>\n<p class=\"paragraph\" data-mrf-recirculation=\"Links inline\">Un conjunto de organismos internacionales como OMS, la Organizaci\u00f3n Mundial de Sanidad Animal (OMSA), la Organizaci\u00f3n de las Naciones Unidas para la Alimentaci\u00f3n y la Agricultura (FAO) y la Alianza Global para el Control de la Rabia han unido sus fuerzas y persiguen la meta de llevar a cero los casos de rabia en humanos provocados por mordeduras de perros para el a\u00f1o 2030.<\/p>\n<p class=\"paragraph\" data-mrf-recirculation=\"Links inline\">\u201cEn Argentina, tenemos controlado el tema rabia -asegur\u00f3 Orduna-. La eliminamos en perros y gatos en el pa\u00eds. El problema hoy es una rabia de dif\u00edcil control, que est\u00e1 asociada a los murci\u00e9lagos, ya que el 3% de estos animales portan virus r\u00e1bico\u201d.<\/p>\n<\/div>\n<p data-mrf-recirculation=\"Links inline\">\n<p data-mrf-recirculation=\"Links inline\">\n<p data-mrf-recirculation=\"Links inline\"><span style=\"color: #ff6600;\"><strong>Fuente InfoBae<\/strong><\/span><\/p>\n","protected":false},"excerpt":{"rendered":"<p>Se trata de un grupo de patolog\u00edas causadas por virus, bacterias, par\u00e1sitos y hongos, entre otros pat\u00f3genos, y afectan principalmente a personas de pa\u00edses en desarrollo<\/p>\n","protected":false},"author":3,"featured_media":98256,"comment_status":"closed","ping_status":"closed","sticky":false,"template":"","format":"standard","meta":{"footnotes":""},"categories":[46,30],"tags":[],"class_list":["post-98255","post","type-post","status-publish","format-standard","has-post-thumbnail","hentry","category-ciencia-y-tecnologia","category-salud"],"yoast_head":"<!-- This site is optimized with the Yoast SEO plugin v25.9 - https:\/\/yoast.com\/wordpress\/plugins\/seo\/ -->\n<title>Cinco enfermedades tropicales con consecuencias devastadoras sobre las que advirti\u00f3 la OMS y preocupan en la Argentina - Noticias Radio Reflejos<\/title>\n<meta name=\"robots\" content=\"index, follow, max-snippet:-1, max-image-preview:large, max-video-preview:-1\" \/>\n<link rel=\"canonical\" href=\"https:\/\/www.noticiasradioreflejos.com.ar\/2021\/cinco-enfermedades-tropicales-con-consecuencias-devastadoras-sobre-las-que-advirtio-la-oms-y-preocupan-en-la-argentina\/\" \/>\n<meta property=\"og:locale\" content=\"es_ES\" \/>\n<meta property=\"og:type\" content=\"article\" \/>\n<meta property=\"og:title\" content=\"Cinco enfermedades tropicales con consecuencias devastadoras sobre las que advirti\u00f3 la OMS y preocupan en la Argentina - Noticias Radio Reflejos\" \/>\n<meta property=\"og:description\" content=\"Se trata de un grupo de patolog\u00edas causadas por virus, bacterias, par\u00e1sitos y hongos, entre otros pat\u00f3genos, y afectan principalmente a personas de pa\u00edses en desarrollo\" \/>\n<meta property=\"og:url\" content=\"https:\/\/www.noticiasradioreflejos.com.ar\/2021\/cinco-enfermedades-tropicales-con-consecuencias-devastadoras-sobre-las-que-advirtio-la-oms-y-preocupan-en-la-argentina\/\" \/>\n<meta property=\"og:site_name\" content=\"Noticias Radio Reflejos\" \/>\n<meta property=\"article:published_time\" content=\"2024-01-30T12:40:55+00:00\" \/>\n<meta property=\"og:image\" content=\"https:\/\/www.noticiasradioreflejos.com.ar\/2021\/wp-content\/uploads\/2024\/01\/enfermedades.jpg\" \/>\n\t<meta property=\"og:image:width\" content=\"768\" \/>\n\t<meta property=\"og:image:height\" content=\"432\" \/>\n\t<meta property=\"og:image:type\" content=\"image\/jpeg\" \/>\n<meta name=\"author\" content=\"Arnaldo Botto\" \/>\n<meta name=\"twitter:card\" content=\"summary_large_image\" \/>\n<script type=\"application\/ld+json\" class=\"yoast-schema-graph\">{\"@context\":\"https:\/\/schema.org\",\"@graph\":[{\"@type\":\"WebPage\",\"@id\":\"https:\/\/www.noticiasradioreflejos.com.ar\/2021\/cinco-enfermedades-tropicales-con-consecuencias-devastadoras-sobre-las-que-advirtio-la-oms-y-preocupan-en-la-argentina\/\",\"url\":\"https:\/\/www.noticiasradioreflejos.com.ar\/2021\/cinco-enfermedades-tropicales-con-consecuencias-devastadoras-sobre-las-que-advirtio-la-oms-y-preocupan-en-la-argentina\/\",\"name\":\"Cinco enfermedades tropicales con consecuencias devastadoras sobre las que advirti\u00f3 la OMS y preocupan en la Argentina - Noticias Radio Reflejos\",\"isPartOf\":{\"@id\":\"https:\/\/www.noticiasradioreflejos.com.ar\/2021\/#website\"},\"primaryImageOfPage\":{\"@id\":\"https:\/\/www.noticiasradioreflejos.com.ar\/2021\/cinco-enfermedades-tropicales-con-consecuencias-devastadoras-sobre-las-que-advirtio-la-oms-y-preocupan-en-la-argentina\/#primaryimage\"},\"image\":{\"@id\":\"https:\/\/www.noticiasradioreflejos.com.ar\/2021\/cinco-enfermedades-tropicales-con-consecuencias-devastadoras-sobre-las-que-advirtio-la-oms-y-preocupan-en-la-argentina\/#primaryimage\"},\"thumbnailUrl\":\"https:\/\/www.noticiasradioreflejos.com.ar\/2021\/wp-content\/uploads\/2024\/01\/enfermedades.jpg\",\"datePublished\":\"2024-01-30T12:40:55+00:00\",\"author\":{\"@id\":\"https:\/\/www.noticiasradioreflejos.com.ar\/2021\/#\/schema\/person\/ad82545263dcc5ec0996818884fd5fb1\"},\"breadcrumb\":{\"@id\":\"https:\/\/www.noticiasradioreflejos.com.ar\/2021\/cinco-enfermedades-tropicales-con-consecuencias-devastadoras-sobre-las-que-advirtio-la-oms-y-preocupan-en-la-argentina\/#breadcrumb\"},\"inLanguage\":\"es\",\"potentialAction\":[{\"@type\":\"ReadAction\",\"target\":[\"https:\/\/www.noticiasradioreflejos.com.ar\/2021\/cinco-enfermedades-tropicales-con-consecuencias-devastadoras-sobre-las-que-advirtio-la-oms-y-preocupan-en-la-argentina\/\"]}]},{\"@type\":\"ImageObject\",\"inLanguage\":\"es\",\"@id\":\"https:\/\/www.noticiasradioreflejos.com.ar\/2021\/cinco-enfermedades-tropicales-con-consecuencias-devastadoras-sobre-las-que-advirtio-la-oms-y-preocupan-en-la-argentina\/#primaryimage\",\"url\":\"https:\/\/www.noticiasradioreflejos.com.ar\/2021\/wp-content\/uploads\/2024\/01\/enfermedades.jpg\",\"contentUrl\":\"https:\/\/www.noticiasradioreflejos.com.ar\/2021\/wp-content\/uploads\/2024\/01\/enfermedades.jpg\",\"width\":768,\"height\":432},{\"@type\":\"BreadcrumbList\",\"@id\":\"https:\/\/www.noticiasradioreflejos.com.ar\/2021\/cinco-enfermedades-tropicales-con-consecuencias-devastadoras-sobre-las-que-advirtio-la-oms-y-preocupan-en-la-argentina\/#breadcrumb\",\"itemListElement\":[{\"@type\":\"ListItem\",\"position\":1,\"name\":\"Portada\",\"item\":\"https:\/\/www.noticiasradioreflejos.com.ar\/2021\/\"},{\"@type\":\"ListItem\",\"position\":2,\"name\":\"Cinco enfermedades tropicales con consecuencias devastadoras sobre las que advirti\u00f3 la OMS y preocupan en la Argentina\"}]},{\"@type\":\"WebSite\",\"@id\":\"https:\/\/www.noticiasradioreflejos.com.ar\/2021\/#website\",\"url\":\"https:\/\/www.noticiasradioreflejos.com.ar\/2021\/\",\"name\":\"Noticias Radio Reflejos\",\"description\":\"Las noticias de mi comarca\",\"potentialAction\":[{\"@type\":\"SearchAction\",\"target\":{\"@type\":\"EntryPoint\",\"urlTemplate\":\"https:\/\/www.noticiasradioreflejos.com.ar\/2021\/?s={search_term_string}\"},\"query-input\":{\"@type\":\"PropertyValueSpecification\",\"valueRequired\":true,\"valueName\":\"search_term_string\"}}],\"inLanguage\":\"es\"},{\"@type\":\"Person\",\"@id\":\"https:\/\/www.noticiasradioreflejos.com.ar\/2021\/#\/schema\/person\/ad82545263dcc5ec0996818884fd5fb1\",\"name\":\"Arnaldo Botto\",\"image\":{\"@type\":\"ImageObject\",\"inLanguage\":\"es\",\"@id\":\"https:\/\/www.noticiasradioreflejos.com.ar\/2021\/#\/schema\/person\/image\/\",\"url\":\"https:\/\/secure.gravatar.com\/avatar\/55cb5e37c1efa326397366e6974cb338056df65cb50e7d64d1cf314e87504837?s=96&d=mm&r=g\",\"contentUrl\":\"https:\/\/secure.gravatar.com\/avatar\/55cb5e37c1efa326397366e6974cb338056df65cb50e7d64d1cf314e87504837?s=96&d=mm&r=g\",\"caption\":\"Arnaldo Botto\"},\"url\":\"https:\/\/www.noticiasradioreflejos.com.ar\/2021\/author\/arnaldo\/\"}]}<\/script>\n<!-- \/ Yoast SEO plugin. -->","yoast_head_json":{"title":"Cinco enfermedades tropicales con consecuencias devastadoras sobre las que advirti\u00f3 la OMS y preocupan en la Argentina - Noticias Radio Reflejos","robots":{"index":"index","follow":"follow","max-snippet":"max-snippet:-1","max-image-preview":"max-image-preview:large","max-video-preview":"max-video-preview:-1"},"canonical":"https:\/\/www.noticiasradioreflejos.com.ar\/2021\/cinco-enfermedades-tropicales-con-consecuencias-devastadoras-sobre-las-que-advirtio-la-oms-y-preocupan-en-la-argentina\/","og_locale":"es_ES","og_type":"article","og_title":"Cinco enfermedades tropicales con consecuencias devastadoras sobre las que advirti\u00f3 la OMS y preocupan en la Argentina - Noticias Radio Reflejos","og_description":"Se trata de un grupo de patolog\u00edas causadas por virus, bacterias, par\u00e1sitos y hongos, entre otros pat\u00f3genos, y afectan principalmente a personas de pa\u00edses en desarrollo","og_url":"https:\/\/www.noticiasradioreflejos.com.ar\/2021\/cinco-enfermedades-tropicales-con-consecuencias-devastadoras-sobre-las-que-advirtio-la-oms-y-preocupan-en-la-argentina\/","og_site_name":"Noticias Radio Reflejos","article_published_time":"2024-01-30T12:40:55+00:00","og_image":[{"width":768,"height":432,"url":"https:\/\/www.noticiasradioreflejos.com.ar\/2021\/wp-content\/uploads\/2024\/01\/enfermedades.jpg","type":"image\/jpeg"}],"author":"Arnaldo Botto","twitter_card":"summary_large_image","schema":{"@context":"https:\/\/schema.org","@graph":[{"@type":"WebPage","@id":"https:\/\/www.noticiasradioreflejos.com.ar\/2021\/cinco-enfermedades-tropicales-con-consecuencias-devastadoras-sobre-las-que-advirtio-la-oms-y-preocupan-en-la-argentina\/","url":"https:\/\/www.noticiasradioreflejos.com.ar\/2021\/cinco-enfermedades-tropicales-con-consecuencias-devastadoras-sobre-las-que-advirtio-la-oms-y-preocupan-en-la-argentina\/","name":"Cinco enfermedades tropicales con consecuencias devastadoras sobre las que advirti\u00f3 la OMS y preocupan en la Argentina - Noticias Radio Reflejos","isPartOf":{"@id":"https:\/\/www.noticiasradioreflejos.com.ar\/2021\/#website"},"primaryImageOfPage":{"@id":"https:\/\/www.noticiasradioreflejos.com.ar\/2021\/cinco-enfermedades-tropicales-con-consecuencias-devastadoras-sobre-las-que-advirtio-la-oms-y-preocupan-en-la-argentina\/#primaryimage"},"image":{"@id":"https:\/\/www.noticiasradioreflejos.com.ar\/2021\/cinco-enfermedades-tropicales-con-consecuencias-devastadoras-sobre-las-que-advirtio-la-oms-y-preocupan-en-la-argentina\/#primaryimage"},"thumbnailUrl":"https:\/\/www.noticiasradioreflejos.com.ar\/2021\/wp-content\/uploads\/2024\/01\/enfermedades.jpg","datePublished":"2024-01-30T12:40:55+00:00","author":{"@id":"https:\/\/www.noticiasradioreflejos.com.ar\/2021\/#\/schema\/person\/ad82545263dcc5ec0996818884fd5fb1"},"breadcrumb":{"@id":"https:\/\/www.noticiasradioreflejos.com.ar\/2021\/cinco-enfermedades-tropicales-con-consecuencias-devastadoras-sobre-las-que-advirtio-la-oms-y-preocupan-en-la-argentina\/#breadcrumb"},"inLanguage":"es","potentialAction":[{"@type":"ReadAction","target":["https:\/\/www.noticiasradioreflejos.com.ar\/2021\/cinco-enfermedades-tropicales-con-consecuencias-devastadoras-sobre-las-que-advirtio-la-oms-y-preocupan-en-la-argentina\/"]}]},{"@type":"ImageObject","inLanguage":"es","@id":"https:\/\/www.noticiasradioreflejos.com.ar\/2021\/cinco-enfermedades-tropicales-con-consecuencias-devastadoras-sobre-las-que-advirtio-la-oms-y-preocupan-en-la-argentina\/#primaryimage","url":"https:\/\/www.noticiasradioreflejos.com.ar\/2021\/wp-content\/uploads\/2024\/01\/enfermedades.jpg","contentUrl":"https:\/\/www.noticiasradioreflejos.com.ar\/2021\/wp-content\/uploads\/2024\/01\/enfermedades.jpg","width":768,"height":432},{"@type":"BreadcrumbList","@id":"https:\/\/www.noticiasradioreflejos.com.ar\/2021\/cinco-enfermedades-tropicales-con-consecuencias-devastadoras-sobre-las-que-advirtio-la-oms-y-preocupan-en-la-argentina\/#breadcrumb","itemListElement":[{"@type":"ListItem","position":1,"name":"Portada","item":"https:\/\/www.noticiasradioreflejos.com.ar\/2021\/"},{"@type":"ListItem","position":2,"name":"Cinco enfermedades tropicales con consecuencias devastadoras sobre las que advirti\u00f3 la OMS y preocupan en la Argentina"}]},{"@type":"WebSite","@id":"https:\/\/www.noticiasradioreflejos.com.ar\/2021\/#website","url":"https:\/\/www.noticiasradioreflejos.com.ar\/2021\/","name":"Noticias Radio Reflejos","description":"Las noticias de mi comarca","potentialAction":[{"@type":"SearchAction","target":{"@type":"EntryPoint","urlTemplate":"https:\/\/www.noticiasradioreflejos.com.ar\/2021\/?s={search_term_string}"},"query-input":{"@type":"PropertyValueSpecification","valueRequired":true,"valueName":"search_term_string"}}],"inLanguage":"es"},{"@type":"Person","@id":"https:\/\/www.noticiasradioreflejos.com.ar\/2021\/#\/schema\/person\/ad82545263dcc5ec0996818884fd5fb1","name":"Arnaldo Botto","image":{"@type":"ImageObject","inLanguage":"es","@id":"https:\/\/www.noticiasradioreflejos.com.ar\/2021\/#\/schema\/person\/image\/","url":"https:\/\/secure.gravatar.com\/avatar\/55cb5e37c1efa326397366e6974cb338056df65cb50e7d64d1cf314e87504837?s=96&d=mm&r=g","contentUrl":"https:\/\/secure.gravatar.com\/avatar\/55cb5e37c1efa326397366e6974cb338056df65cb50e7d64d1cf314e87504837?s=96&d=mm&r=g","caption":"Arnaldo Botto"},"url":"https:\/\/www.noticiasradioreflejos.com.ar\/2021\/author\/arnaldo\/"}]}},"_links":{"self":[{"href":"https:\/\/www.noticiasradioreflejos.com.ar\/2021\/wp-json\/wp\/v2\/posts\/98255","targetHints":{"allow":["GET"]}}],"collection":[{"href":"https:\/\/www.noticiasradioreflejos.com.ar\/2021\/wp-json\/wp\/v2\/posts"}],"about":[{"href":"https:\/\/www.noticiasradioreflejos.com.ar\/2021\/wp-json\/wp\/v2\/types\/post"}],"author":[{"embeddable":true,"href":"https:\/\/www.noticiasradioreflejos.com.ar\/2021\/wp-json\/wp\/v2\/users\/3"}],"replies":[{"embeddable":true,"href":"https:\/\/www.noticiasradioreflejos.com.ar\/2021\/wp-json\/wp\/v2\/comments?post=98255"}],"version-history":[{"count":2,"href":"https:\/\/www.noticiasradioreflejos.com.ar\/2021\/wp-json\/wp\/v2\/posts\/98255\/revisions"}],"predecessor-version":[{"id":98258,"href":"https:\/\/www.noticiasradioreflejos.com.ar\/2021\/wp-json\/wp\/v2\/posts\/98255\/revisions\/98258"}],"wp:featuredmedia":[{"embeddable":true,"href":"https:\/\/www.noticiasradioreflejos.com.ar\/2021\/wp-json\/wp\/v2\/media\/98256"}],"wp:attachment":[{"href":"https:\/\/www.noticiasradioreflejos.com.ar\/2021\/wp-json\/wp\/v2\/media?parent=98255"}],"wp:term":[{"taxonomy":"category","embeddable":true,"href":"https:\/\/www.noticiasradioreflejos.com.ar\/2021\/wp-json\/wp\/v2\/categories?post=98255"},{"taxonomy":"post_tag","embeddable":true,"href":"https:\/\/www.noticiasradioreflejos.com.ar\/2021\/wp-json\/wp\/v2\/tags?post=98255"}],"curies":[{"name":"wp","href":"https:\/\/api.w.org\/{rel}","templated":true}]}}