{"id":98185,"date":"2024-01-27T14:50:27","date_gmt":"2024-01-27T17:50:27","guid":{"rendered":"https:\/\/www.noticiasradioreflejos.com.ar\/2021\/?p=98185"},"modified":"2024-01-27T14:50:27","modified_gmt":"2024-01-27T17:50:27","slug":"un-bus-electrico-con-chasis-de-fabricacion-local-comenzara-a-circular-por-el-amba-en-pocos-meses","status":"publish","type":"post","link":"https:\/\/www.noticiasradioreflejos.com.ar\/2021\/un-bus-electrico-con-chasis-de-fabricacion-local-comenzara-a-circular-por-el-amba-en-pocos-meses\/","title":{"rendered":"Un bus el\u00e9ctrico con chasis de fabricaci\u00f3n local comenzar\u00e1 a circular por el AMBA en pocos meses"},"content":{"rendered":"<p>La posibilidad de contar con un colectivo 100% el\u00e9ctrico con chasis de fabricaci\u00f3n nacional circulando por las calles de la Ciudad de Buenos Aires podr\u00e1 ser una realidad dentro de pocos meses, una vez que se completen los tr\u00e1mites de la homologaci\u00f3n que permitir\u00e1 concretar un proyecto de cinco a\u00f1os que estuvo a punto de quedar trunco por la pandemia de coronavirus. <!--more--><\/p>\n<p>(Por Marcelo B\u00e1tiz) -La opci\u00f3n de contar con un veh\u00edculo \u00abmade in Argentina\u00bb de la l\u00ednea 28, que une Puente de la Noria con Ciudad Universitaria y que altere, al menos m\u00ednimamente, el monopolio de unidades chinas en toda Am\u00e9rica Latina, estar\u00e1 a cargo de Agrale, como primer paso para lo que podr\u00eda derivar en la fabricaci\u00f3n de m\u00e1s unidades.<\/p>\n<p>Sin contar los trolebuses, que elevar\u00edan la cifra a 5.076 unidades, en Am\u00e9rica Latina hay en circulaci\u00f3n unos 2.000 buses el\u00e9ctricos \u00aby los 2.000 son chinos\u00bb, destac\u00f3 Ignacio Armend\u00e1riz, director y gerente comercial de Agrale, quien relat\u00f3 a T\u00e9lam la historia que comenz\u00f3 hace cinco a\u00f1os.<\/p>\n<p>Por entonces, la empresa fabric\u00f3 el chasis para un bus el\u00e9ctrico de dimensiones est\u00e1ndar (12 metros de largo, 17 toneladas de pesos y capacidad para 70 pasajeros parados y sentados) y formaliz\u00f3 un joint venture con la compa\u00f1\u00eda inglesa Equipmake, formada por exingenieros de F\u00f3rmula 1 (su director general, Ian Foley, trabaj\u00f3 en Lotus, Benetton y otras escuder\u00edas), que en la actualidad se dedican al desarrollo de motores el\u00e9ctricos de transporte para servicios pesados.<\/p>\n<p>\u00abAll\u00ed se hicieron cargo del motor, las bater\u00edas y el software que controla el funcionamiento de la unidad\u00bb, detall\u00f3 Armend\u00e1riz, quien record\u00f3 que \u00abcuando comenzaron las pruebas, estall\u00f3 la pandemia y todo se demor\u00f3, porque ten\u00edamos que mandar la unidad para que fuera homologada por laboratorios ingleses que, obviamente, estaban cerrados\u00bb.<\/p>\n<p>Una vez superada la fase cr\u00edtica de la pandemia, se hicieron las homologaciones correspondientes en el Reino Unido y se trajo la unidad a la Argentina.<\/p>\n<p>Seg\u00fan Armend\u00e1riz, \u00abel bus ya tiene 30.000 kil\u00f3metros de pruebas totalmente satisfactorias y hace un a\u00f1o se iniciaron las gestiones de homologaci\u00f3n ante la Secretar\u00eda de Industria, algo que lleva bastante tiempo por la complejidad de los tr\u00e1mites\u00bb.<\/p>\n<p>Al respecto, explic\u00f3 que la homologaci\u00f3n lleva dos etapas: la primera es por el chasis y se llama Constancia T\u00e9cnica; en tanto la segunda es por la unidad completa, una vez montada la carrocer\u00eda y se denomina Licencia de Configuraci\u00f3n de Modelo (LCM).<\/p>\n<p>\u00abLa primera homologaci\u00f3n est\u00e1 lista y estamos trabajando en la segunda con la empresa de carrocer\u00edas TodoBus; estimamos que estar\u00e1 en uno o dos meses. Una vez que est\u00e9 todo completo, la unidad saldr\u00eda a circular en una l\u00ednea del AMBA, que en principio ser\u00eda la 28\u00bb, adelant\u00f3.<\/p>\n<p>En cuanto a la performance del veh\u00edculo, Armend\u00e1riz la calific\u00f3 como \u00abexcelente\u00bb, con una autonom\u00eda de 250 km a 280 km, equivalente al recorrido total de un bus urbano en una jornada.<\/p>\n<p>\u00abCon el equipo adecuado, el per\u00edodo de recarga demanda cuatro horas\u00bb, indic\u00f3, para dar paso a una eventual segunda etapa si el lanzamiento es exitoso: el inicio de la producci\u00f3n de m\u00e1s unidades, tanto para el mercado local como para el de otros pa\u00edses de Am\u00e9rica Latina, a pesar de las condiciones notoriamente desiguales con las compa\u00f1\u00edas chinas.<\/p>\n<p><a title=\"bue eletrico\" href=\"https:\/\/www.flickr.com\/photos\/182279889@N02\/53490987711\/in\/dateposted-public\/\" data-flickr-embed=\"true\" data-footer=\"true\"><img loading=\"lazy\" decoding=\"async\" src=\"https:\/\/live.staticflickr.com\/65535\/53490987711_8a60bde0dc_z.jpg\" alt=\"bue eletrico\" width=\"640\" height=\"640\" \/><\/a><script async src=\"\/\/embedr.flickr.com\/assets\/client-code.js\" charset=\"utf-8\"><\/script><br \/>\nPero Armend\u00e1riz cree tener la carta de triunfo en la circunstancia que \u00ablos chinos ofrecen unidades terminadas, pero en Am\u00e9rica Latina la costumbre es que el cliente elija la carrocer\u00eda\u00bb.<\/p>\n<p>\u00abPor eso, nuestro proyecto es hacer un chasis aut\u00f3nomo y sobre ese chasis el cliente puede elegir la carrocer\u00eda\u00bb, explic\u00f3, para a\u00f1adir que Agrale \u00abno tiene ning\u00fan problema en cuanto a capacidad de producci\u00f3n\u00bb, ya que los chasis se montar\u00edan en la planta de la empresa en la localidad bonaerense de Mercedes.<\/p>\n<p>Las complicaciones, en rigor, no se centran en la producci\u00f3n de veh\u00edculos sino en la falta de una infraestructura de apoyo y el financiamiento necesario para su desarrollo: \u00abuna flota no se transforma en el\u00e9ctrica de la noche a la ma\u00f1ana\u00bb, advirti\u00f3, \u00abya que si una l\u00ednea quiere muchos colectivos el\u00e9ctricos va a necesitar de una instalaci\u00f3n importante, con unos 50 cargadores y una subcentral el\u00e9ctrica a su disposici\u00f3n\u00bb.<\/p>\n<p>En ese aspecto, Armend\u00e1riz limita a dos los problemas principales para desarrollar una industria de buses el\u00e9ctricos local\u00bb, como son \u00abla competencia de los chinos y la falta de pol\u00edticas p\u00fablicas que ayuden a la transformaci\u00f3n de la flota\u00bb.<\/p>\n<p>Entre estas \u00faltimas, los obst\u00e1culos al financiamiento se ubican en los primeros puestos, si se tiene en cuenta que si bien \u00abel costo operativo de una unidad el\u00e9ctrica es tremendamente menor al de una con motor de combusti\u00f3n interna\u00bb, el problema estriba en la inversi\u00f3n inicial debido a que \u00abun colectivo com\u00fan est\u00e1 en unos US$ 180.000 y uno el\u00e9ctrico en US$ 400.000\u00bb.<\/p>\n<p>\u00abEn ocho a\u00f1os se podr\u00eda amortizar la inversi\u00f3n, pero para eso hace falta cr\u00e9ditos de largo plazo, porque no cualquiera puede dar ese paso ni mucho menos disponer de la electricidad suficiente para cargar una flota de 50 buses\u00bb, manifest\u00f3.<\/p>\n<p>Los ejemplos de experiencias exitosas al respecto no est\u00e1n muy lejos, al punto que Armend\u00e1riz destac\u00f3 una iniciativa de la municipalidad de Montevideo, donde ya circulan m\u00e1s de 30 buses el\u00e9ctricos.<\/p>\n<p>\u00abEl municipio compra un colectivo usado, lo paga como si fuera nuevo y con ese dinero obliga al transportista a comprar uno el\u00e9ctrico, podr\u00eda decirse que es un subsidio encubierto\u00bb, indic\u00f3, en un contexto regional donde \u00ablos chinos muestran una gran agresividad en el momento de venta, con precios 20% m\u00e1s baratos\u00bb.<\/p>\n","protected":false},"excerpt":{"rendered":"<p>La posibilidad de contar con un colectivo 100% el\u00e9ctrico con chasis de fabricaci\u00f3n nacional circulando por las calles de la Ciudad de Buenos Aires podr\u00e1 ser una realidad dentro de pocos meses, una vez que se completen los tr\u00e1mites de la homologaci\u00f3n que permitir\u00e1 concretar un proyecto de cinco a\u00f1os que estuvo a punto de [&hellip;]<\/p>\n","protected":false},"author":3,"featured_media":0,"comment_status":"closed","ping_status":"closed","sticky":false,"template":"","format":"standard","meta":{"footnotes":""},"categories":[46,36,34],"tags":[],"class_list":["post-98185","post","type-post","status-publish","format-standard","hentry","category-ciencia-y-tecnologia","category-economia","category-educacion"],"yoast_head":"<!-- This site is optimized with the Yoast SEO plugin v25.9 - https:\/\/yoast.com\/wordpress\/plugins\/seo\/ -->\n<title>Un bus el\u00e9ctrico con chasis de fabricaci\u00f3n local comenzar\u00e1 a circular por el AMBA en pocos meses - Noticias Radio Reflejos<\/title>\n<meta name=\"robots\" content=\"index, follow, max-snippet:-1, max-image-preview:large, max-video-preview:-1\" \/>\n<link rel=\"canonical\" href=\"https:\/\/www.noticiasradioreflejos.com.ar\/2021\/un-bus-electrico-con-chasis-de-fabricacion-local-comenzara-a-circular-por-el-amba-en-pocos-meses\/\" \/>\n<meta property=\"og:locale\" content=\"es_ES\" \/>\n<meta property=\"og:type\" content=\"article\" \/>\n<meta property=\"og:title\" content=\"Un bus el\u00e9ctrico con chasis de fabricaci\u00f3n local comenzar\u00e1 a circular por el AMBA en pocos meses - Noticias Radio Reflejos\" \/>\n<meta property=\"og:description\" content=\"La posibilidad de contar con un colectivo 100% el\u00e9ctrico con chasis de fabricaci\u00f3n nacional circulando por las calles de la Ciudad de Buenos Aires podr\u00e1 ser una realidad dentro de pocos meses, una vez que se completen los tr\u00e1mites de la homologaci\u00f3n que permitir\u00e1 concretar un proyecto de cinco a\u00f1os que estuvo a punto de [&hellip;]\" \/>\n<meta property=\"og:url\" content=\"https:\/\/www.noticiasradioreflejos.com.ar\/2021\/un-bus-electrico-con-chasis-de-fabricacion-local-comenzara-a-circular-por-el-amba-en-pocos-meses\/\" \/>\n<meta property=\"og:site_name\" content=\"Noticias Radio Reflejos\" \/>\n<meta property=\"article:published_time\" content=\"2024-01-27T17:50:27+00:00\" \/>\n<meta property=\"og:image\" content=\"https:\/\/live.staticflickr.com\/65535\/53490987711_8a60bde0dc_z.jpg\" \/>\n<meta name=\"author\" content=\"Arnaldo Botto\" \/>\n<meta name=\"twitter:card\" content=\"summary_large_image\" \/>\n<script type=\"application\/ld+json\" class=\"yoast-schema-graph\">{\"@context\":\"https:\/\/schema.org\",\"@graph\":[{\"@type\":\"WebPage\",\"@id\":\"https:\/\/www.noticiasradioreflejos.com.ar\/2021\/un-bus-electrico-con-chasis-de-fabricacion-local-comenzara-a-circular-por-el-amba-en-pocos-meses\/\",\"url\":\"https:\/\/www.noticiasradioreflejos.com.ar\/2021\/un-bus-electrico-con-chasis-de-fabricacion-local-comenzara-a-circular-por-el-amba-en-pocos-meses\/\",\"name\":\"Un bus el\u00e9ctrico con chasis de fabricaci\u00f3n local comenzar\u00e1 a circular por el AMBA en pocos meses - Noticias Radio Reflejos\",\"isPartOf\":{\"@id\":\"https:\/\/www.noticiasradioreflejos.com.ar\/2021\/#website\"},\"primaryImageOfPage\":{\"@id\":\"https:\/\/www.noticiasradioreflejos.com.ar\/2021\/un-bus-electrico-con-chasis-de-fabricacion-local-comenzara-a-circular-por-el-amba-en-pocos-meses\/#primaryimage\"},\"image\":{\"@id\":\"https:\/\/www.noticiasradioreflejos.com.ar\/2021\/un-bus-electrico-con-chasis-de-fabricacion-local-comenzara-a-circular-por-el-amba-en-pocos-meses\/#primaryimage\"},\"thumbnailUrl\":\"https:\/\/live.staticflickr.com\/65535\/53490987711_8a60bde0dc_z.jpg\",\"datePublished\":\"2024-01-27T17:50:27+00:00\",\"author\":{\"@id\":\"https:\/\/www.noticiasradioreflejos.com.ar\/2021\/#\/schema\/person\/ad82545263dcc5ec0996818884fd5fb1\"},\"breadcrumb\":{\"@id\":\"https:\/\/www.noticiasradioreflejos.com.ar\/2021\/un-bus-electrico-con-chasis-de-fabricacion-local-comenzara-a-circular-por-el-amba-en-pocos-meses\/#breadcrumb\"},\"inLanguage\":\"es\",\"potentialAction\":[{\"@type\":\"ReadAction\",\"target\":[\"https:\/\/www.noticiasradioreflejos.com.ar\/2021\/un-bus-electrico-con-chasis-de-fabricacion-local-comenzara-a-circular-por-el-amba-en-pocos-meses\/\"]}]},{\"@type\":\"ImageObject\",\"inLanguage\":\"es\",\"@id\":\"https:\/\/www.noticiasradioreflejos.com.ar\/2021\/un-bus-electrico-con-chasis-de-fabricacion-local-comenzara-a-circular-por-el-amba-en-pocos-meses\/#primaryimage\",\"url\":\"https:\/\/live.staticflickr.com\/65535\/53490987711_8a60bde0dc_z.jpg\",\"contentUrl\":\"https:\/\/live.staticflickr.com\/65535\/53490987711_8a60bde0dc_z.jpg\"},{\"@type\":\"BreadcrumbList\",\"@id\":\"https:\/\/www.noticiasradioreflejos.com.ar\/2021\/un-bus-electrico-con-chasis-de-fabricacion-local-comenzara-a-circular-por-el-amba-en-pocos-meses\/#breadcrumb\",\"itemListElement\":[{\"@type\":\"ListItem\",\"position\":1,\"name\":\"Portada\",\"item\":\"https:\/\/www.noticiasradioreflejos.com.ar\/2021\/\"},{\"@type\":\"ListItem\",\"position\":2,\"name\":\"Un bus el\u00e9ctrico con chasis de fabricaci\u00f3n local comenzar\u00e1 a circular por el AMBA en pocos meses\"}]},{\"@type\":\"WebSite\",\"@id\":\"https:\/\/www.noticiasradioreflejos.com.ar\/2021\/#website\",\"url\":\"https:\/\/www.noticiasradioreflejos.com.ar\/2021\/\",\"name\":\"Noticias Radio Reflejos\",\"description\":\"Las noticias de mi comarca\",\"potentialAction\":[{\"@type\":\"SearchAction\",\"target\":{\"@type\":\"EntryPoint\",\"urlTemplate\":\"https:\/\/www.noticiasradioreflejos.com.ar\/2021\/?s={search_term_string}\"},\"query-input\":{\"@type\":\"PropertyValueSpecification\",\"valueRequired\":true,\"valueName\":\"search_term_string\"}}],\"inLanguage\":\"es\"},{\"@type\":\"Person\",\"@id\":\"https:\/\/www.noticiasradioreflejos.com.ar\/2021\/#\/schema\/person\/ad82545263dcc5ec0996818884fd5fb1\",\"name\":\"Arnaldo Botto\",\"image\":{\"@type\":\"ImageObject\",\"inLanguage\":\"es\",\"@id\":\"https:\/\/www.noticiasradioreflejos.com.ar\/2021\/#\/schema\/person\/image\/\",\"url\":\"https:\/\/secure.gravatar.com\/avatar\/55cb5e37c1efa326397366e6974cb338056df65cb50e7d64d1cf314e87504837?s=96&d=mm&r=g\",\"contentUrl\":\"https:\/\/secure.gravatar.com\/avatar\/55cb5e37c1efa326397366e6974cb338056df65cb50e7d64d1cf314e87504837?s=96&d=mm&r=g\",\"caption\":\"Arnaldo Botto\"},\"url\":\"https:\/\/www.noticiasradioreflejos.com.ar\/2021\/author\/arnaldo\/\"}]}<\/script>\n<!-- \/ Yoast SEO plugin. -->","yoast_head_json":{"title":"Un bus el\u00e9ctrico con chasis de fabricaci\u00f3n local comenzar\u00e1 a circular por el AMBA en pocos meses - Noticias Radio Reflejos","robots":{"index":"index","follow":"follow","max-snippet":"max-snippet:-1","max-image-preview":"max-image-preview:large","max-video-preview":"max-video-preview:-1"},"canonical":"https:\/\/www.noticiasradioreflejos.com.ar\/2021\/un-bus-electrico-con-chasis-de-fabricacion-local-comenzara-a-circular-por-el-amba-en-pocos-meses\/","og_locale":"es_ES","og_type":"article","og_title":"Un bus el\u00e9ctrico con chasis de fabricaci\u00f3n local comenzar\u00e1 a circular por el AMBA en pocos meses - Noticias Radio Reflejos","og_description":"La posibilidad de contar con un colectivo 100% el\u00e9ctrico con chasis de fabricaci\u00f3n nacional circulando por las calles de la Ciudad de Buenos Aires podr\u00e1 ser una realidad dentro de pocos meses, una vez que se completen los tr\u00e1mites de la homologaci\u00f3n que permitir\u00e1 concretar un proyecto de cinco a\u00f1os que estuvo a punto de [&hellip;]","og_url":"https:\/\/www.noticiasradioreflejos.com.ar\/2021\/un-bus-electrico-con-chasis-de-fabricacion-local-comenzara-a-circular-por-el-amba-en-pocos-meses\/","og_site_name":"Noticias Radio Reflejos","article_published_time":"2024-01-27T17:50:27+00:00","og_image":[{"url":"https:\/\/live.staticflickr.com\/65535\/53490987711_8a60bde0dc_z.jpg","type":"","width":"","height":""}],"author":"Arnaldo Botto","twitter_card":"summary_large_image","schema":{"@context":"https:\/\/schema.org","@graph":[{"@type":"WebPage","@id":"https:\/\/www.noticiasradioreflejos.com.ar\/2021\/un-bus-electrico-con-chasis-de-fabricacion-local-comenzara-a-circular-por-el-amba-en-pocos-meses\/","url":"https:\/\/www.noticiasradioreflejos.com.ar\/2021\/un-bus-electrico-con-chasis-de-fabricacion-local-comenzara-a-circular-por-el-amba-en-pocos-meses\/","name":"Un bus el\u00e9ctrico con chasis de fabricaci\u00f3n local comenzar\u00e1 a circular por el AMBA en pocos meses - Noticias Radio Reflejos","isPartOf":{"@id":"https:\/\/www.noticiasradioreflejos.com.ar\/2021\/#website"},"primaryImageOfPage":{"@id":"https:\/\/www.noticiasradioreflejos.com.ar\/2021\/un-bus-electrico-con-chasis-de-fabricacion-local-comenzara-a-circular-por-el-amba-en-pocos-meses\/#primaryimage"},"image":{"@id":"https:\/\/www.noticiasradioreflejos.com.ar\/2021\/un-bus-electrico-con-chasis-de-fabricacion-local-comenzara-a-circular-por-el-amba-en-pocos-meses\/#primaryimage"},"thumbnailUrl":"https:\/\/live.staticflickr.com\/65535\/53490987711_8a60bde0dc_z.jpg","datePublished":"2024-01-27T17:50:27+00:00","author":{"@id":"https:\/\/www.noticiasradioreflejos.com.ar\/2021\/#\/schema\/person\/ad82545263dcc5ec0996818884fd5fb1"},"breadcrumb":{"@id":"https:\/\/www.noticiasradioreflejos.com.ar\/2021\/un-bus-electrico-con-chasis-de-fabricacion-local-comenzara-a-circular-por-el-amba-en-pocos-meses\/#breadcrumb"},"inLanguage":"es","potentialAction":[{"@type":"ReadAction","target":["https:\/\/www.noticiasradioreflejos.com.ar\/2021\/un-bus-electrico-con-chasis-de-fabricacion-local-comenzara-a-circular-por-el-amba-en-pocos-meses\/"]}]},{"@type":"ImageObject","inLanguage":"es","@id":"https:\/\/www.noticiasradioreflejos.com.ar\/2021\/un-bus-electrico-con-chasis-de-fabricacion-local-comenzara-a-circular-por-el-amba-en-pocos-meses\/#primaryimage","url":"https:\/\/live.staticflickr.com\/65535\/53490987711_8a60bde0dc_z.jpg","contentUrl":"https:\/\/live.staticflickr.com\/65535\/53490987711_8a60bde0dc_z.jpg"},{"@type":"BreadcrumbList","@id":"https:\/\/www.noticiasradioreflejos.com.ar\/2021\/un-bus-electrico-con-chasis-de-fabricacion-local-comenzara-a-circular-por-el-amba-en-pocos-meses\/#breadcrumb","itemListElement":[{"@type":"ListItem","position":1,"name":"Portada","item":"https:\/\/www.noticiasradioreflejos.com.ar\/2021\/"},{"@type":"ListItem","position":2,"name":"Un bus el\u00e9ctrico con chasis de fabricaci\u00f3n local comenzar\u00e1 a circular por el AMBA en pocos meses"}]},{"@type":"WebSite","@id":"https:\/\/www.noticiasradioreflejos.com.ar\/2021\/#website","url":"https:\/\/www.noticiasradioreflejos.com.ar\/2021\/","name":"Noticias Radio Reflejos","description":"Las noticias de mi comarca","potentialAction":[{"@type":"SearchAction","target":{"@type":"EntryPoint","urlTemplate":"https:\/\/www.noticiasradioreflejos.com.ar\/2021\/?s={search_term_string}"},"query-input":{"@type":"PropertyValueSpecification","valueRequired":true,"valueName":"search_term_string"}}],"inLanguage":"es"},{"@type":"Person","@id":"https:\/\/www.noticiasradioreflejos.com.ar\/2021\/#\/schema\/person\/ad82545263dcc5ec0996818884fd5fb1","name":"Arnaldo Botto","image":{"@type":"ImageObject","inLanguage":"es","@id":"https:\/\/www.noticiasradioreflejos.com.ar\/2021\/#\/schema\/person\/image\/","url":"https:\/\/secure.gravatar.com\/avatar\/55cb5e37c1efa326397366e6974cb338056df65cb50e7d64d1cf314e87504837?s=96&d=mm&r=g","contentUrl":"https:\/\/secure.gravatar.com\/avatar\/55cb5e37c1efa326397366e6974cb338056df65cb50e7d64d1cf314e87504837?s=96&d=mm&r=g","caption":"Arnaldo Botto"},"url":"https:\/\/www.noticiasradioreflejos.com.ar\/2021\/author\/arnaldo\/"}]}},"_links":{"self":[{"href":"https:\/\/www.noticiasradioreflejos.com.ar\/2021\/wp-json\/wp\/v2\/posts\/98185","targetHints":{"allow":["GET"]}}],"collection":[{"href":"https:\/\/www.noticiasradioreflejos.com.ar\/2021\/wp-json\/wp\/v2\/posts"}],"about":[{"href":"https:\/\/www.noticiasradioreflejos.com.ar\/2021\/wp-json\/wp\/v2\/types\/post"}],"author":[{"embeddable":true,"href":"https:\/\/www.noticiasradioreflejos.com.ar\/2021\/wp-json\/wp\/v2\/users\/3"}],"replies":[{"embeddable":true,"href":"https:\/\/www.noticiasradioreflejos.com.ar\/2021\/wp-json\/wp\/v2\/comments?post=98185"}],"version-history":[{"count":1,"href":"https:\/\/www.noticiasradioreflejos.com.ar\/2021\/wp-json\/wp\/v2\/posts\/98185\/revisions"}],"predecessor-version":[{"id":98187,"href":"https:\/\/www.noticiasradioreflejos.com.ar\/2021\/wp-json\/wp\/v2\/posts\/98185\/revisions\/98187"}],"wp:attachment":[{"href":"https:\/\/www.noticiasradioreflejos.com.ar\/2021\/wp-json\/wp\/v2\/media?parent=98185"}],"wp:term":[{"taxonomy":"category","embeddable":true,"href":"https:\/\/www.noticiasradioreflejos.com.ar\/2021\/wp-json\/wp\/v2\/categories?post=98185"},{"taxonomy":"post_tag","embeddable":true,"href":"https:\/\/www.noticiasradioreflejos.com.ar\/2021\/wp-json\/wp\/v2\/tags?post=98185"}],"curies":[{"name":"wp","href":"https:\/\/api.w.org\/{rel}","templated":true}]}}