{"id":98182,"date":"2024-01-27T10:30:51","date_gmt":"2024-01-27T13:30:51","guid":{"rendered":"https:\/\/www.noticiasradioreflejos.com.ar\/2021\/?p=98182"},"modified":"2024-01-27T10:30:51","modified_gmt":"2024-01-27T13:30:51","slug":"luchan-para-controlar-un-incendio-forestal-en-el-parque-nacional-los-alerces-en-chubut","status":"publish","type":"post","link":"https:\/\/www.noticiasradioreflejos.com.ar\/2021\/luchan-para-controlar-un-incendio-forestal-en-el-parque-nacional-los-alerces-en-chubut\/","title":{"rendered":"Luchan para controlar un incendio forestal en el Parque Nacional Los Alerces en Chubut"},"content":{"rendered":"<p>La Subsecretar\u00eda de Ambiente, a trav\u00e9s del SNMF, despleg\u00f3 cuatro medios a\u00e9reos y puso a disposici\u00f3n al cuerpo de brigadistas de la Base Sur para reforzar las tareas que contin\u00faan en la zona.<!--more--><\/p>\n<div>\n<div class=\"wrapper-editable-content\">\n<div>\n<div class=\"container-md\">\n<div class=\"row\">\n<div class=\"col-md-12 speak\">\n<div class=\"paragraph\">\n<figure class=\"mb-3\"><img decoding=\"async\" class=\" lazy \" src=\"https:\/\/www.telam.com.ar\/thumbs\/bluesteel\/advf\/imagenes\/2024\/01\/65b437284e0f7_1200.jpg\" alt=\"Parque Nacional Los Alerces chubut Foto Prensa \" width=\"100%\" height=\"100%\" \/><\/p>\n<div class=\"media-icons\"><\/div><figcaption>Parque Nacional Los Alerces, chubut. Foto Prensa<\/figcaption><\/figure>\n<p>Brigadistas forestales de Chubut y Bomberos Voluntarios de Trevelin y Esquel, en conjunto con el Servicio Nacional de Manejo del Fuego (SNMF), luchan para controlar un incendio forestal que\u00a0<strong>se desat\u00f3 en la zona de Bah\u00eda de Rosales,<\/strong>\u00a0dentro del Parque Nacional Los Alerces, en la provincia de Chubut, se inform\u00f3 oficialmente.<\/p>\n<p>La Subsecretar\u00eda de Ambiente, a trav\u00e9s del SNMF, despleg\u00f3\u00a0<strong>cuatro medios a\u00e9reos\u00a0<\/strong>y puso a disposici\u00f3n al\u00a0<strong>cuerpo de brigadistas de la Base Sur<\/strong>, a los efectos de reforzar las tareas, que continuaban en la tarde de este viernes.<\/p>\n<p>El incendio comenz\u00f3 el jueves por la noche y la propagaci\u00f3n del fuego hizo que se unieran dos focos \u00edgneos cercanos, afectando aproximadamente 2,5 hect\u00e1reas de monte nativo, precis\u00f3 la Subsecretar\u00eda de Ambiente en un comunicado.<\/p>\n<p>En el marco del despliegue de aeronaves que se realiz\u00f3 en la regi\u00f3n patag\u00f3nica en plena temporada alta de incendios forestales, participaron en las tareas de control un\u00a0<strong>helic\u00f3ptero Bell 407 y un Bell 412<\/strong>\u00a0-aptos para el trabajo con helibalde y el traslado del personal a zonas de dif\u00edcil acceso-, y\u00a0<strong>dos aviones turboh\u00e9lices AT-802<\/strong>\u00a0con tres mil litros de capacidad de descarga de agua.<\/p>\n<p>A primera hora de la ma\u00f1ana, ingresaron a trabajar 28 brigadistas del Parque Nacional Los Alerces, provistos de herramientas manuales y motosierras para comenzar la construcci\u00f3n de l\u00edneas de defensa.<\/p>\n<p>Por su parte, los medios a\u00e9reos comenzaron a operar a las 9, con base en las localidades chubutenses de Trevelin y Esquel.<\/p>\n<figure class=\"mb-3\"><img decoding=\"async\" class=\" lazy \" src=\"https:\/\/www.telam.com.ar\/thumbs\/bluesteel\/advf\/imagenes\/2024\/01\/65b437286a61d_1200.jpg\" alt=\"Foto Prensa \" width=\"100%\" height=\"100%\" \/><\/p>\n<div class=\"media-icons\"><\/div><figcaption>Foto Prensa<\/figcaption><\/figure>\n<p>En caso de que la jurisdicci\u00f3n solicite mayor colaboraci\u00f3n de aeronaves, la Subsecretar\u00eda indic\u00f3 que se pondr\u00e1 en apresto otro helic\u00f3ptero del SNMF, que tiene base en Lago Puelo.<\/p>\n<p>No obstante, por el momento,\u00a0<strong>no se requiri\u00f3 asistencia con brigadistas de otras \u00e1reas protegidas cercanas.<\/strong><\/p>\n<p>Adem\u00e1s, desde que comenz\u00f3 el incendio forestal en inmediaciones del lago Futalaufquen, el SNMF emiti\u00f3 un pron\u00f3stico meteorol\u00f3gico especial con el objeto de apoyar con informaci\u00f3n para la planificaci\u00f3n de actividades de control y seguridad de los equipos de respuesta, que est\u00e1n conformados por personal de Parques Nacionales y de la provincia de Chubut.<\/p>\n<p>Debido a que el incendio se desarrolla en una lomada con densa vegetaci\u00f3n, y sin posibilidades de llegar con veh\u00edculo, durante la madrugada se realizaron relevamientos y seguimientos con un dron y una c\u00e1mara t\u00e9rmica.<\/p>\n<\/div>\n<\/div>\n<\/div>\n<\/div>\n<\/div>\n<\/div>\n<\/div>\n","protected":false},"excerpt":{"rendered":"<p>La Subsecretar\u00eda de Ambiente, a trav\u00e9s del SNMF, despleg\u00f3 cuatro medios a\u00e9reos y puso a disposici\u00f3n al cuerpo de brigadistas de la Base Sur para reforzar las tareas que contin\u00faan en la zona.<\/p>\n","protected":false},"author":3,"featured_media":0,"comment_status":"closed","ping_status":"closed","sticky":false,"template":"","format":"standard","meta":{"footnotes":""},"categories":[1],"tags":[],"class_list":["post-98182","post","type-post","status-publish","format-standard","hentry","category-sin-categoria"],"yoast_head":"<!-- This site is optimized with the Yoast SEO plugin v25.9 - https:\/\/yoast.com\/wordpress\/plugins\/seo\/ -->\n<title>Luchan para controlar un incendio forestal en el Parque Nacional Los Alerces en Chubut - Noticias Radio Reflejos<\/title>\n<meta name=\"robots\" content=\"index, follow, max-snippet:-1, max-image-preview:large, max-video-preview:-1\" \/>\n<link rel=\"canonical\" href=\"https:\/\/www.noticiasradioreflejos.com.ar\/2021\/luchan-para-controlar-un-incendio-forestal-en-el-parque-nacional-los-alerces-en-chubut\/\" \/>\n<meta property=\"og:locale\" content=\"es_ES\" \/>\n<meta property=\"og:type\" content=\"article\" \/>\n<meta property=\"og:title\" content=\"Luchan para controlar un incendio forestal en el Parque Nacional Los Alerces en Chubut - Noticias Radio Reflejos\" \/>\n<meta property=\"og:description\" content=\"La Subsecretar\u00eda de Ambiente, a trav\u00e9s del SNMF, despleg\u00f3 cuatro medios a\u00e9reos y puso a disposici\u00f3n al cuerpo de brigadistas de la Base Sur para reforzar las tareas que contin\u00faan en la zona.\" \/>\n<meta property=\"og:url\" content=\"https:\/\/www.noticiasradioreflejos.com.ar\/2021\/luchan-para-controlar-un-incendio-forestal-en-el-parque-nacional-los-alerces-en-chubut\/\" \/>\n<meta property=\"og:site_name\" content=\"Noticias Radio Reflejos\" \/>\n<meta property=\"article:published_time\" content=\"2024-01-27T13:30:51+00:00\" \/>\n<meta property=\"og:image\" content=\"https:\/\/www.telam.com.ar\/thumbs\/bluesteel\/advf\/imagenes\/2024\/01\/65b437284e0f7_1200.jpg\" \/>\n<meta name=\"author\" content=\"Arnaldo Botto\" \/>\n<meta name=\"twitter:card\" content=\"summary_large_image\" \/>\n<script type=\"application\/ld+json\" class=\"yoast-schema-graph\">{\"@context\":\"https:\/\/schema.org\",\"@graph\":[{\"@type\":\"WebPage\",\"@id\":\"https:\/\/www.noticiasradioreflejos.com.ar\/2021\/luchan-para-controlar-un-incendio-forestal-en-el-parque-nacional-los-alerces-en-chubut\/\",\"url\":\"https:\/\/www.noticiasradioreflejos.com.ar\/2021\/luchan-para-controlar-un-incendio-forestal-en-el-parque-nacional-los-alerces-en-chubut\/\",\"name\":\"Luchan para controlar un incendio forestal en el Parque Nacional Los Alerces en Chubut - Noticias Radio Reflejos\",\"isPartOf\":{\"@id\":\"https:\/\/www.noticiasradioreflejos.com.ar\/2021\/#website\"},\"primaryImageOfPage\":{\"@id\":\"https:\/\/www.noticiasradioreflejos.com.ar\/2021\/luchan-para-controlar-un-incendio-forestal-en-el-parque-nacional-los-alerces-en-chubut\/#primaryimage\"},\"image\":{\"@id\":\"https:\/\/www.noticiasradioreflejos.com.ar\/2021\/luchan-para-controlar-un-incendio-forestal-en-el-parque-nacional-los-alerces-en-chubut\/#primaryimage\"},\"thumbnailUrl\":\"https:\/\/www.telam.com.ar\/thumbs\/bluesteel\/advf\/imagenes\/2024\/01\/65b437284e0f7_1200.jpg\",\"datePublished\":\"2024-01-27T13:30:51+00:00\",\"author\":{\"@id\":\"https:\/\/www.noticiasradioreflejos.com.ar\/2021\/#\/schema\/person\/ad82545263dcc5ec0996818884fd5fb1\"},\"breadcrumb\":{\"@id\":\"https:\/\/www.noticiasradioreflejos.com.ar\/2021\/luchan-para-controlar-un-incendio-forestal-en-el-parque-nacional-los-alerces-en-chubut\/#breadcrumb\"},\"inLanguage\":\"es\",\"potentialAction\":[{\"@type\":\"ReadAction\",\"target\":[\"https:\/\/www.noticiasradioreflejos.com.ar\/2021\/luchan-para-controlar-un-incendio-forestal-en-el-parque-nacional-los-alerces-en-chubut\/\"]}]},{\"@type\":\"ImageObject\",\"inLanguage\":\"es\",\"@id\":\"https:\/\/www.noticiasradioreflejos.com.ar\/2021\/luchan-para-controlar-un-incendio-forestal-en-el-parque-nacional-los-alerces-en-chubut\/#primaryimage\",\"url\":\"https:\/\/www.telam.com.ar\/thumbs\/bluesteel\/advf\/imagenes\/2024\/01\/65b437284e0f7_1200.jpg\",\"contentUrl\":\"https:\/\/www.telam.com.ar\/thumbs\/bluesteel\/advf\/imagenes\/2024\/01\/65b437284e0f7_1200.jpg\"},{\"@type\":\"BreadcrumbList\",\"@id\":\"https:\/\/www.noticiasradioreflejos.com.ar\/2021\/luchan-para-controlar-un-incendio-forestal-en-el-parque-nacional-los-alerces-en-chubut\/#breadcrumb\",\"itemListElement\":[{\"@type\":\"ListItem\",\"position\":1,\"name\":\"Portada\",\"item\":\"https:\/\/www.noticiasradioreflejos.com.ar\/2021\/\"},{\"@type\":\"ListItem\",\"position\":2,\"name\":\"Luchan para controlar un incendio forestal en el Parque Nacional Los Alerces en Chubut\"}]},{\"@type\":\"WebSite\",\"@id\":\"https:\/\/www.noticiasradioreflejos.com.ar\/2021\/#website\",\"url\":\"https:\/\/www.noticiasradioreflejos.com.ar\/2021\/\",\"name\":\"Noticias Radio Reflejos\",\"description\":\"Las noticias de mi comarca\",\"potentialAction\":[{\"@type\":\"SearchAction\",\"target\":{\"@type\":\"EntryPoint\",\"urlTemplate\":\"https:\/\/www.noticiasradioreflejos.com.ar\/2021\/?s={search_term_string}\"},\"query-input\":{\"@type\":\"PropertyValueSpecification\",\"valueRequired\":true,\"valueName\":\"search_term_string\"}}],\"inLanguage\":\"es\"},{\"@type\":\"Person\",\"@id\":\"https:\/\/www.noticiasradioreflejos.com.ar\/2021\/#\/schema\/person\/ad82545263dcc5ec0996818884fd5fb1\",\"name\":\"Arnaldo Botto\",\"image\":{\"@type\":\"ImageObject\",\"inLanguage\":\"es\",\"@id\":\"https:\/\/www.noticiasradioreflejos.com.ar\/2021\/#\/schema\/person\/image\/\",\"url\":\"https:\/\/secure.gravatar.com\/avatar\/55cb5e37c1efa326397366e6974cb338056df65cb50e7d64d1cf314e87504837?s=96&d=mm&r=g\",\"contentUrl\":\"https:\/\/secure.gravatar.com\/avatar\/55cb5e37c1efa326397366e6974cb338056df65cb50e7d64d1cf314e87504837?s=96&d=mm&r=g\",\"caption\":\"Arnaldo Botto\"},\"url\":\"https:\/\/www.noticiasradioreflejos.com.ar\/2021\/author\/arnaldo\/\"}]}<\/script>\n<!-- \/ Yoast SEO plugin. -->","yoast_head_json":{"title":"Luchan para controlar un incendio forestal en el Parque Nacional Los Alerces en Chubut - Noticias Radio Reflejos","robots":{"index":"index","follow":"follow","max-snippet":"max-snippet:-1","max-image-preview":"max-image-preview:large","max-video-preview":"max-video-preview:-1"},"canonical":"https:\/\/www.noticiasradioreflejos.com.ar\/2021\/luchan-para-controlar-un-incendio-forestal-en-el-parque-nacional-los-alerces-en-chubut\/","og_locale":"es_ES","og_type":"article","og_title":"Luchan para controlar un incendio forestal en el Parque Nacional Los Alerces en Chubut - Noticias Radio Reflejos","og_description":"La Subsecretar\u00eda de Ambiente, a trav\u00e9s del SNMF, despleg\u00f3 cuatro medios a\u00e9reos y puso a disposici\u00f3n al cuerpo de brigadistas de la Base Sur para reforzar las tareas que contin\u00faan en la zona.","og_url":"https:\/\/www.noticiasradioreflejos.com.ar\/2021\/luchan-para-controlar-un-incendio-forestal-en-el-parque-nacional-los-alerces-en-chubut\/","og_site_name":"Noticias Radio Reflejos","article_published_time":"2024-01-27T13:30:51+00:00","og_image":[{"url":"https:\/\/www.telam.com.ar\/thumbs\/bluesteel\/advf\/imagenes\/2024\/01\/65b437284e0f7_1200.jpg","type":"","width":"","height":""}],"author":"Arnaldo Botto","twitter_card":"summary_large_image","schema":{"@context":"https:\/\/schema.org","@graph":[{"@type":"WebPage","@id":"https:\/\/www.noticiasradioreflejos.com.ar\/2021\/luchan-para-controlar-un-incendio-forestal-en-el-parque-nacional-los-alerces-en-chubut\/","url":"https:\/\/www.noticiasradioreflejos.com.ar\/2021\/luchan-para-controlar-un-incendio-forestal-en-el-parque-nacional-los-alerces-en-chubut\/","name":"Luchan para controlar un incendio forestal en el Parque Nacional Los Alerces en Chubut - Noticias Radio Reflejos","isPartOf":{"@id":"https:\/\/www.noticiasradioreflejos.com.ar\/2021\/#website"},"primaryImageOfPage":{"@id":"https:\/\/www.noticiasradioreflejos.com.ar\/2021\/luchan-para-controlar-un-incendio-forestal-en-el-parque-nacional-los-alerces-en-chubut\/#primaryimage"},"image":{"@id":"https:\/\/www.noticiasradioreflejos.com.ar\/2021\/luchan-para-controlar-un-incendio-forestal-en-el-parque-nacional-los-alerces-en-chubut\/#primaryimage"},"thumbnailUrl":"https:\/\/www.telam.com.ar\/thumbs\/bluesteel\/advf\/imagenes\/2024\/01\/65b437284e0f7_1200.jpg","datePublished":"2024-01-27T13:30:51+00:00","author":{"@id":"https:\/\/www.noticiasradioreflejos.com.ar\/2021\/#\/schema\/person\/ad82545263dcc5ec0996818884fd5fb1"},"breadcrumb":{"@id":"https:\/\/www.noticiasradioreflejos.com.ar\/2021\/luchan-para-controlar-un-incendio-forestal-en-el-parque-nacional-los-alerces-en-chubut\/#breadcrumb"},"inLanguage":"es","potentialAction":[{"@type":"ReadAction","target":["https:\/\/www.noticiasradioreflejos.com.ar\/2021\/luchan-para-controlar-un-incendio-forestal-en-el-parque-nacional-los-alerces-en-chubut\/"]}]},{"@type":"ImageObject","inLanguage":"es","@id":"https:\/\/www.noticiasradioreflejos.com.ar\/2021\/luchan-para-controlar-un-incendio-forestal-en-el-parque-nacional-los-alerces-en-chubut\/#primaryimage","url":"https:\/\/www.telam.com.ar\/thumbs\/bluesteel\/advf\/imagenes\/2024\/01\/65b437284e0f7_1200.jpg","contentUrl":"https:\/\/www.telam.com.ar\/thumbs\/bluesteel\/advf\/imagenes\/2024\/01\/65b437284e0f7_1200.jpg"},{"@type":"BreadcrumbList","@id":"https:\/\/www.noticiasradioreflejos.com.ar\/2021\/luchan-para-controlar-un-incendio-forestal-en-el-parque-nacional-los-alerces-en-chubut\/#breadcrumb","itemListElement":[{"@type":"ListItem","position":1,"name":"Portada","item":"https:\/\/www.noticiasradioreflejos.com.ar\/2021\/"},{"@type":"ListItem","position":2,"name":"Luchan para controlar un incendio forestal en el Parque Nacional Los Alerces en Chubut"}]},{"@type":"WebSite","@id":"https:\/\/www.noticiasradioreflejos.com.ar\/2021\/#website","url":"https:\/\/www.noticiasradioreflejos.com.ar\/2021\/","name":"Noticias Radio Reflejos","description":"Las noticias de mi comarca","potentialAction":[{"@type":"SearchAction","target":{"@type":"EntryPoint","urlTemplate":"https:\/\/www.noticiasradioreflejos.com.ar\/2021\/?s={search_term_string}"},"query-input":{"@type":"PropertyValueSpecification","valueRequired":true,"valueName":"search_term_string"}}],"inLanguage":"es"},{"@type":"Person","@id":"https:\/\/www.noticiasradioreflejos.com.ar\/2021\/#\/schema\/person\/ad82545263dcc5ec0996818884fd5fb1","name":"Arnaldo Botto","image":{"@type":"ImageObject","inLanguage":"es","@id":"https:\/\/www.noticiasradioreflejos.com.ar\/2021\/#\/schema\/person\/image\/","url":"https:\/\/secure.gravatar.com\/avatar\/55cb5e37c1efa326397366e6974cb338056df65cb50e7d64d1cf314e87504837?s=96&d=mm&r=g","contentUrl":"https:\/\/secure.gravatar.com\/avatar\/55cb5e37c1efa326397366e6974cb338056df65cb50e7d64d1cf314e87504837?s=96&d=mm&r=g","caption":"Arnaldo Botto"},"url":"https:\/\/www.noticiasradioreflejos.com.ar\/2021\/author\/arnaldo\/"}]}},"_links":{"self":[{"href":"https:\/\/www.noticiasradioreflejos.com.ar\/2021\/wp-json\/wp\/v2\/posts\/98182","targetHints":{"allow":["GET"]}}],"collection":[{"href":"https:\/\/www.noticiasradioreflejos.com.ar\/2021\/wp-json\/wp\/v2\/posts"}],"about":[{"href":"https:\/\/www.noticiasradioreflejos.com.ar\/2021\/wp-json\/wp\/v2\/types\/post"}],"author":[{"embeddable":true,"href":"https:\/\/www.noticiasradioreflejos.com.ar\/2021\/wp-json\/wp\/v2\/users\/3"}],"replies":[{"embeddable":true,"href":"https:\/\/www.noticiasradioreflejos.com.ar\/2021\/wp-json\/wp\/v2\/comments?post=98182"}],"version-history":[{"count":1,"href":"https:\/\/www.noticiasradioreflejos.com.ar\/2021\/wp-json\/wp\/v2\/posts\/98182\/revisions"}],"predecessor-version":[{"id":98184,"href":"https:\/\/www.noticiasradioreflejos.com.ar\/2021\/wp-json\/wp\/v2\/posts\/98182\/revisions\/98184"}],"wp:attachment":[{"href":"https:\/\/www.noticiasradioreflejos.com.ar\/2021\/wp-json\/wp\/v2\/media?parent=98182"}],"wp:term":[{"taxonomy":"category","embeddable":true,"href":"https:\/\/www.noticiasradioreflejos.com.ar\/2021\/wp-json\/wp\/v2\/categories?post=98182"},{"taxonomy":"post_tag","embeddable":true,"href":"https:\/\/www.noticiasradioreflejos.com.ar\/2021\/wp-json\/wp\/v2\/tags?post=98182"}],"curies":[{"name":"wp","href":"https:\/\/api.w.org\/{rel}","templated":true}]}}