{"id":98023,"date":"2024-01-22T14:53:12","date_gmt":"2024-01-22T17:53:12","guid":{"rendered":"https:\/\/www.noticiasradioreflejos.com.ar\/2021\/?p=98023"},"modified":"2024-01-22T14:53:12","modified_gmt":"2024-01-22T17:53:12","slug":"el-gobierno-propone-actualizar-las-jubilaciones-solo-por-inflacion-desde-abril","status":"publish","type":"post","link":"https:\/\/www.noticiasradioreflejos.com.ar\/2021\/el-gobierno-propone-actualizar-las-jubilaciones-solo-por-inflacion-desde-abril\/","title":{"rendered":"El Gobierno propone actualizar las jubilaciones s\u00f3lo por inflaci\u00f3n desde abril"},"content":{"rendered":"<p>La iniciativa est\u00e1 incluida en la serie de modificaciones al proyecto de ley \u00abBases\u00bb que el Poder Ejecutivo envi\u00f3 al Congreso de la Naci\u00f3n. \u00abAs\u00ed se le garantiza a los jubilados que mantengan su poder adquisitivo\u00bb, se destac\u00f3.<!--more--><br \/>\nLas jubilaciones comenzar\u00e1n a ajustarse a <strong>partir de abril en base a la inflaci\u00f3n<\/strong>, sin combinaci\u00f3n con ninguna otra variable, luego de que en marzo se aplique el aumento trimestral conforme a la actual ley de Movilidad, si avanza en el Congreso la nueva propuesta del Gobierno.<\/p>\n<p>Esta modificaci\u00f3n al proyecto de \u00abley \u00f3mnibus\u00bb es una de las dadas a conocer este lunes, en el marco del tratamiento en comisiones en la C\u00e1mara de Diputados.<\/p>\n<p>El Gobierno espera que la iniciativa tenga dictamen en el curso de esta semana, de acuerdo con lo expresado por el vocero presidencial, Manuel Adorni, en su habitual conferencia de prensa matutina en la Casa Rosada.<\/p>\n<p><strong>\u00abEl Gobierno va a cumplir con el ajuste trimestral que le corresponde a todos los jubilados en marzo respetando la f\u00f3rmula actual\u00bb<\/strong>, se indic\u00f3 en el proyecto de ley modificado, que a su vez agreg\u00f3 que\u00a0<strong>\u00aba partir de abril, comienza un actualizaci\u00f3n autom\u00e1tica por inflaci\u00f3n mensual en base a al \u00faltimo dato de inflaci\u00f3n disponible del Indec (Instituto Nacional de Estad\u00edstica y Censos)\u00bb.<\/strong><\/p>\n<p>El \u00cdndice de Precios al Consumidor (IPC) de marzo se dar\u00e1 a conocer el viernes 12 de abril, por lo que la inflaci\u00f3n disponible para el inicio del nuevo esquema de actualizaci\u00f3n de haberes ser\u00e1 el de febrero, que se prev\u00e9 difundir el martes 12 de marzo.<\/p>\n<p><strong>\u00abAs\u00ed se le garantiza a los jubilados que mantengan su poder adquisitivo\u00bb<\/strong>, se remarc\u00f3 en la modificaci\u00f3n incorporada al proyecto de ley, que en uno de sus art\u00edculos establece que \u00aben ning\u00fan caso la aplicaci\u00f3n de dicho \u00edndice podr\u00e1 producir la disminuci\u00f3n del haber que percibe el beneficiario o la beneficiaria\u00bb, ante la eventualidad de un mes con deflaci\u00f3n.<\/p>\n<figure class=\"mb-3\">\n<div class=\"media-icons\"><\/div><figcaption><\/figcaption><\/figure>\n<p>En otro punto del proyecto, se dispone la eliminaci\u00f3n de \u00ablas jubilaciones de privilegio para presidente y vicepresidente\u00bb, para poner fin a \u00abun privilegio de la casta en donde los presidentes acced\u00edan a una jubilaci\u00f3n millonaria y vitalicia\u00bb.<\/p>\n<p>Al requer\u00edrsele una evaluaci\u00f3n de los cambios en el proyecto, Adorni se\u00f1al\u00f3 que hablar\u00eda \u00abcuando efectivamente esta parte del proceso est\u00e9 terminada\u00bb, con la sanci\u00f3n de la ley, y que por el momento su decisi\u00f3n era la de \u00abno entrometerse en el trabajo legislativo\u00bb.<\/p>\n<p><strong>\u00abYa hab\u00edamos hablado de un bono para enero y para febrero\u00bb<\/strong>, record\u00f3 el portavoz, quien reiter\u00f3 que la actual ley de Movilidad\u00a0<strong>\u00abtal como est\u00e1 ha sido por da\u00f1ina para los jubilados\u00bb<\/strong>\u00a0y que \u00abde hecho hace a\u00f1os que no se respeta\u00bb porque \u00absiempre se tiene que compensar a los jubilados con un bono del Poder Ejecutivo, ya que la f\u00f3rmula no funciona\u00bb.<\/p>\n<p>Asimismo, se refiri\u00f3 a \u00abalg\u00fan trascendido en los medios\u00bb en el sentido de que en febrero \u00abse repetir\u00e1 el bono de enero\u00bb, pero asegur\u00f3 que \u00abson s\u00f3lo rumores\u00bb.<\/p>\n","protected":false},"excerpt":{"rendered":"<p>La iniciativa est\u00e1 incluida en la serie de modificaciones al proyecto de ley \u00abBases\u00bb que el Poder Ejecutivo envi\u00f3 al Congreso de la Naci\u00f3n. \u00abAs\u00ed se le garantiza a los jubilados que mantengan su poder adquisitivo\u00bb, se destac\u00f3.<\/p>\n","protected":false},"author":3,"featured_media":98024,"comment_status":"closed","ping_status":"closed","sticky":false,"template":"","format":"standard","meta":{"footnotes":""},"categories":[36,26],"tags":[],"class_list":["post-98023","post","type-post","status-publish","format-standard","has-post-thumbnail","hentry","category-economia","category-sociedad"],"yoast_head":"<!-- This site is optimized with the Yoast SEO plugin v25.9 - https:\/\/yoast.com\/wordpress\/plugins\/seo\/ -->\n<title>El Gobierno propone actualizar las jubilaciones s\u00f3lo por inflaci\u00f3n desde abril - Noticias Radio Reflejos<\/title>\n<meta name=\"robots\" content=\"index, follow, max-snippet:-1, max-image-preview:large, max-video-preview:-1\" \/>\n<link rel=\"canonical\" href=\"https:\/\/www.noticiasradioreflejos.com.ar\/2021\/el-gobierno-propone-actualizar-las-jubilaciones-solo-por-inflacion-desde-abril\/\" \/>\n<meta property=\"og:locale\" content=\"es_ES\" \/>\n<meta property=\"og:type\" content=\"article\" \/>\n<meta property=\"og:title\" content=\"El Gobierno propone actualizar las jubilaciones s\u00f3lo por inflaci\u00f3n desde abril - Noticias Radio Reflejos\" \/>\n<meta property=\"og:description\" content=\"La iniciativa est\u00e1 incluida en la serie de modificaciones al proyecto de ley \u00abBases\u00bb que el Poder Ejecutivo envi\u00f3 al Congreso de la Naci\u00f3n. \u00abAs\u00ed se le garantiza a los jubilados que mantengan su poder adquisitivo\u00bb, se destac\u00f3.\" \/>\n<meta property=\"og:url\" content=\"https:\/\/www.noticiasradioreflejos.com.ar\/2021\/el-gobierno-propone-actualizar-las-jubilaciones-solo-por-inflacion-desde-abril\/\" \/>\n<meta property=\"og:site_name\" content=\"Noticias Radio Reflejos\" \/>\n<meta property=\"article:published_time\" content=\"2024-01-22T17:53:12+00:00\" \/>\n<meta property=\"og:image\" content=\"https:\/\/www.noticiasradioreflejos.com.ar\/2021\/wp-content\/uploads\/2024\/01\/jubilados-1.jpg\" \/>\n\t<meta property=\"og:image:width\" content=\"1200\" \/>\n\t<meta property=\"og:image:height\" content=\"675\" \/>\n\t<meta property=\"og:image:type\" content=\"image\/jpeg\" \/>\n<meta name=\"author\" content=\"Arnaldo Botto\" \/>\n<meta name=\"twitter:card\" content=\"summary_large_image\" \/>\n<script type=\"application\/ld+json\" class=\"yoast-schema-graph\">{\"@context\":\"https:\/\/schema.org\",\"@graph\":[{\"@type\":\"WebPage\",\"@id\":\"https:\/\/www.noticiasradioreflejos.com.ar\/2021\/el-gobierno-propone-actualizar-las-jubilaciones-solo-por-inflacion-desde-abril\/\",\"url\":\"https:\/\/www.noticiasradioreflejos.com.ar\/2021\/el-gobierno-propone-actualizar-las-jubilaciones-solo-por-inflacion-desde-abril\/\",\"name\":\"El Gobierno propone actualizar las jubilaciones s\u00f3lo por inflaci\u00f3n desde abril - Noticias Radio Reflejos\",\"isPartOf\":{\"@id\":\"https:\/\/www.noticiasradioreflejos.com.ar\/2021\/#website\"},\"primaryImageOfPage\":{\"@id\":\"https:\/\/www.noticiasradioreflejos.com.ar\/2021\/el-gobierno-propone-actualizar-las-jubilaciones-solo-por-inflacion-desde-abril\/#primaryimage\"},\"image\":{\"@id\":\"https:\/\/www.noticiasradioreflejos.com.ar\/2021\/el-gobierno-propone-actualizar-las-jubilaciones-solo-por-inflacion-desde-abril\/#primaryimage\"},\"thumbnailUrl\":\"https:\/\/www.noticiasradioreflejos.com.ar\/2021\/wp-content\/uploads\/2024\/01\/jubilados-1.jpg\",\"datePublished\":\"2024-01-22T17:53:12+00:00\",\"author\":{\"@id\":\"https:\/\/www.noticiasradioreflejos.com.ar\/2021\/#\/schema\/person\/ad82545263dcc5ec0996818884fd5fb1\"},\"breadcrumb\":{\"@id\":\"https:\/\/www.noticiasradioreflejos.com.ar\/2021\/el-gobierno-propone-actualizar-las-jubilaciones-solo-por-inflacion-desde-abril\/#breadcrumb\"},\"inLanguage\":\"es\",\"potentialAction\":[{\"@type\":\"ReadAction\",\"target\":[\"https:\/\/www.noticiasradioreflejos.com.ar\/2021\/el-gobierno-propone-actualizar-las-jubilaciones-solo-por-inflacion-desde-abril\/\"]}]},{\"@type\":\"ImageObject\",\"inLanguage\":\"es\",\"@id\":\"https:\/\/www.noticiasradioreflejos.com.ar\/2021\/el-gobierno-propone-actualizar-las-jubilaciones-solo-por-inflacion-desde-abril\/#primaryimage\",\"url\":\"https:\/\/www.noticiasradioreflejos.com.ar\/2021\/wp-content\/uploads\/2024\/01\/jubilados-1.jpg\",\"contentUrl\":\"https:\/\/www.noticiasradioreflejos.com.ar\/2021\/wp-content\/uploads\/2024\/01\/jubilados-1.jpg\",\"width\":1200,\"height\":675},{\"@type\":\"BreadcrumbList\",\"@id\":\"https:\/\/www.noticiasradioreflejos.com.ar\/2021\/el-gobierno-propone-actualizar-las-jubilaciones-solo-por-inflacion-desde-abril\/#breadcrumb\",\"itemListElement\":[{\"@type\":\"ListItem\",\"position\":1,\"name\":\"Portada\",\"item\":\"https:\/\/www.noticiasradioreflejos.com.ar\/2021\/\"},{\"@type\":\"ListItem\",\"position\":2,\"name\":\"El Gobierno propone actualizar las jubilaciones s\u00f3lo por inflaci\u00f3n desde abril\"}]},{\"@type\":\"WebSite\",\"@id\":\"https:\/\/www.noticiasradioreflejos.com.ar\/2021\/#website\",\"url\":\"https:\/\/www.noticiasradioreflejos.com.ar\/2021\/\",\"name\":\"Noticias Radio Reflejos\",\"description\":\"Las noticias de mi comarca\",\"potentialAction\":[{\"@type\":\"SearchAction\",\"target\":{\"@type\":\"EntryPoint\",\"urlTemplate\":\"https:\/\/www.noticiasradioreflejos.com.ar\/2021\/?s={search_term_string}\"},\"query-input\":{\"@type\":\"PropertyValueSpecification\",\"valueRequired\":true,\"valueName\":\"search_term_string\"}}],\"inLanguage\":\"es\"},{\"@type\":\"Person\",\"@id\":\"https:\/\/www.noticiasradioreflejos.com.ar\/2021\/#\/schema\/person\/ad82545263dcc5ec0996818884fd5fb1\",\"name\":\"Arnaldo Botto\",\"image\":{\"@type\":\"ImageObject\",\"inLanguage\":\"es\",\"@id\":\"https:\/\/www.noticiasradioreflejos.com.ar\/2021\/#\/schema\/person\/image\/\",\"url\":\"https:\/\/secure.gravatar.com\/avatar\/55cb5e37c1efa326397366e6974cb338056df65cb50e7d64d1cf314e87504837?s=96&d=mm&r=g\",\"contentUrl\":\"https:\/\/secure.gravatar.com\/avatar\/55cb5e37c1efa326397366e6974cb338056df65cb50e7d64d1cf314e87504837?s=96&d=mm&r=g\",\"caption\":\"Arnaldo Botto\"},\"url\":\"https:\/\/www.noticiasradioreflejos.com.ar\/2021\/author\/arnaldo\/\"}]}<\/script>\n<!-- \/ Yoast SEO plugin. -->","yoast_head_json":{"title":"El Gobierno propone actualizar las jubilaciones s\u00f3lo por inflaci\u00f3n desde abril - Noticias Radio Reflejos","robots":{"index":"index","follow":"follow","max-snippet":"max-snippet:-1","max-image-preview":"max-image-preview:large","max-video-preview":"max-video-preview:-1"},"canonical":"https:\/\/www.noticiasradioreflejos.com.ar\/2021\/el-gobierno-propone-actualizar-las-jubilaciones-solo-por-inflacion-desde-abril\/","og_locale":"es_ES","og_type":"article","og_title":"El Gobierno propone actualizar las jubilaciones s\u00f3lo por inflaci\u00f3n desde abril - Noticias Radio Reflejos","og_description":"La iniciativa est\u00e1 incluida en la serie de modificaciones al proyecto de ley \u00abBases\u00bb que el Poder Ejecutivo envi\u00f3 al Congreso de la Naci\u00f3n. \u00abAs\u00ed se le garantiza a los jubilados que mantengan su poder adquisitivo\u00bb, se destac\u00f3.","og_url":"https:\/\/www.noticiasradioreflejos.com.ar\/2021\/el-gobierno-propone-actualizar-las-jubilaciones-solo-por-inflacion-desde-abril\/","og_site_name":"Noticias Radio Reflejos","article_published_time":"2024-01-22T17:53:12+00:00","og_image":[{"width":1200,"height":675,"url":"https:\/\/www.noticiasradioreflejos.com.ar\/2021\/wp-content\/uploads\/2024\/01\/jubilados-1.jpg","type":"image\/jpeg"}],"author":"Arnaldo Botto","twitter_card":"summary_large_image","schema":{"@context":"https:\/\/schema.org","@graph":[{"@type":"WebPage","@id":"https:\/\/www.noticiasradioreflejos.com.ar\/2021\/el-gobierno-propone-actualizar-las-jubilaciones-solo-por-inflacion-desde-abril\/","url":"https:\/\/www.noticiasradioreflejos.com.ar\/2021\/el-gobierno-propone-actualizar-las-jubilaciones-solo-por-inflacion-desde-abril\/","name":"El Gobierno propone actualizar las jubilaciones s\u00f3lo por inflaci\u00f3n desde abril - Noticias Radio Reflejos","isPartOf":{"@id":"https:\/\/www.noticiasradioreflejos.com.ar\/2021\/#website"},"primaryImageOfPage":{"@id":"https:\/\/www.noticiasradioreflejos.com.ar\/2021\/el-gobierno-propone-actualizar-las-jubilaciones-solo-por-inflacion-desde-abril\/#primaryimage"},"image":{"@id":"https:\/\/www.noticiasradioreflejos.com.ar\/2021\/el-gobierno-propone-actualizar-las-jubilaciones-solo-por-inflacion-desde-abril\/#primaryimage"},"thumbnailUrl":"https:\/\/www.noticiasradioreflejos.com.ar\/2021\/wp-content\/uploads\/2024\/01\/jubilados-1.jpg","datePublished":"2024-01-22T17:53:12+00:00","author":{"@id":"https:\/\/www.noticiasradioreflejos.com.ar\/2021\/#\/schema\/person\/ad82545263dcc5ec0996818884fd5fb1"},"breadcrumb":{"@id":"https:\/\/www.noticiasradioreflejos.com.ar\/2021\/el-gobierno-propone-actualizar-las-jubilaciones-solo-por-inflacion-desde-abril\/#breadcrumb"},"inLanguage":"es","potentialAction":[{"@type":"ReadAction","target":["https:\/\/www.noticiasradioreflejos.com.ar\/2021\/el-gobierno-propone-actualizar-las-jubilaciones-solo-por-inflacion-desde-abril\/"]}]},{"@type":"ImageObject","inLanguage":"es","@id":"https:\/\/www.noticiasradioreflejos.com.ar\/2021\/el-gobierno-propone-actualizar-las-jubilaciones-solo-por-inflacion-desde-abril\/#primaryimage","url":"https:\/\/www.noticiasradioreflejos.com.ar\/2021\/wp-content\/uploads\/2024\/01\/jubilados-1.jpg","contentUrl":"https:\/\/www.noticiasradioreflejos.com.ar\/2021\/wp-content\/uploads\/2024\/01\/jubilados-1.jpg","width":1200,"height":675},{"@type":"BreadcrumbList","@id":"https:\/\/www.noticiasradioreflejos.com.ar\/2021\/el-gobierno-propone-actualizar-las-jubilaciones-solo-por-inflacion-desde-abril\/#breadcrumb","itemListElement":[{"@type":"ListItem","position":1,"name":"Portada","item":"https:\/\/www.noticiasradioreflejos.com.ar\/2021\/"},{"@type":"ListItem","position":2,"name":"El Gobierno propone actualizar las jubilaciones s\u00f3lo por inflaci\u00f3n desde abril"}]},{"@type":"WebSite","@id":"https:\/\/www.noticiasradioreflejos.com.ar\/2021\/#website","url":"https:\/\/www.noticiasradioreflejos.com.ar\/2021\/","name":"Noticias Radio Reflejos","description":"Las noticias de mi comarca","potentialAction":[{"@type":"SearchAction","target":{"@type":"EntryPoint","urlTemplate":"https:\/\/www.noticiasradioreflejos.com.ar\/2021\/?s={search_term_string}"},"query-input":{"@type":"PropertyValueSpecification","valueRequired":true,"valueName":"search_term_string"}}],"inLanguage":"es"},{"@type":"Person","@id":"https:\/\/www.noticiasradioreflejos.com.ar\/2021\/#\/schema\/person\/ad82545263dcc5ec0996818884fd5fb1","name":"Arnaldo Botto","image":{"@type":"ImageObject","inLanguage":"es","@id":"https:\/\/www.noticiasradioreflejos.com.ar\/2021\/#\/schema\/person\/image\/","url":"https:\/\/secure.gravatar.com\/avatar\/55cb5e37c1efa326397366e6974cb338056df65cb50e7d64d1cf314e87504837?s=96&d=mm&r=g","contentUrl":"https:\/\/secure.gravatar.com\/avatar\/55cb5e37c1efa326397366e6974cb338056df65cb50e7d64d1cf314e87504837?s=96&d=mm&r=g","caption":"Arnaldo Botto"},"url":"https:\/\/www.noticiasradioreflejos.com.ar\/2021\/author\/arnaldo\/"}]}},"_links":{"self":[{"href":"https:\/\/www.noticiasradioreflejos.com.ar\/2021\/wp-json\/wp\/v2\/posts\/98023","targetHints":{"allow":["GET"]}}],"collection":[{"href":"https:\/\/www.noticiasradioreflejos.com.ar\/2021\/wp-json\/wp\/v2\/posts"}],"about":[{"href":"https:\/\/www.noticiasradioreflejos.com.ar\/2021\/wp-json\/wp\/v2\/types\/post"}],"author":[{"embeddable":true,"href":"https:\/\/www.noticiasradioreflejos.com.ar\/2021\/wp-json\/wp\/v2\/users\/3"}],"replies":[{"embeddable":true,"href":"https:\/\/www.noticiasradioreflejos.com.ar\/2021\/wp-json\/wp\/v2\/comments?post=98023"}],"version-history":[{"count":1,"href":"https:\/\/www.noticiasradioreflejos.com.ar\/2021\/wp-json\/wp\/v2\/posts\/98023\/revisions"}],"predecessor-version":[{"id":98025,"href":"https:\/\/www.noticiasradioreflejos.com.ar\/2021\/wp-json\/wp\/v2\/posts\/98023\/revisions\/98025"}],"wp:featuredmedia":[{"embeddable":true,"href":"https:\/\/www.noticiasradioreflejos.com.ar\/2021\/wp-json\/wp\/v2\/media\/98024"}],"wp:attachment":[{"href":"https:\/\/www.noticiasradioreflejos.com.ar\/2021\/wp-json\/wp\/v2\/media?parent=98023"}],"wp:term":[{"taxonomy":"category","embeddable":true,"href":"https:\/\/www.noticiasradioreflejos.com.ar\/2021\/wp-json\/wp\/v2\/categories?post=98023"},{"taxonomy":"post_tag","embeddable":true,"href":"https:\/\/www.noticiasradioreflejos.com.ar\/2021\/wp-json\/wp\/v2\/tags?post=98023"}],"curies":[{"name":"wp","href":"https:\/\/api.w.org\/{rel}","templated":true}]}}