{"id":98018,"date":"2024-01-22T14:40:16","date_gmt":"2024-01-22T17:40:16","guid":{"rendered":"https:\/\/www.noticiasradioreflejos.com.ar\/2021\/?p=98018"},"modified":"2024-01-22T14:40:16","modified_gmt":"2024-01-22T17:40:16","slug":"los-bancarios-adheriran-al-paro-general-del-24-de-enero","status":"publish","type":"post","link":"https:\/\/www.noticiasradioreflejos.com.ar\/2021\/los-bancarios-adheriran-al-paro-general-del-24-de-enero\/","title":{"rendered":"Los bancarios adherir\u00e1n al paro general del 24 de enero"},"content":{"rendered":"<p>El acatamiento del sindicato del sector financiero promete limitar el servicio en la jornada del mi\u00e9rcoles<!--more--><\/p>\n<div class=\"visual__image\"><img loading=\"lazy\" decoding=\"async\" class=\" lazyload\" src=\"https:\/\/www.infobae.com\/new-resizer\/Xmaip7LvPQXMs0GORaN7iOCTljs=\/420x280\/filters:format(webp):quality(85)\/cloudfront-us-east-1.images.arcpublishing.com\/infobae\/OUXSQ4QTVH5LF23QU67JBBLCII.jpg%20420w\" sizes=\"auto, (min-width: 1560px) 856px, (min-width: 1000px) calc(74.63vw - 293px), (min-width: 780px) calc(100vw - 376px), (min-width: 580px) calc(100vw - 32px), 100vw\" srcset=\"https:\/\/www.infobae.com\/new-resizer\/Xmaip7LvPQXMs0GORaN7iOCTljs=\/420x280\/filters:format(webp):quality(85)\/cloudfront-us-east-1.images.arcpublishing.com\/infobae\/OUXSQ4QTVH5LF23QU67JBBLCII.jpg 420w,https:\/\/www.infobae.com\/new-resizer\/TDe5Z91e_r8B6iVH3gQzrIGsx0s=\/768x512\/filters:format(webp):quality(85)\/cloudfront-us-east-1.images.arcpublishing.com\/infobae\/OUXSQ4QTVH5LF23QU67JBBLCII.jpg 768w,https:\/\/www.infobae.com\/new-resizer\/JY3vsPicOXk1nzkP7EE8UQieII4=\/992x661\/filters:format(webp):quality(85)\/cloudfront-us-east-1.images.arcpublishing.com\/infobae\/OUXSQ4QTVH5LF23QU67JBBLCII.jpg 992w,https:\/\/www.infobae.com\/new-resizer\/p2TLN-23fMr417uLLyPaj4cyMe8=\/1200x800\/filters:format(webp):quality(85)\/cloudfront-us-east-1.images.arcpublishing.com\/infobae\/OUXSQ4QTVH5LF23QU67JBBLCII.jpg 1200w,https:\/\/www.infobae.com\/new-resizer\/r14K1nE_KOXLf-yLvmAiFYZ0RZU=\/1440x960\/filters:format(webp):quality(85)\/cloudfront-us-east-1.images.arcpublishing.com\/infobae\/OUXSQ4QTVH5LF23QU67JBBLCII.jpg 1440w\" alt=\"El Banco Naci\u00f3n es uno de los ejes del conflicto (Reuters)\" width=\"800\" height=\"550\" data-src=\"https:\/\/www.infobae.com\/new-resizer\/Xmaip7LvPQXMs0GORaN7iOCTljs=\/420x280\/filters:format(webp):quality(85)\/cloudfront-us-east-1.images.arcpublishing.com\/infobae\/OUXSQ4QTVH5LF23QU67JBBLCII.jpg 420w\" \/>El Banco Naci\u00f3n es uno de los ejes del conflicto (Reuters)<\/div>\n<p data-mrf-recirculation=\"Links inline\">\n<p class=\"paragraph\" data-mrf-recirculation=\"Links inline\">La Asociaci\u00f3n Bancaria anunci\u00f3 este lunes que adherir\u00e1 al paro de este mi\u00e9rcoles 24 de enero, convocado por la Confederaci\u00f3n General del Trabajo (CGT) en contra de las modificaci\u00f3nes a la legislaci\u00f3n laboral que incluyen el DNU de desregulaci\u00f3n y la Ley \u00d3mnibus impulsados por el Gobierno de\u00a0<b>Javier Milei<\/b>.<\/p>\n<p class=\"paragraph\" data-mrf-recirculation=\"Links inline\">La medida de fuerza no ser\u00e1 durante todo el d\u00eda. Seg\u00fan explic\u00f3 el sindicato, el paro se iniciar\u00e1 a las 12 horas para luego participar de la movilizaci\u00f3n gremial.<\/p>\n<p class=\"paragraph\" data-mrf-recirculation=\"Links inline\">\u201cPorque no estamos dispuestos a validar un ajuste sin precedentes que recae \u00fanicamente sobre los trabajadores\/as, los jubilados\/as y que afecta al pueblo en su conjunto\u201d, dice el comunicado de La Bancaria.<\/p>\n<p data-mrf-recirculation=\"Links inline\">\n<div class=\"blockquote\">\n<blockquote class=\"color_figcaption\"><p>\u201cEstamos en contra de todas y cada una de las medidas anunciadas y propuestas por el Gobierno Nacional, ya que implican p\u00e9rdidas de derechos, de puestos de trabajo, de independencia econ\u00f3mica, sumado a privatizaciones indiscriminadas\u201d (La Bancaria)<\/p><\/blockquote>\n<\/div>\n<p class=\"paragraph\" data-mrf-recirculation=\"Links inline\">\u201cPorque estamos en contra de todas y cada una de las medidas anunciadas y propuestas por el Gobierno Nacional, ya que implican p\u00e9rdidas de derechos, de puestos de trabajo, de independencia econ\u00f3mica, sumado a privatizaciones indiscriminadas (en el caso de los bancarios\/as nos toca de lleno con el\u00a0<b>Banco Naci\u00f3n<\/b>\u00a0<b>y todas sus empresas vinculadas, Banco BICE y Casa de la Moneda<\/b>)\u201d, agrega el texto.<\/p>\n<p class=\"paragraph\" data-mrf-recirculation=\"Links inline\">\u201cPorque consideramos que es un avasallamiento a la Constituci\u00f3n Nacional y un sinf\u00edn de atrocidades que pretenden desregularizar la econom\u00eda en nombre de la libertad, teniendo como \u00fanico objetivo realizar un salvaje ajuste que afecta a todo el pueblo argentino en beneficio de unos pocos privilegiados\u201d, insiste.<\/p>\n<div class=\"news-module\" data-mrf-recirculation=\"IL_jywDmRSiRkuNMDCXjrDR7g\" data-testid=\"text-html\" data-mrf-experience=\"IL_jywDmRSiRkuNMDCXjrDR7g\">\n<div class=\"recommended-card__info\">\n<div class=\"recommended-card__info-button recommended-card__info-button--deportes\"><\/div>\n<\/div>\n<\/div>\n<div class=\"visual__image\"><img loading=\"lazy\" decoding=\"async\" class=\" lazyload\" src=\"https:\/\/www.infobae.com\/new-resizer\/wD9RBLTK2XDahXlgrx-eAZmHlXs=\/420x236\/filters:format(webp):quality(85)\/cloudfront-us-east-1.images.arcpublishing.com\/infobae\/MPHKAYMUMVD3ZNMPGNBAA4YXH4.jpg%20420w\" sizes=\"auto, (min-width: 1560px) 856px, (min-width: 1000px) calc(74.63vw - 293px), (min-width: 780px) calc(100vw - 376px), (min-width: 580px) calc(100vw - 32px), 100vw\" srcset=\"https:\/\/www.infobae.com\/new-resizer\/wD9RBLTK2XDahXlgrx-eAZmHlXs=\/420x236\/filters:format(webp):quality(85)\/cloudfront-us-east-1.images.arcpublishing.com\/infobae\/MPHKAYMUMVD3ZNMPGNBAA4YXH4.jpg 420w,https:\/\/www.infobae.com\/new-resizer\/uV_lWfXDktcOp9FNuroSAloxeOE=\/768x432\/filters:format(webp):quality(85)\/cloudfront-us-east-1.images.arcpublishing.com\/infobae\/MPHKAYMUMVD3ZNMPGNBAA4YXH4.jpg 768w,https:\/\/www.infobae.com\/new-resizer\/Z7o1CU4I-7NZb22MeZsiZqOwu9w=\/992x558\/filters:format(webp):quality(85)\/cloudfront-us-east-1.images.arcpublishing.com\/infobae\/MPHKAYMUMVD3ZNMPGNBAA4YXH4.jpg 992w,https:\/\/www.infobae.com\/new-resizer\/ScFT3XXd3tyHpXvF7_fn0jHC94Q=\/1200x675\/filters:format(webp):quality(85)\/cloudfront-us-east-1.images.arcpublishing.com\/infobae\/MPHKAYMUMVD3ZNMPGNBAA4YXH4.jpg 1200w,https:\/\/www.infobae.com\/new-resizer\/qeQTd18ulHVM5D9_gnEbBDarTH4=\/1440x810\/filters:format(webp):quality(85)\/cloudfront-us-east-1.images.arcpublishing.com\/infobae\/MPHKAYMUMVD3ZNMPGNBAA4YXH4.jpg 1440w\" alt=\"La Asociaci\u00f3n Bancaria se sumar\u00e1 a la marcha al Congreso de la Naci\u00f3n (NA)\" width=\"1920\" height=\"1079\" data-src=\"https:\/\/www.infobae.com\/new-resizer\/wD9RBLTK2XDahXlgrx-eAZmHlXs=\/420x236\/filters:format(webp):quality(85)\/cloudfront-us-east-1.images.arcpublishing.com\/infobae\/MPHKAYMUMVD3ZNMPGNBAA4YXH4.jpg 420w\" \/>La Asociaci\u00f3n Bancaria se sumar\u00e1 a la marcha al Congreso de la Naci\u00f3n (NA)<\/div>\n<h2 class=\"header headline-class-h2\">Paro rel\u00e1mpago<\/h2>\n<p class=\"paragraph\" data-mrf-recirculation=\"Links inline\">Poco m\u00e1s de un mes despu\u00e9s de que Milei asumiera la presidencia, la CGT llam\u00f3 a un paro general para este mi\u00e9rcoles. La c\u00fapula sindical est\u00e1 en pie de guerra desde que el DNU 70 de 2023 incluyera cambios a la regulaci\u00f3n laboral como la limitaci\u00f3n a las\u00a0<b>cuotas solidarias,<\/b>\u00a0ese recurso de los gremios para recaudar dinero aun entre quienes\u00a0<b>no est\u00e1n afiliados.<\/b><\/p>\n<p class=\"paragraph\" data-mrf-recirculation=\"Links inline\">Junto con la Ley \u00d3mnibus, los ejes de las iniciativas laborales del Gobierno pasan por la reducci\u00f3n de las\u00a0<b>multas laborales por trabajo no registrado o mal registrado<\/b>\u00a0con el fin de beneficiar a las pymes y favorecer la contrataci\u00f3n de trabajadores (algo que tambi\u00e9n podr\u00eda beneficiar a los gremios que son empleadores) y la habilitaci\u00f3n para crear\u00a0<b>un sistema indemnizatorio similar al Fondo de Cese Laboral de la UOCRA<\/b>).<\/p>\n<div class=\"blockquote\">\n<blockquote class=\"color_figcaption\"><p>\u201cNo estamos dispuestos a validar un ajuste sin precedentes que recae \u00fanicamente sobre los trabajadores\/as, los jubilados\/as y que afecta al pueblo en su conjunto\u201d (La Bancaria)<\/p><\/blockquote>\n<\/div>\n<p class=\"paragraph\" data-mrf-recirculation=\"Links inline\">Tambi\u00e9n pesan otras propuestas libertarias como la\u00a0<b>reglamentaci\u00f3n del derecho de huelga<\/b>\u00a0en los servicios p\u00fablicos, el regreso del\u00a0<b>Impuesto a las Ganancias<\/b>\u00a0y la privatizaci\u00f3n de empresas p\u00fablicas. En particular, entre las entidades financieras, el caso m\u00e1s conflictivo es el del Banco Naci\u00f3n.<\/p>\n<p class=\"paragraph\" data-mrf-recirculation=\"Links inline\">As\u00ed como los bancarios no paran el d\u00eda entero, la CGT no apost\u00f3 a una paralizaci\u00f3n total de actividades,sino a una huelga parcial para\u00a0<b>facilitar la movilizaci\u00f3n<\/b>\u00a0hacia el Congreso, con la idea de generar\u00a0<b>una postal multitudinaria de<\/b>\u00a0<b>disconformidad.\u00a0<\/b>En definitiva, el paro de colectivos, trenes y subtes (decisivo para el \u00e9xito de una protesta general)\u00a0<b>s\u00f3lo se har\u00e1 efectivo 5 horas,<\/b>\u00a0entre las 19 del mi\u00e9rcoles y las 00.00 horas del jueves.<\/p>\n<p class=\"paragraph\" data-mrf-recirculation=\"Links inline\">A principios de mes, el plenario de la CGT oficializ\u00f3 el llamado a un paro de 12 horas con movilizaci\u00f3n al Congreso Nacional. La convocatoria fue fundamentada en \u201cla\u00a0<b>preocupaci\u00f3n\u00a0<\/b>y el\u00a0<b>rechazo\u00a0<\/b>a aquellos aspectos de la llamada\u00a0<b>Ley \u00d3mnibus<\/b>\u00a0que van contra la soberan\u00eda del pa\u00eds, los derechos laborales, el derecho de libre expresi\u00f3n y protesta, el modelo sindical argentino y las prestaciones de salud y previsionales\u201d.<\/p>\n","protected":false},"excerpt":{"rendered":"<p>El acatamiento del sindicato del sector financiero promete limitar el servicio en la jornada del mi\u00e9rcoles<\/p>\n","protected":false},"author":3,"featured_media":0,"comment_status":"closed","ping_status":"closed","sticky":false,"template":"","format":"standard","meta":{"footnotes":""},"categories":[24,26],"tags":[],"class_list":["post-98018","post","type-post","status-publish","format-standard","hentry","category-politica","category-sociedad"],"yoast_head":"<!-- This site is optimized with the Yoast SEO plugin v25.9 - https:\/\/yoast.com\/wordpress\/plugins\/seo\/ -->\n<title>Los bancarios adherir\u00e1n al paro general del 24 de enero - Noticias Radio Reflejos<\/title>\n<meta name=\"robots\" content=\"index, follow, max-snippet:-1, max-image-preview:large, max-video-preview:-1\" \/>\n<link rel=\"canonical\" href=\"https:\/\/www.noticiasradioreflejos.com.ar\/2021\/los-bancarios-adheriran-al-paro-general-del-24-de-enero\/\" \/>\n<meta property=\"og:locale\" content=\"es_ES\" \/>\n<meta property=\"og:type\" content=\"article\" \/>\n<meta property=\"og:title\" content=\"Los bancarios adherir\u00e1n al paro general del 24 de enero - Noticias Radio Reflejos\" \/>\n<meta property=\"og:description\" content=\"El acatamiento del sindicato del sector financiero promete limitar el servicio en la jornada del mi\u00e9rcoles\" \/>\n<meta property=\"og:url\" content=\"https:\/\/www.noticiasradioreflejos.com.ar\/2021\/los-bancarios-adheriran-al-paro-general-del-24-de-enero\/\" \/>\n<meta property=\"og:site_name\" content=\"Noticias Radio Reflejos\" \/>\n<meta property=\"article:published_time\" content=\"2024-01-22T17:40:16+00:00\" \/>\n<meta property=\"og:image\" content=\"https:\/\/www.infobae.com\/new-resizer\/Xmaip7LvPQXMs0GORaN7iOCTljs=\/420x280\/filters:format(webp):quality(85)\/cloudfront-us-east-1.images.arcpublishing.com\/infobae\/OUXSQ4QTVH5LF23QU67JBBLCII.jpg%20420w\" \/>\n<meta name=\"author\" content=\"Arnaldo Botto\" \/>\n<meta name=\"twitter:card\" content=\"summary_large_image\" \/>\n<script type=\"application\/ld+json\" class=\"yoast-schema-graph\">{\"@context\":\"https:\/\/schema.org\",\"@graph\":[{\"@type\":\"WebPage\",\"@id\":\"https:\/\/www.noticiasradioreflejos.com.ar\/2021\/los-bancarios-adheriran-al-paro-general-del-24-de-enero\/\",\"url\":\"https:\/\/www.noticiasradioreflejos.com.ar\/2021\/los-bancarios-adheriran-al-paro-general-del-24-de-enero\/\",\"name\":\"Los bancarios adherir\u00e1n al paro general del 24 de enero - Noticias Radio Reflejos\",\"isPartOf\":{\"@id\":\"https:\/\/www.noticiasradioreflejos.com.ar\/2021\/#website\"},\"primaryImageOfPage\":{\"@id\":\"https:\/\/www.noticiasradioreflejos.com.ar\/2021\/los-bancarios-adheriran-al-paro-general-del-24-de-enero\/#primaryimage\"},\"image\":{\"@id\":\"https:\/\/www.noticiasradioreflejos.com.ar\/2021\/los-bancarios-adheriran-al-paro-general-del-24-de-enero\/#primaryimage\"},\"thumbnailUrl\":\"https:\/\/www.infobae.com\/new-resizer\/Xmaip7LvPQXMs0GORaN7iOCTljs=\/420x280\/filters:format(webp):quality(85)\/cloudfront-us-east-1.images.arcpublishing.com\/infobae\/OUXSQ4QTVH5LF23QU67JBBLCII.jpg%20420w\",\"datePublished\":\"2024-01-22T17:40:16+00:00\",\"author\":{\"@id\":\"https:\/\/www.noticiasradioreflejos.com.ar\/2021\/#\/schema\/person\/ad82545263dcc5ec0996818884fd5fb1\"},\"breadcrumb\":{\"@id\":\"https:\/\/www.noticiasradioreflejos.com.ar\/2021\/los-bancarios-adheriran-al-paro-general-del-24-de-enero\/#breadcrumb\"},\"inLanguage\":\"es\",\"potentialAction\":[{\"@type\":\"ReadAction\",\"target\":[\"https:\/\/www.noticiasradioreflejos.com.ar\/2021\/los-bancarios-adheriran-al-paro-general-del-24-de-enero\/\"]}]},{\"@type\":\"ImageObject\",\"inLanguage\":\"es\",\"@id\":\"https:\/\/www.noticiasradioreflejos.com.ar\/2021\/los-bancarios-adheriran-al-paro-general-del-24-de-enero\/#primaryimage\",\"url\":\"https:\/\/www.infobae.com\/new-resizer\/Xmaip7LvPQXMs0GORaN7iOCTljs=\/420x280\/filters:format(webp):quality(85)\/cloudfront-us-east-1.images.arcpublishing.com\/infobae\/OUXSQ4QTVH5LF23QU67JBBLCII.jpg%20420w\",\"contentUrl\":\"https:\/\/www.infobae.com\/new-resizer\/Xmaip7LvPQXMs0GORaN7iOCTljs=\/420x280\/filters:format(webp):quality(85)\/cloudfront-us-east-1.images.arcpublishing.com\/infobae\/OUXSQ4QTVH5LF23QU67JBBLCII.jpg%20420w\"},{\"@type\":\"BreadcrumbList\",\"@id\":\"https:\/\/www.noticiasradioreflejos.com.ar\/2021\/los-bancarios-adheriran-al-paro-general-del-24-de-enero\/#breadcrumb\",\"itemListElement\":[{\"@type\":\"ListItem\",\"position\":1,\"name\":\"Portada\",\"item\":\"https:\/\/www.noticiasradioreflejos.com.ar\/2021\/\"},{\"@type\":\"ListItem\",\"position\":2,\"name\":\"Los bancarios adherir\u00e1n al paro general del 24 de enero\"}]},{\"@type\":\"WebSite\",\"@id\":\"https:\/\/www.noticiasradioreflejos.com.ar\/2021\/#website\",\"url\":\"https:\/\/www.noticiasradioreflejos.com.ar\/2021\/\",\"name\":\"Noticias Radio Reflejos\",\"description\":\"Las noticias de mi comarca\",\"potentialAction\":[{\"@type\":\"SearchAction\",\"target\":{\"@type\":\"EntryPoint\",\"urlTemplate\":\"https:\/\/www.noticiasradioreflejos.com.ar\/2021\/?s={search_term_string}\"},\"query-input\":{\"@type\":\"PropertyValueSpecification\",\"valueRequired\":true,\"valueName\":\"search_term_string\"}}],\"inLanguage\":\"es\"},{\"@type\":\"Person\",\"@id\":\"https:\/\/www.noticiasradioreflejos.com.ar\/2021\/#\/schema\/person\/ad82545263dcc5ec0996818884fd5fb1\",\"name\":\"Arnaldo Botto\",\"image\":{\"@type\":\"ImageObject\",\"inLanguage\":\"es\",\"@id\":\"https:\/\/www.noticiasradioreflejos.com.ar\/2021\/#\/schema\/person\/image\/\",\"url\":\"https:\/\/secure.gravatar.com\/avatar\/55cb5e37c1efa326397366e6974cb338056df65cb50e7d64d1cf314e87504837?s=96&d=mm&r=g\",\"contentUrl\":\"https:\/\/secure.gravatar.com\/avatar\/55cb5e37c1efa326397366e6974cb338056df65cb50e7d64d1cf314e87504837?s=96&d=mm&r=g\",\"caption\":\"Arnaldo Botto\"},\"url\":\"https:\/\/www.noticiasradioreflejos.com.ar\/2021\/author\/arnaldo\/\"}]}<\/script>\n<!-- \/ Yoast SEO plugin. -->","yoast_head_json":{"title":"Los bancarios adherir\u00e1n al paro general del 24 de enero - Noticias Radio Reflejos","robots":{"index":"index","follow":"follow","max-snippet":"max-snippet:-1","max-image-preview":"max-image-preview:large","max-video-preview":"max-video-preview:-1"},"canonical":"https:\/\/www.noticiasradioreflejos.com.ar\/2021\/los-bancarios-adheriran-al-paro-general-del-24-de-enero\/","og_locale":"es_ES","og_type":"article","og_title":"Los bancarios adherir\u00e1n al paro general del 24 de enero - Noticias Radio Reflejos","og_description":"El acatamiento del sindicato del sector financiero promete limitar el servicio en la jornada del mi\u00e9rcoles","og_url":"https:\/\/www.noticiasradioreflejos.com.ar\/2021\/los-bancarios-adheriran-al-paro-general-del-24-de-enero\/","og_site_name":"Noticias Radio Reflejos","article_published_time":"2024-01-22T17:40:16+00:00","og_image":[{"url":"https:\/\/www.infobae.com\/new-resizer\/Xmaip7LvPQXMs0GORaN7iOCTljs=\/420x280\/filters:format(webp):quality(85)\/cloudfront-us-east-1.images.arcpublishing.com\/infobae\/OUXSQ4QTVH5LF23QU67JBBLCII.jpg%20420w","type":"","width":"","height":""}],"author":"Arnaldo Botto","twitter_card":"summary_large_image","schema":{"@context":"https:\/\/schema.org","@graph":[{"@type":"WebPage","@id":"https:\/\/www.noticiasradioreflejos.com.ar\/2021\/los-bancarios-adheriran-al-paro-general-del-24-de-enero\/","url":"https:\/\/www.noticiasradioreflejos.com.ar\/2021\/los-bancarios-adheriran-al-paro-general-del-24-de-enero\/","name":"Los bancarios adherir\u00e1n al paro general del 24 de enero - Noticias Radio Reflejos","isPartOf":{"@id":"https:\/\/www.noticiasradioreflejos.com.ar\/2021\/#website"},"primaryImageOfPage":{"@id":"https:\/\/www.noticiasradioreflejos.com.ar\/2021\/los-bancarios-adheriran-al-paro-general-del-24-de-enero\/#primaryimage"},"image":{"@id":"https:\/\/www.noticiasradioreflejos.com.ar\/2021\/los-bancarios-adheriran-al-paro-general-del-24-de-enero\/#primaryimage"},"thumbnailUrl":"https:\/\/www.infobae.com\/new-resizer\/Xmaip7LvPQXMs0GORaN7iOCTljs=\/420x280\/filters:format(webp):quality(85)\/cloudfront-us-east-1.images.arcpublishing.com\/infobae\/OUXSQ4QTVH5LF23QU67JBBLCII.jpg%20420w","datePublished":"2024-01-22T17:40:16+00:00","author":{"@id":"https:\/\/www.noticiasradioreflejos.com.ar\/2021\/#\/schema\/person\/ad82545263dcc5ec0996818884fd5fb1"},"breadcrumb":{"@id":"https:\/\/www.noticiasradioreflejos.com.ar\/2021\/los-bancarios-adheriran-al-paro-general-del-24-de-enero\/#breadcrumb"},"inLanguage":"es","potentialAction":[{"@type":"ReadAction","target":["https:\/\/www.noticiasradioreflejos.com.ar\/2021\/los-bancarios-adheriran-al-paro-general-del-24-de-enero\/"]}]},{"@type":"ImageObject","inLanguage":"es","@id":"https:\/\/www.noticiasradioreflejos.com.ar\/2021\/los-bancarios-adheriran-al-paro-general-del-24-de-enero\/#primaryimage","url":"https:\/\/www.infobae.com\/new-resizer\/Xmaip7LvPQXMs0GORaN7iOCTljs=\/420x280\/filters:format(webp):quality(85)\/cloudfront-us-east-1.images.arcpublishing.com\/infobae\/OUXSQ4QTVH5LF23QU67JBBLCII.jpg%20420w","contentUrl":"https:\/\/www.infobae.com\/new-resizer\/Xmaip7LvPQXMs0GORaN7iOCTljs=\/420x280\/filters:format(webp):quality(85)\/cloudfront-us-east-1.images.arcpublishing.com\/infobae\/OUXSQ4QTVH5LF23QU67JBBLCII.jpg%20420w"},{"@type":"BreadcrumbList","@id":"https:\/\/www.noticiasradioreflejos.com.ar\/2021\/los-bancarios-adheriran-al-paro-general-del-24-de-enero\/#breadcrumb","itemListElement":[{"@type":"ListItem","position":1,"name":"Portada","item":"https:\/\/www.noticiasradioreflejos.com.ar\/2021\/"},{"@type":"ListItem","position":2,"name":"Los bancarios adherir\u00e1n al paro general del 24 de enero"}]},{"@type":"WebSite","@id":"https:\/\/www.noticiasradioreflejos.com.ar\/2021\/#website","url":"https:\/\/www.noticiasradioreflejos.com.ar\/2021\/","name":"Noticias Radio Reflejos","description":"Las noticias de mi comarca","potentialAction":[{"@type":"SearchAction","target":{"@type":"EntryPoint","urlTemplate":"https:\/\/www.noticiasradioreflejos.com.ar\/2021\/?s={search_term_string}"},"query-input":{"@type":"PropertyValueSpecification","valueRequired":true,"valueName":"search_term_string"}}],"inLanguage":"es"},{"@type":"Person","@id":"https:\/\/www.noticiasradioreflejos.com.ar\/2021\/#\/schema\/person\/ad82545263dcc5ec0996818884fd5fb1","name":"Arnaldo Botto","image":{"@type":"ImageObject","inLanguage":"es","@id":"https:\/\/www.noticiasradioreflejos.com.ar\/2021\/#\/schema\/person\/image\/","url":"https:\/\/secure.gravatar.com\/avatar\/55cb5e37c1efa326397366e6974cb338056df65cb50e7d64d1cf314e87504837?s=96&d=mm&r=g","contentUrl":"https:\/\/secure.gravatar.com\/avatar\/55cb5e37c1efa326397366e6974cb338056df65cb50e7d64d1cf314e87504837?s=96&d=mm&r=g","caption":"Arnaldo Botto"},"url":"https:\/\/www.noticiasradioreflejos.com.ar\/2021\/author\/arnaldo\/"}]}},"_links":{"self":[{"href":"https:\/\/www.noticiasradioreflejos.com.ar\/2021\/wp-json\/wp\/v2\/posts\/98018","targetHints":{"allow":["GET"]}}],"collection":[{"href":"https:\/\/www.noticiasradioreflejos.com.ar\/2021\/wp-json\/wp\/v2\/posts"}],"about":[{"href":"https:\/\/www.noticiasradioreflejos.com.ar\/2021\/wp-json\/wp\/v2\/types\/post"}],"author":[{"embeddable":true,"href":"https:\/\/www.noticiasradioreflejos.com.ar\/2021\/wp-json\/wp\/v2\/users\/3"}],"replies":[{"embeddable":true,"href":"https:\/\/www.noticiasradioreflejos.com.ar\/2021\/wp-json\/wp\/v2\/comments?post=98018"}],"version-history":[{"count":1,"href":"https:\/\/www.noticiasradioreflejos.com.ar\/2021\/wp-json\/wp\/v2\/posts\/98018\/revisions"}],"predecessor-version":[{"id":98020,"href":"https:\/\/www.noticiasradioreflejos.com.ar\/2021\/wp-json\/wp\/v2\/posts\/98018\/revisions\/98020"}],"wp:attachment":[{"href":"https:\/\/www.noticiasradioreflejos.com.ar\/2021\/wp-json\/wp\/v2\/media?parent=98018"}],"wp:term":[{"taxonomy":"category","embeddable":true,"href":"https:\/\/www.noticiasradioreflejos.com.ar\/2021\/wp-json\/wp\/v2\/categories?post=98018"},{"taxonomy":"post_tag","embeddable":true,"href":"https:\/\/www.noticiasradioreflejos.com.ar\/2021\/wp-json\/wp\/v2\/tags?post=98018"}],"curies":[{"name":"wp","href":"https:\/\/api.w.org\/{rel}","templated":true}]}}