{"id":98015,"date":"2024-01-22T14:33:34","date_gmt":"2024-01-22T17:33:34","guid":{"rendered":"https:\/\/www.noticiasradioreflejos.com.ar\/2021\/?p=98015"},"modified":"2024-01-22T14:33:34","modified_gmt":"2024-01-22T17:33:34","slug":"hcd-informe-de-la-sesion-extraordinaria-de-fecha-18-01-24","status":"publish","type":"post","link":"https:\/\/www.noticiasradioreflejos.com.ar\/2021\/hcd-informe-de-la-sesion-extraordinaria-de-fecha-18-01-24\/","title":{"rendered":"HCD: Informe de la sesi\u00f3n extraordinaria de fecha 18-01-24"},"content":{"rendered":"<p>Convocados por el Decreto N\u00ba 05\/24, el d\u00eda 18 de enero a partir de las 20 hs. los Concejales se hicieron presentes en el Recinto del H.C.D. para realizar una Sesi\u00f3n Extraordinaria, en la que se trataron los siguientes temas:<!--more--><\/p>\n<p>\u2022 N.P. Bordoni Sergio: Dar por finalizada su licencia por enfermedad.-<br \/>\n\u2022 N.P. Bordoni Estefan\u00eda: Solicitud licencia como Concejal.-<br \/>\n\u2022 Expte. N\u00ba 05\/24: N.P. Lange Dante Ra\u00fal Pte. de V\u00eda 51 Viaje S.A. solicita autorizaci\u00f3n tarifas Transporte P\u00fablico de L\u00ednea Urbana Saldungaray-Tornquist.-<br \/>\n\u2022 Expte. N\u00ba 28\/24: D.E. Convalida Decreto del Dep. Ejecutivo N\u00ba 67\/24 en donde se declara en todo el territorio del Partido de Tornquist la Emergencia Social, Ambiental, Educativa y de Infraestructura hasta el 31 de diciembre de 2024.-<br \/>\n\u2022 Expte. N\u00ba 29\/24: D.E. Incremento Salarial Ejercicio 2024.-<br \/>\n\u2022 Expte. N\u00ba 30\/24: S.S. Declara Emergencia Sanitaria en el \u00e1mbito territorial del Partido de Tornquist hasta el 31 de diciembre del 2024.-<\/p>\n<p><strong>N.P. Bordoni Sergio: Dar por finalizada su licencia por enfermedad.-<\/strong><br \/>\nMe dirijo a la Sra. Presidente y por su intermedio a los dem\u00e1s miembros del Concejo, con el objeto de dar por finalizada mi licencia m\u00e9dica a partir del d\u00eda 19 del corriente. Sin otro particular lo saludo con atenta consideraci\u00f3n.-<br \/>\nFirmada por BORDONI SERGIO<\/p>\n<p><strong>N.P. Bordoni Estefan\u00eda: Solicitud licencia como Concejal.-<\/strong><br \/>\nMe dirijo a la Sra. Presidente y por su intermedio a los dem\u00e1s miembros del Concejo, con el objeto de solicitar licencia como Concejal desde el 19\/01\/24 al 31\/01\/24 inclusive. Sin otro particular lo saludo con atenta consideraci\u00f3n.-<br \/>\nFirmada por ESTEFANIA BORDONI<br \/>\nSe aprueba por mayor\u00eda (votaci\u00f3n 7 a 5) la licencia solicitada.<\/p>\n<p>Expte. N\u00ba 05\/24: N.P. Lange Dante Ra\u00fal Pte. de V\u00eda 51 Viaje S.A. solicita autorizaci\u00f3n tarifas Transporte P\u00fablico de L\u00ednea Urbana Saldungaray-Tornquist.-<br \/>\nSe aprueba por unanimidad la Ordenanza N\u00ba 3739\/24 por la que se autoriza al prestatario del Servicio P\u00fablico de Pasajeros por Automotor de Jurisdicci\u00f3n Municipal, V\u00eda 51 Viajes S.A. (Servicio P\u00fablico L\u00ednea N\u00ba 1), a cobrar la tarifa que a continuaci\u00f3n se detallan:<\/p>\n<p>TRAMO IMPORTE<br \/>\nSierra de la Ventana-Villa Serrana La Gruta $ 1.309,00<\/p>\n<p>Expte. N\u00ba 28\/24: D.E. Convalida Decreto del Dep. Ejecutivo N\u00ba 67\/24 en donde se declara en todo el territorio del Partido de Tornquist la Emergencia Social, Ambiental, Educativa y de Infraestructura hasta el 31 de diciembre de 2024.-<br \/>\nSe aprueba por mayor\u00eda la Ordenanza N\u00ba 3740\/24 por la que se convalida el Decreto del Departamento Ejecutivo N\u00b0 67\/24 en donde se declara en todo el territorio del Partido de Tornquist la Emergencia Social, Ambiental, Educativa y de Infraestructura hasta el d\u00eda 31 de diciembre de 2024.-<br \/>\nA efectos de la realizaci\u00f3n de las obras urgentes y la implementaci\u00f3n de las acciones necesarias para solucionar o aliviar las consecuencias de desastre producidas, evitar las agravaciones humanitarias que de \u00e9l pudieran derivarse y reparar los da\u00f1os producidos o que se produzcan como consecuencia del fen\u00f3meno climatol\u00f3gico acaecido desde el d\u00eda 16 de diciembre, a todo el territorio del Partido de Tornquist, es que se dicta el Decreto N\u00ba 67\/24. Con este acto administrativo se busca agilizar y simplificar el trabajo conjunto y coordinado bajo las premisas de celeridad, econom\u00eda, sencillez y eficacia que deben regir las actuaciones para hacer frente a una emergencia de tama\u00f1a envergadura. La situaci\u00f3n antes descripta genera gastos extraordinarios y no contemplados en el Presupuesto de Gastos vigente, y por cuanto es necesario autorizar a la Contadur\u00eda Municipal a realizar las erogaciones presupuestarias correspondientes.-<\/p>\n<p>Expte. N\u00ba 29\/24: D.E. Incremento Salarial Ejercicio 2024.-<br \/>\nSe aprueba por unanimidad la Ordenanza N\u00ba 3741\/24 por la que se otorga un incremento salarial del 10% (DIEZ por ciento) a partir del 1 de ENERO de 2024, para todas las categor\u00edas de los sueldos del personal municipal.<br \/>\nSe otorga una BONIFICACI\u00d3N ESPECIAL de car\u00e1cter remunerativa de $5.000 (pesos cinco mil), a partir del mes de ENERO de 2024. La misma alcanza a todo el personal municipal, excepto Concejales, Secretario del Honorable Concejo Deliberante y Personal Superior.-<\/p>\n<p>Expte. N\u00ba 30\/24: S.S. Declara Emergencia Sanitaria en el \u00e1mbito territorial del Partido de Tornquist hasta el 31 de diciembre del 2024.-<br \/>\nSe aprueba por mayor\u00eda la Ordenanza N\u00ba 3742\/24 por la que se declara la emergencia sanitaria en el \u00e1mbito territorial del Partido de Tornquist hasta el 31 de diciembre del 2024.-<br \/>\nSe autoriza al Departamento Ejecutivo a abonar los gastos extraordinarios que se originen a partir de la declaraci\u00f3n de dicha emergencia.-<br \/>\nSe dispone, en los t\u00e9rminos del Art\u00edculo 20\u00b0 de la Ordenanza N\u00b02816\/16 \u201cEstatuto para el Personal de la Municipalidad de Tornquist\u201d, una bonificaci\u00f3n denominada \u201ccobertura de emergencia en guardia\u201d de car\u00e1cter no remunerativo.-<br \/>\nLa citada bonificaci\u00f3n se abonar\u00e1 a los profesionales m\u00e9dicos que cumplan atenci\u00f3n en forma activa, dentro de la guardia del Hospital Municipal de Tornquist, la guardia del Hospital Menor de Sierra de la Ventana o la guardia de la Unidad de Terapia Intensiva de Tornquist, cuando las mismas no se encuentren cubiertas por el personal de cronograma habitual y con autorizaci\u00f3n fehaciente de la Secretar\u00eda de Salud.-<br \/>\nLa liquidaci\u00f3n de la bonificaci\u00f3n es exclusiva para coberturas de emergencia, es decir, ante situaciones de excepci\u00f3n donde se hubieran agotado las instancias para lograr la cobertura de las guardias vacantes, por lo que su liquidaci\u00f3n es alternativa y excluyente a los importes normados mediante Ordenanza N\u00b03115\/19.-<br \/>\nSe autoriza al Departamento Ejecutivo a reglamentar la presente Ordenanza y determinar los valores aplicables.-<br \/>\nSe autoriza al Departamento Ejecutivo a prorrogar por un a\u00f1o la emergencia establecida en el Art\u00edculo 1\u00b0.-<\/p>\n<p><strong>Alocuciones de los Concejales:<\/strong><\/p>\n<p><em><strong>Concejal Luis Castro:<\/strong><\/em><br \/>\n\u201cSi, en primer lugar quer\u00eda mocionar que desde Presidencia se convoque, se organice reuni\u00f3n con el sindicato de Empleados Municipales, bueno, debido a la situaci\u00f3n que todos sabemos que est\u00e1n viviendo, no solamente con la cuesti\u00f3n de los sueldos, sino con otras cuestiones que hacen al bienestar de los empleados municipales. As\u00ed que la moci\u00f3n ser\u00eda para que de manera urgente, o lo m\u00e1s antes posible, podamos convocar al Sindicato\u201d.-<\/p>\n<p>Se aprueba por unanimidad la moci\u00f3n del Concejal Castro.<\/p>\n<p><strong>Concejal Daiana Juan:<\/strong><br \/>\n\u201cSolo hacer una aclaraci\u00f3n respecto a la licencia de Estefan\u00eda, que estoy, o sea acompa\u00f1o, solo dejar en claro o sea desde mi moral no me parece correcto por ah\u00ed poner una traba para que no pueda vacacionar con su pap\u00e1 despu\u00e9s del problema de salud que tuvo, por eso acompa\u00f1o eso. S\u00ed por ah\u00ed dejar en claro que no estoy de acuerdo con la desprolijidad con que se manej\u00f3, que sinceramente como que me termin\u00e9 mareando el tema de las licencias de interino, de concejal, solo eso. Gracias .-<\/p>\n<p><strong>Concejal Luis Castro:<\/strong><br \/>\n\u201cSi, quer\u00eda hacer referencia, como hac\u00eda la Concejal Juan con respecto a la licencia de la Concejal Bordoni, y que nosotros no aprobamos. Principalmente tiene que ver porque la verdad que la cuesti\u00f3n, la cuesti\u00f3n legal es discutible, y estar\u00eda bueno tener la informaci\u00f3n clara de, por lo que sabemos ella es Intendenta Interina hasta ma\u00f1ana, nosotros solicitamos el Decreto y nunca lo tuvimos, y c\u00f3mo va a ser el pr\u00f3ximo interinato que seg\u00fan marca la Ley asumir\u00eda al Concejal Olhaberry, porque la Secretaria por lo que sabemos va a asumir de vuelta como Secretaria de Hacienda la Concejal Bordoni, no podr\u00eda, entonces queremos saber bien c\u00f3mo va a ser esa situaci\u00f3n, c\u00f3mo lo va a manejar el Ejecutivo porque la verdad que hasta ac\u00e1 no lo ha manejado bien, lo ha manejado desprolijo y creo que no, no pueden funcionar as\u00ed las instituciones, de que los funcionarios manejen e interpreten la ley seg\u00fan lo que a ellos los favorezca. Nosotros obviamente si la Concejal ten\u00eda planificada vacaciones con su familia est\u00e1 en todo su derecho, y se ten\u00eda que haber excusado como Concejal y se iba de vacaciones y nadie va a negar ni se va a oponer a eso, y si no tendr\u00eda que haber asumido como interina del 22 al 29 que es lo que ahora tenemos que saber c\u00f3mo, c\u00f3mo va a llevar eso adelante el Ejecutivo. La Ley est\u00e1 clara, pero tambi\u00e9n sabemos que esta semana hubo un Intendente Interino que es la Concejal Estefan\u00eda Bordoni, y no era necesario porque el Intendente vuelve ma\u00f1ana, o sea 5 d\u00edas. Eso con respecto a la licencia de la Concejal Bordoni. Y despu\u00e9s hoy tratamos dos Expedientes, el 28\/24 y el 30\/24 que tienen que ver con dos emergencias, una de emergencia sanitaria que nosotros dictaminamos otra cuesti\u00f3n para que no sea tan discrecional y para que sepamos cu\u00e1l va a ser esa bonificaci\u00f3n que se va a pagar para poder cubrir las guardias, y elimin\u00e1bamos el art\u00edculo que, la prorrogaba autom\u00e1ticamente, porque creemos que en todo caso si la emergencia sigue en un a\u00f1o est\u00e1 bueno que la discutamos en este Cuerpo. Bueno, lamentablemente nuestro dictamen no sali\u00f3, pero s\u00ed aclarar que nosotros est\u00e1bamos de acuerdo con la emergencia sanitaria, con el proyecto en general. Y despu\u00e9s hab\u00eda otra emergencia que nosotros no convalidamos que es un Decreto que hizo el Intendente, que yo dir\u00eda es una mega emergencia, emergencia social, de infraestructura, ambiental, y alguna cuesti\u00f3n m\u00e1s, y educativa. Una mega emergencia. Entonces creemos que si sube el Expediente, subi\u00f3 ayer, todos estos Expediente subieron ayer, para que hoy los tratemos por lo menos las cuestiones de estos dos Expedientes que son emergencias amplias, esta \u00faltima m\u00e1s que nada, por lo menos tendr\u00edamos que haber tenido el tiempo para que el Ejecutivo nos d\u00e9 los argumentos, m\u00e1s all\u00e1 de lo que est\u00e1n escritos en el Proyecto de Ordenanza, que la verdad que no son contundentes, para decir che, estamos pidiendo esta Ordenanza, esta emergencia, mega emergencia por x causa. La verdad que darle, convalidar ese Decreto que ya est\u00e1, el Decreto ya lo hizo el Intendente, es avalar que el Ejecutivo se maneje discrecionalmente, y digo lo de discrecionalmente porque ahora el debate a nivel nacional est\u00e1 en torno a Milei que quiere los superpoderes, y la discrecionalidad de gobernar a trav\u00e9s de Decreto, de DNU, y resulta que a nivel local el Intendente que es de otro, de un espacio pol\u00edtico opuesto a Milei hace lo mismo. Por lo menos esper\u00e1bamos una, de por qu\u00e9 tenemos que avalar nosotros que nunca pas\u00f3, por lo menos en el \u00faltimo tiempo, una mega emergencia. Y si lo tenemos que hacer, bueno, que tengamos los argumentos por lo menos. No puede ser, no podemos permitir que se convierta el Concejo Deliberante y lo venimos marcando no de ahora, de hace 2 a\u00f1os, en una oficina administrativa del Intendente, no puede pasar eso, del Intendente o en este caso, ahora, de la Intendenta Interina. No puede pasar eso porque si nosotros que somos los Concejales no defendemos esta instituci\u00f3n que es el Concejo Deliberante, el Poder Legislativo, \u00bfqui\u00e9n lo va a defender? Y despu\u00e9s, es cierto, como dec\u00eda la Concejal Gimenez en la \u00faltima Sesi\u00f3n, o en una de las Sesiones pasadas, la gente descree de la pol\u00edtica, s\u00ed, seguramente la gente descree de la pol\u00edtica por muchas cuestiones, y seguramente la gente la cuesti\u00f3n institucional no la tenga en cuenta en este momento porque est\u00e1 pensando en c\u00f3mo llegar a fin de mes. Pero eso no significa que nosotros tengamos que avalar que se maneje y que se interprete la Ley seg\u00fan lo que nos convenga, y que se manosea as\u00ed a esta instituci\u00f3n, porque la verdad que la Concejal Bordoni el lunes se siente en la Banca, cuatro d\u00edas despu\u00e9s, bueno, la nombre como Intenta Interina, cuatro d\u00edas despu\u00e9s pida licencia de vuelta, la verdad es un manoseo y una falta de respeto, y ah\u00ed coincido con la Concejal Gimenez cuando dice la ente descree, bueno, la gente descree de nosotros por estas cuestiones, no por venir a discutir ac\u00e1, y pensar diferente, y plantear cuestiones diferentes, eso es lo sano. La gente descree porque el Estado que se maneje de esta manera, y que parezca que todo da lo mismo, y que le buscamos el pelo al huevo, la verdad que no le buscamos el pelo al huevo, porque la Ley est\u00e1 clara, lo que pasa es que creemos, o el Ejecutivo cree que el Concejo Deliberante, la instituci\u00f3n en general, la puede manejar como quiera, y pueden hacer lo que quieran, y eso nosotros no lo vamos a avalar, lo marcamos siempre, nuestro Partido, y lo vamos a seguir marcando. Muchas gracias\u201d.<\/p>\n<p><strong>Concejal Marcela Gimenez:<\/strong><br \/>\n\u201cBueno, primero referirme al Expediente sobre la emergencia, o la mega emergencia como tal lo dec\u00eda el Concejal Castro, que as\u00ed le puso un prefijo justamente a la palabra emergencia. Como Concejal deber\u00eda saber que el temporal dej\u00f3 varios da\u00f1os en nuestro Distrito, importantes, ca\u00eddas de \u00e1rboles, ca\u00edda de \u00e1rboles sobre techos, voladuras de techos de casas de vecinos, voladuras de techos de escuelas, roturas por ca\u00eddas de \u00e1rboles sobre techos en las escuelas, escuelas que se llueven, delegaciones municipales, delegaciones policiales, roturas de infraestructura en el sudeste, estuvieron por supuesto mucho tiempo sin luz y sin agua tambi\u00e9n, hubo que hacer una gran limpieza de los \u00e1rboles ca\u00eddos, las escuelas relevadas en cuanto a las roturas tambi\u00e9n fueron importantes. La verdad que todo eso obviamente lleva a que, una erogaci\u00f3n de dinero importante en el arreglo, y tenemos que garantizar primero el inicio de clases, y segundo por supuesto, que las personas y la gente del Distrito pueda estar en su vivienda como corresponde. Tal vez esto no ha sido claro, o no se sabe, pero la realidad es esa. Muchos vecinos del Distrito sufrieron las consecuencias del temporal y tengamos en cuenta que los cambios clim\u00e1ticos siguen estando, y que la afectaci\u00f3n clim\u00e1tica va a seguir ocurriendo, y esto hay que, como dice el Concejal, el Estado lo tiene que garantizar, y para eso por supuesto tiene que estar presente, por lo cual se declara o se convalida el Decreto de emergencia. En principio referirme a eso, y despu\u00e9s con respecto a la emergencia sanitaria, todos estamos de acuerdo, hemos hablado much\u00edsimas veces en este Concejo sobre la dificultad para conseguir las guardias m\u00e9dicas. Tiene que ver con eso, entonces, si muchas veces hemos tratado el tema, si otras veces hemos tratado este tema con respecto a que, tambi\u00e9n lo hemos tratado ac\u00e1, que los m\u00e9dicos las guardias m\u00e9dicas no paguen ganancia, que las diferencias que hay para conseguir m\u00e9dicos en las guardias y la imposibilidad que a veces acarrea esto. Primero est\u00e1 la salud de los vecinos y las vecinas, y la verdad que, est\u00e1 bien que dijo el Concejal que no se opon\u00edan a la emergencia sanitaria, pero la realidad es que eso es lo que no podemos discutir art\u00edculos de forma sino de contenido, y eso es lo que estuvo pasando, la verdad que no nos pudimos poner de acuerdo en esto tan simple y tan sencillo que es posibilitar que nuestros vecinos tengan la atenci\u00f3n adecuada. Tal vez con esta emergencia no se logre tampoco, pero es necesario que lo tengamos presente. Nada m\u00e1s y muchas gracias\u201d.-<\/p>\n<p><strong>Concejal Susana Marcolini:<\/strong><br \/>\n\u201cPara no abundar en detalles, y tal vez fuera de t\u00e9rmino, porque esto debi\u00f3, este debate lo debemos haber tenido en el momento en que se ejecutaba la votaci\u00f3n, creo que no queda suficientemente claro, porque no le va a quedar expresado seg\u00fan lo que usted acaba de mencionar despu\u00e9s de la votaci\u00f3n, que estos Bloques no se oponen a la Ordenanza en general. Dem\u00e1s est\u00e1 decir que nosotros apoyamos la Ordenanza, estoy hablando de la Ordenanza de la emergencia sanitaria en general, y ser\u00eda interesante que como toda Ordenanza necesita doble votaci\u00f3n, quedara consignado, no solo estamos de acuerdo sino que nosotros tambi\u00e9n propon\u00edamos votar la Ordenanza en general, de manera tal que creo la Ordenanza en general no fue aprobada por mayor\u00eda, la Ordenanza en general merece la unanimidad, lo que est\u00e1 aprobado por mayor\u00eda es el articulado, sobre todo el articulado s\u00e9ptimo y el octavo, y en consecuencia los que siguen despu\u00e9s. Me parece que esto es necesario que revirtamos la forma en la cual consideramos que las cosas quedan votadas despu\u00e9s de la expresi\u00f3n, ya nos pas\u00f3 en alguna otra ordenanza, y me parece que ser\u00eda interesante que lo discuti\u00e9ramos en ese sentido. Estos Bloques est\u00e1n de acuerdo con esa Ordenanza en general\u201d.<\/p>\n<p><strong>Presidente del H.C.D. Concejal Carmen Soverchia:<\/strong><br \/>\n\u201cConcejal Susana Marcolini cuando yo nombr\u00e9: esta consideraci\u00f3n del Cuerpo la Ordenanza en general, la \u00fanica que levant\u00f3 la mano de los Concejales fue usted, y el resto de los concejales, por eso dije por mayor\u00eda\u201d.-<\/p>\n<p><strong>Concejal Susana Marcolini:<\/strong><br \/>\n\u201cSi, perd\u00f3n, lo que sucede es que el otro dictamen tiene la aprobaci\u00f3n en general tambi\u00e9n, el dictamen nuestro tiene la aprobaci\u00f3n en general, salvo en esos art\u00edculos, de manera tal que cualquiera hubiera sido la votaci\u00f3n respecto de los dict\u00e1menes, cosa que tambi\u00e9n podr\u00edamos objetar si realmente hay que votarlos, lo que es claro es que estos Bloques est\u00e1n de acuerdo con la Ordenanza en general\u201d.-<\/p>\n<p><strong>Presidente del H.C.D. Concejal Carmen Soverchia:<\/strong><br \/>\n\u201cClaro, le reitero que nombr\u00e9 por mayor\u00eda porque la \u00fanica que levant\u00f3 la mano fue usted\u201d.-<\/p>\n<p><strong>Concejal Susana Marcolini:<\/strong><br \/>\n\u201cPero el otro dictamen tambi\u00e9n propone aprobar la ordenanza en general\u201d.-<\/p>\n<p><strong>Presidente del H.C.D. Concejal Carmen Soverchia:<\/strong><br \/>\n\u201cBien, la Ordenanza igual se contabiliz\u00f3 de acuerdo a los votos por afirmativo y por negativa, eso que queden en claro \u00bfno?\u201d.-<\/p>\n<p><strong>Concejal Facundo Marzialetti:<\/strong><br \/>\n\u201cHola, bueno, buenas noches. Voy a ser breve, simplemente bueno, en primer lugar, por supuesto est\u00e1 dem\u00e1s aclararlo, que todos nos alegramos con la salud del Intendente, que haya mejorado, no se ha comentado ac\u00e1 pero es algo que lo hemos comentado internamente, que m\u00e1s all\u00e1 de este teje y maneje de las licencias, por supuesto que no deja de ser algo alentador, un tema de salud y sobre todo cuando es positivo. Despu\u00e9s, bueno, quer\u00eda simplemente acotar algo, creo que hay un error de concepto en cuanto a lo que es una emergencia, en lo que es t\u00e9rmino de salud una emergencia y una urgencia se diferencia b\u00e1sicamente en la severidad. En una emergencia hay un riesgo de vida y requiere una atenci\u00f3n inmediata, y por lo tanto una urgencia es algo urgente, importante, pero puede, puede contemplar un lapso de tiempo. Creo que una emergencia, seguro que es lo que ha habido el d\u00eda 17 o 18, un d\u00eda o dos despu\u00e9s del temporal y en este caso me parece que es un abuso de la palabra emergencia para, para un concepto tan amplio como es educaci\u00f3n, social, ambiente. Me parece que es un abuso y creo que las palabras se gastan o pierden peso cuando se abusa de ellas, simplemente decir eso\u201d.-<\/p>\n<p>HONORABLE CONCEJO DELIBERANTE.<\/p>\n","protected":false},"excerpt":{"rendered":"<p>Convocados por el Decreto N\u00ba 05\/24, el d\u00eda 18 de enero a partir de las 20 hs. los Concejales se hicieron presentes en el Recinto del H.C.D. para realizar una Sesi\u00f3n Extraordinaria, en la que se trataron los siguientes temas:<\/p>\n","protected":false},"author":3,"featured_media":0,"comment_status":"closed","ping_status":"closed","sticky":false,"template":"","format":"standard","meta":{"footnotes":""},"categories":[59],"tags":[],"class_list":["post-98015","post","type-post","status-publish","format-standard","hentry","category-concejo-deliberante"],"yoast_head":"<!-- This site is optimized with the Yoast SEO plugin v25.9 - https:\/\/yoast.com\/wordpress\/plugins\/seo\/ -->\n<title>HCD: Informe de la sesi\u00f3n extraordinaria de fecha 18-01-24 - Noticias Radio Reflejos<\/title>\n<meta name=\"robots\" content=\"index, follow, max-snippet:-1, max-image-preview:large, max-video-preview:-1\" \/>\n<link rel=\"canonical\" href=\"https:\/\/www.noticiasradioreflejos.com.ar\/2021\/hcd-informe-de-la-sesion-extraordinaria-de-fecha-18-01-24\/\" \/>\n<meta property=\"og:locale\" content=\"es_ES\" \/>\n<meta property=\"og:type\" content=\"article\" \/>\n<meta property=\"og:title\" content=\"HCD: Informe de la sesi\u00f3n extraordinaria de fecha 18-01-24 - Noticias Radio Reflejos\" \/>\n<meta property=\"og:description\" content=\"Convocados por el Decreto N\u00ba 05\/24, el d\u00eda 18 de enero a partir de las 20 hs. los Concejales se hicieron presentes en el Recinto del H.C.D. para realizar una Sesi\u00f3n Extraordinaria, en la que se trataron los siguientes temas:\" \/>\n<meta property=\"og:url\" content=\"https:\/\/www.noticiasradioreflejos.com.ar\/2021\/hcd-informe-de-la-sesion-extraordinaria-de-fecha-18-01-24\/\" \/>\n<meta property=\"og:site_name\" content=\"Noticias Radio Reflejos\" \/>\n<meta property=\"article:published_time\" content=\"2024-01-22T17:33:34+00:00\" \/>\n<meta property=\"og:image\" content=\"https:\/\/www.noticiasradioreflejos.com.ar\/2021\/wp-content\/uploads\/2021\/07\/logosol300x200.png\" \/>\n\t<meta property=\"og:image:width\" content=\"300\" \/>\n\t<meta property=\"og:image:height\" content=\"200\" \/>\n\t<meta property=\"og:image:type\" content=\"image\/png\" \/>\n<meta name=\"author\" content=\"Arnaldo Botto\" \/>\n<meta name=\"twitter:card\" content=\"summary_large_image\" \/>\n<script type=\"application\/ld+json\" class=\"yoast-schema-graph\">{\"@context\":\"https:\/\/schema.org\",\"@graph\":[{\"@type\":\"WebPage\",\"@id\":\"https:\/\/www.noticiasradioreflejos.com.ar\/2021\/hcd-informe-de-la-sesion-extraordinaria-de-fecha-18-01-24\/\",\"url\":\"https:\/\/www.noticiasradioreflejos.com.ar\/2021\/hcd-informe-de-la-sesion-extraordinaria-de-fecha-18-01-24\/\",\"name\":\"HCD: Informe de la sesi\u00f3n extraordinaria de fecha 18-01-24 - Noticias Radio Reflejos\",\"isPartOf\":{\"@id\":\"https:\/\/www.noticiasradioreflejos.com.ar\/2021\/#website\"},\"datePublished\":\"2024-01-22T17:33:34+00:00\",\"author\":{\"@id\":\"https:\/\/www.noticiasradioreflejos.com.ar\/2021\/#\/schema\/person\/ad82545263dcc5ec0996818884fd5fb1\"},\"breadcrumb\":{\"@id\":\"https:\/\/www.noticiasradioreflejos.com.ar\/2021\/hcd-informe-de-la-sesion-extraordinaria-de-fecha-18-01-24\/#breadcrumb\"},\"inLanguage\":\"es\",\"potentialAction\":[{\"@type\":\"ReadAction\",\"target\":[\"https:\/\/www.noticiasradioreflejos.com.ar\/2021\/hcd-informe-de-la-sesion-extraordinaria-de-fecha-18-01-24\/\"]}]},{\"@type\":\"BreadcrumbList\",\"@id\":\"https:\/\/www.noticiasradioreflejos.com.ar\/2021\/hcd-informe-de-la-sesion-extraordinaria-de-fecha-18-01-24\/#breadcrumb\",\"itemListElement\":[{\"@type\":\"ListItem\",\"position\":1,\"name\":\"Portada\",\"item\":\"https:\/\/www.noticiasradioreflejos.com.ar\/2021\/\"},{\"@type\":\"ListItem\",\"position\":2,\"name\":\"HCD: Informe de la sesi\u00f3n extraordinaria de fecha 18-01-24\"}]},{\"@type\":\"WebSite\",\"@id\":\"https:\/\/www.noticiasradioreflejos.com.ar\/2021\/#website\",\"url\":\"https:\/\/www.noticiasradioreflejos.com.ar\/2021\/\",\"name\":\"Noticias Radio Reflejos\",\"description\":\"Las noticias de mi comarca\",\"potentialAction\":[{\"@type\":\"SearchAction\",\"target\":{\"@type\":\"EntryPoint\",\"urlTemplate\":\"https:\/\/www.noticiasradioreflejos.com.ar\/2021\/?s={search_term_string}\"},\"query-input\":{\"@type\":\"PropertyValueSpecification\",\"valueRequired\":true,\"valueName\":\"search_term_string\"}}],\"inLanguage\":\"es\"},{\"@type\":\"Person\",\"@id\":\"https:\/\/www.noticiasradioreflejos.com.ar\/2021\/#\/schema\/person\/ad82545263dcc5ec0996818884fd5fb1\",\"name\":\"Arnaldo Botto\",\"image\":{\"@type\":\"ImageObject\",\"inLanguage\":\"es\",\"@id\":\"https:\/\/www.noticiasradioreflejos.com.ar\/2021\/#\/schema\/person\/image\/\",\"url\":\"https:\/\/secure.gravatar.com\/avatar\/55cb5e37c1efa326397366e6974cb338056df65cb50e7d64d1cf314e87504837?s=96&d=mm&r=g\",\"contentUrl\":\"https:\/\/secure.gravatar.com\/avatar\/55cb5e37c1efa326397366e6974cb338056df65cb50e7d64d1cf314e87504837?s=96&d=mm&r=g\",\"caption\":\"Arnaldo Botto\"},\"url\":\"https:\/\/www.noticiasradioreflejos.com.ar\/2021\/author\/arnaldo\/\"}]}<\/script>\n<!-- \/ Yoast SEO plugin. -->","yoast_head_json":{"title":"HCD: Informe de la sesi\u00f3n extraordinaria de fecha 18-01-24 - Noticias Radio Reflejos","robots":{"index":"index","follow":"follow","max-snippet":"max-snippet:-1","max-image-preview":"max-image-preview:large","max-video-preview":"max-video-preview:-1"},"canonical":"https:\/\/www.noticiasradioreflejos.com.ar\/2021\/hcd-informe-de-la-sesion-extraordinaria-de-fecha-18-01-24\/","og_locale":"es_ES","og_type":"article","og_title":"HCD: Informe de la sesi\u00f3n extraordinaria de fecha 18-01-24 - Noticias Radio Reflejos","og_description":"Convocados por el Decreto N\u00ba 05\/24, el d\u00eda 18 de enero a partir de las 20 hs. los Concejales se hicieron presentes en el Recinto del H.C.D. para realizar una Sesi\u00f3n Extraordinaria, en la que se trataron los siguientes temas:","og_url":"https:\/\/www.noticiasradioreflejos.com.ar\/2021\/hcd-informe-de-la-sesion-extraordinaria-de-fecha-18-01-24\/","og_site_name":"Noticias Radio Reflejos","article_published_time":"2024-01-22T17:33:34+00:00","og_image":[{"width":300,"height":200,"url":"https:\/\/www.noticiasradioreflejos.com.ar\/2021\/wp-content\/uploads\/2021\/07\/logosol300x200.png","type":"image\/png"}],"author":"Arnaldo Botto","twitter_card":"summary_large_image","schema":{"@context":"https:\/\/schema.org","@graph":[{"@type":"WebPage","@id":"https:\/\/www.noticiasradioreflejos.com.ar\/2021\/hcd-informe-de-la-sesion-extraordinaria-de-fecha-18-01-24\/","url":"https:\/\/www.noticiasradioreflejos.com.ar\/2021\/hcd-informe-de-la-sesion-extraordinaria-de-fecha-18-01-24\/","name":"HCD: Informe de la sesi\u00f3n extraordinaria de fecha 18-01-24 - Noticias Radio Reflejos","isPartOf":{"@id":"https:\/\/www.noticiasradioreflejos.com.ar\/2021\/#website"},"datePublished":"2024-01-22T17:33:34+00:00","author":{"@id":"https:\/\/www.noticiasradioreflejos.com.ar\/2021\/#\/schema\/person\/ad82545263dcc5ec0996818884fd5fb1"},"breadcrumb":{"@id":"https:\/\/www.noticiasradioreflejos.com.ar\/2021\/hcd-informe-de-la-sesion-extraordinaria-de-fecha-18-01-24\/#breadcrumb"},"inLanguage":"es","potentialAction":[{"@type":"ReadAction","target":["https:\/\/www.noticiasradioreflejos.com.ar\/2021\/hcd-informe-de-la-sesion-extraordinaria-de-fecha-18-01-24\/"]}]},{"@type":"BreadcrumbList","@id":"https:\/\/www.noticiasradioreflejos.com.ar\/2021\/hcd-informe-de-la-sesion-extraordinaria-de-fecha-18-01-24\/#breadcrumb","itemListElement":[{"@type":"ListItem","position":1,"name":"Portada","item":"https:\/\/www.noticiasradioreflejos.com.ar\/2021\/"},{"@type":"ListItem","position":2,"name":"HCD: Informe de la sesi\u00f3n extraordinaria de fecha 18-01-24"}]},{"@type":"WebSite","@id":"https:\/\/www.noticiasradioreflejos.com.ar\/2021\/#website","url":"https:\/\/www.noticiasradioreflejos.com.ar\/2021\/","name":"Noticias Radio Reflejos","description":"Las noticias de mi comarca","potentialAction":[{"@type":"SearchAction","target":{"@type":"EntryPoint","urlTemplate":"https:\/\/www.noticiasradioreflejos.com.ar\/2021\/?s={search_term_string}"},"query-input":{"@type":"PropertyValueSpecification","valueRequired":true,"valueName":"search_term_string"}}],"inLanguage":"es"},{"@type":"Person","@id":"https:\/\/www.noticiasradioreflejos.com.ar\/2021\/#\/schema\/person\/ad82545263dcc5ec0996818884fd5fb1","name":"Arnaldo Botto","image":{"@type":"ImageObject","inLanguage":"es","@id":"https:\/\/www.noticiasradioreflejos.com.ar\/2021\/#\/schema\/person\/image\/","url":"https:\/\/secure.gravatar.com\/avatar\/55cb5e37c1efa326397366e6974cb338056df65cb50e7d64d1cf314e87504837?s=96&d=mm&r=g","contentUrl":"https:\/\/secure.gravatar.com\/avatar\/55cb5e37c1efa326397366e6974cb338056df65cb50e7d64d1cf314e87504837?s=96&d=mm&r=g","caption":"Arnaldo Botto"},"url":"https:\/\/www.noticiasradioreflejos.com.ar\/2021\/author\/arnaldo\/"}]}},"_links":{"self":[{"href":"https:\/\/www.noticiasradioreflejos.com.ar\/2021\/wp-json\/wp\/v2\/posts\/98015","targetHints":{"allow":["GET"]}}],"collection":[{"href":"https:\/\/www.noticiasradioreflejos.com.ar\/2021\/wp-json\/wp\/v2\/posts"}],"about":[{"href":"https:\/\/www.noticiasradioreflejos.com.ar\/2021\/wp-json\/wp\/v2\/types\/post"}],"author":[{"embeddable":true,"href":"https:\/\/www.noticiasradioreflejos.com.ar\/2021\/wp-json\/wp\/v2\/users\/3"}],"replies":[{"embeddable":true,"href":"https:\/\/www.noticiasradioreflejos.com.ar\/2021\/wp-json\/wp\/v2\/comments?post=98015"}],"version-history":[{"count":1,"href":"https:\/\/www.noticiasradioreflejos.com.ar\/2021\/wp-json\/wp\/v2\/posts\/98015\/revisions"}],"predecessor-version":[{"id":98017,"href":"https:\/\/www.noticiasradioreflejos.com.ar\/2021\/wp-json\/wp\/v2\/posts\/98015\/revisions\/98017"}],"wp:attachment":[{"href":"https:\/\/www.noticiasradioreflejos.com.ar\/2021\/wp-json\/wp\/v2\/media?parent=98015"}],"wp:term":[{"taxonomy":"category","embeddable":true,"href":"https:\/\/www.noticiasradioreflejos.com.ar\/2021\/wp-json\/wp\/v2\/categories?post=98015"},{"taxonomy":"post_tag","embeddable":true,"href":"https:\/\/www.noticiasradioreflejos.com.ar\/2021\/wp-json\/wp\/v2\/tags?post=98015"}],"curies":[{"name":"wp","href":"https:\/\/api.w.org\/{rel}","templated":true}]}}