{"id":98013,"date":"2024-01-22T14:49:24","date_gmt":"2024-01-22T17:49:24","guid":{"rendered":"https:\/\/www.noticiasradioreflejos.com.ar\/2021\/?p=98013"},"modified":"2024-01-22T14:49:24","modified_gmt":"2024-01-22T17:49:24","slug":"van-a-seguir-los-controles-de-calle-por-el-uso-indebido-del-agua","status":"publish","type":"post","link":"https:\/\/www.noticiasradioreflejos.com.ar\/2021\/van-a-seguir-los-controles-de-calle-por-el-uso-indebido-del-agua\/","title":{"rendered":"\u201cVan a seguir los controles de calle por el uso indebido del agua\u201d"},"content":{"rendered":"<p>As\u00ed lo hizo saber el <strong>intendente interino Mart\u00edn Olhaberry<\/strong>, quien resalt\u00f3 que \u201cno hay que desperdiciar el agua\u201d. Adem\u00e1s afirm\u00f3 que \u201chay que rogar que las l\u00edneas energ\u00e9ticas que tenemos no tengan ninguna complejidad por viento\u201d.<!--more--><\/p>\n<p>Tras la licencia del intendente Sergio Bordoni, y el mismo pedido de la primera concejal, Estefan\u00eda Bordoni, quien asumi\u00f3 interinamente al mando del distrito fue Mart\u00edn Olhaberry.<\/p>\n<p><a href=\"https:\/\/www.noticiasradioreflejos.com.ar\/2021\/martin-olhaberry-asumio-la-intendencia-interina-del-municipio-de-tornquist\/martin-olhaberry-2\/\" rel=\"attachment wp-att-97989\"><img loading=\"lazy\" decoding=\"async\" class=\" wp-image-97989 alignleft\" src=\"https:\/\/www.noticiasradioreflejos.com.ar\/2021\/wp-content\/uploads\/2024\/01\/Martin-Olhaberry-scaled.jpg\" alt=\"\" width=\"410\" height=\"547\" srcset=\"https:\/\/www.noticiasradioreflejos.com.ar\/2021\/wp-content\/uploads\/2024\/01\/Martin-Olhaberry-scaled.jpg 1920w, https:\/\/www.noticiasradioreflejos.com.ar\/2021\/wp-content\/uploads\/2024\/01\/Martin-Olhaberry-225x300.jpg 225w, https:\/\/www.noticiasradioreflejos.com.ar\/2021\/wp-content\/uploads\/2024\/01\/Martin-Olhaberry-768x1024.jpg 768w, https:\/\/www.noticiasradioreflejos.com.ar\/2021\/wp-content\/uploads\/2024\/01\/Martin-Olhaberry-1152x1536.jpg 1152w, https:\/\/www.noticiasradioreflejos.com.ar\/2021\/wp-content\/uploads\/2024\/01\/Martin-Olhaberry-1536x2048.jpg 1536w, https:\/\/www.noticiasradioreflejos.com.ar\/2021\/wp-content\/uploads\/2024\/01\/Martin-Olhaberry-750x1000.jpg 750w, https:\/\/www.noticiasradioreflejos.com.ar\/2021\/wp-content\/uploads\/2024\/01\/Martin-Olhaberry-1140x1520.jpg 1140w\" sizes=\"auto, (max-width: 410px) 100vw, 410px\" \/><\/a>El ex secretario de turismo afirm\u00f3 que \u201ces una tremenda responsabilidad pero voy a hacer todo lo que tenga en m\u00ed para poder hacer una buena gesti\u00f3n en estos diez d\u00edas, de ir solucionando lo cotidiano, para que quien contin\u00fae en el cargo sea algo normal y no una complejidad\u201d.<\/p>\n<p>De todas maneras afirm\u00f3 que \u201ctuve la suerte de estar en una secretar\u00eda y ah\u00ed conoc\u00ed el circuito administrativo y todas las \u00e1reas del municipio para poder interactuar. Hoy m\u00e1s temprano les ped\u00ed a las \u00e1reas de obras p\u00fablicas para ponerme en conocimiento de algunas cuestiones que hay que solucionar inmediatamente. A eso una reuni\u00f3n con Bruno Zacconi y otras que ten\u00eda pre pactadas Bordoni y me tocaron a m\u00ed\u201d.<\/p>\n<p>Aunque admiti\u00f3 que esto lo sorprendi\u00f3, ya que \u201chace muchos a\u00f1os que no estoy dentro de la estructura de secretar\u00eda y menos poder pensar que en poco m\u00e1s de un mes estar a cargo del distrito. Estamos en ese trabajo\u201d.<\/p>\n<p>Dando un cierre a ese tema enfatiz\u00f3 en que \u201cBordoni y Estefan\u00eda tienen total confianza sobre mi actuar en el trabajo cotidiano. El que me conoce sabe que trato de ser lo m\u00e1s ordenado posible, sin que quede nada dando vueltas\u201d.<\/p>\n<p>Sobre las acciones llevadas adelante en las \u00faltimas horas explic\u00f3 que \u201cel s\u00e1bado pasado como concejal tuvimos una reuni\u00f3n con vecinos sobre el tema agua. Los escuchamos, vimos el nivel de complejidad de la situaci\u00f3n, y hoy me toca hacer lo que habl\u00e9 ese d\u00eda. Poner manos a la obra en conjunto con la delegada, con Bruno desde la secretar\u00eda, y seguir el tema\u201d.<\/p>\n<p>Y en esa l\u00ednea recalc\u00f3 que \u201cvan a seguir los controles de calle por el uso indebido del agua porque estamos en emergencia h\u00eddrica y hay que acompa\u00f1ar al otro vecino. No hay que desperdiciar el agua. Ese fue mi trabajo principal desde temprano, y al mismo tiempo, continuar con los dem\u00e1s temas\u201d.<\/p>\n<p>Por \u00faltimo fue consciente de que \u201chay que rogar que las l\u00edneas energ\u00e9ticas que tenemos no tengan ninguna complejidad por vientos, por este tema de la cola de los problemas de Bah\u00eda, por lo que podr\u00edamos tener alguna baja. Esperemos que solo sea una ola de calor y la sobrepasemos lo mejor posible, cuid\u00e1ndonos de las altas temperaturas y cuidando los recursos\u201d.<\/p>\n<p>&nbsp;<\/p>\n<p><iframe loading=\"lazy\" src=\"https:\/\/w.soundcloud.com\/player\/?url=https%3A\/\/api.soundcloud.com\/tracks\/1724423415&amp;color=%23ff5500&amp;auto_play=false&amp;hide_related=false&amp;show_comments=true&amp;show_user=true&amp;show_reposts=false&amp;show_teaser=true\" width=\"100%\" height=\"166\" frameborder=\"no\" scrolling=\"no\"><\/iframe><\/p>\n<div style=\"font-size: 10px; color: #cccccc; line-break: anywhere; word-break: normal; overflow: hidden; white-space: nowrap; text-overflow: ellipsis; font-family: Interstate,Lucida Grande,Lucida Sans Unicode,Lucida Sans,Garuda,Verdana,Tahoma,sans-serif; font-weight: 100;\"><a style=\"color: #cccccc; text-decoration: none;\" title=\"fmreflejos 103.7\" href=\"https:\/\/soundcloud.com\/fmreflejos-103-7\" target=\"_blank\" rel=\"noopener\">fmreflejos 103.7<\/a> \u00b7 <a style=\"color: #cccccc; text-decoration: none;\" title=\"Mart\u00edn Olhaberry - 22 01\" href=\"https:\/\/soundcloud.com\/fmreflejos-103-7\/martin-olhaberry-22-01\" target=\"_blank\" rel=\"noopener\">Mart\u00edn Olhaberry &#8211; 22 01<\/a><\/div>\n","protected":false},"excerpt":{"rendered":"<p>As\u00ed lo hizo saber el intendente interino Mart\u00edn Olhaberry, quien resalt\u00f3 que \u201cno hay que desperdiciar el agua\u201d. Adem\u00e1s afirm\u00f3 que \u201chay que rogar que las l\u00edneas energ\u00e9ticas que tenemos no tengan ninguna complejidad por viento\u201d.<\/p>\n","protected":false},"author":3,"featured_media":86572,"comment_status":"closed","ping_status":"closed","sticky":false,"template":"","format":"standard","meta":{"footnotes":""},"categories":[28,24,26],"tags":[48],"class_list":["post-98013","post","type-post","status-publish","format-standard","has-post-thumbnail","hentry","category-municipales","category-politica","category-sociedad","tag-destacada"],"yoast_head":"<!-- This site is optimized with the Yoast SEO plugin v25.9 - https:\/\/yoast.com\/wordpress\/plugins\/seo\/ -->\n<title>\u201cVan a seguir los controles de calle por el uso indebido del agua\u201d - Noticias Radio Reflejos<\/title>\n<meta name=\"robots\" content=\"index, follow, max-snippet:-1, max-image-preview:large, max-video-preview:-1\" \/>\n<link rel=\"canonical\" href=\"https:\/\/www.noticiasradioreflejos.com.ar\/2021\/van-a-seguir-los-controles-de-calle-por-el-uso-indebido-del-agua\/\" \/>\n<meta property=\"og:locale\" content=\"es_ES\" \/>\n<meta property=\"og:type\" content=\"article\" \/>\n<meta property=\"og:title\" content=\"\u201cVan a seguir los controles de calle por el uso indebido del agua\u201d - Noticias Radio Reflejos\" \/>\n<meta property=\"og:description\" content=\"As\u00ed lo hizo saber el intendente interino Mart\u00edn Olhaberry, quien resalt\u00f3 que \u201cno hay que desperdiciar el agua\u201d. Adem\u00e1s afirm\u00f3 que \u201chay que rogar que las l\u00edneas energ\u00e9ticas que tenemos no tengan ninguna complejidad por viento\u201d.\" \/>\n<meta property=\"og:url\" content=\"https:\/\/www.noticiasradioreflejos.com.ar\/2021\/van-a-seguir-los-controles-de-calle-por-el-uso-indebido-del-agua\/\" \/>\n<meta property=\"og:site_name\" content=\"Noticias Radio Reflejos\" \/>\n<meta property=\"article:published_time\" content=\"2024-01-22T17:49:24+00:00\" \/>\n<meta property=\"og:image\" content=\"https:\/\/www.noticiasradioreflejos.com.ar\/2021\/wp-content\/uploads\/2023\/04\/Sierra-de-la-Ventana.jpg\" \/>\n\t<meta property=\"og:image:width\" content=\"1278\" \/>\n\t<meta property=\"og:image:height\" content=\"1598\" \/>\n\t<meta property=\"og:image:type\" content=\"image\/jpeg\" \/>\n<meta name=\"author\" content=\"Arnaldo Botto\" \/>\n<meta name=\"twitter:card\" content=\"summary_large_image\" \/>\n<script type=\"application\/ld+json\" class=\"yoast-schema-graph\">{\"@context\":\"https:\/\/schema.org\",\"@graph\":[{\"@type\":\"WebPage\",\"@id\":\"https:\/\/www.noticiasradioreflejos.com.ar\/2021\/van-a-seguir-los-controles-de-calle-por-el-uso-indebido-del-agua\/\",\"url\":\"https:\/\/www.noticiasradioreflejos.com.ar\/2021\/van-a-seguir-los-controles-de-calle-por-el-uso-indebido-del-agua\/\",\"name\":\"\u201cVan a seguir los controles de calle por el uso indebido del agua\u201d - Noticias Radio Reflejos\",\"isPartOf\":{\"@id\":\"https:\/\/www.noticiasradioreflejos.com.ar\/2021\/#website\"},\"primaryImageOfPage\":{\"@id\":\"https:\/\/www.noticiasradioreflejos.com.ar\/2021\/van-a-seguir-los-controles-de-calle-por-el-uso-indebido-del-agua\/#primaryimage\"},\"image\":{\"@id\":\"https:\/\/www.noticiasradioreflejos.com.ar\/2021\/van-a-seguir-los-controles-de-calle-por-el-uso-indebido-del-agua\/#primaryimage\"},\"thumbnailUrl\":\"https:\/\/www.noticiasradioreflejos.com.ar\/2021\/wp-content\/uploads\/2023\/04\/Sierra-de-la-Ventana.jpg\",\"datePublished\":\"2024-01-22T17:49:24+00:00\",\"author\":{\"@id\":\"https:\/\/www.noticiasradioreflejos.com.ar\/2021\/#\/schema\/person\/ad82545263dcc5ec0996818884fd5fb1\"},\"breadcrumb\":{\"@id\":\"https:\/\/www.noticiasradioreflejos.com.ar\/2021\/van-a-seguir-los-controles-de-calle-por-el-uso-indebido-del-agua\/#breadcrumb\"},\"inLanguage\":\"es\",\"potentialAction\":[{\"@type\":\"ReadAction\",\"target\":[\"https:\/\/www.noticiasradioreflejos.com.ar\/2021\/van-a-seguir-los-controles-de-calle-por-el-uso-indebido-del-agua\/\"]}]},{\"@type\":\"ImageObject\",\"inLanguage\":\"es\",\"@id\":\"https:\/\/www.noticiasradioreflejos.com.ar\/2021\/van-a-seguir-los-controles-de-calle-por-el-uso-indebido-del-agua\/#primaryimage\",\"url\":\"https:\/\/www.noticiasradioreflejos.com.ar\/2021\/wp-content\/uploads\/2023\/04\/Sierra-de-la-Ventana.jpg\",\"contentUrl\":\"https:\/\/www.noticiasradioreflejos.com.ar\/2021\/wp-content\/uploads\/2023\/04\/Sierra-de-la-Ventana.jpg\",\"width\":1278,\"height\":1598},{\"@type\":\"BreadcrumbList\",\"@id\":\"https:\/\/www.noticiasradioreflejos.com.ar\/2021\/van-a-seguir-los-controles-de-calle-por-el-uso-indebido-del-agua\/#breadcrumb\",\"itemListElement\":[{\"@type\":\"ListItem\",\"position\":1,\"name\":\"Portada\",\"item\":\"https:\/\/www.noticiasradioreflejos.com.ar\/2021\/\"},{\"@type\":\"ListItem\",\"position\":2,\"name\":\"\u201cVan a seguir los controles de calle por el uso indebido del agua\u201d\"}]},{\"@type\":\"WebSite\",\"@id\":\"https:\/\/www.noticiasradioreflejos.com.ar\/2021\/#website\",\"url\":\"https:\/\/www.noticiasradioreflejos.com.ar\/2021\/\",\"name\":\"Noticias Radio Reflejos\",\"description\":\"Las noticias de mi comarca\",\"potentialAction\":[{\"@type\":\"SearchAction\",\"target\":{\"@type\":\"EntryPoint\",\"urlTemplate\":\"https:\/\/www.noticiasradioreflejos.com.ar\/2021\/?s={search_term_string}\"},\"query-input\":{\"@type\":\"PropertyValueSpecification\",\"valueRequired\":true,\"valueName\":\"search_term_string\"}}],\"inLanguage\":\"es\"},{\"@type\":\"Person\",\"@id\":\"https:\/\/www.noticiasradioreflejos.com.ar\/2021\/#\/schema\/person\/ad82545263dcc5ec0996818884fd5fb1\",\"name\":\"Arnaldo Botto\",\"image\":{\"@type\":\"ImageObject\",\"inLanguage\":\"es\",\"@id\":\"https:\/\/www.noticiasradioreflejos.com.ar\/2021\/#\/schema\/person\/image\/\",\"url\":\"https:\/\/secure.gravatar.com\/avatar\/55cb5e37c1efa326397366e6974cb338056df65cb50e7d64d1cf314e87504837?s=96&d=mm&r=g\",\"contentUrl\":\"https:\/\/secure.gravatar.com\/avatar\/55cb5e37c1efa326397366e6974cb338056df65cb50e7d64d1cf314e87504837?s=96&d=mm&r=g\",\"caption\":\"Arnaldo Botto\"},\"url\":\"https:\/\/www.noticiasradioreflejos.com.ar\/2021\/author\/arnaldo\/\"}]}<\/script>\n<!-- \/ Yoast SEO plugin. -->","yoast_head_json":{"title":"\u201cVan a seguir los controles de calle por el uso indebido del agua\u201d - Noticias Radio Reflejos","robots":{"index":"index","follow":"follow","max-snippet":"max-snippet:-1","max-image-preview":"max-image-preview:large","max-video-preview":"max-video-preview:-1"},"canonical":"https:\/\/www.noticiasradioreflejos.com.ar\/2021\/van-a-seguir-los-controles-de-calle-por-el-uso-indebido-del-agua\/","og_locale":"es_ES","og_type":"article","og_title":"\u201cVan a seguir los controles de calle por el uso indebido del agua\u201d - Noticias Radio Reflejos","og_description":"As\u00ed lo hizo saber el intendente interino Mart\u00edn Olhaberry, quien resalt\u00f3 que \u201cno hay que desperdiciar el agua\u201d. Adem\u00e1s afirm\u00f3 que \u201chay que rogar que las l\u00edneas energ\u00e9ticas que tenemos no tengan ninguna complejidad por viento\u201d.","og_url":"https:\/\/www.noticiasradioreflejos.com.ar\/2021\/van-a-seguir-los-controles-de-calle-por-el-uso-indebido-del-agua\/","og_site_name":"Noticias Radio Reflejos","article_published_time":"2024-01-22T17:49:24+00:00","og_image":[{"width":1278,"height":1598,"url":"https:\/\/www.noticiasradioreflejos.com.ar\/2021\/wp-content\/uploads\/2023\/04\/Sierra-de-la-Ventana.jpg","type":"image\/jpeg"}],"author":"Arnaldo Botto","twitter_card":"summary_large_image","schema":{"@context":"https:\/\/schema.org","@graph":[{"@type":"WebPage","@id":"https:\/\/www.noticiasradioreflejos.com.ar\/2021\/van-a-seguir-los-controles-de-calle-por-el-uso-indebido-del-agua\/","url":"https:\/\/www.noticiasradioreflejos.com.ar\/2021\/van-a-seguir-los-controles-de-calle-por-el-uso-indebido-del-agua\/","name":"\u201cVan a seguir los controles de calle por el uso indebido del agua\u201d - Noticias Radio Reflejos","isPartOf":{"@id":"https:\/\/www.noticiasradioreflejos.com.ar\/2021\/#website"},"primaryImageOfPage":{"@id":"https:\/\/www.noticiasradioreflejos.com.ar\/2021\/van-a-seguir-los-controles-de-calle-por-el-uso-indebido-del-agua\/#primaryimage"},"image":{"@id":"https:\/\/www.noticiasradioreflejos.com.ar\/2021\/van-a-seguir-los-controles-de-calle-por-el-uso-indebido-del-agua\/#primaryimage"},"thumbnailUrl":"https:\/\/www.noticiasradioreflejos.com.ar\/2021\/wp-content\/uploads\/2023\/04\/Sierra-de-la-Ventana.jpg","datePublished":"2024-01-22T17:49:24+00:00","author":{"@id":"https:\/\/www.noticiasradioreflejos.com.ar\/2021\/#\/schema\/person\/ad82545263dcc5ec0996818884fd5fb1"},"breadcrumb":{"@id":"https:\/\/www.noticiasradioreflejos.com.ar\/2021\/van-a-seguir-los-controles-de-calle-por-el-uso-indebido-del-agua\/#breadcrumb"},"inLanguage":"es","potentialAction":[{"@type":"ReadAction","target":["https:\/\/www.noticiasradioreflejos.com.ar\/2021\/van-a-seguir-los-controles-de-calle-por-el-uso-indebido-del-agua\/"]}]},{"@type":"ImageObject","inLanguage":"es","@id":"https:\/\/www.noticiasradioreflejos.com.ar\/2021\/van-a-seguir-los-controles-de-calle-por-el-uso-indebido-del-agua\/#primaryimage","url":"https:\/\/www.noticiasradioreflejos.com.ar\/2021\/wp-content\/uploads\/2023\/04\/Sierra-de-la-Ventana.jpg","contentUrl":"https:\/\/www.noticiasradioreflejos.com.ar\/2021\/wp-content\/uploads\/2023\/04\/Sierra-de-la-Ventana.jpg","width":1278,"height":1598},{"@type":"BreadcrumbList","@id":"https:\/\/www.noticiasradioreflejos.com.ar\/2021\/van-a-seguir-los-controles-de-calle-por-el-uso-indebido-del-agua\/#breadcrumb","itemListElement":[{"@type":"ListItem","position":1,"name":"Portada","item":"https:\/\/www.noticiasradioreflejos.com.ar\/2021\/"},{"@type":"ListItem","position":2,"name":"\u201cVan a seguir los controles de calle por el uso indebido del agua\u201d"}]},{"@type":"WebSite","@id":"https:\/\/www.noticiasradioreflejos.com.ar\/2021\/#website","url":"https:\/\/www.noticiasradioreflejos.com.ar\/2021\/","name":"Noticias Radio Reflejos","description":"Las noticias de mi comarca","potentialAction":[{"@type":"SearchAction","target":{"@type":"EntryPoint","urlTemplate":"https:\/\/www.noticiasradioreflejos.com.ar\/2021\/?s={search_term_string}"},"query-input":{"@type":"PropertyValueSpecification","valueRequired":true,"valueName":"search_term_string"}}],"inLanguage":"es"},{"@type":"Person","@id":"https:\/\/www.noticiasradioreflejos.com.ar\/2021\/#\/schema\/person\/ad82545263dcc5ec0996818884fd5fb1","name":"Arnaldo Botto","image":{"@type":"ImageObject","inLanguage":"es","@id":"https:\/\/www.noticiasradioreflejos.com.ar\/2021\/#\/schema\/person\/image\/","url":"https:\/\/secure.gravatar.com\/avatar\/55cb5e37c1efa326397366e6974cb338056df65cb50e7d64d1cf314e87504837?s=96&d=mm&r=g","contentUrl":"https:\/\/secure.gravatar.com\/avatar\/55cb5e37c1efa326397366e6974cb338056df65cb50e7d64d1cf314e87504837?s=96&d=mm&r=g","caption":"Arnaldo Botto"},"url":"https:\/\/www.noticiasradioreflejos.com.ar\/2021\/author\/arnaldo\/"}]}},"_links":{"self":[{"href":"https:\/\/www.noticiasradioreflejos.com.ar\/2021\/wp-json\/wp\/v2\/posts\/98013","targetHints":{"allow":["GET"]}}],"collection":[{"href":"https:\/\/www.noticiasradioreflejos.com.ar\/2021\/wp-json\/wp\/v2\/posts"}],"about":[{"href":"https:\/\/www.noticiasradioreflejos.com.ar\/2021\/wp-json\/wp\/v2\/types\/post"}],"author":[{"embeddable":true,"href":"https:\/\/www.noticiasradioreflejos.com.ar\/2021\/wp-json\/wp\/v2\/users\/3"}],"replies":[{"embeddable":true,"href":"https:\/\/www.noticiasradioreflejos.com.ar\/2021\/wp-json\/wp\/v2\/comments?post=98013"}],"version-history":[{"count":2,"href":"https:\/\/www.noticiasradioreflejos.com.ar\/2021\/wp-json\/wp\/v2\/posts\/98013\/revisions"}],"predecessor-version":[{"id":98022,"href":"https:\/\/www.noticiasradioreflejos.com.ar\/2021\/wp-json\/wp\/v2\/posts\/98013\/revisions\/98022"}],"wp:featuredmedia":[{"embeddable":true,"href":"https:\/\/www.noticiasradioreflejos.com.ar\/2021\/wp-json\/wp\/v2\/media\/86572"}],"wp:attachment":[{"href":"https:\/\/www.noticiasradioreflejos.com.ar\/2021\/wp-json\/wp\/v2\/media?parent=98013"}],"wp:term":[{"taxonomy":"category","embeddable":true,"href":"https:\/\/www.noticiasradioreflejos.com.ar\/2021\/wp-json\/wp\/v2\/categories?post=98013"},{"taxonomy":"post_tag","embeddable":true,"href":"https:\/\/www.noticiasradioreflejos.com.ar\/2021\/wp-json\/wp\/v2\/tags?post=98013"}],"curies":[{"name":"wp","href":"https:\/\/api.w.org\/{rel}","templated":true}]}}