{"id":98002,"date":"2024-01-22T12:30:49","date_gmt":"2024-01-22T15:30:49","guid":{"rendered":"https:\/\/www.noticiasradioreflejos.com.ar\/2021\/?p=98002"},"modified":"2024-01-22T12:30:49","modified_gmt":"2024-01-22T15:30:49","slug":"vialidad-sigue-reponiendo-senales-en-rutas-afectadas-por-el-temporal","status":"publish","type":"post","link":"https:\/\/www.noticiasradioreflejos.com.ar\/2021\/vialidad-sigue-reponiendo-senales-en-rutas-afectadas-por-el-temporal\/","title":{"rendered":"Vialidad sigue reponiendo se\u00f1ales en rutas afectadas por el temporal"},"content":{"rendered":"<p>A trav\u00e9s de un comunicado de prensa, la direcci\u00f3n del Distrito 19\u00b0 difundi\u00f3 algunas acciones de mantenimiento que est\u00e1n llevando adelante.<!--more--><\/p>\n<p>Tras el temporal que a fines de diciembre caus\u00f3 estragos en toda la regi\u00f3n el 19\u00b0 Distrito de Vialidad comenz\u00f3 con las tareas de relevamiento y reposici\u00f3n de material da\u00f1ado o perdido.<\/p>\n<p>A tal fin, y seg\u00fan explicaron en un comunicado emitido hoy, 350 se\u00f1ales se vieron afectadas en las rutas 3, 22, 33, 35, 228, 229, 249 y 252.<\/p>\n<p>&nbsp;<br \/>\n<a data-flickr-embed=\"true\" data-footer=\"true\" href=\"https:\/\/www.flickr.com\/photos\/182279889@N02\/53479417272\/in\/dateposted-public\/\" title=\"RN 3 (2)\"><img loading=\"lazy\" decoding=\"async\" src=\"https:\/\/live.staticflickr.com\/65535\/53479417272_01e91b4734_c.jpg\" width=\"800\" height=\"465\" alt=\"RN 3 (2)\"\/><\/a><script async src=\"\/\/embedr.flickr.com\/assets\/client-code.js\" charset=\"utf-8\"><\/script><br \/>\n&nbsp;<\/p>\n<p>En textuales \u201cesta semana los trabajos se concentraron en la RN 35 entre el acceso a Bah\u00eda Blanca y el l\u00edmite con la provincia de La Pampa, la RN 3 entre El Tri\u00e1ngulo y la rotonda de intersecci\u00f3n con la Avenida Colon, y los tramos de la RN 22 entre M\u00e9danos y Algarrobo y la RN 3 entre la Rotonda del Salitral de la Vidriera y Pedro Luro\u201d.<\/p>\n<p>En esa l\u00ednea y sobre la importancia de la prevenci\u00f3n que genera dicha carteler\u00eda \u201cen todas nuestras rutas se lleva a cabo un control peri\u00f3dico de se\u00f1alamiento vertical adem\u00e1s de la limpieza de las placas existentes y el reemplazo de aquellas se\u00f1ales hurtadas o da\u00f1adas\u201d.<\/p>\n<p>Por \u00faltimo recomendaron que \u201cantes de iniciar un viaje, es importante verificar el estado de las rutas en la web de Vialidad Nacional: https:\/\/www.argentina.gob.ar\/rutasnacionales o comunicarse con el Centro de Atenci\u00f3n al Usuario de lunes a viernes de 9 a 13 y de 14 a 17 horas llamando al 0800-222- 6272 \/ 0800-333-0073, o v\u00eda correo electr\u00f3nico a la direcci\u00f3n atencionalusuario@vialidad.gob.ar\u201d.<\/p>\n","protected":false},"excerpt":{"rendered":"<p>A trav\u00e9s de un comunicado de prensa, la direcci\u00f3n del Distrito 19\u00b0 difundi\u00f3 algunas acciones de mantenimiento que est\u00e1n llevando adelante.<\/p>\n","protected":false},"author":3,"featured_media":98009,"comment_status":"closed","ping_status":"closed","sticky":false,"template":"","format":"standard","meta":{"footnotes":""},"categories":[58],"tags":[],"class_list":["post-98002","post","type-post","status-publish","format-standard","has-post-thumbnail","hentry","category-gobierno"],"yoast_head":"<!-- This site is optimized with the Yoast SEO plugin v25.9 - https:\/\/yoast.com\/wordpress\/plugins\/seo\/ -->\n<title>Vialidad sigue reponiendo se\u00f1ales en rutas afectadas por el temporal - Noticias Radio Reflejos<\/title>\n<meta name=\"robots\" content=\"index, follow, max-snippet:-1, max-image-preview:large, max-video-preview:-1\" \/>\n<link rel=\"canonical\" href=\"https:\/\/www.noticiasradioreflejos.com.ar\/2021\/vialidad-sigue-reponiendo-senales-en-rutas-afectadas-por-el-temporal\/\" \/>\n<meta property=\"og:locale\" content=\"es_ES\" \/>\n<meta property=\"og:type\" content=\"article\" \/>\n<meta property=\"og:title\" content=\"Vialidad sigue reponiendo se\u00f1ales en rutas afectadas por el temporal - Noticias Radio Reflejos\" \/>\n<meta property=\"og:description\" content=\"A trav\u00e9s de un comunicado de prensa, la direcci\u00f3n del Distrito 19\u00b0 difundi\u00f3 algunas acciones de mantenimiento que est\u00e1n llevando adelante.\" \/>\n<meta property=\"og:url\" content=\"https:\/\/www.noticiasradioreflejos.com.ar\/2021\/vialidad-sigue-reponiendo-senales-en-rutas-afectadas-por-el-temporal\/\" \/>\n<meta property=\"og:site_name\" content=\"Noticias Radio Reflejos\" \/>\n<meta property=\"article:published_time\" content=\"2024-01-22T15:30:49+00:00\" \/>\n<meta property=\"og:image\" content=\"https:\/\/www.noticiasradioreflejos.com.ar\/2021\/wp-content\/uploads\/2024\/01\/RN-3-El-Triangulo-2.jpg\" \/>\n\t<meta property=\"og:image:width\" content=\"1618\" \/>\n\t<meta property=\"og:image:height\" content=\"1004\" \/>\n\t<meta property=\"og:image:type\" content=\"image\/jpeg\" \/>\n<meta name=\"author\" content=\"Arnaldo Botto\" \/>\n<meta name=\"twitter:card\" content=\"summary_large_image\" \/>\n<script type=\"application\/ld+json\" class=\"yoast-schema-graph\">{\"@context\":\"https:\/\/schema.org\",\"@graph\":[{\"@type\":\"WebPage\",\"@id\":\"https:\/\/www.noticiasradioreflejos.com.ar\/2021\/vialidad-sigue-reponiendo-senales-en-rutas-afectadas-por-el-temporal\/\",\"url\":\"https:\/\/www.noticiasradioreflejos.com.ar\/2021\/vialidad-sigue-reponiendo-senales-en-rutas-afectadas-por-el-temporal\/\",\"name\":\"Vialidad sigue reponiendo se\u00f1ales en rutas afectadas por el temporal - Noticias Radio Reflejos\",\"isPartOf\":{\"@id\":\"https:\/\/www.noticiasradioreflejos.com.ar\/2021\/#website\"},\"primaryImageOfPage\":{\"@id\":\"https:\/\/www.noticiasradioreflejos.com.ar\/2021\/vialidad-sigue-reponiendo-senales-en-rutas-afectadas-por-el-temporal\/#primaryimage\"},\"image\":{\"@id\":\"https:\/\/www.noticiasradioreflejos.com.ar\/2021\/vialidad-sigue-reponiendo-senales-en-rutas-afectadas-por-el-temporal\/#primaryimage\"},\"thumbnailUrl\":\"https:\/\/www.noticiasradioreflejos.com.ar\/2021\/wp-content\/uploads\/2024\/01\/RN-3-El-Triangulo-2.jpg\",\"datePublished\":\"2024-01-22T15:30:49+00:00\",\"author\":{\"@id\":\"https:\/\/www.noticiasradioreflejos.com.ar\/2021\/#\/schema\/person\/ad82545263dcc5ec0996818884fd5fb1\"},\"breadcrumb\":{\"@id\":\"https:\/\/www.noticiasradioreflejos.com.ar\/2021\/vialidad-sigue-reponiendo-senales-en-rutas-afectadas-por-el-temporal\/#breadcrumb\"},\"inLanguage\":\"es\",\"potentialAction\":[{\"@type\":\"ReadAction\",\"target\":[\"https:\/\/www.noticiasradioreflejos.com.ar\/2021\/vialidad-sigue-reponiendo-senales-en-rutas-afectadas-por-el-temporal\/\"]}]},{\"@type\":\"ImageObject\",\"inLanguage\":\"es\",\"@id\":\"https:\/\/www.noticiasradioreflejos.com.ar\/2021\/vialidad-sigue-reponiendo-senales-en-rutas-afectadas-por-el-temporal\/#primaryimage\",\"url\":\"https:\/\/www.noticiasradioreflejos.com.ar\/2021\/wp-content\/uploads\/2024\/01\/RN-3-El-Triangulo-2.jpg\",\"contentUrl\":\"https:\/\/www.noticiasradioreflejos.com.ar\/2021\/wp-content\/uploads\/2024\/01\/RN-3-El-Triangulo-2.jpg\",\"width\":1618,\"height\":1004},{\"@type\":\"BreadcrumbList\",\"@id\":\"https:\/\/www.noticiasradioreflejos.com.ar\/2021\/vialidad-sigue-reponiendo-senales-en-rutas-afectadas-por-el-temporal\/#breadcrumb\",\"itemListElement\":[{\"@type\":\"ListItem\",\"position\":1,\"name\":\"Portada\",\"item\":\"https:\/\/www.noticiasradioreflejos.com.ar\/2021\/\"},{\"@type\":\"ListItem\",\"position\":2,\"name\":\"Vialidad sigue reponiendo se\u00f1ales en rutas afectadas por el temporal\"}]},{\"@type\":\"WebSite\",\"@id\":\"https:\/\/www.noticiasradioreflejos.com.ar\/2021\/#website\",\"url\":\"https:\/\/www.noticiasradioreflejos.com.ar\/2021\/\",\"name\":\"Noticias Radio Reflejos\",\"description\":\"Las noticias de mi comarca\",\"potentialAction\":[{\"@type\":\"SearchAction\",\"target\":{\"@type\":\"EntryPoint\",\"urlTemplate\":\"https:\/\/www.noticiasradioreflejos.com.ar\/2021\/?s={search_term_string}\"},\"query-input\":{\"@type\":\"PropertyValueSpecification\",\"valueRequired\":true,\"valueName\":\"search_term_string\"}}],\"inLanguage\":\"es\"},{\"@type\":\"Person\",\"@id\":\"https:\/\/www.noticiasradioreflejos.com.ar\/2021\/#\/schema\/person\/ad82545263dcc5ec0996818884fd5fb1\",\"name\":\"Arnaldo Botto\",\"image\":{\"@type\":\"ImageObject\",\"inLanguage\":\"es\",\"@id\":\"https:\/\/www.noticiasradioreflejos.com.ar\/2021\/#\/schema\/person\/image\/\",\"url\":\"https:\/\/secure.gravatar.com\/avatar\/55cb5e37c1efa326397366e6974cb338056df65cb50e7d64d1cf314e87504837?s=96&d=mm&r=g\",\"contentUrl\":\"https:\/\/secure.gravatar.com\/avatar\/55cb5e37c1efa326397366e6974cb338056df65cb50e7d64d1cf314e87504837?s=96&d=mm&r=g\",\"caption\":\"Arnaldo Botto\"},\"url\":\"https:\/\/www.noticiasradioreflejos.com.ar\/2021\/author\/arnaldo\/\"}]}<\/script>\n<!-- \/ Yoast SEO plugin. -->","yoast_head_json":{"title":"Vialidad sigue reponiendo se\u00f1ales en rutas afectadas por el temporal - Noticias Radio Reflejos","robots":{"index":"index","follow":"follow","max-snippet":"max-snippet:-1","max-image-preview":"max-image-preview:large","max-video-preview":"max-video-preview:-1"},"canonical":"https:\/\/www.noticiasradioreflejos.com.ar\/2021\/vialidad-sigue-reponiendo-senales-en-rutas-afectadas-por-el-temporal\/","og_locale":"es_ES","og_type":"article","og_title":"Vialidad sigue reponiendo se\u00f1ales en rutas afectadas por el temporal - Noticias Radio Reflejos","og_description":"A trav\u00e9s de un comunicado de prensa, la direcci\u00f3n del Distrito 19\u00b0 difundi\u00f3 algunas acciones de mantenimiento que est\u00e1n llevando adelante.","og_url":"https:\/\/www.noticiasradioreflejos.com.ar\/2021\/vialidad-sigue-reponiendo-senales-en-rutas-afectadas-por-el-temporal\/","og_site_name":"Noticias Radio Reflejos","article_published_time":"2024-01-22T15:30:49+00:00","og_image":[{"width":1618,"height":1004,"url":"https:\/\/www.noticiasradioreflejos.com.ar\/2021\/wp-content\/uploads\/2024\/01\/RN-3-El-Triangulo-2.jpg","type":"image\/jpeg"}],"author":"Arnaldo Botto","twitter_card":"summary_large_image","schema":{"@context":"https:\/\/schema.org","@graph":[{"@type":"WebPage","@id":"https:\/\/www.noticiasradioreflejos.com.ar\/2021\/vialidad-sigue-reponiendo-senales-en-rutas-afectadas-por-el-temporal\/","url":"https:\/\/www.noticiasradioreflejos.com.ar\/2021\/vialidad-sigue-reponiendo-senales-en-rutas-afectadas-por-el-temporal\/","name":"Vialidad sigue reponiendo se\u00f1ales en rutas afectadas por el temporal - Noticias Radio Reflejos","isPartOf":{"@id":"https:\/\/www.noticiasradioreflejos.com.ar\/2021\/#website"},"primaryImageOfPage":{"@id":"https:\/\/www.noticiasradioreflejos.com.ar\/2021\/vialidad-sigue-reponiendo-senales-en-rutas-afectadas-por-el-temporal\/#primaryimage"},"image":{"@id":"https:\/\/www.noticiasradioreflejos.com.ar\/2021\/vialidad-sigue-reponiendo-senales-en-rutas-afectadas-por-el-temporal\/#primaryimage"},"thumbnailUrl":"https:\/\/www.noticiasradioreflejos.com.ar\/2021\/wp-content\/uploads\/2024\/01\/RN-3-El-Triangulo-2.jpg","datePublished":"2024-01-22T15:30:49+00:00","author":{"@id":"https:\/\/www.noticiasradioreflejos.com.ar\/2021\/#\/schema\/person\/ad82545263dcc5ec0996818884fd5fb1"},"breadcrumb":{"@id":"https:\/\/www.noticiasradioreflejos.com.ar\/2021\/vialidad-sigue-reponiendo-senales-en-rutas-afectadas-por-el-temporal\/#breadcrumb"},"inLanguage":"es","potentialAction":[{"@type":"ReadAction","target":["https:\/\/www.noticiasradioreflejos.com.ar\/2021\/vialidad-sigue-reponiendo-senales-en-rutas-afectadas-por-el-temporal\/"]}]},{"@type":"ImageObject","inLanguage":"es","@id":"https:\/\/www.noticiasradioreflejos.com.ar\/2021\/vialidad-sigue-reponiendo-senales-en-rutas-afectadas-por-el-temporal\/#primaryimage","url":"https:\/\/www.noticiasradioreflejos.com.ar\/2021\/wp-content\/uploads\/2024\/01\/RN-3-El-Triangulo-2.jpg","contentUrl":"https:\/\/www.noticiasradioreflejos.com.ar\/2021\/wp-content\/uploads\/2024\/01\/RN-3-El-Triangulo-2.jpg","width":1618,"height":1004},{"@type":"BreadcrumbList","@id":"https:\/\/www.noticiasradioreflejos.com.ar\/2021\/vialidad-sigue-reponiendo-senales-en-rutas-afectadas-por-el-temporal\/#breadcrumb","itemListElement":[{"@type":"ListItem","position":1,"name":"Portada","item":"https:\/\/www.noticiasradioreflejos.com.ar\/2021\/"},{"@type":"ListItem","position":2,"name":"Vialidad sigue reponiendo se\u00f1ales en rutas afectadas por el temporal"}]},{"@type":"WebSite","@id":"https:\/\/www.noticiasradioreflejos.com.ar\/2021\/#website","url":"https:\/\/www.noticiasradioreflejos.com.ar\/2021\/","name":"Noticias Radio Reflejos","description":"Las noticias de mi comarca","potentialAction":[{"@type":"SearchAction","target":{"@type":"EntryPoint","urlTemplate":"https:\/\/www.noticiasradioreflejos.com.ar\/2021\/?s={search_term_string}"},"query-input":{"@type":"PropertyValueSpecification","valueRequired":true,"valueName":"search_term_string"}}],"inLanguage":"es"},{"@type":"Person","@id":"https:\/\/www.noticiasradioreflejos.com.ar\/2021\/#\/schema\/person\/ad82545263dcc5ec0996818884fd5fb1","name":"Arnaldo Botto","image":{"@type":"ImageObject","inLanguage":"es","@id":"https:\/\/www.noticiasradioreflejos.com.ar\/2021\/#\/schema\/person\/image\/","url":"https:\/\/secure.gravatar.com\/avatar\/55cb5e37c1efa326397366e6974cb338056df65cb50e7d64d1cf314e87504837?s=96&d=mm&r=g","contentUrl":"https:\/\/secure.gravatar.com\/avatar\/55cb5e37c1efa326397366e6974cb338056df65cb50e7d64d1cf314e87504837?s=96&d=mm&r=g","caption":"Arnaldo Botto"},"url":"https:\/\/www.noticiasradioreflejos.com.ar\/2021\/author\/arnaldo\/"}]}},"_links":{"self":[{"href":"https:\/\/www.noticiasradioreflejos.com.ar\/2021\/wp-json\/wp\/v2\/posts\/98002","targetHints":{"allow":["GET"]}}],"collection":[{"href":"https:\/\/www.noticiasradioreflejos.com.ar\/2021\/wp-json\/wp\/v2\/posts"}],"about":[{"href":"https:\/\/www.noticiasradioreflejos.com.ar\/2021\/wp-json\/wp\/v2\/types\/post"}],"author":[{"embeddable":true,"href":"https:\/\/www.noticiasradioreflejos.com.ar\/2021\/wp-json\/wp\/v2\/users\/3"}],"replies":[{"embeddable":true,"href":"https:\/\/www.noticiasradioreflejos.com.ar\/2021\/wp-json\/wp\/v2\/comments?post=98002"}],"version-history":[{"count":2,"href":"https:\/\/www.noticiasradioreflejos.com.ar\/2021\/wp-json\/wp\/v2\/posts\/98002\/revisions"}],"predecessor-version":[{"id":98010,"href":"https:\/\/www.noticiasradioreflejos.com.ar\/2021\/wp-json\/wp\/v2\/posts\/98002\/revisions\/98010"}],"wp:featuredmedia":[{"embeddable":true,"href":"https:\/\/www.noticiasradioreflejos.com.ar\/2021\/wp-json\/wp\/v2\/media\/98009"}],"wp:attachment":[{"href":"https:\/\/www.noticiasradioreflejos.com.ar\/2021\/wp-json\/wp\/v2\/media?parent=98002"}],"wp:term":[{"taxonomy":"category","embeddable":true,"href":"https:\/\/www.noticiasradioreflejos.com.ar\/2021\/wp-json\/wp\/v2\/categories?post=98002"},{"taxonomy":"post_tag","embeddable":true,"href":"https:\/\/www.noticiasradioreflejos.com.ar\/2021\/wp-json\/wp\/v2\/tags?post=98002"}],"curies":[{"name":"wp","href":"https:\/\/api.w.org\/{rel}","templated":true}]}}