{"id":97999,"date":"2024-01-22T11:45:02","date_gmt":"2024-01-22T14:45:02","guid":{"rendered":"https:\/\/www.noticiasradioreflejos.com.ar\/2021\/?p=97999"},"modified":"2024-01-22T11:53:41","modified_gmt":"2024-01-22T14:53:41","slug":"el-paro-del-24-tambien-se-sentira-en-la-comarca","status":"publish","type":"post","link":"https:\/\/www.noticiasradioreflejos.com.ar\/2021\/el-paro-del-24-tambien-se-sentira-en-la-comarca\/","title":{"rendered":"El paro del 24 tambi\u00e9n se sentir\u00e1 en la comarca"},"content":{"rendered":"<p>Varias instituciones locales y vecinos autoconvocados ya anunciaron cu\u00e1les ser\u00e1n las medidas a tomar y los epicentros en d\u00f3nde las desarrollar\u00e1n. El detalle.<!--more--><\/p>\n<p>El pr\u00f3ximo mi\u00e9rcoles la CGT llevar\u00e1 adelante un paro nacional en respuesta a la ley \u00f3mnibus y al DNU presidencial.<\/p>\n<p>Dicha acci\u00f3n de fuerza tendr\u00e1 su r\u00e9plica en la comarca, ya que distintas organizaciones, entre las que se encuentran las bibliotecas populares y los vecinos autoconvocados, comenzaron a difundir los lugares en donde ejecutar\u00e1n sus reclamos.<\/p>\n<p><strong>Tanto en Tornquist como en Villa concentraci\u00f3n se dar\u00e1 a las 15. En el primero de los casos, en la Plaza principal. En el segundo, el epicentro ser\u00e1 la Biblioteca Macedonio Fern\u00e1ndez. Media hora m\u00e1s tarde ocurrir\u00e1 lo propio en Sierra y Saldungaray, con las bibliotecas Mariano Moreno y Gral. San Mart\u00edn como punto de encuentro.<\/strong><\/p>\n<p>Tras esto en algunas localidades se dar\u00e1n movilizaciones y actos a modo de cierre, con distintos horarios de finalizaci\u00f3n dependiendo la ciudad.<\/p>\n<p><a title=\"Paro 24 1 sierra (3)\" href=\"https:\/\/www.flickr.com\/photos\/182279889@N02\/53479306402\/in\/dateposted-public\/\" data-flickr-embed=\"true\" data-footer=\"true\"><img loading=\"lazy\" decoding=\"async\" class=\"aligncenter\" src=\"https:\/\/live.staticflickr.com\/65535\/53479306402_f92bca9996_c.jpg\" alt=\"Paro 24 1 sierra (3)\" width=\"800\" height=\"800\" \/><\/a><\/p>\n<p><a title=\"Paro 24 1 sierra (2)\" href=\"https:\/\/www.flickr.com\/photos\/182279889@N02\/53479306427\/in\/dateposted-public\/\" data-flickr-embed=\"true\" data-footer=\"true\"><img loading=\"lazy\" decoding=\"async\" class=\"aligncenter\" src=\"https:\/\/live.staticflickr.com\/65535\/53479306427_fd0d7d9183_z.jpg\" alt=\"Paro 24 1 sierra (2)\" width=\"640\" height=\"640\" \/><\/a><script async src=\"\/\/embedr.flickr.com\/assets\/client-code.js\" charset=\"utf-8\"><\/script><\/p>\n","protected":false},"excerpt":{"rendered":"<p>Varias instituciones locales y vecinos autoconvocados ya anunciaron cu\u00e1les ser\u00e1n las medidas a tomar y los epicentros en d\u00f3nde las desarrollar\u00e1n. El detalle.<\/p>\n","protected":false},"author":3,"featured_media":0,"comment_status":"closed","ping_status":"closed","sticky":false,"template":"","format":"standard","meta":{"footnotes":""},"categories":[24,26],"tags":[48],"class_list":["post-97999","post","type-post","status-publish","format-standard","hentry","category-politica","category-sociedad","tag-destacada"],"yoast_head":"<!-- This site is optimized with the Yoast SEO plugin v25.9 - https:\/\/yoast.com\/wordpress\/plugins\/seo\/ -->\n<title>El paro del 24 tambi\u00e9n se sentir\u00e1 en la comarca - Noticias Radio Reflejos<\/title>\n<meta name=\"robots\" content=\"index, follow, max-snippet:-1, max-image-preview:large, max-video-preview:-1\" \/>\n<link rel=\"canonical\" href=\"https:\/\/www.noticiasradioreflejos.com.ar\/2021\/el-paro-del-24-tambien-se-sentira-en-la-comarca\/\" \/>\n<meta property=\"og:locale\" content=\"es_ES\" \/>\n<meta property=\"og:type\" content=\"article\" \/>\n<meta property=\"og:title\" content=\"El paro del 24 tambi\u00e9n se sentir\u00e1 en la comarca - Noticias Radio Reflejos\" \/>\n<meta property=\"og:description\" content=\"Varias instituciones locales y vecinos autoconvocados ya anunciaron cu\u00e1les ser\u00e1n las medidas a tomar y los epicentros en d\u00f3nde las desarrollar\u00e1n. El detalle.\" \/>\n<meta property=\"og:url\" content=\"https:\/\/www.noticiasradioreflejos.com.ar\/2021\/el-paro-del-24-tambien-se-sentira-en-la-comarca\/\" \/>\n<meta property=\"og:site_name\" content=\"Noticias Radio Reflejos\" \/>\n<meta property=\"article:published_time\" content=\"2024-01-22T14:45:02+00:00\" \/>\n<meta property=\"article:modified_time\" content=\"2024-01-22T14:53:41+00:00\" \/>\n<meta property=\"og:image\" content=\"https:\/\/live.staticflickr.com\/65535\/53479306402_f92bca9996_c.jpg\" \/>\n<meta name=\"author\" content=\"Arnaldo Botto\" \/>\n<meta name=\"twitter:card\" content=\"summary_large_image\" \/>\n<script type=\"application\/ld+json\" class=\"yoast-schema-graph\">{\"@context\":\"https:\/\/schema.org\",\"@graph\":[{\"@type\":\"WebPage\",\"@id\":\"https:\/\/www.noticiasradioreflejos.com.ar\/2021\/el-paro-del-24-tambien-se-sentira-en-la-comarca\/\",\"url\":\"https:\/\/www.noticiasradioreflejos.com.ar\/2021\/el-paro-del-24-tambien-se-sentira-en-la-comarca\/\",\"name\":\"El paro del 24 tambi\u00e9n se sentir\u00e1 en la comarca - Noticias Radio Reflejos\",\"isPartOf\":{\"@id\":\"https:\/\/www.noticiasradioreflejos.com.ar\/2021\/#website\"},\"primaryImageOfPage\":{\"@id\":\"https:\/\/www.noticiasradioreflejos.com.ar\/2021\/el-paro-del-24-tambien-se-sentira-en-la-comarca\/#primaryimage\"},\"image\":{\"@id\":\"https:\/\/www.noticiasradioreflejos.com.ar\/2021\/el-paro-del-24-tambien-se-sentira-en-la-comarca\/#primaryimage\"},\"thumbnailUrl\":\"https:\/\/live.staticflickr.com\/65535\/53479306402_f92bca9996_c.jpg\",\"datePublished\":\"2024-01-22T14:45:02+00:00\",\"dateModified\":\"2024-01-22T14:53:41+00:00\",\"author\":{\"@id\":\"https:\/\/www.noticiasradioreflejos.com.ar\/2021\/#\/schema\/person\/ad82545263dcc5ec0996818884fd5fb1\"},\"breadcrumb\":{\"@id\":\"https:\/\/www.noticiasradioreflejos.com.ar\/2021\/el-paro-del-24-tambien-se-sentira-en-la-comarca\/#breadcrumb\"},\"inLanguage\":\"es\",\"potentialAction\":[{\"@type\":\"ReadAction\",\"target\":[\"https:\/\/www.noticiasradioreflejos.com.ar\/2021\/el-paro-del-24-tambien-se-sentira-en-la-comarca\/\"]}]},{\"@type\":\"ImageObject\",\"inLanguage\":\"es\",\"@id\":\"https:\/\/www.noticiasradioreflejos.com.ar\/2021\/el-paro-del-24-tambien-se-sentira-en-la-comarca\/#primaryimage\",\"url\":\"https:\/\/live.staticflickr.com\/65535\/53479306402_f92bca9996_c.jpg\",\"contentUrl\":\"https:\/\/live.staticflickr.com\/65535\/53479306402_f92bca9996_c.jpg\"},{\"@type\":\"BreadcrumbList\",\"@id\":\"https:\/\/www.noticiasradioreflejos.com.ar\/2021\/el-paro-del-24-tambien-se-sentira-en-la-comarca\/#breadcrumb\",\"itemListElement\":[{\"@type\":\"ListItem\",\"position\":1,\"name\":\"Portada\",\"item\":\"https:\/\/www.noticiasradioreflejos.com.ar\/2021\/\"},{\"@type\":\"ListItem\",\"position\":2,\"name\":\"El paro del 24 tambi\u00e9n se sentir\u00e1 en la comarca\"}]},{\"@type\":\"WebSite\",\"@id\":\"https:\/\/www.noticiasradioreflejos.com.ar\/2021\/#website\",\"url\":\"https:\/\/www.noticiasradioreflejos.com.ar\/2021\/\",\"name\":\"Noticias Radio Reflejos\",\"description\":\"Las noticias de mi comarca\",\"potentialAction\":[{\"@type\":\"SearchAction\",\"target\":{\"@type\":\"EntryPoint\",\"urlTemplate\":\"https:\/\/www.noticiasradioreflejos.com.ar\/2021\/?s={search_term_string}\"},\"query-input\":{\"@type\":\"PropertyValueSpecification\",\"valueRequired\":true,\"valueName\":\"search_term_string\"}}],\"inLanguage\":\"es\"},{\"@type\":\"Person\",\"@id\":\"https:\/\/www.noticiasradioreflejos.com.ar\/2021\/#\/schema\/person\/ad82545263dcc5ec0996818884fd5fb1\",\"name\":\"Arnaldo Botto\",\"image\":{\"@type\":\"ImageObject\",\"inLanguage\":\"es\",\"@id\":\"https:\/\/www.noticiasradioreflejos.com.ar\/2021\/#\/schema\/person\/image\/\",\"url\":\"https:\/\/secure.gravatar.com\/avatar\/55cb5e37c1efa326397366e6974cb338056df65cb50e7d64d1cf314e87504837?s=96&d=mm&r=g\",\"contentUrl\":\"https:\/\/secure.gravatar.com\/avatar\/55cb5e37c1efa326397366e6974cb338056df65cb50e7d64d1cf314e87504837?s=96&d=mm&r=g\",\"caption\":\"Arnaldo Botto\"},\"url\":\"https:\/\/www.noticiasradioreflejos.com.ar\/2021\/author\/arnaldo\/\"}]}<\/script>\n<!-- \/ Yoast SEO plugin. -->","yoast_head_json":{"title":"El paro del 24 tambi\u00e9n se sentir\u00e1 en la comarca - Noticias Radio Reflejos","robots":{"index":"index","follow":"follow","max-snippet":"max-snippet:-1","max-image-preview":"max-image-preview:large","max-video-preview":"max-video-preview:-1"},"canonical":"https:\/\/www.noticiasradioreflejos.com.ar\/2021\/el-paro-del-24-tambien-se-sentira-en-la-comarca\/","og_locale":"es_ES","og_type":"article","og_title":"El paro del 24 tambi\u00e9n se sentir\u00e1 en la comarca - Noticias Radio Reflejos","og_description":"Varias instituciones locales y vecinos autoconvocados ya anunciaron cu\u00e1les ser\u00e1n las medidas a tomar y los epicentros en d\u00f3nde las desarrollar\u00e1n. El detalle.","og_url":"https:\/\/www.noticiasradioreflejos.com.ar\/2021\/el-paro-del-24-tambien-se-sentira-en-la-comarca\/","og_site_name":"Noticias Radio Reflejos","article_published_time":"2024-01-22T14:45:02+00:00","article_modified_time":"2024-01-22T14:53:41+00:00","og_image":[{"url":"https:\/\/live.staticflickr.com\/65535\/53479306402_f92bca9996_c.jpg","type":"","width":"","height":""}],"author":"Arnaldo Botto","twitter_card":"summary_large_image","schema":{"@context":"https:\/\/schema.org","@graph":[{"@type":"WebPage","@id":"https:\/\/www.noticiasradioreflejos.com.ar\/2021\/el-paro-del-24-tambien-se-sentira-en-la-comarca\/","url":"https:\/\/www.noticiasradioreflejos.com.ar\/2021\/el-paro-del-24-tambien-se-sentira-en-la-comarca\/","name":"El paro del 24 tambi\u00e9n se sentir\u00e1 en la comarca - Noticias Radio Reflejos","isPartOf":{"@id":"https:\/\/www.noticiasradioreflejos.com.ar\/2021\/#website"},"primaryImageOfPage":{"@id":"https:\/\/www.noticiasradioreflejos.com.ar\/2021\/el-paro-del-24-tambien-se-sentira-en-la-comarca\/#primaryimage"},"image":{"@id":"https:\/\/www.noticiasradioreflejos.com.ar\/2021\/el-paro-del-24-tambien-se-sentira-en-la-comarca\/#primaryimage"},"thumbnailUrl":"https:\/\/live.staticflickr.com\/65535\/53479306402_f92bca9996_c.jpg","datePublished":"2024-01-22T14:45:02+00:00","dateModified":"2024-01-22T14:53:41+00:00","author":{"@id":"https:\/\/www.noticiasradioreflejos.com.ar\/2021\/#\/schema\/person\/ad82545263dcc5ec0996818884fd5fb1"},"breadcrumb":{"@id":"https:\/\/www.noticiasradioreflejos.com.ar\/2021\/el-paro-del-24-tambien-se-sentira-en-la-comarca\/#breadcrumb"},"inLanguage":"es","potentialAction":[{"@type":"ReadAction","target":["https:\/\/www.noticiasradioreflejos.com.ar\/2021\/el-paro-del-24-tambien-se-sentira-en-la-comarca\/"]}]},{"@type":"ImageObject","inLanguage":"es","@id":"https:\/\/www.noticiasradioreflejos.com.ar\/2021\/el-paro-del-24-tambien-se-sentira-en-la-comarca\/#primaryimage","url":"https:\/\/live.staticflickr.com\/65535\/53479306402_f92bca9996_c.jpg","contentUrl":"https:\/\/live.staticflickr.com\/65535\/53479306402_f92bca9996_c.jpg"},{"@type":"BreadcrumbList","@id":"https:\/\/www.noticiasradioreflejos.com.ar\/2021\/el-paro-del-24-tambien-se-sentira-en-la-comarca\/#breadcrumb","itemListElement":[{"@type":"ListItem","position":1,"name":"Portada","item":"https:\/\/www.noticiasradioreflejos.com.ar\/2021\/"},{"@type":"ListItem","position":2,"name":"El paro del 24 tambi\u00e9n se sentir\u00e1 en la comarca"}]},{"@type":"WebSite","@id":"https:\/\/www.noticiasradioreflejos.com.ar\/2021\/#website","url":"https:\/\/www.noticiasradioreflejos.com.ar\/2021\/","name":"Noticias Radio Reflejos","description":"Las noticias de mi comarca","potentialAction":[{"@type":"SearchAction","target":{"@type":"EntryPoint","urlTemplate":"https:\/\/www.noticiasradioreflejos.com.ar\/2021\/?s={search_term_string}"},"query-input":{"@type":"PropertyValueSpecification","valueRequired":true,"valueName":"search_term_string"}}],"inLanguage":"es"},{"@type":"Person","@id":"https:\/\/www.noticiasradioreflejos.com.ar\/2021\/#\/schema\/person\/ad82545263dcc5ec0996818884fd5fb1","name":"Arnaldo Botto","image":{"@type":"ImageObject","inLanguage":"es","@id":"https:\/\/www.noticiasradioreflejos.com.ar\/2021\/#\/schema\/person\/image\/","url":"https:\/\/secure.gravatar.com\/avatar\/55cb5e37c1efa326397366e6974cb338056df65cb50e7d64d1cf314e87504837?s=96&d=mm&r=g","contentUrl":"https:\/\/secure.gravatar.com\/avatar\/55cb5e37c1efa326397366e6974cb338056df65cb50e7d64d1cf314e87504837?s=96&d=mm&r=g","caption":"Arnaldo Botto"},"url":"https:\/\/www.noticiasradioreflejos.com.ar\/2021\/author\/arnaldo\/"}]}},"_links":{"self":[{"href":"https:\/\/www.noticiasradioreflejos.com.ar\/2021\/wp-json\/wp\/v2\/posts\/97999","targetHints":{"allow":["GET"]}}],"collection":[{"href":"https:\/\/www.noticiasradioreflejos.com.ar\/2021\/wp-json\/wp\/v2\/posts"}],"about":[{"href":"https:\/\/www.noticiasradioreflejos.com.ar\/2021\/wp-json\/wp\/v2\/types\/post"}],"author":[{"embeddable":true,"href":"https:\/\/www.noticiasradioreflejos.com.ar\/2021\/wp-json\/wp\/v2\/users\/3"}],"replies":[{"embeddable":true,"href":"https:\/\/www.noticiasradioreflejos.com.ar\/2021\/wp-json\/wp\/v2\/comments?post=97999"}],"version-history":[{"count":3,"href":"https:\/\/www.noticiasradioreflejos.com.ar\/2021\/wp-json\/wp\/v2\/posts\/97999\/revisions"}],"predecessor-version":[{"id":98005,"href":"https:\/\/www.noticiasradioreflejos.com.ar\/2021\/wp-json\/wp\/v2\/posts\/97999\/revisions\/98005"}],"wp:attachment":[{"href":"https:\/\/www.noticiasradioreflejos.com.ar\/2021\/wp-json\/wp\/v2\/media?parent=97999"}],"wp:term":[{"taxonomy":"category","embeddable":true,"href":"https:\/\/www.noticiasradioreflejos.com.ar\/2021\/wp-json\/wp\/v2\/categories?post=97999"},{"taxonomy":"post_tag","embeddable":true,"href":"https:\/\/www.noticiasradioreflejos.com.ar\/2021\/wp-json\/wp\/v2\/tags?post=97999"}],"curies":[{"name":"wp","href":"https:\/\/api.w.org\/{rel}","templated":true}]}}