{"id":97993,"date":"2024-01-22T11:11:57","date_gmt":"2024-01-22T14:11:57","guid":{"rendered":"https:\/\/www.noticiasradioreflejos.com.ar\/2021\/?p=97993"},"modified":"2024-01-22T11:11:57","modified_gmt":"2024-01-22T14:11:57","slug":"los-medicos-deberan-consignar-el-nombre-generico-o-denominacion-internacional-en-la-receta","status":"publish","type":"post","link":"https:\/\/www.noticiasradioreflejos.com.ar\/2021\/los-medicos-deberan-consignar-el-nombre-generico-o-denominacion-internacional-en-la-receta\/","title":{"rendered":"Los m\u00e9dicos deber\u00e1n consignar el nombre gen\u00e9rico o denominaci\u00f3n internacional en la receta"},"content":{"rendered":"<p>Tambi\u00e9n podr\u00e1n sugerir una marca comercial que el farmac\u00e9utico podr\u00e1 sustituir por otra de menor precio, seg\u00fan un decreto publicado en el Bolet\u00edn Oficial. En establecimientos no habilitados como farmacias solo se expender\u00e1n anti\u00e1cidos y analg\u00e9sicos.<!--more--><\/p>\n<div>\n<div class=\"wrapper-editable-content\">\n<div>\n<div class=\"container-md\">\n<div class=\"row\">\n<div class=\"col-md-12 speak\">\n<div class=\"paragraph\">\n<figure class=\"mb-3\"><img decoding=\"async\" class=\" lazy \" src=\"https:\/\/www.telam.com.ar\/thumbs\/bluesteel\/advf\/imagenes\/2024\/01\/659fe15c94a59_1200.jpg\" alt=\"El decreto 63 avanza en la reglamentacin de los artculos vinculados a la prescripcin de medicamentos y su comercializacin establecidos por el DNU 70 Foto Archivo \" width=\"100%\" height=\"100%\" \/><\/figure>\n<\/div>\n<\/div>\n<\/div>\n<\/div>\n<\/div>\n<\/div>\n<\/div>\n<p><em>El decreto 63 avanza en la reglamentaci\u00f3n de los art\u00edculos vinculados a la prescripci\u00f3n de medicamentos y su comercializaci\u00f3n establecidos por el DNU 70 \/ Foto: Archivo.<\/em><\/p>\n<p>&nbsp;<\/p>\n<p>Los m\u00e9dicos deber\u00e1n consignar\u00a0<strong>el nombre gen\u00e9rico o denominaci\u00f3n com\u00fan internacional en la receta<\/strong>, aunque tambi\u00e9n podr\u00e1n sugerir una marca comercial que el farmac\u00e9utico podr\u00e1 sustituir por otra de menor precio a pedido del consumidor, seg\u00fan estableci\u00f3 el Gobierno a trav\u00e9s de un decreto publicado en el Bolet\u00edn Oficial, al tiempo que defini\u00f3 que la venta libre de medicamentos en establecimientos no habilitados como farmacias estar\u00e1 limitada a los anti\u00e1cidos y analg\u00e9sicos.<\/p>\n<p>Con esta medida, publicada este lunes en el Bolet\u00edn Oficial mediante el decreto 63\/2024, el Poder Ejecutivo avanza en la reglamentaci\u00f3n de los art\u00edculos concernientes al \u00e1rea de salud,\u00a0<strong>vinculados a la prescripci\u00f3n de medicamentos y su comercializaci\u00f3n que contiene el DNU 70\/2023<\/strong>\u00a0firmado en diciembre \u00faltimo.<\/p>\n<blockquote class=\"\"><p>El Ministerio de Salud destac\u00f3\u00a0que el di\u00e1logo con los distintos sectores permiti\u00f3 avanzar en las especificaciones sobre la prescripci\u00f3n de medicamentos y su comercializaci\u00f3n<\/p><\/blockquote>\n<p>Seg\u00fan indic\u00f3 el Ministerio de Salud, en esta nueva norma \u00abse definen los alcances del primer decreto reglamentario, estableciendo medidas complementarias y aclaratorias para su mejor aplicaci\u00f3n, garantizando las condiciones de seguridad sanitaria\u00bb.<\/p>\n<p>Estas medidas disponen el principio rector de facilitar<strong>\u00a0la utilizaci\u00f3n de gen\u00e9ricos, las condiciones que facultan a los profesionales a prescribir especialidades medicinales bajo un sistema electr\u00f3nico<\/strong>, as\u00ed como para la comercializaci\u00f3n de aquellas de venta libre fuera de farmacias, y el despacho de recetas por parte de las droguer\u00edas habilitadas.<\/p>\n<p>Seg\u00fan detallaron fuentes de la cartera sanitaria, \u00aben esta direcci\u00f3n, y como resultado del di\u00e1logo con los distintos sectores, se avanz\u00f3 en la definici\u00f3n de las especificaciones sobre la prescripci\u00f3n de medicamentos y su comercializaci\u00f3n\u00bb.<\/p>\n<figure class=\"mb-3\"><img decoding=\"async\" class=\" lazy \" src=\"https:\/\/www.telam.com.ar\/thumbs\/bluesteel\/advf\/imagenes\/2021\/11\/618a4479a0ee6_1200.jpg\" alt=\"El farmacutico es el nico responsable para la dispensa de medicamentos que requieren recetas Foto Archivo\" width=\"100%\" height=\"100%\" \/><\/p>\n<div class=\"media-icons\">El farmac\u00e9utico es el \u00fanico responsable para la dispensa de medicamentos que requieren recetas \/ Foto: Archivo.<\/div>\n<\/figure>\n<h2 class=\"\">Prescripci\u00f3n y venta<\/h2>\n<p>Seg\u00fan el nuevo decreto, los profesionales de la salud facultados a prescribir especialidades medicinales deber\u00e1n consignar el nombre gen\u00e9rico o denominaci\u00f3n com\u00fan internacional del medicamento en la receta y podr\u00e1n sugerir una marca comercial, mientras que el farmac\u00e9utico \u00abtendr\u00e1 la obligaci\u00f3n,<strong>\u00a0a pedido del consumidor, de sustituir la misma por una especialidad medicinal de menor precio<\/strong>\u00a0que contenga los mismos principios activos, concentraci\u00f3n, forma farmac\u00e9utica y similar cantidad de unidades que el prescripto\u00bb.<\/p>\n<p>\u00abEl farmac\u00e9utico, debidamente autorizado por la autoridad competente, es el \u00fanico responsable y capacitado para la debida dispensa de especialidades medicinales que requieren recetas, como as\u00ed tambi\u00e9n para su sustituci\u00f3n\u00bb, agrega la norma.<\/p>\n<p>Asimismo, el sistema de receta electr\u00f3nica deber\u00e1 devolver al profesional actuante la informaci\u00f3n, en caso de sustituci\u00f3n en farmacia, para<strong>\u00a0preservar un adecuado seguimiento del tratamiento cl\u00ednico del paciente<\/strong>.<\/p>\n<blockquote class=\"\"><p>Los medicamentos de venta libre en establecimientos que no sean farmacias no estar\u00e1n al alcance del p\u00fablico, debiendo ser entregados por un dependiente<\/p><\/blockquote>\n<p>En cuanto al expendiendo de medicamentos en establecimientos que no sean habilitados como farmacias, que hab\u00eda generado reclamos por parte del sector tras la publicaci\u00f3n del DNU 70\/2023, el nuevo decreto especifica que la comercializaci\u00f3n de medicamentos de condici\u00f3n de expendio de venta libre \u00abestar\u00e1 limitada a los anti\u00e1cidos y analg\u00e9sicos\u00bb.<\/p>\n<p>A tales efectos, y con car\u00e1cter previo a la autorizaci\u00f3n de la autoridad sanitaria correspondiente, dichos establecimientos deber\u00e1n presentar la documentaci\u00f3n que acredite su derecho sobre el inmueble, de acuerdo con la legislaci\u00f3n vigente, y<strong>\u00a0una p\u00f3liza de seguro que cubra riesgos de venta de productos farmac\u00e9uticos<\/strong>\u00a0por una suma asegurada m\u00ednima equivalente a setecientos cincuenta (750) salarios m\u00ednimos, vitales y m\u00f3viles.<\/p>\n<p>Tambi\u00e9n, contar con un espacio para almacenar las especialidades medicinales, separado e independiente de otros productos comercializados por el establecimiento, resguardado bajo llave y que re\u00fana las condiciones de higiene, seguridad, limpieza, amplitud, luz y ventilaci\u00f3n adecuadas conforme las especificidades que determine la autoridad de aplicaci\u00f3n.<\/p>\n<figure class=\"mb-3\"><img decoding=\"async\" class=\" lazy \" src=\"https:\/\/www.telam.com.ar\/thumbs\/bluesteel\/advf\/imagenes\/2023\/12\/658eea513a636_1200.jpg\" alt=\"Los mdicos debern consignar el nombre genrico o denominacin comn internacional en la receta Foto Archivo\" width=\"100%\" height=\"100%\" \/><\/p>\n<div class=\"media-icons\"><\/div><figcaption>Los m\u00e9dicos deber\u00e1n consignar el nombre gen\u00e9rico o denominaci\u00f3n com\u00fan internacional en la receta \/ Foto: Archivo.<\/figcaption><\/figure>\n<p>Por otra parte, los medicamentos de venta libre en establecimientos que no sean farmacias deber\u00e1n encontrarse de modo tal que el p\u00fablico no pueda acceder directamente a las especialidades medicinales y fuera del alcance de los ni\u00f1os,\u00a0<strong>debiendo ser entregados por un dependiente del establecimiento<\/strong>.<\/p>\n<p>En tanto, la temperatura m\u00e1xima del establecimiento no podr\u00e1 superar los 24 grados cent\u00edgrados.<\/p>\n<p>El decreto a\u00f1ade que se encuentra prohibida la comercializaci\u00f3n de las especialidades medicinales a menores de 18 a\u00f1os y que\u00a0<strong>queda prohibido el fraccionamiento del envase primario y secundario en todos los casos<\/strong>.<\/p>\n<p>Seg\u00fan el nuevo decreto, la autoridad competente podr\u00e1 establecer por v\u00eda reglamentaria otros requisitos para asegurar que las especialidades medicinales indicadas en el primer p\u00e1rrafo conserven inalteradas sus propiedades fisicoqu\u00edmicas.<\/p>\n<p>En tanto, las droguer\u00edas podr\u00e1n despachar \u00fanicamente al p\u00fablico recetas en las que se prescriba exclusivamente medicamentos oncol\u00f3gicos o los de tratamientos especiales listados por la autoridad de aplicaci\u00f3n. As\u00ed,\u00a0<strong>quedar\u00e1 excluida de este canal la comercializaci\u00f3n de cualquier otra especialidad medicinal<\/strong>.<\/p>\n<p>Finalmente, en el art\u00edculo 5 del decreto se indica que la Administraci\u00f3n Nacional de Medicamentos, Alimentos y Tecnolog\u00eda M\u00e9dica (Anmat) podr\u00e1 incorporar otros ingredientes farmac\u00e9uticos activos (IFA), como monodroga o como asociaci\u00f3n o combinaci\u00f3n a dosis fija para la realizaci\u00f3n de estudios de bioequivalencia\/biodisponibilidad, as\u00ed como establecer excepciones sobre la base de la evidencia cient\u00edfica y\/o las recomendaciones de la Organizaci\u00f3n Mundial de la Salud (OMS) y la Organizaci\u00f3n Panamericana de la Salud (OPS).<\/p>\n","protected":false},"excerpt":{"rendered":"<p>Tambi\u00e9n podr\u00e1n sugerir una marca comercial que el farmac\u00e9utico podr\u00e1 sustituir por otra de menor precio, seg\u00fan un decreto publicado en el Bolet\u00edn Oficial. En establecimientos no habilitados como farmacias solo se expender\u00e1n anti\u00e1cidos y analg\u00e9sicos.<\/p>\n","protected":false},"author":3,"featured_media":97994,"comment_status":"closed","ping_status":"closed","sticky":false,"template":"","format":"standard","meta":{"footnotes":""},"categories":[30],"tags":[],"class_list":["post-97993","post","type-post","status-publish","format-standard","has-post-thumbnail","hentry","category-salud"],"yoast_head":"<!-- This site is optimized with the Yoast SEO plugin v25.9 - https:\/\/yoast.com\/wordpress\/plugins\/seo\/ -->\n<title>Los m\u00e9dicos deber\u00e1n consignar el nombre gen\u00e9rico o denominaci\u00f3n internacional en la receta - Noticias Radio Reflejos<\/title>\n<meta name=\"robots\" content=\"index, follow, max-snippet:-1, max-image-preview:large, max-video-preview:-1\" \/>\n<link rel=\"canonical\" href=\"https:\/\/www.noticiasradioreflejos.com.ar\/2021\/los-medicos-deberan-consignar-el-nombre-generico-o-denominacion-internacional-en-la-receta\/\" \/>\n<meta property=\"og:locale\" content=\"es_ES\" \/>\n<meta property=\"og:type\" content=\"article\" \/>\n<meta property=\"og:title\" content=\"Los m\u00e9dicos deber\u00e1n consignar el nombre gen\u00e9rico o denominaci\u00f3n internacional en la receta - Noticias Radio Reflejos\" \/>\n<meta property=\"og:description\" content=\"Tambi\u00e9n podr\u00e1n sugerir una marca comercial que el farmac\u00e9utico podr\u00e1 sustituir por otra de menor precio, seg\u00fan un decreto publicado en el Bolet\u00edn Oficial. En establecimientos no habilitados como farmacias solo se expender\u00e1n anti\u00e1cidos y analg\u00e9sicos.\" \/>\n<meta property=\"og:url\" content=\"https:\/\/www.noticiasradioreflejos.com.ar\/2021\/los-medicos-deberan-consignar-el-nombre-generico-o-denominacion-internacional-en-la-receta\/\" \/>\n<meta property=\"og:site_name\" content=\"Noticias Radio Reflejos\" \/>\n<meta property=\"article:published_time\" content=\"2024-01-22T14:11:57+00:00\" \/>\n<meta property=\"og:image\" content=\"https:\/\/www.noticiasradioreflejos.com.ar\/2021\/wp-content\/uploads\/2024\/01\/medicamentos.jpg\" \/>\n\t<meta property=\"og:image:width\" content=\"1200\" \/>\n\t<meta property=\"og:image:height\" content=\"675\" \/>\n\t<meta property=\"og:image:type\" content=\"image\/jpeg\" \/>\n<meta name=\"author\" content=\"Arnaldo Botto\" \/>\n<meta name=\"twitter:card\" content=\"summary_large_image\" \/>\n<script type=\"application\/ld+json\" class=\"yoast-schema-graph\">{\"@context\":\"https:\/\/schema.org\",\"@graph\":[{\"@type\":\"WebPage\",\"@id\":\"https:\/\/www.noticiasradioreflejos.com.ar\/2021\/los-medicos-deberan-consignar-el-nombre-generico-o-denominacion-internacional-en-la-receta\/\",\"url\":\"https:\/\/www.noticiasradioreflejos.com.ar\/2021\/los-medicos-deberan-consignar-el-nombre-generico-o-denominacion-internacional-en-la-receta\/\",\"name\":\"Los m\u00e9dicos deber\u00e1n consignar el nombre gen\u00e9rico o denominaci\u00f3n internacional en la receta - Noticias Radio Reflejos\",\"isPartOf\":{\"@id\":\"https:\/\/www.noticiasradioreflejos.com.ar\/2021\/#website\"},\"primaryImageOfPage\":{\"@id\":\"https:\/\/www.noticiasradioreflejos.com.ar\/2021\/los-medicos-deberan-consignar-el-nombre-generico-o-denominacion-internacional-en-la-receta\/#primaryimage\"},\"image\":{\"@id\":\"https:\/\/www.noticiasradioreflejos.com.ar\/2021\/los-medicos-deberan-consignar-el-nombre-generico-o-denominacion-internacional-en-la-receta\/#primaryimage\"},\"thumbnailUrl\":\"https:\/\/www.noticiasradioreflejos.com.ar\/2021\/wp-content\/uploads\/2024\/01\/medicamentos.jpg\",\"datePublished\":\"2024-01-22T14:11:57+00:00\",\"author\":{\"@id\":\"https:\/\/www.noticiasradioreflejos.com.ar\/2021\/#\/schema\/person\/ad82545263dcc5ec0996818884fd5fb1\"},\"breadcrumb\":{\"@id\":\"https:\/\/www.noticiasradioreflejos.com.ar\/2021\/los-medicos-deberan-consignar-el-nombre-generico-o-denominacion-internacional-en-la-receta\/#breadcrumb\"},\"inLanguage\":\"es\",\"potentialAction\":[{\"@type\":\"ReadAction\",\"target\":[\"https:\/\/www.noticiasradioreflejos.com.ar\/2021\/los-medicos-deberan-consignar-el-nombre-generico-o-denominacion-internacional-en-la-receta\/\"]}]},{\"@type\":\"ImageObject\",\"inLanguage\":\"es\",\"@id\":\"https:\/\/www.noticiasradioreflejos.com.ar\/2021\/los-medicos-deberan-consignar-el-nombre-generico-o-denominacion-internacional-en-la-receta\/#primaryimage\",\"url\":\"https:\/\/www.noticiasradioreflejos.com.ar\/2021\/wp-content\/uploads\/2024\/01\/medicamentos.jpg\",\"contentUrl\":\"https:\/\/www.noticiasradioreflejos.com.ar\/2021\/wp-content\/uploads\/2024\/01\/medicamentos.jpg\",\"width\":1200,\"height\":675},{\"@type\":\"BreadcrumbList\",\"@id\":\"https:\/\/www.noticiasradioreflejos.com.ar\/2021\/los-medicos-deberan-consignar-el-nombre-generico-o-denominacion-internacional-en-la-receta\/#breadcrumb\",\"itemListElement\":[{\"@type\":\"ListItem\",\"position\":1,\"name\":\"Portada\",\"item\":\"https:\/\/www.noticiasradioreflejos.com.ar\/2021\/\"},{\"@type\":\"ListItem\",\"position\":2,\"name\":\"Los m\u00e9dicos deber\u00e1n consignar el nombre gen\u00e9rico o denominaci\u00f3n internacional en la receta\"}]},{\"@type\":\"WebSite\",\"@id\":\"https:\/\/www.noticiasradioreflejos.com.ar\/2021\/#website\",\"url\":\"https:\/\/www.noticiasradioreflejos.com.ar\/2021\/\",\"name\":\"Noticias Radio Reflejos\",\"description\":\"Las noticias de mi comarca\",\"potentialAction\":[{\"@type\":\"SearchAction\",\"target\":{\"@type\":\"EntryPoint\",\"urlTemplate\":\"https:\/\/www.noticiasradioreflejos.com.ar\/2021\/?s={search_term_string}\"},\"query-input\":{\"@type\":\"PropertyValueSpecification\",\"valueRequired\":true,\"valueName\":\"search_term_string\"}}],\"inLanguage\":\"es\"},{\"@type\":\"Person\",\"@id\":\"https:\/\/www.noticiasradioreflejos.com.ar\/2021\/#\/schema\/person\/ad82545263dcc5ec0996818884fd5fb1\",\"name\":\"Arnaldo Botto\",\"image\":{\"@type\":\"ImageObject\",\"inLanguage\":\"es\",\"@id\":\"https:\/\/www.noticiasradioreflejos.com.ar\/2021\/#\/schema\/person\/image\/\",\"url\":\"https:\/\/secure.gravatar.com\/avatar\/55cb5e37c1efa326397366e6974cb338056df65cb50e7d64d1cf314e87504837?s=96&d=mm&r=g\",\"contentUrl\":\"https:\/\/secure.gravatar.com\/avatar\/55cb5e37c1efa326397366e6974cb338056df65cb50e7d64d1cf314e87504837?s=96&d=mm&r=g\",\"caption\":\"Arnaldo Botto\"},\"url\":\"https:\/\/www.noticiasradioreflejos.com.ar\/2021\/author\/arnaldo\/\"}]}<\/script>\n<!-- \/ Yoast SEO plugin. -->","yoast_head_json":{"title":"Los m\u00e9dicos deber\u00e1n consignar el nombre gen\u00e9rico o denominaci\u00f3n internacional en la receta - Noticias Radio Reflejos","robots":{"index":"index","follow":"follow","max-snippet":"max-snippet:-1","max-image-preview":"max-image-preview:large","max-video-preview":"max-video-preview:-1"},"canonical":"https:\/\/www.noticiasradioreflejos.com.ar\/2021\/los-medicos-deberan-consignar-el-nombre-generico-o-denominacion-internacional-en-la-receta\/","og_locale":"es_ES","og_type":"article","og_title":"Los m\u00e9dicos deber\u00e1n consignar el nombre gen\u00e9rico o denominaci\u00f3n internacional en la receta - Noticias Radio Reflejos","og_description":"Tambi\u00e9n podr\u00e1n sugerir una marca comercial que el farmac\u00e9utico podr\u00e1 sustituir por otra de menor precio, seg\u00fan un decreto publicado en el Bolet\u00edn Oficial. En establecimientos no habilitados como farmacias solo se expender\u00e1n anti\u00e1cidos y analg\u00e9sicos.","og_url":"https:\/\/www.noticiasradioreflejos.com.ar\/2021\/los-medicos-deberan-consignar-el-nombre-generico-o-denominacion-internacional-en-la-receta\/","og_site_name":"Noticias Radio Reflejos","article_published_time":"2024-01-22T14:11:57+00:00","og_image":[{"width":1200,"height":675,"url":"https:\/\/www.noticiasradioreflejos.com.ar\/2021\/wp-content\/uploads\/2024\/01\/medicamentos.jpg","type":"image\/jpeg"}],"author":"Arnaldo Botto","twitter_card":"summary_large_image","schema":{"@context":"https:\/\/schema.org","@graph":[{"@type":"WebPage","@id":"https:\/\/www.noticiasradioreflejos.com.ar\/2021\/los-medicos-deberan-consignar-el-nombre-generico-o-denominacion-internacional-en-la-receta\/","url":"https:\/\/www.noticiasradioreflejos.com.ar\/2021\/los-medicos-deberan-consignar-el-nombre-generico-o-denominacion-internacional-en-la-receta\/","name":"Los m\u00e9dicos deber\u00e1n consignar el nombre gen\u00e9rico o denominaci\u00f3n internacional en la receta - Noticias Radio Reflejos","isPartOf":{"@id":"https:\/\/www.noticiasradioreflejos.com.ar\/2021\/#website"},"primaryImageOfPage":{"@id":"https:\/\/www.noticiasradioreflejos.com.ar\/2021\/los-medicos-deberan-consignar-el-nombre-generico-o-denominacion-internacional-en-la-receta\/#primaryimage"},"image":{"@id":"https:\/\/www.noticiasradioreflejos.com.ar\/2021\/los-medicos-deberan-consignar-el-nombre-generico-o-denominacion-internacional-en-la-receta\/#primaryimage"},"thumbnailUrl":"https:\/\/www.noticiasradioreflejos.com.ar\/2021\/wp-content\/uploads\/2024\/01\/medicamentos.jpg","datePublished":"2024-01-22T14:11:57+00:00","author":{"@id":"https:\/\/www.noticiasradioreflejos.com.ar\/2021\/#\/schema\/person\/ad82545263dcc5ec0996818884fd5fb1"},"breadcrumb":{"@id":"https:\/\/www.noticiasradioreflejos.com.ar\/2021\/los-medicos-deberan-consignar-el-nombre-generico-o-denominacion-internacional-en-la-receta\/#breadcrumb"},"inLanguage":"es","potentialAction":[{"@type":"ReadAction","target":["https:\/\/www.noticiasradioreflejos.com.ar\/2021\/los-medicos-deberan-consignar-el-nombre-generico-o-denominacion-internacional-en-la-receta\/"]}]},{"@type":"ImageObject","inLanguage":"es","@id":"https:\/\/www.noticiasradioreflejos.com.ar\/2021\/los-medicos-deberan-consignar-el-nombre-generico-o-denominacion-internacional-en-la-receta\/#primaryimage","url":"https:\/\/www.noticiasradioreflejos.com.ar\/2021\/wp-content\/uploads\/2024\/01\/medicamentos.jpg","contentUrl":"https:\/\/www.noticiasradioreflejos.com.ar\/2021\/wp-content\/uploads\/2024\/01\/medicamentos.jpg","width":1200,"height":675},{"@type":"BreadcrumbList","@id":"https:\/\/www.noticiasradioreflejos.com.ar\/2021\/los-medicos-deberan-consignar-el-nombre-generico-o-denominacion-internacional-en-la-receta\/#breadcrumb","itemListElement":[{"@type":"ListItem","position":1,"name":"Portada","item":"https:\/\/www.noticiasradioreflejos.com.ar\/2021\/"},{"@type":"ListItem","position":2,"name":"Los m\u00e9dicos deber\u00e1n consignar el nombre gen\u00e9rico o denominaci\u00f3n internacional en la receta"}]},{"@type":"WebSite","@id":"https:\/\/www.noticiasradioreflejos.com.ar\/2021\/#website","url":"https:\/\/www.noticiasradioreflejos.com.ar\/2021\/","name":"Noticias Radio Reflejos","description":"Las noticias de mi comarca","potentialAction":[{"@type":"SearchAction","target":{"@type":"EntryPoint","urlTemplate":"https:\/\/www.noticiasradioreflejos.com.ar\/2021\/?s={search_term_string}"},"query-input":{"@type":"PropertyValueSpecification","valueRequired":true,"valueName":"search_term_string"}}],"inLanguage":"es"},{"@type":"Person","@id":"https:\/\/www.noticiasradioreflejos.com.ar\/2021\/#\/schema\/person\/ad82545263dcc5ec0996818884fd5fb1","name":"Arnaldo Botto","image":{"@type":"ImageObject","inLanguage":"es","@id":"https:\/\/www.noticiasradioreflejos.com.ar\/2021\/#\/schema\/person\/image\/","url":"https:\/\/secure.gravatar.com\/avatar\/55cb5e37c1efa326397366e6974cb338056df65cb50e7d64d1cf314e87504837?s=96&d=mm&r=g","contentUrl":"https:\/\/secure.gravatar.com\/avatar\/55cb5e37c1efa326397366e6974cb338056df65cb50e7d64d1cf314e87504837?s=96&d=mm&r=g","caption":"Arnaldo Botto"},"url":"https:\/\/www.noticiasradioreflejos.com.ar\/2021\/author\/arnaldo\/"}]}},"_links":{"self":[{"href":"https:\/\/www.noticiasradioreflejos.com.ar\/2021\/wp-json\/wp\/v2\/posts\/97993","targetHints":{"allow":["GET"]}}],"collection":[{"href":"https:\/\/www.noticiasradioreflejos.com.ar\/2021\/wp-json\/wp\/v2\/posts"}],"about":[{"href":"https:\/\/www.noticiasradioreflejos.com.ar\/2021\/wp-json\/wp\/v2\/types\/post"}],"author":[{"embeddable":true,"href":"https:\/\/www.noticiasradioreflejos.com.ar\/2021\/wp-json\/wp\/v2\/users\/3"}],"replies":[{"embeddable":true,"href":"https:\/\/www.noticiasradioreflejos.com.ar\/2021\/wp-json\/wp\/v2\/comments?post=97993"}],"version-history":[{"count":1,"href":"https:\/\/www.noticiasradioreflejos.com.ar\/2021\/wp-json\/wp\/v2\/posts\/97993\/revisions"}],"predecessor-version":[{"id":97995,"href":"https:\/\/www.noticiasradioreflejos.com.ar\/2021\/wp-json\/wp\/v2\/posts\/97993\/revisions\/97995"}],"wp:featuredmedia":[{"embeddable":true,"href":"https:\/\/www.noticiasradioreflejos.com.ar\/2021\/wp-json\/wp\/v2\/media\/97994"}],"wp:attachment":[{"href":"https:\/\/www.noticiasradioreflejos.com.ar\/2021\/wp-json\/wp\/v2\/media?parent=97993"}],"wp:term":[{"taxonomy":"category","embeddable":true,"href":"https:\/\/www.noticiasradioreflejos.com.ar\/2021\/wp-json\/wp\/v2\/categories?post=97993"},{"taxonomy":"post_tag","embeddable":true,"href":"https:\/\/www.noticiasradioreflejos.com.ar\/2021\/wp-json\/wp\/v2\/tags?post=97993"}],"curies":[{"name":"wp","href":"https:\/\/api.w.org\/{rel}","templated":true}]}}